{"id":56396,"date":"2016-05-19T15:51:53","date_gmt":"2016-05-19T13:51:53","guid":{"rendered":"http:\/\/hudo.com\/si\/?p=56396"},"modified":"2016-05-19T12:56:57","modified_gmt":"2016-05-19T10:56:57","slug":"slovenski-dijaki-zanjejo-uspehe-na-mednarodnih-tekmovanjih","status":"publish","type":"post","link":"https:\/\/hudo.com\/si\/aktualno\/slovenski-dijaki-zanjejo-uspehe-na-mednarodnih-tekmovanjih\/","title":{"rendered":"Slovenski dijaki \u017eanjejo uspehe na mednarodnih tekmovanjih"},"content":{"rendered":"<div class=\"text\">\n<p>Dija\u0161ka filozofska olimpijada je potekala med 12. in 15. majem v belgijskem Ghentu, Slovenijo pa sta Komel in Pu\u0161nik zastopala kot zmagovalca dr\u017eavnega tekmovanja iz pisanja filozofskega eseja. Letos se je sicer olimpijade udele\u017eilo ve\u010d kot 100 tekmovalcev iz 45 dr\u017eav.<\/p>\n<p>Omenjena dijaka nadaljujeta uspehe Slovenije na filozofski olimpijadi, lani sta namre\u010d srebrni medalji prejela Martin Molan in Neven Borak. Kot je zapisal vodja slovenske delegacije Miha Andri\u010d, so uspehi dijakov ob sistemati\u010dnem izrinjanju kriti\u010dne in filozofske misli iz srednje\u0161olskega izobra\u017eevanja \u0161e toliko bolj pomembni ter pri\u010dajo o kakovostnem delu srednje\u0161olskega aktiva profesorjev filozofije.<\/p>\n<p>Filozofska olimpijada sicer po Andri\u010devih besedah ni samo tekmovanje, temve\u010d je v prvi vrsti dru\u017eenje dijakov in dijakinj ter odli\u010dna prilo\u017enost za filozofsko soo\u010denje razli\u010dnih svetovnih miselnih horizontov in razpravo o aktualnih dru\u017ebenih problemih.<\/p>\n<p>Prihodnje leto bo dija\u0161ka filozofska olimpijada potekala v nizozemskem Rotterdamu.<\/p>\n<\/div>\n","protected":false},"excerpt":{"rendered":"<p>Pretekli konec tedna se je iz Belgije s 24. filozofske olimpijade z bronasto medaljo vrnil dijak \u010detrtega letnika Svit Komel. Uspeh je dopolnil leto dni mlaj\u0161i Matija Pu\u0161nik, ki so mu organizatorji podelili posebno priznanje za uvrstitev na mesto tik za medaljami.<\/p>\n","protected":false},"author":5,"featured_media":56397,"comment_status":"closed","ping_status":"closed","sticky":false,"template":"","format":"standard","meta":{"footnotes":""},"categories":[1179],"tags":[5253,5252,5251,5250,4825],"source":[4511],"supertag":[],"acf":[],"yoast_head":"<!-- This site is optimized with the Yoast SEO plugin v21.3 - https:\/\/yoast.com\/wordpress\/plugins\/seo\/ -->\n<title>Slovenski dijaki \u017eanjejo uspehe na mednarodnih tekmovanjih - Hudo Slovenija<\/title>\n<meta name=\"robots\" content=\"index, follow, max-snippet:-1, max-image-preview:large, max-video-preview:-1\" \/>\n<link rel=\"canonical\" href=\"https:\/\/hudo.com\/si\/aktualno\/slovenski-dijaki-zanjejo-uspehe-na-mednarodnih-tekmovanjih\/\" \/>\n<meta property=\"og:locale\" content=\"sl_SI\" \/>\n<meta property=\"og:type\" content=\"article\" \/>\n<meta property=\"og:title\" content=\"Slovenski dijaki \u017eanjejo uspehe na mednarodnih tekmovanjih - Hudo Slovenija\" \/>\n<meta property=\"og:description\" content=\"Pretekli konec tedna se je iz Belgije s 24. filozofske olimpijade z bronasto medaljo vrnil dijak \u010detrtega letnika Svit Komel. Uspeh je dopolnil leto dni mlaj\u0161i Matija Pu\u0161nik, ki so mu organizatorji podelili posebno priznanje za uvrstitev na mesto tik za medaljami.\" \/>\n<meta property=\"og:url\" content=\"https:\/\/hudo.com\/si\/aktualno\/slovenski-dijaki-zanjejo-uspehe-na-mednarodnih-tekmovanjih\/\" \/>\n<meta property=\"og:site_name\" content=\"Hudo Slovenija\" \/>\n<meta property=\"article:publisher\" content=\"https:\/\/www.facebook.com\/hudo.si\" \/>\n<meta property=\"article:published_time\" content=\"2016-05-19T13:51:53+00:00\" \/>\n<meta property=\"article:modified_time\" content=\"2016-05-19T10:56:57+00:00\" \/>\n<meta property=\"og:image\" content=\"https:\/\/hudo.com\/si\/wp-content\/uploads\/sites\/2\/2016\/05\/ThinkstockPhotos-479200772.jpg\" \/>\n\t<meta property=\"og:image:width\" content=\"724\" \/>\n\t<meta property=\"og:image:height\" content=\"483\" \/>\n\t<meta property=\"og:image:type\" content=\"image\/jpeg\" \/>\n<meta name=\"author\" content=\"A. G., STA\" \/>\n<meta name=\"twitter:card\" content=\"summary_large_image\" \/>\n<meta name=\"twitter:creator\" content=\"@hudo_si\" \/>\n<meta name=\"twitter:site\" content=\"@hudo_si\" \/>\n<meta name=\"twitter:label1\" content=\"Written by\" \/>\n\t<meta name=\"twitter:data1\" content=\"A. G., STA\" \/>\n\t<meta name=\"twitter:label2\" content=\"Est. reading time\" \/>\n\t<meta name=\"twitter:data2\" content=\"1 minuta\" \/>\n<script type=\"application\/ld+json\" class=\"yoast-schema-graph\">{\"@context\":\"https:\/\/schema.org\",\"@graph\":[{\"@type\":\"Article\",\"@id\":\"https:\/\/hudo.com\/si\/aktualno\/slovenski-dijaki-zanjejo-uspehe-na-mednarodnih-tekmovanjih\/#article\",\"isPartOf\":{\"@id\":\"https:\/\/hudo.com\/si\/aktualno\/slovenski-dijaki-zanjejo-uspehe-na-mednarodnih-tekmovanjih\/\"},\"author\":{\"name\":\"A. G., STA\",\"@id\":\"https:\/\/hudo.com\/si\/#\/schema\/person\/2391667a63ea075ba94f2f2dc6b77537\"},\"headline\":\"Slovenski dijaki \u017eanjejo uspehe na mednarodnih tekmovanjih\",\"datePublished\":\"2016-05-19T13:51:53+00:00\",\"dateModified\":\"2016-05-19T10:56:57+00:00\",\"mainEntityOfPage\":{\"@id\":\"https:\/\/hudo.com\/si\/aktualno\/slovenski-dijaki-zanjejo-uspehe-na-mednarodnih-tekmovanjih\/\"},\"wordCount\":160,\"publisher\":{\"@id\":\"https:\/\/hudo.com\/si\/#organization\"},\"keywords\":[\"dijaki\",\"filozofija\",\"Matija Pu\u0161nik\",\"Svit Komel\",\"tekmovanje\"],\"articleSection\":[\"Aktualno\"],\"inLanguage\":\"sl-SI\"},{\"@type\":\"WebPage\",\"@id\":\"https:\/\/hudo.com\/si\/aktualno\/slovenski-dijaki-zanjejo-uspehe-na-mednarodnih-tekmovanjih\/\",\"url\":\"https:\/\/hudo.com\/si\/aktualno\/slovenski-dijaki-zanjejo-uspehe-na-mednarodnih-tekmovanjih\/\",\"name\":\"Slovenski dijaki \u017eanjejo uspehe na mednarodnih tekmovanjih - Hudo Slovenija\",\"isPartOf\":{\"@id\":\"https:\/\/hudo.com\/si\/#website\"},\"datePublished\":\"2016-05-19T13:51:53+00:00\",\"dateModified\":\"2016-05-19T10:56:57+00:00\",\"breadcrumb\":{\"@id\":\"https:\/\/hudo.com\/si\/aktualno\/slovenski-dijaki-zanjejo-uspehe-na-mednarodnih-tekmovanjih\/#breadcrumb\"},\"inLanguage\":\"sl-SI\",\"potentialAction\":[{\"@type\":\"ReadAction\",\"target\":[\"https:\/\/hudo.com\/si\/aktualno\/slovenski-dijaki-zanjejo-uspehe-na-mednarodnih-tekmovanjih\/\"]}]},{\"@type\":\"BreadcrumbList\",\"@id\":\"https:\/\/hudo.com\/si\/aktualno\/slovenski-dijaki-zanjejo-uspehe-na-mednarodnih-tekmovanjih\/#breadcrumb\",\"itemListElement\":[{\"@type\":\"ListItem\",\"position\":1,\"name\":\"Home\",\"item\":\"https:\/\/hudo.com\/si\/\"},{\"@type\":\"ListItem\",\"position\":2,\"name\":\"Slovenski dijaki \u017eanjejo uspehe na mednarodnih tekmovanjih\"}]},{\"@type\":\"WebSite\",\"@id\":\"https:\/\/hudo.com\/si\/#website\",\"url\":\"https:\/\/hudo.com\/si\/\",\"name\":\"Hudo Slovenija\",\"description\":\"Vse novice iz Slovenije in sveta\",\"publisher\":{\"@id\":\"https:\/\/hudo.com\/si\/#organization\"},\"potentialAction\":[{\"@type\":\"SearchAction\",\"target\":{\"@type\":\"EntryPoint\",\"urlTemplate\":\"https:\/\/hudo.com\/si\/?s={search_term_string}\"},\"query-input\":\"required name=search_term_string\"}],\"inLanguage\":\"sl-SI\"},{\"@type\":\"Organization\",\"@id\":\"https:\/\/hudo.com\/si\/#organization\",\"name\":\"VSN Media\",\"url\":\"https:\/\/hudo.com\/si\/\",\"logo\":{\"@type\":\"ImageObject\",\"inLanguage\":\"sl-SI\",\"@id\":\"https:\/\/hudo.com\/si\/#\/schema\/logo\/image\/\",\"url\":\"https:\/\/hudo.com\/si\/wp-content\/uploads\/sites\/2\/2021\/03\/hudo-app-2.png\",\"contentUrl\":\"https:\/\/hudo.com\/si\/wp-content\/uploads\/sites\/2\/2021\/03\/hudo-app-2.png\",\"width\":2185,\"height\":2167,\"caption\":\"VSN Media\"},\"image\":{\"@id\":\"https:\/\/hudo.com\/si\/#\/schema\/logo\/image\/\"},\"sameAs\":[\"https:\/\/www.facebook.com\/hudo.si\",\"https:\/\/twitter.com\/hudo_si\"]},{\"@type\":\"Person\",\"@id\":\"https:\/\/hudo.com\/si\/#\/schema\/person\/2391667a63ea075ba94f2f2dc6b77537\",\"name\":\"A. G., STA\",\"image\":{\"@type\":\"ImageObject\",\"inLanguage\":\"sl-SI\",\"@id\":\"https:\/\/hudo.com\/si\/#\/schema\/person\/image\/\",\"url\":\"https:\/\/secure.gravatar.com\/avatar\/e13d22ac3e442658d5025fbbe6238a79?s=96&d=mm&r=g\",\"contentUrl\":\"https:\/\/secure.gravatar.com\/avatar\/e13d22ac3e442658d5025fbbe6238a79?s=96&d=mm&r=g\",\"caption\":\"A. G., STA\"},\"url\":\"https:\/\/hudo.com\/si\/author\/alenka\/\"}]}<\/script>\n<!-- \/ Yoast SEO plugin. -->","yoast_head_json":{"title":"Slovenski dijaki \u017eanjejo uspehe na mednarodnih tekmovanjih - Hudo Slovenija","robots":{"index":"index","follow":"follow","max-snippet":"max-snippet:-1","max-image-preview":"max-image-preview:large","max-video-preview":"max-video-preview:-1"},"canonical":"https:\/\/hudo.com\/si\/aktualno\/slovenski-dijaki-zanjejo-uspehe-na-mednarodnih-tekmovanjih\/","og_locale":"sl_SI","og_type":"article","og_title":"Slovenski dijaki \u017eanjejo uspehe na mednarodnih tekmovanjih - Hudo Slovenija","og_description":"Pretekli konec tedna se je iz Belgije s 24. filozofske olimpijade z bronasto medaljo vrnil dijak \u010detrtega letnika Svit Komel. Uspeh je dopolnil leto dni mlaj\u0161i Matija Pu\u0161nik, ki so mu organizatorji podelili posebno priznanje za uvrstitev na mesto tik za medaljami.","og_url":"https:\/\/hudo.com\/si\/aktualno\/slovenski-dijaki-zanjejo-uspehe-na-mednarodnih-tekmovanjih\/","og_site_name":"Hudo Slovenija","article_publisher":"https:\/\/www.facebook.com\/hudo.si","article_published_time":"2016-05-19T13:51:53+00:00","article_modified_time":"2016-05-19T10:56:57+00:00","og_image":[{"width":724,"height":483,"url":"https:\/\/hudo.com\/si\/wp-content\/uploads\/sites\/2\/2016\/05\/ThinkstockPhotos-479200772.jpg","type":"image\/jpeg"}],"author":"A. G., STA","twitter_card":"summary_large_image","twitter_creator":"@hudo_si","twitter_site":"@hudo_si","twitter_misc":{"Written by":"A. G., STA","Est. reading time":"1 minuta"},"schema":{"@context":"https:\/\/schema.org","@graph":[{"@type":"Article","@id":"https:\/\/hudo.com\/si\/aktualno\/slovenski-dijaki-zanjejo-uspehe-na-mednarodnih-tekmovanjih\/#article","isPartOf":{"@id":"https:\/\/hudo.com\/si\/aktualno\/slovenski-dijaki-zanjejo-uspehe-na-mednarodnih-tekmovanjih\/"},"author":{"name":"A. G., STA","@id":"https:\/\/hudo.com\/si\/#\/schema\/person\/2391667a63ea075ba94f2f2dc6b77537"},"headline":"Slovenski dijaki \u017eanjejo uspehe na mednarodnih tekmovanjih","datePublished":"2016-05-19T13:51:53+00:00","dateModified":"2016-05-19T10:56:57+00:00","mainEntityOfPage":{"@id":"https:\/\/hudo.com\/si\/aktualno\/slovenski-dijaki-zanjejo-uspehe-na-mednarodnih-tekmovanjih\/"},"wordCount":160,"publisher":{"@id":"https:\/\/hudo.com\/si\/#organization"},"keywords":["dijaki","filozofija","Matija Pu\u0161nik","Svit Komel","tekmovanje"],"articleSection":["Aktualno"],"inLanguage":"sl-SI"},{"@type":"WebPage","@id":"https:\/\/hudo.com\/si\/aktualno\/slovenski-dijaki-zanjejo-uspehe-na-mednarodnih-tekmovanjih\/","url":"https:\/\/hudo.com\/si\/aktualno\/slovenski-dijaki-zanjejo-uspehe-na-mednarodnih-tekmovanjih\/","name":"Slovenski dijaki \u017eanjejo uspehe na mednarodnih tekmovanjih - Hudo Slovenija","isPartOf":{"@id":"https:\/\/hudo.com\/si\/#website"},"datePublished":"2016-05-19T13:51:53+00:00","dateModified":"2016-05-19T10:56:57+00:00","breadcrumb":{"@id":"https:\/\/hudo.com\/si\/aktualno\/slovenski-dijaki-zanjejo-uspehe-na-mednarodnih-tekmovanjih\/#breadcrumb"},"inLanguage":"sl-SI","potentialAction":[{"@type":"ReadAction","target":["https:\/\/hudo.com\/si\/aktualno\/slovenski-dijaki-zanjejo-uspehe-na-mednarodnih-tekmovanjih\/"]}]},{"@type":"BreadcrumbList","@id":"https:\/\/hudo.com\/si\/aktualno\/slovenski-dijaki-zanjejo-uspehe-na-mednarodnih-tekmovanjih\/#breadcrumb","itemListElement":[{"@type":"ListItem","position":1,"name":"Home","item":"https:\/\/hudo.com\/si\/"},{"@type":"ListItem","position":2,"name":"Slovenski dijaki \u017eanjejo uspehe na mednarodnih tekmovanjih"}]},{"@type":"WebSite","@id":"https:\/\/hudo.com\/si\/#website","url":"https:\/\/hudo.com\/si\/","name":"Hudo Slovenija","description":"Vse novice iz Slovenije in sveta","publisher":{"@id":"https:\/\/hudo.com\/si\/#organization"},"potentialAction":[{"@type":"SearchAction","target":{"@type":"EntryPoint","urlTemplate":"https:\/\/hudo.com\/si\/?s={search_term_string}"},"query-input":"required name=search_term_string"}],"inLanguage":"sl-SI"},{"@type":"Organization","@id":"https:\/\/hudo.com\/si\/#organization","name":"VSN Media","url":"https:\/\/hudo.com\/si\/","logo":{"@type":"ImageObject","inLanguage":"sl-SI","@id":"https:\/\/hudo.com\/si\/#\/schema\/logo\/image\/","url":"https:\/\/hudo.com\/si\/wp-content\/uploads\/sites\/2\/2021\/03\/hudo-app-2.png","contentUrl":"https:\/\/hudo.com\/si\/wp-content\/uploads\/sites\/2\/2021\/03\/hudo-app-2.png","width":2185,"height":2167,"caption":"VSN Media"},"image":{"@id":"https:\/\/hudo.com\/si\/#\/schema\/logo\/image\/"},"sameAs":["https:\/\/www.facebook.com\/hudo.si","https:\/\/twitter.com\/hudo_si"]},{"@type":"Person","@id":"https:\/\/hudo.com\/si\/#\/schema\/person\/2391667a63ea075ba94f2f2dc6b77537","name":"A. G., STA","image":{"@type":"ImageObject","inLanguage":"sl-SI","@id":"https:\/\/hudo.com\/si\/#\/schema\/person\/image\/","url":"https:\/\/secure.gravatar.com\/avatar\/e13d22ac3e442658d5025fbbe6238a79?s=96&d=mm&r=g","contentUrl":"https:\/\/secure.gravatar.com\/avatar\/e13d22ac3e442658d5025fbbe6238a79?s=96&d=mm&r=g","caption":"A. G., STA"},"url":"https:\/\/hudo.com\/si\/author\/alenka\/"}]}},"amp_enabled":true,"_links":{"self":[{"href":"https:\/\/hudo.com\/si\/wp-json\/wp\/v2\/posts\/56396"}],"collection":[{"href":"https:\/\/hudo.com\/si\/wp-json\/wp\/v2\/posts"}],"about":[{"href":"https:\/\/hudo.com\/si\/wp-json\/wp\/v2\/types\/post"}],"author":[{"embeddable":true,"href":"https:\/\/hudo.com\/si\/wp-json\/wp\/v2\/users\/5"}],"replies":[{"embeddable":true,"href":"https:\/\/hudo.com\/si\/wp-json\/wp\/v2\/comments?post=56396"}],"version-history":[{"count":2,"href":"https:\/\/hudo.com\/si\/wp-json\/wp\/v2\/posts\/56396\/revisions"}],"predecessor-version":[{"id":56399,"href":"https:\/\/hudo.com\/si\/wp-json\/wp\/v2\/posts\/56396\/revisions\/56399"}],"wp:featuredmedia":[{"embeddable":true,"href":"https:\/\/hudo.com\/si\/wp-json\/wp\/v2\/media\/56397"}],"wp:attachment":[{"href":"https:\/\/hudo.com\/si\/wp-json\/wp\/v2\/media?parent=56396"}],"wp:term":[{"taxonomy":"category","embeddable":true,"href":"https:\/\/hudo.com\/si\/wp-json\/wp\/v2\/categories?post=56396"},{"taxonomy":"post_tag","embeddable":true,"href":"https:\/\/hudo.com\/si\/wp-json\/wp\/v2\/tags?post=56396"},{"taxonomy":"source","embeddable":true,"href":"https:\/\/hudo.com\/si\/wp-json\/wp\/v2\/source?post=56396"},{"taxonomy":"supertag","embeddable":true,"href":"https:\/\/hudo.com\/si\/wp-json\/wp\/v2\/supertag?post=56396"}],"curies":[{"name":"wp","href":"https:\/\/api.w.org\/{rel}","templated":true}]}}