{"id":56733,"date":"2016-05-19T16:00:00","date_gmt":"2016-05-19T14:00:00","guid":{"rendered":"http:\/\/hudo.com\/si\/2016\/05\/19\/mramor-trdo-delo-se-je-obrestovalo-v-bruslju-sprejeli-nase-argumente\/"},"modified":"2016-05-19T16:00:00","modified_gmt":"2016-05-19T14:00:00","slug":"mramor-trdo-delo-se-je-obrestovalo-v-bruslju-sprejeli-nase-argumente","status":"publish","type":"post","link":"https:\/\/hudo.com\/si\/aktualno\/mramor-trdo-delo-se-je-obrestovalo-v-bruslju-sprejeli-nase-argumente\/","title":{"rendered":"Mramor: trdo delo se je obrestovalo, v Bruslju sprejeli na\u0161e argumente"},"content":{"rendered":"<p>Kategorija: Finance Thu, 19 May 2016 18:00:00 +0200  Ljubljana &#8211; \u00bbKer Slovenija ni ve\u010d v postopku prese\u017enega primanjkljaja, so priporo\u010dila evropske komsijje zastavljena druga\u010de kot prej, ko smo bili v postopku. Za vsa \u0161tiri priporo\u010dila smo \u017ee oblikovali ustrezne ukrepe v nacionalnem reformnem programu in programu stabilnosti. Recimo, reforma pokojninskega sistema do leta 2017 je napovedana \u017ee na 21. strani leto\u0161njega nacionalnega reformnega programa. Tam smo jasno zapisali, da bo vlada v 2017 sprejela zakonske spremembe za posamezne ukrepe iz bele knjige, o katerih bo dose\u017eeno soglasje,\u00ab se je na priporo\u010dila komisije odzval minister za finance Du\u0161an Mramor. Klju\u010dna stvar glede pokojninske reforme je, da je \u00bbSlovenija edina \u010dlanica EU, ki ima tveganje dolgoro\u010dne fiskalne nevzdr\u017enosti zaradi neugodne demografske slike. Zato je na\u0161a dr\u017eava na radarju glede tega, ali bo z javnimi financami zmogla breme staranja prebivalstva\u00a0&#8230;<\/p>\n","protected":false},"excerpt":{"rendered":"<p>Kategorija: Finance Thu, 19 May 2016 18:00:00 +0200  Ljubljana &#8211; \u00bbKer Slovenija ni ve\u010d v postopku prese\u017enega primanjkljaja, so priporo\u010dila evropske komsijje zastavljena druga\u010de kot prej, ko smo bili v postopku. Za vsa \u0161tiri priporo\u010dila smo \u017ee oblikovali ustrezne ukrepe v nacionalnem reformnem programu in programu stabilnosti. Recimo, reforma pokojninskega sistema do leta 2017 je napovedana \u017ee na 21. strani leto\u0161njega nacionalnega reformnega programa. Tam smo jasno zapisali, da bo vlada v 2017 sprejela zakonske spremembe za posamezne ukrepe iz bele knjige, o katerih bo dose\u017eeno soglasje,\u00ab se je na priporo\u010dila komisije odzval minister za finance Du\u0161an Mramor. Klju\u010dna stvar glede pokojninske reforme je, da je \u00bbSlovenija edina \u010dlanica EU, ki ima tveganje dolgoro\u010dne fiskalne nevzdr\u017enosti zaradi neugodne demografske slike. Zato je na\u0161a dr\u017eava na radarju glede tega, ali bo z javnimi financami zmogla breme staranja prebivalstva\u00a0&#8230;<\/p>\n","protected":false},"author":1,"featured_media":0,"comment_status":"closed","ping_status":"closed","sticky":false,"template":"","format":"standard","meta":{"footnotes":""},"categories":[1179],"tags":[],"source":[4511],"supertag":[],"acf":[],"yoast_head":"<!-- This site is optimized with the Yoast SEO plugin v21.3 - https:\/\/yoast.com\/wordpress\/plugins\/seo\/ -->\n<title>Mramor: trdo delo se je obrestovalo, v Bruslju sprejeli na\u0161e argumente - Hudo Slovenija<\/title>\n<meta name=\"robots\" content=\"index, follow, max-snippet:-1, max-image-preview:large, max-video-preview:-1\" \/>\n<link rel=\"canonical\" href=\"https:\/\/hudo.com\/si\/aktualno\/mramor-trdo-delo-se-je-obrestovalo-v-bruslju-sprejeli-nase-argumente\/\" \/>\n<meta property=\"og:locale\" content=\"sl_SI\" \/>\n<meta property=\"og:type\" content=\"article\" \/>\n<meta property=\"og:title\" content=\"Mramor: trdo delo se je obrestovalo, v Bruslju sprejeli na\u0161e argumente - Hudo Slovenija\" \/>\n<meta property=\"og:description\" content=\"Kategorija: Finance Thu, 19 May 2016 18:00:00 +0200 Ljubljana - \u00bbKer Slovenija ni ve\u010d v postopku prese\u017enega primanjkljaja, so priporo\u010dila evropske komsijje zastavljena druga\u010de kot prej, ko smo bili v postopku. Za vsa \u0161tiri priporo\u010dila smo \u017ee oblikovali ustrezne ukrepe v nacionalnem reformnem programu in programu stabilnosti. Recimo, reforma pokojninskega sistema do leta 2017 je napovedana \u017ee na 21. strani leto\u0161njega nacionalnega reformnega programa. Tam smo jasno zapisali, da bo vlada v 2017 sprejela zakonske spremembe za posamezne ukrepe iz bele knjige, o katerih bo dose\u017eeno soglasje,\u00ab se je na priporo\u010dila komisije odzval minister za finance Du\u0161an Mramor. Klju\u010dna stvar glede pokojninske reforme je, da je \u00bbSlovenija edina \u010dlanica EU, ki ima tveganje dolgoro\u010dne fiskalne nevzdr\u017enosti zaradi neugodne demografske slike. Zato je na\u0161a dr\u017eava na radarju glede tega, ali bo z javnimi financami zmogla breme staranja prebivalstva\u00a0...\" \/>\n<meta property=\"og:url\" content=\"https:\/\/hudo.com\/si\/aktualno\/mramor-trdo-delo-se-je-obrestovalo-v-bruslju-sprejeli-nase-argumente\/\" \/>\n<meta property=\"og:site_name\" content=\"Hudo Slovenija\" \/>\n<meta property=\"article:publisher\" content=\"https:\/\/www.facebook.com\/hudo.si\" \/>\n<meta property=\"article:published_time\" content=\"2016-05-19T14:00:00+00:00\" \/>\n<meta property=\"og:image\" content=\"https:\/\/hudo.com\/si\/wp-content\/uploads\/sites\/2\/2016\/05\/480x290_djvu_2043618_mike_rsi-Dusan-Mramor.jpeg\" \/>\n\t<meta property=\"og:image:width\" content=\"480\" \/>\n\t<meta property=\"og:image:height\" content=\"290\" \/>\n\t<meta property=\"og:image:type\" content=\"image\/jpeg\" \/>\n<meta name=\"author\" content=\"hudo\" \/>\n<meta name=\"twitter:card\" content=\"summary_large_image\" \/>\n<meta name=\"twitter:creator\" content=\"@hudo_si\" \/>\n<meta name=\"twitter:site\" content=\"@hudo_si\" \/>\n<meta name=\"twitter:label1\" content=\"Written by\" \/>\n\t<meta name=\"twitter:data1\" content=\"hudo\" \/>\n\t<meta name=\"twitter:label2\" content=\"Est. reading time\" \/>\n\t<meta name=\"twitter:data2\" content=\"1 minuta\" \/>\n<script type=\"application\/ld+json\" class=\"yoast-schema-graph\">{\"@context\":\"https:\/\/schema.org\",\"@graph\":[{\"@type\":\"Article\",\"@id\":\"https:\/\/hudo.com\/si\/aktualno\/mramor-trdo-delo-se-je-obrestovalo-v-bruslju-sprejeli-nase-argumente\/#article\",\"isPartOf\":{\"@id\":\"https:\/\/hudo.com\/si\/aktualno\/mramor-trdo-delo-se-je-obrestovalo-v-bruslju-sprejeli-nase-argumente\/\"},\"author\":{\"name\":\"hudo\",\"@id\":\"https:\/\/hudo.com\/si\/#\/schema\/person\/601cf3379633985b20f7e50f2bb47707\"},\"headline\":\"Mramor: trdo delo se je obrestovalo, v Bruslju sprejeli na\u0161e argumente\",\"datePublished\":\"2016-05-19T14:00:00+00:00\",\"dateModified\":\"2016-05-19T14:00:00+00:00\",\"mainEntityOfPage\":{\"@id\":\"https:\/\/hudo.com\/si\/aktualno\/mramor-trdo-delo-se-je-obrestovalo-v-bruslju-sprejeli-nase-argumente\/\"},\"wordCount\":155,\"publisher\":{\"@id\":\"https:\/\/hudo.com\/si\/#organization\"},\"articleSection\":[\"Aktualno\"],\"inLanguage\":\"sl-SI\"},{\"@type\":\"WebPage\",\"@id\":\"https:\/\/hudo.com\/si\/aktualno\/mramor-trdo-delo-se-je-obrestovalo-v-bruslju-sprejeli-nase-argumente\/\",\"url\":\"https:\/\/hudo.com\/si\/aktualno\/mramor-trdo-delo-se-je-obrestovalo-v-bruslju-sprejeli-nase-argumente\/\",\"name\":\"Mramor: trdo delo se je obrestovalo, v Bruslju sprejeli na\u0161e argumente - Hudo Slovenija\",\"isPartOf\":{\"@id\":\"https:\/\/hudo.com\/si\/#website\"},\"datePublished\":\"2016-05-19T14:00:00+00:00\",\"dateModified\":\"2016-05-19T14:00:00+00:00\",\"breadcrumb\":{\"@id\":\"https:\/\/hudo.com\/si\/aktualno\/mramor-trdo-delo-se-je-obrestovalo-v-bruslju-sprejeli-nase-argumente\/#breadcrumb\"},\"inLanguage\":\"sl-SI\",\"potentialAction\":[{\"@type\":\"ReadAction\",\"target\":[\"https:\/\/hudo.com\/si\/aktualno\/mramor-trdo-delo-se-je-obrestovalo-v-bruslju-sprejeli-nase-argumente\/\"]}]},{\"@type\":\"BreadcrumbList\",\"@id\":\"https:\/\/hudo.com\/si\/aktualno\/mramor-trdo-delo-se-je-obrestovalo-v-bruslju-sprejeli-nase-argumente\/#breadcrumb\",\"itemListElement\":[{\"@type\":\"ListItem\",\"position\":1,\"name\":\"Home\",\"item\":\"https:\/\/hudo.com\/si\/\"},{\"@type\":\"ListItem\",\"position\":2,\"name\":\"Mramor: trdo delo se je obrestovalo, v Bruslju sprejeli na\u0161e argumente\"}]},{\"@type\":\"WebSite\",\"@id\":\"https:\/\/hudo.com\/si\/#website\",\"url\":\"https:\/\/hudo.com\/si\/\",\"name\":\"Hudo Slovenija\",\"description\":\"Vse novice iz Slovenije in sveta\",\"publisher\":{\"@id\":\"https:\/\/hudo.com\/si\/#organization\"},\"potentialAction\":[{\"@type\":\"SearchAction\",\"target\":{\"@type\":\"EntryPoint\",\"urlTemplate\":\"https:\/\/hudo.com\/si\/?s={search_term_string}\"},\"query-input\":\"required name=search_term_string\"}],\"inLanguage\":\"sl-SI\"},{\"@type\":\"Organization\",\"@id\":\"https:\/\/hudo.com\/si\/#organization\",\"name\":\"VSN Media\",\"url\":\"https:\/\/hudo.com\/si\/\",\"logo\":{\"@type\":\"ImageObject\",\"inLanguage\":\"sl-SI\",\"@id\":\"https:\/\/hudo.com\/si\/#\/schema\/logo\/image\/\",\"url\":\"https:\/\/hudo.com\/si\/wp-content\/uploads\/sites\/2\/2021\/03\/hudo-app-2.png\",\"contentUrl\":\"https:\/\/hudo.com\/si\/wp-content\/uploads\/sites\/2\/2021\/03\/hudo-app-2.png\",\"width\":2185,\"height\":2167,\"caption\":\"VSN Media\"},\"image\":{\"@id\":\"https:\/\/hudo.com\/si\/#\/schema\/logo\/image\/\"},\"sameAs\":[\"https:\/\/www.facebook.com\/hudo.si\",\"https:\/\/twitter.com\/hudo_si\"]},{\"@type\":\"Person\",\"@id\":\"https:\/\/hudo.com\/si\/#\/schema\/person\/601cf3379633985b20f7e50f2bb47707\",\"name\":\"hudo\",\"image\":{\"@type\":\"ImageObject\",\"inLanguage\":\"sl-SI\",\"@id\":\"https:\/\/hudo.com\/si\/#\/schema\/person\/image\/\",\"url\":\"https:\/\/secure.gravatar.com\/avatar\/c4ca25fa72cace7a696b52ff5db9e095?s=96&d=mm&r=g\",\"contentUrl\":\"https:\/\/secure.gravatar.com\/avatar\/c4ca25fa72cace7a696b52ff5db9e095?s=96&d=mm&r=g\",\"caption\":\"hudo\"},\"url\":\"https:\/\/hudo.com\/si\/author\/hudo\/\"}]}<\/script>\n<!-- \/ Yoast SEO plugin. -->","yoast_head_json":{"title":"Mramor: trdo delo se je obrestovalo, v Bruslju sprejeli na\u0161e argumente - Hudo Slovenija","robots":{"index":"index","follow":"follow","max-snippet":"max-snippet:-1","max-image-preview":"max-image-preview:large","max-video-preview":"max-video-preview:-1"},"canonical":"https:\/\/hudo.com\/si\/aktualno\/mramor-trdo-delo-se-je-obrestovalo-v-bruslju-sprejeli-nase-argumente\/","og_locale":"sl_SI","og_type":"article","og_title":"Mramor: trdo delo se je obrestovalo, v Bruslju sprejeli na\u0161e argumente - Hudo Slovenija","og_description":"Kategorija: Finance Thu, 19 May 2016 18:00:00 +0200 Ljubljana - \u00bbKer Slovenija ni ve\u010d v postopku prese\u017enega primanjkljaja, so priporo\u010dila evropske komsijje zastavljena druga\u010de kot prej, ko smo bili v postopku. Za vsa \u0161tiri priporo\u010dila smo \u017ee oblikovali ustrezne ukrepe v nacionalnem reformnem programu in programu stabilnosti. Recimo, reforma pokojninskega sistema do leta 2017 je napovedana \u017ee na 21. strani leto\u0161njega nacionalnega reformnega programa. Tam smo jasno zapisali, da bo vlada v 2017 sprejela zakonske spremembe za posamezne ukrepe iz bele knjige, o katerih bo dose\u017eeno soglasje,\u00ab se je na priporo\u010dila komisije odzval minister za finance Du\u0161an Mramor. Klju\u010dna stvar glede pokojninske reforme je, da je \u00bbSlovenija edina \u010dlanica EU, ki ima tveganje dolgoro\u010dne fiskalne nevzdr\u017enosti zaradi neugodne demografske slike. Zato je na\u0161a dr\u017eava na radarju glede tega, ali bo z javnimi financami zmogla breme staranja prebivalstva\u00a0...","og_url":"https:\/\/hudo.com\/si\/aktualno\/mramor-trdo-delo-se-je-obrestovalo-v-bruslju-sprejeli-nase-argumente\/","og_site_name":"Hudo Slovenija","article_publisher":"https:\/\/www.facebook.com\/hudo.si","article_published_time":"2016-05-19T14:00:00+00:00","og_image":[{"width":480,"height":290,"url":"https:\/\/hudo.com\/si\/wp-content\/uploads\/sites\/2\/2016\/05\/480x290_djvu_2043618_mike_rsi-Dusan-Mramor.jpeg","type":"image\/jpeg"}],"author":"hudo","twitter_card":"summary_large_image","twitter_creator":"@hudo_si","twitter_site":"@hudo_si","twitter_misc":{"Written by":"hudo","Est. reading time":"1 minuta"},"schema":{"@context":"https:\/\/schema.org","@graph":[{"@type":"Article","@id":"https:\/\/hudo.com\/si\/aktualno\/mramor-trdo-delo-se-je-obrestovalo-v-bruslju-sprejeli-nase-argumente\/#article","isPartOf":{"@id":"https:\/\/hudo.com\/si\/aktualno\/mramor-trdo-delo-se-je-obrestovalo-v-bruslju-sprejeli-nase-argumente\/"},"author":{"name":"hudo","@id":"https:\/\/hudo.com\/si\/#\/schema\/person\/601cf3379633985b20f7e50f2bb47707"},"headline":"Mramor: trdo delo se je obrestovalo, v Bruslju sprejeli na\u0161e argumente","datePublished":"2016-05-19T14:00:00+00:00","dateModified":"2016-05-19T14:00:00+00:00","mainEntityOfPage":{"@id":"https:\/\/hudo.com\/si\/aktualno\/mramor-trdo-delo-se-je-obrestovalo-v-bruslju-sprejeli-nase-argumente\/"},"wordCount":155,"publisher":{"@id":"https:\/\/hudo.com\/si\/#organization"},"articleSection":["Aktualno"],"inLanguage":"sl-SI"},{"@type":"WebPage","@id":"https:\/\/hudo.com\/si\/aktualno\/mramor-trdo-delo-se-je-obrestovalo-v-bruslju-sprejeli-nase-argumente\/","url":"https:\/\/hudo.com\/si\/aktualno\/mramor-trdo-delo-se-je-obrestovalo-v-bruslju-sprejeli-nase-argumente\/","name":"Mramor: trdo delo se je obrestovalo, v Bruslju sprejeli na\u0161e argumente - Hudo Slovenija","isPartOf":{"@id":"https:\/\/hudo.com\/si\/#website"},"datePublished":"2016-05-19T14:00:00+00:00","dateModified":"2016-05-19T14:00:00+00:00","breadcrumb":{"@id":"https:\/\/hudo.com\/si\/aktualno\/mramor-trdo-delo-se-je-obrestovalo-v-bruslju-sprejeli-nase-argumente\/#breadcrumb"},"inLanguage":"sl-SI","potentialAction":[{"@type":"ReadAction","target":["https:\/\/hudo.com\/si\/aktualno\/mramor-trdo-delo-se-je-obrestovalo-v-bruslju-sprejeli-nase-argumente\/"]}]},{"@type":"BreadcrumbList","@id":"https:\/\/hudo.com\/si\/aktualno\/mramor-trdo-delo-se-je-obrestovalo-v-bruslju-sprejeli-nase-argumente\/#breadcrumb","itemListElement":[{"@type":"ListItem","position":1,"name":"Home","item":"https:\/\/hudo.com\/si\/"},{"@type":"ListItem","position":2,"name":"Mramor: trdo delo se je obrestovalo, v Bruslju sprejeli na\u0161e argumente"}]},{"@type":"WebSite","@id":"https:\/\/hudo.com\/si\/#website","url":"https:\/\/hudo.com\/si\/","name":"Hudo Slovenija","description":"Vse novice iz Slovenije in sveta","publisher":{"@id":"https:\/\/hudo.com\/si\/#organization"},"potentialAction":[{"@type":"SearchAction","target":{"@type":"EntryPoint","urlTemplate":"https:\/\/hudo.com\/si\/?s={search_term_string}"},"query-input":"required name=search_term_string"}],"inLanguage":"sl-SI"},{"@type":"Organization","@id":"https:\/\/hudo.com\/si\/#organization","name":"VSN Media","url":"https:\/\/hudo.com\/si\/","logo":{"@type":"ImageObject","inLanguage":"sl-SI","@id":"https:\/\/hudo.com\/si\/#\/schema\/logo\/image\/","url":"https:\/\/hudo.com\/si\/wp-content\/uploads\/sites\/2\/2021\/03\/hudo-app-2.png","contentUrl":"https:\/\/hudo.com\/si\/wp-content\/uploads\/sites\/2\/2021\/03\/hudo-app-2.png","width":2185,"height":2167,"caption":"VSN Media"},"image":{"@id":"https:\/\/hudo.com\/si\/#\/schema\/logo\/image\/"},"sameAs":["https:\/\/www.facebook.com\/hudo.si","https:\/\/twitter.com\/hudo_si"]},{"@type":"Person","@id":"https:\/\/hudo.com\/si\/#\/schema\/person\/601cf3379633985b20f7e50f2bb47707","name":"hudo","image":{"@type":"ImageObject","inLanguage":"sl-SI","@id":"https:\/\/hudo.com\/si\/#\/schema\/person\/image\/","url":"https:\/\/secure.gravatar.com\/avatar\/c4ca25fa72cace7a696b52ff5db9e095?s=96&d=mm&r=g","contentUrl":"https:\/\/secure.gravatar.com\/avatar\/c4ca25fa72cace7a696b52ff5db9e095?s=96&d=mm&r=g","caption":"hudo"},"url":"https:\/\/hudo.com\/si\/author\/hudo\/"}]}},"amp_enabled":true,"_links":{"self":[{"href":"https:\/\/hudo.com\/si\/wp-json\/wp\/v2\/posts\/56733"}],"collection":[{"href":"https:\/\/hudo.com\/si\/wp-json\/wp\/v2\/posts"}],"about":[{"href":"https:\/\/hudo.com\/si\/wp-json\/wp\/v2\/types\/post"}],"author":[{"embeddable":true,"href":"https:\/\/hudo.com\/si\/wp-json\/wp\/v2\/users\/1"}],"replies":[{"embeddable":true,"href":"https:\/\/hudo.com\/si\/wp-json\/wp\/v2\/comments?post=56733"}],"version-history":[{"count":0,"href":"https:\/\/hudo.com\/si\/wp-json\/wp\/v2\/posts\/56733\/revisions"}],"wp:attachment":[{"href":"https:\/\/hudo.com\/si\/wp-json\/wp\/v2\/media?parent=56733"}],"wp:term":[{"taxonomy":"category","embeddable":true,"href":"https:\/\/hudo.com\/si\/wp-json\/wp\/v2\/categories?post=56733"},{"taxonomy":"post_tag","embeddable":true,"href":"https:\/\/hudo.com\/si\/wp-json\/wp\/v2\/tags?post=56733"},{"taxonomy":"source","embeddable":true,"href":"https:\/\/hudo.com\/si\/wp-json\/wp\/v2\/source?post=56733"},{"taxonomy":"supertag","embeddable":true,"href":"https:\/\/hudo.com\/si\/wp-json\/wp\/v2\/supertag?post=56733"}],"curies":[{"name":"wp","href":"https:\/\/api.w.org\/{rel}","templated":true}]}}