{"id":56737,"date":"2016-05-19T15:44:00","date_gmt":"2016-05-19T13:44:00","guid":{"rendered":"http:\/\/hudo.com\/si\/2016\/05\/19\/rogerja-federerja-ne-bo-na-op-francije\/"},"modified":"2016-05-19T15:44:00","modified_gmt":"2016-05-19T13:44:00","slug":"rogerja-federerja-ne-bo-na-op-francije","status":"publish","type":"post","link":"https:\/\/hudo.com\/si\/aktualno\/rogerja-federerja-ne-bo-na-op-francije\/","title":{"rendered":"Rogerja Federerja ne bo na OP Francije"},"content":{"rendered":"<p>Kategorija: Tenis Thu, 19 May 2016 17:44:00 +0200  Pariz &#8211; \u0160vicarski veteran Roger Federer je sporo\u010dil, da bo zaradi po\u0161kodbe hrbta izpustil OP Francije, ki se bo za\u010delo 22. maja. 34-letni \u0160vicar je udele\u017ebo odpovedal zaradi po\u0161kodbe hrbta, ki mu je v tej sezoni \u017ee prepre\u010dila nastop na turnirju v Madridu, in zaradi katere \u0161e ni optimalno pripravljen. \u00bbZ \u017ealostjo vam moram sporo\u010diti novico, da odpovedujem udele\u017ebo na OP Francije. \u010ceprav sem dobro okreval po po\u0161kodbi, pa \u0161e nisem optimalno pripravljen in menim, da bi igranje predstavljalo nepotrebno tveganje. To ni bila lahka odlo\u010ditev, vendar sem jo sprejel, saj bi rad mirno dokon\u010dal sezono in podalj\u0161al svojo kariero. \u017dal mi je za vse navija\u010de in se \u017ee veselim, da se bom na turnir vrnil leta 2017,\u00ab je na svoji uradni strani zapisal \u0160vicar, ki je v svoji karieri dobil sedemnajst\u00a0&#8230;<\/p>\n","protected":false},"excerpt":{"rendered":"<p>Kategorija: Tenis Thu, 19 May 2016 17:44:00 +0200  Pariz &#8211; \u0160vicarski veteran Roger Federer je sporo\u010dil, da bo zaradi po\u0161kodbe hrbta izpustil OP Francije, ki se bo za\u010delo 22. maja. 34-letni \u0160vicar je udele\u017ebo odpovedal zaradi po\u0161kodbe hrbta, ki mu je v tej sezoni \u017ee prepre\u010dila nastop na turnirju v Madridu, in zaradi katere \u0161e ni optimalno pripravljen. \u00bbZ \u017ealostjo vam moram sporo\u010diti novico, da odpovedujem udele\u017ebo na OP Francije. \u010ceprav sem dobro okreval po po\u0161kodbi, pa \u0161e nisem optimalno pripravljen in menim, da bi igranje predstavljalo nepotrebno tveganje. To ni bila lahka odlo\u010ditev, vendar sem jo sprejel, saj bi rad mirno dokon\u010dal sezono in podalj\u0161al svojo kariero. \u017dal mi je za vse navija\u010de in se \u017ee veselim, da se bom na turnir vrnil leta 2017,\u00ab je na svoji uradni strani zapisal \u0160vicar, ki je v svoji karieri dobil sedemnajst\u00a0&#8230;<\/p>\n","protected":false},"author":1,"featured_media":0,"comment_status":"closed","ping_status":"closed","sticky":false,"template":"","format":"standard","meta":{"footnotes":""},"categories":[1179],"tags":[],"source":[4511],"supertag":[],"acf":[],"yoast_head":"<!-- This site is optimized with the Yoast SEO plugin v21.3 - https:\/\/yoast.com\/wordpress\/plugins\/seo\/ -->\n<title>Rogerja Federerja ne bo na OP Francije - Hudo Slovenija<\/title>\n<meta name=\"robots\" content=\"index, follow, max-snippet:-1, max-image-preview:large, max-video-preview:-1\" \/>\n<link rel=\"canonical\" href=\"https:\/\/hudo.com\/si\/aktualno\/rogerja-federerja-ne-bo-na-op-francije\/\" \/>\n<meta property=\"og:locale\" content=\"sl_SI\" \/>\n<meta property=\"og:type\" content=\"article\" \/>\n<meta property=\"og:title\" content=\"Rogerja Federerja ne bo na OP Francije - Hudo Slovenija\" \/>\n<meta property=\"og:description\" content=\"Kategorija: Tenis Thu, 19 May 2016 17:44:00 +0200 Pariz - \u0160vicarski veteran Roger Federer je sporo\u010dil, da bo zaradi po\u0161kodbe hrbta izpustil OP Francije, ki se bo za\u010delo 22. maja. 34-letni \u0160vicar je udele\u017ebo odpovedal zaradi po\u0161kodbe hrbta, ki mu je v tej sezoni \u017ee prepre\u010dila nastop na turnirju v Madridu, in zaradi katere \u0161e ni optimalno pripravljen. \u00bbZ \u017ealostjo vam moram sporo\u010diti novico, da odpovedujem udele\u017ebo na OP Francije. \u010ceprav sem dobro okreval po po\u0161kodbi, pa \u0161e nisem optimalno pripravljen in menim, da bi igranje predstavljalo nepotrebno tveganje. To ni bila lahka odlo\u010ditev, vendar sem jo sprejel, saj bi rad mirno dokon\u010dal sezono in podalj\u0161al svojo kariero. \u017dal mi je za vse navija\u010de in se \u017ee veselim, da se bom na turnir vrnil leta 2017,\u00ab je na svoji uradni strani zapisal \u0160vicar, ki je v svoji karieri dobil sedemnajst\u00a0...\" \/>\n<meta property=\"og:url\" content=\"https:\/\/hudo.com\/si\/aktualno\/rogerja-federerja-ne-bo-na-op-francije\/\" \/>\n<meta property=\"og:site_name\" content=\"Hudo Slovenija\" \/>\n<meta property=\"article:publisher\" content=\"https:\/\/www.facebook.com\/hudo.si\" \/>\n<meta property=\"article:published_time\" content=\"2016-05-19T13:44:00+00:00\" \/>\n<meta property=\"og:image\" content=\"https:\/\/hudo.com\/si\/wp-content\/uploads\/sites\/2\/2016\/05\/480x290_Reuters_Pictures-20151101161038-06478800.jpeg\" \/>\n\t<meta property=\"og:image:width\" content=\"480\" \/>\n\t<meta property=\"og:image:height\" content=\"290\" \/>\n\t<meta property=\"og:image:type\" content=\"image\/jpeg\" \/>\n<meta name=\"author\" content=\"hudo\" \/>\n<meta name=\"twitter:card\" content=\"summary_large_image\" \/>\n<meta name=\"twitter:creator\" content=\"@hudo_si\" \/>\n<meta name=\"twitter:site\" content=\"@hudo_si\" \/>\n<meta name=\"twitter:label1\" content=\"Written by\" \/>\n\t<meta name=\"twitter:data1\" content=\"hudo\" \/>\n\t<meta name=\"twitter:label2\" content=\"Est. reading time\" \/>\n\t<meta name=\"twitter:data2\" content=\"1 minuta\" \/>\n<script type=\"application\/ld+json\" class=\"yoast-schema-graph\">{\"@context\":\"https:\/\/schema.org\",\"@graph\":[{\"@type\":\"Article\",\"@id\":\"https:\/\/hudo.com\/si\/aktualno\/rogerja-federerja-ne-bo-na-op-francije\/#article\",\"isPartOf\":{\"@id\":\"https:\/\/hudo.com\/si\/aktualno\/rogerja-federerja-ne-bo-na-op-francije\/\"},\"author\":{\"name\":\"hudo\",\"@id\":\"https:\/\/hudo.com\/si\/#\/schema\/person\/601cf3379633985b20f7e50f2bb47707\"},\"headline\":\"Rogerja Federerja ne bo na OP Francije\",\"datePublished\":\"2016-05-19T13:44:00+00:00\",\"dateModified\":\"2016-05-19T13:44:00+00:00\",\"mainEntityOfPage\":{\"@id\":\"https:\/\/hudo.com\/si\/aktualno\/rogerja-federerja-ne-bo-na-op-francije\/\"},\"wordCount\":154,\"publisher\":{\"@id\":\"https:\/\/hudo.com\/si\/#organization\"},\"articleSection\":[\"Aktualno\"],\"inLanguage\":\"sl-SI\"},{\"@type\":\"WebPage\",\"@id\":\"https:\/\/hudo.com\/si\/aktualno\/rogerja-federerja-ne-bo-na-op-francije\/\",\"url\":\"https:\/\/hudo.com\/si\/aktualno\/rogerja-federerja-ne-bo-na-op-francije\/\",\"name\":\"Rogerja Federerja ne bo na OP Francije - Hudo Slovenija\",\"isPartOf\":{\"@id\":\"https:\/\/hudo.com\/si\/#website\"},\"datePublished\":\"2016-05-19T13:44:00+00:00\",\"dateModified\":\"2016-05-19T13:44:00+00:00\",\"breadcrumb\":{\"@id\":\"https:\/\/hudo.com\/si\/aktualno\/rogerja-federerja-ne-bo-na-op-francije\/#breadcrumb\"},\"inLanguage\":\"sl-SI\",\"potentialAction\":[{\"@type\":\"ReadAction\",\"target\":[\"https:\/\/hudo.com\/si\/aktualno\/rogerja-federerja-ne-bo-na-op-francije\/\"]}]},{\"@type\":\"BreadcrumbList\",\"@id\":\"https:\/\/hudo.com\/si\/aktualno\/rogerja-federerja-ne-bo-na-op-francije\/#breadcrumb\",\"itemListElement\":[{\"@type\":\"ListItem\",\"position\":1,\"name\":\"Home\",\"item\":\"https:\/\/hudo.com\/si\/\"},{\"@type\":\"ListItem\",\"position\":2,\"name\":\"Rogerja Federerja ne bo na OP Francije\"}]},{\"@type\":\"WebSite\",\"@id\":\"https:\/\/hudo.com\/si\/#website\",\"url\":\"https:\/\/hudo.com\/si\/\",\"name\":\"Hudo Slovenija\",\"description\":\"Vse novice iz Slovenije in sveta\",\"publisher\":{\"@id\":\"https:\/\/hudo.com\/si\/#organization\"},\"potentialAction\":[{\"@type\":\"SearchAction\",\"target\":{\"@type\":\"EntryPoint\",\"urlTemplate\":\"https:\/\/hudo.com\/si\/?s={search_term_string}\"},\"query-input\":\"required name=search_term_string\"}],\"inLanguage\":\"sl-SI\"},{\"@type\":\"Organization\",\"@id\":\"https:\/\/hudo.com\/si\/#organization\",\"name\":\"VSN Media\",\"url\":\"https:\/\/hudo.com\/si\/\",\"logo\":{\"@type\":\"ImageObject\",\"inLanguage\":\"sl-SI\",\"@id\":\"https:\/\/hudo.com\/si\/#\/schema\/logo\/image\/\",\"url\":\"https:\/\/hudo.com\/si\/wp-content\/uploads\/sites\/2\/2021\/03\/hudo-app-2.png\",\"contentUrl\":\"https:\/\/hudo.com\/si\/wp-content\/uploads\/sites\/2\/2021\/03\/hudo-app-2.png\",\"width\":2185,\"height\":2167,\"caption\":\"VSN Media\"},\"image\":{\"@id\":\"https:\/\/hudo.com\/si\/#\/schema\/logo\/image\/\"},\"sameAs\":[\"https:\/\/www.facebook.com\/hudo.si\",\"https:\/\/twitter.com\/hudo_si\"]},{\"@type\":\"Person\",\"@id\":\"https:\/\/hudo.com\/si\/#\/schema\/person\/601cf3379633985b20f7e50f2bb47707\",\"name\":\"hudo\",\"image\":{\"@type\":\"ImageObject\",\"inLanguage\":\"sl-SI\",\"@id\":\"https:\/\/hudo.com\/si\/#\/schema\/person\/image\/\",\"url\":\"https:\/\/secure.gravatar.com\/avatar\/c4ca25fa72cace7a696b52ff5db9e095?s=96&d=mm&r=g\",\"contentUrl\":\"https:\/\/secure.gravatar.com\/avatar\/c4ca25fa72cace7a696b52ff5db9e095?s=96&d=mm&r=g\",\"caption\":\"hudo\"},\"url\":\"https:\/\/hudo.com\/si\/author\/hudo\/\"}]}<\/script>\n<!-- \/ Yoast SEO plugin. -->","yoast_head_json":{"title":"Rogerja Federerja ne bo na OP Francije - Hudo Slovenija","robots":{"index":"index","follow":"follow","max-snippet":"max-snippet:-1","max-image-preview":"max-image-preview:large","max-video-preview":"max-video-preview:-1"},"canonical":"https:\/\/hudo.com\/si\/aktualno\/rogerja-federerja-ne-bo-na-op-francije\/","og_locale":"sl_SI","og_type":"article","og_title":"Rogerja Federerja ne bo na OP Francije - Hudo Slovenija","og_description":"Kategorija: Tenis Thu, 19 May 2016 17:44:00 +0200 Pariz - \u0160vicarski veteran Roger Federer je sporo\u010dil, da bo zaradi po\u0161kodbe hrbta izpustil OP Francije, ki se bo za\u010delo 22. maja. 34-letni \u0160vicar je udele\u017ebo odpovedal zaradi po\u0161kodbe hrbta, ki mu je v tej sezoni \u017ee prepre\u010dila nastop na turnirju v Madridu, in zaradi katere \u0161e ni optimalno pripravljen. \u00bbZ \u017ealostjo vam moram sporo\u010diti novico, da odpovedujem udele\u017ebo na OP Francije. \u010ceprav sem dobro okreval po po\u0161kodbi, pa \u0161e nisem optimalno pripravljen in menim, da bi igranje predstavljalo nepotrebno tveganje. To ni bila lahka odlo\u010ditev, vendar sem jo sprejel, saj bi rad mirno dokon\u010dal sezono in podalj\u0161al svojo kariero. \u017dal mi je za vse navija\u010de in se \u017ee veselim, da se bom na turnir vrnil leta 2017,\u00ab je na svoji uradni strani zapisal \u0160vicar, ki je v svoji karieri dobil sedemnajst\u00a0...","og_url":"https:\/\/hudo.com\/si\/aktualno\/rogerja-federerja-ne-bo-na-op-francije\/","og_site_name":"Hudo Slovenija","article_publisher":"https:\/\/www.facebook.com\/hudo.si","article_published_time":"2016-05-19T13:44:00+00:00","og_image":[{"width":480,"height":290,"url":"https:\/\/hudo.com\/si\/wp-content\/uploads\/sites\/2\/2016\/05\/480x290_Reuters_Pictures-20151101161038-06478800.jpeg","type":"image\/jpeg"}],"author":"hudo","twitter_card":"summary_large_image","twitter_creator":"@hudo_si","twitter_site":"@hudo_si","twitter_misc":{"Written by":"hudo","Est. reading time":"1 minuta"},"schema":{"@context":"https:\/\/schema.org","@graph":[{"@type":"Article","@id":"https:\/\/hudo.com\/si\/aktualno\/rogerja-federerja-ne-bo-na-op-francije\/#article","isPartOf":{"@id":"https:\/\/hudo.com\/si\/aktualno\/rogerja-federerja-ne-bo-na-op-francije\/"},"author":{"name":"hudo","@id":"https:\/\/hudo.com\/si\/#\/schema\/person\/601cf3379633985b20f7e50f2bb47707"},"headline":"Rogerja Federerja ne bo na OP Francije","datePublished":"2016-05-19T13:44:00+00:00","dateModified":"2016-05-19T13:44:00+00:00","mainEntityOfPage":{"@id":"https:\/\/hudo.com\/si\/aktualno\/rogerja-federerja-ne-bo-na-op-francije\/"},"wordCount":154,"publisher":{"@id":"https:\/\/hudo.com\/si\/#organization"},"articleSection":["Aktualno"],"inLanguage":"sl-SI"},{"@type":"WebPage","@id":"https:\/\/hudo.com\/si\/aktualno\/rogerja-federerja-ne-bo-na-op-francije\/","url":"https:\/\/hudo.com\/si\/aktualno\/rogerja-federerja-ne-bo-na-op-francije\/","name":"Rogerja Federerja ne bo na OP Francije - Hudo Slovenija","isPartOf":{"@id":"https:\/\/hudo.com\/si\/#website"},"datePublished":"2016-05-19T13:44:00+00:00","dateModified":"2016-05-19T13:44:00+00:00","breadcrumb":{"@id":"https:\/\/hudo.com\/si\/aktualno\/rogerja-federerja-ne-bo-na-op-francije\/#breadcrumb"},"inLanguage":"sl-SI","potentialAction":[{"@type":"ReadAction","target":["https:\/\/hudo.com\/si\/aktualno\/rogerja-federerja-ne-bo-na-op-francije\/"]}]},{"@type":"BreadcrumbList","@id":"https:\/\/hudo.com\/si\/aktualno\/rogerja-federerja-ne-bo-na-op-francije\/#breadcrumb","itemListElement":[{"@type":"ListItem","position":1,"name":"Home","item":"https:\/\/hudo.com\/si\/"},{"@type":"ListItem","position":2,"name":"Rogerja Federerja ne bo na OP Francije"}]},{"@type":"WebSite","@id":"https:\/\/hudo.com\/si\/#website","url":"https:\/\/hudo.com\/si\/","name":"Hudo Slovenija","description":"Vse novice iz Slovenije in sveta","publisher":{"@id":"https:\/\/hudo.com\/si\/#organization"},"potentialAction":[{"@type":"SearchAction","target":{"@type":"EntryPoint","urlTemplate":"https:\/\/hudo.com\/si\/?s={search_term_string}"},"query-input":"required name=search_term_string"}],"inLanguage":"sl-SI"},{"@type":"Organization","@id":"https:\/\/hudo.com\/si\/#organization","name":"VSN Media","url":"https:\/\/hudo.com\/si\/","logo":{"@type":"ImageObject","inLanguage":"sl-SI","@id":"https:\/\/hudo.com\/si\/#\/schema\/logo\/image\/","url":"https:\/\/hudo.com\/si\/wp-content\/uploads\/sites\/2\/2021\/03\/hudo-app-2.png","contentUrl":"https:\/\/hudo.com\/si\/wp-content\/uploads\/sites\/2\/2021\/03\/hudo-app-2.png","width":2185,"height":2167,"caption":"VSN Media"},"image":{"@id":"https:\/\/hudo.com\/si\/#\/schema\/logo\/image\/"},"sameAs":["https:\/\/www.facebook.com\/hudo.si","https:\/\/twitter.com\/hudo_si"]},{"@type":"Person","@id":"https:\/\/hudo.com\/si\/#\/schema\/person\/601cf3379633985b20f7e50f2bb47707","name":"hudo","image":{"@type":"ImageObject","inLanguage":"sl-SI","@id":"https:\/\/hudo.com\/si\/#\/schema\/person\/image\/","url":"https:\/\/secure.gravatar.com\/avatar\/c4ca25fa72cace7a696b52ff5db9e095?s=96&d=mm&r=g","contentUrl":"https:\/\/secure.gravatar.com\/avatar\/c4ca25fa72cace7a696b52ff5db9e095?s=96&d=mm&r=g","caption":"hudo"},"url":"https:\/\/hudo.com\/si\/author\/hudo\/"}]}},"amp_enabled":true,"_links":{"self":[{"href":"https:\/\/hudo.com\/si\/wp-json\/wp\/v2\/posts\/56737"}],"collection":[{"href":"https:\/\/hudo.com\/si\/wp-json\/wp\/v2\/posts"}],"about":[{"href":"https:\/\/hudo.com\/si\/wp-json\/wp\/v2\/types\/post"}],"author":[{"embeddable":true,"href":"https:\/\/hudo.com\/si\/wp-json\/wp\/v2\/users\/1"}],"replies":[{"embeddable":true,"href":"https:\/\/hudo.com\/si\/wp-json\/wp\/v2\/comments?post=56737"}],"version-history":[{"count":0,"href":"https:\/\/hudo.com\/si\/wp-json\/wp\/v2\/posts\/56737\/revisions"}],"wp:attachment":[{"href":"https:\/\/hudo.com\/si\/wp-json\/wp\/v2\/media?parent=56737"}],"wp:term":[{"taxonomy":"category","embeddable":true,"href":"https:\/\/hudo.com\/si\/wp-json\/wp\/v2\/categories?post=56737"},{"taxonomy":"post_tag","embeddable":true,"href":"https:\/\/hudo.com\/si\/wp-json\/wp\/v2\/tags?post=56737"},{"taxonomy":"source","embeddable":true,"href":"https:\/\/hudo.com\/si\/wp-json\/wp\/v2\/source?post=56737"},{"taxonomy":"supertag","embeddable":true,"href":"https:\/\/hudo.com\/si\/wp-json\/wp\/v2\/supertag?post=56737"}],"curies":[{"name":"wp","href":"https:\/\/api.w.org\/{rel}","templated":true}]}}