{"id":56799,"date":"2016-05-19T19:45:00","date_gmt":"2016-05-19T17:45:00","guid":{"rendered":"http:\/\/hudo.com\/si\/2016\/05\/19\/delavci-migranti-po-sestanku-na-financnem-ministrstvu-hocejo-do-cerarja\/"},"modified":"2016-05-20T18:02:41","modified_gmt":"2016-05-20T16:02:41","slug":"delavci-migranti-po-sestanku-na-financnem-ministrstvu-hocejo-do-cerarja","status":"publish","type":"post","link":"https:\/\/hudo.com\/si\/aktualno\/delavci-migranti-po-sestanku-na-financnem-ministrstvu-hocejo-do-cerarja\/","title":{"rendered":"Delavci migranti po sestanku na finan\u010dnem ministrstvu ho\u010dejo do Cerarja"},"content":{"rendered":"<p>Predstavniki finan\u010dnega ministrstva in Sindikata delavcev migrantov Slovenije so na dana\u0161njem sre\u010danju obravnavali spremembe, ki se nana\u0161ajo na dohodke delavcev migrantov. Predloge delavcev morajo na ministrstvu \u0161e preu\u010diti, so pa predstavniki sindikata zahtevali sestanek s predsednikom vlade. Okrog postopkov v teku (samoprijava) je vladna stran v skladu s sklepom prej\u0161njega sestanka obvestila predstavnike sindikata, da so ponovno preu\u010dili vse argumente. &#8220;Ugotovili smo, da ne moremo posegati v konkretne postopke,&#8221; so zapisali, a hkrati so zaprosili sodi\u0161\u010de za prednostno obravnavo primerov v upravnem sporu, kar bo oblikovalo sodno prakso, ki ji bosta sledila tudi finan\u010dna uprava in prito\u017ebeni organ. Nadaljnji pogovori z ministrstvom za finance niso predvideni. Predstavniki sindikata so zahtevali sestanek s predsednikom vlade, pravijo na MF.Slovenija<\/p>\n","protected":false},"excerpt":{"rendered":"<p>Predstavniki finan\u010dnega ministrstva in Sindikata delavcev migrantov Slovenije so na dana\u0161njem sre\u010danju obravnavali spremembe, ki se nana\u0161ajo na dohodke delavcev migrantov. Predloge delavcev morajo na ministrstvu \u0161e preu\u010diti, so pa predstavniki sindikata zahtevali sestanek s predsednikom vlade. Okrog postopkov v teku (samoprijava) je vladna stran v skladu s sklepom prej\u0161njega sestanka obvestila predstavnike sindikata, da so ponovno preu\u010dili vse argumente. &#8220;Ugotovili smo, da ne moremo posegati v konkretne postopke,&#8221; so zapisali, a hkrati so zaprosili sodi\u0161\u010de za prednostno obravnavo primerov v upravnem sporu, kar bo oblikovalo sodno prakso, ki ji bosta sledila tudi finan\u010dna uprava in prito\u017ebeni organ. Nadaljnji pogovori z ministrstvom za finance niso predvideni. Predstavniki sindikata so zahtevali sestanek s predsednikom vlade, pravijo na MF.Slovenija<\/p>\n","protected":false},"author":1,"featured_media":0,"comment_status":"closed","ping_status":"closed","sticky":false,"template":"","format":"standard","meta":{"footnotes":""},"categories":[1179],"tags":[],"source":[1711],"supertag":[],"acf":[],"yoast_head":"<!-- This site is optimized with the Yoast SEO plugin v21.3 - https:\/\/yoast.com\/wordpress\/plugins\/seo\/ -->\n<title>Delavci migranti po sestanku na finan\u010dnem ministrstvu ho\u010dejo do Cerarja - Hudo Slovenija<\/title>\n<meta name=\"robots\" content=\"index, follow, max-snippet:-1, max-image-preview:large, max-video-preview:-1\" \/>\n<link rel=\"canonical\" href=\"https:\/\/hudo.com\/si\/aktualno\/delavci-migranti-po-sestanku-na-financnem-ministrstvu-hocejo-do-cerarja\/\" \/>\n<meta property=\"og:locale\" content=\"sl_SI\" \/>\n<meta property=\"og:type\" content=\"article\" \/>\n<meta property=\"og:title\" content=\"Delavci migranti po sestanku na finan\u010dnem ministrstvu ho\u010dejo do Cerarja - Hudo Slovenija\" \/>\n<meta property=\"og:description\" content=\"Predstavniki finan\u010dnega ministrstva in Sindikata delavcev migrantov Slovenije so na dana\u0161njem sre\u010danju obravnavali spremembe, ki se nana\u0161ajo na dohodke delavcev migrantov. Predloge delavcev morajo na ministrstvu \u0161e preu\u010diti, so pa predstavniki sindikata zahtevali sestanek s predsednikom vlade. Okrog postopkov v teku (samoprijava) je vladna stran v skladu s sklepom prej\u0161njega sestanka obvestila predstavnike sindikata, da so ponovno preu\u010dili vse argumente. &quot;Ugotovili smo, da ne moremo posegati v konkretne postopke,&quot; so zapisali, a hkrati so zaprosili sodi\u0161\u010de za prednostno obravnavo primerov v upravnem sporu, kar bo oblikovalo sodno prakso, ki ji bosta sledila tudi finan\u010dna uprava in prito\u017ebeni organ. Nadaljnji pogovori z ministrstvom za finance niso predvideni. Predstavniki sindikata so zahtevali sestanek s predsednikom vlade, pravijo na MF.Slovenija\" \/>\n<meta property=\"og:url\" content=\"https:\/\/hudo.com\/si\/aktualno\/delavci-migranti-po-sestanku-na-financnem-ministrstvu-hocejo-do-cerarja\/\" \/>\n<meta property=\"og:site_name\" content=\"Hudo Slovenija\" \/>\n<meta property=\"article:publisher\" content=\"https:\/\/www.facebook.com\/hudo.si\" \/>\n<meta property=\"article:published_time\" content=\"2016-05-19T17:45:00+00:00\" \/>\n<meta property=\"article:modified_time\" content=\"2016-05-20T16:02:41+00:00\" \/>\n<meta property=\"og:image\" content=\"https:\/\/hudo.com\/si\/wp-content\/uploads\/sites\/2\/2016\/05\/01351172F-300.jpg\" \/>\n\t<meta property=\"og:image:width\" content=\"450\" \/>\n\t<meta property=\"og:image:height\" content=\"307\" \/>\n\t<meta property=\"og:image:type\" content=\"image\/jpeg\" \/>\n<meta name=\"author\" content=\"hudo\" \/>\n<meta name=\"twitter:card\" content=\"summary_large_image\" \/>\n<meta name=\"twitter:creator\" content=\"@hudo_si\" \/>\n<meta name=\"twitter:site\" content=\"@hudo_si\" \/>\n<meta name=\"twitter:label1\" content=\"Written by\" \/>\n\t<meta name=\"twitter:data1\" content=\"hudo\" \/>\n\t<meta name=\"twitter:label2\" content=\"Est. reading time\" \/>\n\t<meta name=\"twitter:data2\" content=\"1 minuta\" \/>\n<script type=\"application\/ld+json\" class=\"yoast-schema-graph\">{\"@context\":\"https:\/\/schema.org\",\"@graph\":[{\"@type\":\"Article\",\"@id\":\"https:\/\/hudo.com\/si\/aktualno\/delavci-migranti-po-sestanku-na-financnem-ministrstvu-hocejo-do-cerarja\/#article\",\"isPartOf\":{\"@id\":\"https:\/\/hudo.com\/si\/aktualno\/delavci-migranti-po-sestanku-na-financnem-ministrstvu-hocejo-do-cerarja\/\"},\"author\":{\"name\":\"hudo\",\"@id\":\"https:\/\/hudo.com\/si\/#\/schema\/person\/601cf3379633985b20f7e50f2bb47707\"},\"headline\":\"Delavci migranti po sestanku na finan\u010dnem ministrstvu ho\u010dejo do Cerarja\",\"datePublished\":\"2016-05-19T17:45:00+00:00\",\"dateModified\":\"2016-05-20T16:02:41+00:00\",\"mainEntityOfPage\":{\"@id\":\"https:\/\/hudo.com\/si\/aktualno\/delavci-migranti-po-sestanku-na-financnem-ministrstvu-hocejo-do-cerarja\/\"},\"wordCount\":140,\"publisher\":{\"@id\":\"https:\/\/hudo.com\/si\/#organization\"},\"articleSection\":[\"Aktualno\"],\"inLanguage\":\"sl-SI\"},{\"@type\":\"WebPage\",\"@id\":\"https:\/\/hudo.com\/si\/aktualno\/delavci-migranti-po-sestanku-na-financnem-ministrstvu-hocejo-do-cerarja\/\",\"url\":\"https:\/\/hudo.com\/si\/aktualno\/delavci-migranti-po-sestanku-na-financnem-ministrstvu-hocejo-do-cerarja\/\",\"name\":\"Delavci migranti po sestanku na finan\u010dnem ministrstvu ho\u010dejo do Cerarja - Hudo Slovenija\",\"isPartOf\":{\"@id\":\"https:\/\/hudo.com\/si\/#website\"},\"datePublished\":\"2016-05-19T17:45:00+00:00\",\"dateModified\":\"2016-05-20T16:02:41+00:00\",\"breadcrumb\":{\"@id\":\"https:\/\/hudo.com\/si\/aktualno\/delavci-migranti-po-sestanku-na-financnem-ministrstvu-hocejo-do-cerarja\/#breadcrumb\"},\"inLanguage\":\"sl-SI\",\"potentialAction\":[{\"@type\":\"ReadAction\",\"target\":[\"https:\/\/hudo.com\/si\/aktualno\/delavci-migranti-po-sestanku-na-financnem-ministrstvu-hocejo-do-cerarja\/\"]}]},{\"@type\":\"BreadcrumbList\",\"@id\":\"https:\/\/hudo.com\/si\/aktualno\/delavci-migranti-po-sestanku-na-financnem-ministrstvu-hocejo-do-cerarja\/#breadcrumb\",\"itemListElement\":[{\"@type\":\"ListItem\",\"position\":1,\"name\":\"Home\",\"item\":\"https:\/\/hudo.com\/si\/\"},{\"@type\":\"ListItem\",\"position\":2,\"name\":\"Delavci migranti po sestanku na finan\u010dnem ministrstvu ho\u010dejo do Cerarja\"}]},{\"@type\":\"WebSite\",\"@id\":\"https:\/\/hudo.com\/si\/#website\",\"url\":\"https:\/\/hudo.com\/si\/\",\"name\":\"Hudo Slovenija\",\"description\":\"Vse novice iz Slovenije in sveta\",\"publisher\":{\"@id\":\"https:\/\/hudo.com\/si\/#organization\"},\"potentialAction\":[{\"@type\":\"SearchAction\",\"target\":{\"@type\":\"EntryPoint\",\"urlTemplate\":\"https:\/\/hudo.com\/si\/?s={search_term_string}\"},\"query-input\":\"required name=search_term_string\"}],\"inLanguage\":\"sl-SI\"},{\"@type\":\"Organization\",\"@id\":\"https:\/\/hudo.com\/si\/#organization\",\"name\":\"VSN Media\",\"url\":\"https:\/\/hudo.com\/si\/\",\"logo\":{\"@type\":\"ImageObject\",\"inLanguage\":\"sl-SI\",\"@id\":\"https:\/\/hudo.com\/si\/#\/schema\/logo\/image\/\",\"url\":\"https:\/\/hudo.com\/si\/wp-content\/uploads\/sites\/2\/2021\/03\/hudo-app-2.png\",\"contentUrl\":\"https:\/\/hudo.com\/si\/wp-content\/uploads\/sites\/2\/2021\/03\/hudo-app-2.png\",\"width\":2185,\"height\":2167,\"caption\":\"VSN Media\"},\"image\":{\"@id\":\"https:\/\/hudo.com\/si\/#\/schema\/logo\/image\/\"},\"sameAs\":[\"https:\/\/www.facebook.com\/hudo.si\",\"https:\/\/twitter.com\/hudo_si\"]},{\"@type\":\"Person\",\"@id\":\"https:\/\/hudo.com\/si\/#\/schema\/person\/601cf3379633985b20f7e50f2bb47707\",\"name\":\"hudo\",\"image\":{\"@type\":\"ImageObject\",\"inLanguage\":\"sl-SI\",\"@id\":\"https:\/\/hudo.com\/si\/#\/schema\/person\/image\/\",\"url\":\"https:\/\/secure.gravatar.com\/avatar\/c4ca25fa72cace7a696b52ff5db9e095?s=96&d=mm&r=g\",\"contentUrl\":\"https:\/\/secure.gravatar.com\/avatar\/c4ca25fa72cace7a696b52ff5db9e095?s=96&d=mm&r=g\",\"caption\":\"hudo\"},\"url\":\"https:\/\/hudo.com\/si\/author\/hudo\/\"}]}<\/script>\n<!-- \/ Yoast SEO plugin. -->","yoast_head_json":{"title":"Delavci migranti po sestanku na finan\u010dnem ministrstvu ho\u010dejo do Cerarja - Hudo Slovenija","robots":{"index":"index","follow":"follow","max-snippet":"max-snippet:-1","max-image-preview":"max-image-preview:large","max-video-preview":"max-video-preview:-1"},"canonical":"https:\/\/hudo.com\/si\/aktualno\/delavci-migranti-po-sestanku-na-financnem-ministrstvu-hocejo-do-cerarja\/","og_locale":"sl_SI","og_type":"article","og_title":"Delavci migranti po sestanku na finan\u010dnem ministrstvu ho\u010dejo do Cerarja - Hudo Slovenija","og_description":"Predstavniki finan\u010dnega ministrstva in Sindikata delavcev migrantov Slovenije so na dana\u0161njem sre\u010danju obravnavali spremembe, ki se nana\u0161ajo na dohodke delavcev migrantov. Predloge delavcev morajo na ministrstvu \u0161e preu\u010diti, so pa predstavniki sindikata zahtevali sestanek s predsednikom vlade. Okrog postopkov v teku (samoprijava) je vladna stran v skladu s sklepom prej\u0161njega sestanka obvestila predstavnike sindikata, da so ponovno preu\u010dili vse argumente. \"Ugotovili smo, da ne moremo posegati v konkretne postopke,\" so zapisali, a hkrati so zaprosili sodi\u0161\u010de za prednostno obravnavo primerov v upravnem sporu, kar bo oblikovalo sodno prakso, ki ji bosta sledila tudi finan\u010dna uprava in prito\u017ebeni organ. Nadaljnji pogovori z ministrstvom za finance niso predvideni. Predstavniki sindikata so zahtevali sestanek s predsednikom vlade, pravijo na MF.Slovenija","og_url":"https:\/\/hudo.com\/si\/aktualno\/delavci-migranti-po-sestanku-na-financnem-ministrstvu-hocejo-do-cerarja\/","og_site_name":"Hudo Slovenija","article_publisher":"https:\/\/www.facebook.com\/hudo.si","article_published_time":"2016-05-19T17:45:00+00:00","article_modified_time":"2016-05-20T16:02:41+00:00","og_image":[{"width":450,"height":307,"url":"https:\/\/hudo.com\/si\/wp-content\/uploads\/sites\/2\/2016\/05\/01351172F-300.jpg","type":"image\/jpeg"}],"author":"hudo","twitter_card":"summary_large_image","twitter_creator":"@hudo_si","twitter_site":"@hudo_si","twitter_misc":{"Written by":"hudo","Est. reading time":"1 minuta"},"schema":{"@context":"https:\/\/schema.org","@graph":[{"@type":"Article","@id":"https:\/\/hudo.com\/si\/aktualno\/delavci-migranti-po-sestanku-na-financnem-ministrstvu-hocejo-do-cerarja\/#article","isPartOf":{"@id":"https:\/\/hudo.com\/si\/aktualno\/delavci-migranti-po-sestanku-na-financnem-ministrstvu-hocejo-do-cerarja\/"},"author":{"name":"hudo","@id":"https:\/\/hudo.com\/si\/#\/schema\/person\/601cf3379633985b20f7e50f2bb47707"},"headline":"Delavci migranti po sestanku na finan\u010dnem ministrstvu ho\u010dejo do Cerarja","datePublished":"2016-05-19T17:45:00+00:00","dateModified":"2016-05-20T16:02:41+00:00","mainEntityOfPage":{"@id":"https:\/\/hudo.com\/si\/aktualno\/delavci-migranti-po-sestanku-na-financnem-ministrstvu-hocejo-do-cerarja\/"},"wordCount":140,"publisher":{"@id":"https:\/\/hudo.com\/si\/#organization"},"articleSection":["Aktualno"],"inLanguage":"sl-SI"},{"@type":"WebPage","@id":"https:\/\/hudo.com\/si\/aktualno\/delavci-migranti-po-sestanku-na-financnem-ministrstvu-hocejo-do-cerarja\/","url":"https:\/\/hudo.com\/si\/aktualno\/delavci-migranti-po-sestanku-na-financnem-ministrstvu-hocejo-do-cerarja\/","name":"Delavci migranti po sestanku na finan\u010dnem ministrstvu ho\u010dejo do Cerarja - Hudo Slovenija","isPartOf":{"@id":"https:\/\/hudo.com\/si\/#website"},"datePublished":"2016-05-19T17:45:00+00:00","dateModified":"2016-05-20T16:02:41+00:00","breadcrumb":{"@id":"https:\/\/hudo.com\/si\/aktualno\/delavci-migranti-po-sestanku-na-financnem-ministrstvu-hocejo-do-cerarja\/#breadcrumb"},"inLanguage":"sl-SI","potentialAction":[{"@type":"ReadAction","target":["https:\/\/hudo.com\/si\/aktualno\/delavci-migranti-po-sestanku-na-financnem-ministrstvu-hocejo-do-cerarja\/"]}]},{"@type":"BreadcrumbList","@id":"https:\/\/hudo.com\/si\/aktualno\/delavci-migranti-po-sestanku-na-financnem-ministrstvu-hocejo-do-cerarja\/#breadcrumb","itemListElement":[{"@type":"ListItem","position":1,"name":"Home","item":"https:\/\/hudo.com\/si\/"},{"@type":"ListItem","position":2,"name":"Delavci migranti po sestanku na finan\u010dnem ministrstvu ho\u010dejo do Cerarja"}]},{"@type":"WebSite","@id":"https:\/\/hudo.com\/si\/#website","url":"https:\/\/hudo.com\/si\/","name":"Hudo Slovenija","description":"Vse novice iz Slovenije in sveta","publisher":{"@id":"https:\/\/hudo.com\/si\/#organization"},"potentialAction":[{"@type":"SearchAction","target":{"@type":"EntryPoint","urlTemplate":"https:\/\/hudo.com\/si\/?s={search_term_string}"},"query-input":"required name=search_term_string"}],"inLanguage":"sl-SI"},{"@type":"Organization","@id":"https:\/\/hudo.com\/si\/#organization","name":"VSN Media","url":"https:\/\/hudo.com\/si\/","logo":{"@type":"ImageObject","inLanguage":"sl-SI","@id":"https:\/\/hudo.com\/si\/#\/schema\/logo\/image\/","url":"https:\/\/hudo.com\/si\/wp-content\/uploads\/sites\/2\/2021\/03\/hudo-app-2.png","contentUrl":"https:\/\/hudo.com\/si\/wp-content\/uploads\/sites\/2\/2021\/03\/hudo-app-2.png","width":2185,"height":2167,"caption":"VSN Media"},"image":{"@id":"https:\/\/hudo.com\/si\/#\/schema\/logo\/image\/"},"sameAs":["https:\/\/www.facebook.com\/hudo.si","https:\/\/twitter.com\/hudo_si"]},{"@type":"Person","@id":"https:\/\/hudo.com\/si\/#\/schema\/person\/601cf3379633985b20f7e50f2bb47707","name":"hudo","image":{"@type":"ImageObject","inLanguage":"sl-SI","@id":"https:\/\/hudo.com\/si\/#\/schema\/person\/image\/","url":"https:\/\/secure.gravatar.com\/avatar\/c4ca25fa72cace7a696b52ff5db9e095?s=96&d=mm&r=g","contentUrl":"https:\/\/secure.gravatar.com\/avatar\/c4ca25fa72cace7a696b52ff5db9e095?s=96&d=mm&r=g","caption":"hudo"},"url":"https:\/\/hudo.com\/si\/author\/hudo\/"}]}},"amp_enabled":true,"_links":{"self":[{"href":"https:\/\/hudo.com\/si\/wp-json\/wp\/v2\/posts\/56799"}],"collection":[{"href":"https:\/\/hudo.com\/si\/wp-json\/wp\/v2\/posts"}],"about":[{"href":"https:\/\/hudo.com\/si\/wp-json\/wp\/v2\/types\/post"}],"author":[{"embeddable":true,"href":"https:\/\/hudo.com\/si\/wp-json\/wp\/v2\/users\/1"}],"replies":[{"embeddable":true,"href":"https:\/\/hudo.com\/si\/wp-json\/wp\/v2\/comments?post=56799"}],"version-history":[{"count":1,"href":"https:\/\/hudo.com\/si\/wp-json\/wp\/v2\/posts\/56799\/revisions"}],"predecessor-version":[{"id":56877,"href":"https:\/\/hudo.com\/si\/wp-json\/wp\/v2\/posts\/56799\/revisions\/56877"}],"wp:attachment":[{"href":"https:\/\/hudo.com\/si\/wp-json\/wp\/v2\/media?parent=56799"}],"wp:term":[{"taxonomy":"category","embeddable":true,"href":"https:\/\/hudo.com\/si\/wp-json\/wp\/v2\/categories?post=56799"},{"taxonomy":"post_tag","embeddable":true,"href":"https:\/\/hudo.com\/si\/wp-json\/wp\/v2\/tags?post=56799"},{"taxonomy":"source","embeddable":true,"href":"https:\/\/hudo.com\/si\/wp-json\/wp\/v2\/source?post=56799"},{"taxonomy":"supertag","embeddable":true,"href":"https:\/\/hudo.com\/si\/wp-json\/wp\/v2\/supertag?post=56799"}],"curies":[{"name":"wp","href":"https:\/\/api.w.org\/{rel}","templated":true}]}}