{"id":56873,"date":"2016-05-19T20:05:00","date_gmt":"2016-05-19T18:05:00","guid":{"rendered":"http:\/\/hudo.com\/si\/2016\/05\/19\/foto-szs-na-veceru-sampionov-nagradila-slovenske-sportnike\/"},"modified":"2016-05-20T06:11:52","modified_gmt":"2016-05-20T04:11:52","slug":"foto-szs-na-veceru-sampionov-nagradila-slovenske-sportnike","status":"publish","type":"post","link":"https:\/\/hudo.com\/si\/aktualno\/foto-szs-na-veceru-sampionov-nagradila-slovenske-sportnike\/","title":{"rendered":"FOTO: SZS na Ve\u010deru \u0161ampionov nagradila slovenske \u0161portnike"},"content":{"rendered":"<p>Kategorija: Zimski Thu, 19 May 2016 22:05:00 +0200  Ljubljana &#8211; Slovenski smu\u010darji so se med pripravami na novo zimo znova zbrali v slovenski metropoli, kjer jim je vodstvo Smu\u010darske zveze Slovenije na Ve\u010deru \u0161ampionov med drugim izro\u010dilo priznanja zveze za minulo sezono. Peter Prevc, kralj svetovnega pokala v smu\u010darskih skokih in SP v poletih, je bil med prejemniki kipca blo\u0161kega smu\u010darja. Kipce blo\u0161kega smu\u010darja za uvrstitve na zmagovalni oder velikih tekmovanj in v svetovnem pokalu so prejeli \u0161e alpska smu\u010darja Bo\u0161tjan Kline in Ana Drev, deskar Rok Margu\u010d, smu\u010dar prostega sloga Filip Flisar, skakalci Domen Prevc, Robi Kranjec, Maja Vti\u010d, Ema Klinec in \u0160pela Rogelj, telemark smu\u010dar Jure Ale\u0161 in slovenska ekipa v smu\u010darskih skokih. Plakete blo\u0161kega smu\u010darja za uspehe na mladinskih tekmah so dobili Jure Ale\u0161, alpska smu\u010darja \u0160tefan Hadalin in Sa\u0161a Brezovnik, deskar \u010crt Ikovic, Domen Prevc, teka\u010dica\u00a0&#8230;<\/p>\n","protected":false},"excerpt":{"rendered":"<p>Kategorija: Zimski Thu, 19 May 2016 22:05:00 +0200  Ljubljana &#8211; Slovenski smu\u010darji so se med pripravami na novo zimo znova zbrali v slovenski metropoli, kjer jim je vodstvo Smu\u010darske zveze Slovenije na Ve\u010deru \u0161ampionov med drugim izro\u010dilo priznanja zveze za minulo sezono. Peter Prevc, kralj svetovnega pokala v smu\u010darskih skokih in SP v poletih, je bil med prejemniki kipca blo\u0161kega smu\u010darja. Kipce blo\u0161kega smu\u010darja za uvrstitve na zmagovalni oder velikih tekmovanj in v svetovnem pokalu so prejeli \u0161e alpska smu\u010darja Bo\u0161tjan Kline in Ana Drev, deskar Rok Margu\u010d, smu\u010dar prostega sloga Filip Flisar, skakalci Domen Prevc, Robi Kranjec, Maja Vti\u010d, Ema Klinec in \u0160pela Rogelj, telemark smu\u010dar Jure Ale\u0161 in slovenska ekipa v smu\u010darskih skokih. Plakete blo\u0161kega smu\u010darja za uspehe na mladinskih tekmah so dobili Jure Ale\u0161, alpska smu\u010darja \u0160tefan Hadalin in Sa\u0161a Brezovnik, deskar \u010crt Ikovic, Domen Prevc, teka\u010dica\u00a0&#8230;<\/p>\n","protected":false},"author":1,"featured_media":0,"comment_status":"closed","ping_status":"closed","sticky":false,"template":"","format":"standard","meta":{"footnotes":""},"categories":[1179],"tags":[],"source":[4511],"supertag":[],"acf":[],"yoast_head":"<!-- This site is optimized with the Yoast SEO plugin v21.3 - https:\/\/yoast.com\/wordpress\/plugins\/seo\/ -->\n<title>FOTO: SZS na Ve\u010deru \u0161ampionov nagradila slovenske \u0161portnike - Hudo Slovenija<\/title>\n<meta name=\"robots\" content=\"index, follow, max-snippet:-1, max-image-preview:large, max-video-preview:-1\" \/>\n<link rel=\"canonical\" href=\"https:\/\/hudo.com\/si\/aktualno\/foto-szs-na-veceru-sampionov-nagradila-slovenske-sportnike\/\" \/>\n<meta property=\"og:locale\" content=\"sl_SI\" \/>\n<meta property=\"og:type\" content=\"article\" \/>\n<meta property=\"og:title\" content=\"FOTO: SZS na Ve\u010deru \u0161ampionov nagradila slovenske \u0161portnike - Hudo Slovenija\" \/>\n<meta property=\"og:description\" content=\"Kategorija: Zimski Thu, 19 May 2016 22:05:00 +0200 Ljubljana - Slovenski smu\u010darji so se med pripravami na novo zimo znova zbrali v slovenski metropoli, kjer jim je vodstvo Smu\u010darske zveze Slovenije na Ve\u010deru \u0161ampionov med drugim izro\u010dilo priznanja zveze za minulo sezono. Peter Prevc, kralj svetovnega pokala v smu\u010darskih skokih in SP v poletih, je bil med prejemniki kipca blo\u0161kega smu\u010darja. Kipce blo\u0161kega smu\u010darja za uvrstitve na zmagovalni oder velikih tekmovanj in v svetovnem pokalu so prejeli \u0161e alpska smu\u010darja Bo\u0161tjan Kline in Ana Drev, deskar Rok Margu\u010d, smu\u010dar prostega sloga Filip Flisar, skakalci Domen Prevc, Robi Kranjec, Maja Vti\u010d, Ema Klinec in \u0160pela Rogelj, telemark smu\u010dar Jure Ale\u0161 in slovenska ekipa v smu\u010darskih skokih. Plakete blo\u0161kega smu\u010darja za uspehe na mladinskih tekmah so dobili Jure Ale\u0161, alpska smu\u010darja \u0160tefan Hadalin in Sa\u0161a Brezovnik, deskar \u010crt Ikovic, Domen Prevc, teka\u010dica\u00a0...\" \/>\n<meta property=\"og:url\" content=\"https:\/\/hudo.com\/si\/aktualno\/foto-szs-na-veceru-sampionov-nagradila-slovenske-sportnike\/\" \/>\n<meta property=\"og:site_name\" content=\"Hudo Slovenija\" \/>\n<meta property=\"article:publisher\" content=\"https:\/\/www.facebook.com\/hudo.si\" \/>\n<meta property=\"article:published_time\" content=\"2016-05-19T18:05:00+00:00\" \/>\n<meta property=\"article:modified_time\" content=\"2016-05-20T04:11:52+00:00\" \/>\n<meta property=\"og:image\" content=\"https:\/\/hudo.com\/si\/wp-content\/uploads\/sites\/2\/2016\/05\/480x290_Delo_Foto-20160519212054-05632700.jpeg\" \/>\n\t<meta property=\"og:image:width\" content=\"480\" \/>\n\t<meta property=\"og:image:height\" content=\"290\" \/>\n\t<meta property=\"og:image:type\" content=\"image\/jpeg\" \/>\n<meta name=\"author\" content=\"hudo\" \/>\n<meta name=\"twitter:card\" content=\"summary_large_image\" \/>\n<meta name=\"twitter:creator\" content=\"@hudo_si\" \/>\n<meta name=\"twitter:site\" content=\"@hudo_si\" \/>\n<meta name=\"twitter:label1\" content=\"Written by\" \/>\n\t<meta name=\"twitter:data1\" content=\"hudo\" \/>\n\t<meta name=\"twitter:label2\" content=\"Est. reading time\" \/>\n\t<meta name=\"twitter:data2\" content=\"1 minuta\" \/>\n<script type=\"application\/ld+json\" class=\"yoast-schema-graph\">{\"@context\":\"https:\/\/schema.org\",\"@graph\":[{\"@type\":\"Article\",\"@id\":\"https:\/\/hudo.com\/si\/aktualno\/foto-szs-na-veceru-sampionov-nagradila-slovenske-sportnike\/#article\",\"isPartOf\":{\"@id\":\"https:\/\/hudo.com\/si\/aktualno\/foto-szs-na-veceru-sampionov-nagradila-slovenske-sportnike\/\"},\"author\":{\"name\":\"hudo\",\"@id\":\"https:\/\/hudo.com\/si\/#\/schema\/person\/601cf3379633985b20f7e50f2bb47707\"},\"headline\":\"FOTO: SZS na Ve\u010deru \u0161ampionov nagradila slovenske \u0161portnike\",\"datePublished\":\"2016-05-19T18:05:00+00:00\",\"dateModified\":\"2016-05-20T04:11:52+00:00\",\"mainEntityOfPage\":{\"@id\":\"https:\/\/hudo.com\/si\/aktualno\/foto-szs-na-veceru-sampionov-nagradila-slovenske-sportnike\/\"},\"wordCount\":164,\"publisher\":{\"@id\":\"https:\/\/hudo.com\/si\/#organization\"},\"articleSection\":[\"Aktualno\"],\"inLanguage\":\"sl-SI\"},{\"@type\":\"WebPage\",\"@id\":\"https:\/\/hudo.com\/si\/aktualno\/foto-szs-na-veceru-sampionov-nagradila-slovenske-sportnike\/\",\"url\":\"https:\/\/hudo.com\/si\/aktualno\/foto-szs-na-veceru-sampionov-nagradila-slovenske-sportnike\/\",\"name\":\"FOTO: SZS na Ve\u010deru \u0161ampionov nagradila slovenske \u0161portnike - Hudo Slovenija\",\"isPartOf\":{\"@id\":\"https:\/\/hudo.com\/si\/#website\"},\"datePublished\":\"2016-05-19T18:05:00+00:00\",\"dateModified\":\"2016-05-20T04:11:52+00:00\",\"breadcrumb\":{\"@id\":\"https:\/\/hudo.com\/si\/aktualno\/foto-szs-na-veceru-sampionov-nagradila-slovenske-sportnike\/#breadcrumb\"},\"inLanguage\":\"sl-SI\",\"potentialAction\":[{\"@type\":\"ReadAction\",\"target\":[\"https:\/\/hudo.com\/si\/aktualno\/foto-szs-na-veceru-sampionov-nagradila-slovenske-sportnike\/\"]}]},{\"@type\":\"BreadcrumbList\",\"@id\":\"https:\/\/hudo.com\/si\/aktualno\/foto-szs-na-veceru-sampionov-nagradila-slovenske-sportnike\/#breadcrumb\",\"itemListElement\":[{\"@type\":\"ListItem\",\"position\":1,\"name\":\"Home\",\"item\":\"https:\/\/hudo.com\/si\/\"},{\"@type\":\"ListItem\",\"position\":2,\"name\":\"FOTO: SZS na Ve\u010deru \u0161ampionov nagradila slovenske \u0161portnike\"}]},{\"@type\":\"WebSite\",\"@id\":\"https:\/\/hudo.com\/si\/#website\",\"url\":\"https:\/\/hudo.com\/si\/\",\"name\":\"Hudo Slovenija\",\"description\":\"Vse novice iz Slovenije in sveta\",\"publisher\":{\"@id\":\"https:\/\/hudo.com\/si\/#organization\"},\"potentialAction\":[{\"@type\":\"SearchAction\",\"target\":{\"@type\":\"EntryPoint\",\"urlTemplate\":\"https:\/\/hudo.com\/si\/?s={search_term_string}\"},\"query-input\":\"required name=search_term_string\"}],\"inLanguage\":\"sl-SI\"},{\"@type\":\"Organization\",\"@id\":\"https:\/\/hudo.com\/si\/#organization\",\"name\":\"VSN Media\",\"url\":\"https:\/\/hudo.com\/si\/\",\"logo\":{\"@type\":\"ImageObject\",\"inLanguage\":\"sl-SI\",\"@id\":\"https:\/\/hudo.com\/si\/#\/schema\/logo\/image\/\",\"url\":\"https:\/\/hudo.com\/si\/wp-content\/uploads\/sites\/2\/2021\/03\/hudo-app-2.png\",\"contentUrl\":\"https:\/\/hudo.com\/si\/wp-content\/uploads\/sites\/2\/2021\/03\/hudo-app-2.png\",\"width\":2185,\"height\":2167,\"caption\":\"VSN Media\"},\"image\":{\"@id\":\"https:\/\/hudo.com\/si\/#\/schema\/logo\/image\/\"},\"sameAs\":[\"https:\/\/www.facebook.com\/hudo.si\",\"https:\/\/twitter.com\/hudo_si\"]},{\"@type\":\"Person\",\"@id\":\"https:\/\/hudo.com\/si\/#\/schema\/person\/601cf3379633985b20f7e50f2bb47707\",\"name\":\"hudo\",\"image\":{\"@type\":\"ImageObject\",\"inLanguage\":\"sl-SI\",\"@id\":\"https:\/\/hudo.com\/si\/#\/schema\/person\/image\/\",\"url\":\"https:\/\/secure.gravatar.com\/avatar\/c4ca25fa72cace7a696b52ff5db9e095?s=96&d=mm&r=g\",\"contentUrl\":\"https:\/\/secure.gravatar.com\/avatar\/c4ca25fa72cace7a696b52ff5db9e095?s=96&d=mm&r=g\",\"caption\":\"hudo\"},\"url\":\"https:\/\/hudo.com\/si\/author\/hudo\/\"}]}<\/script>\n<!-- \/ Yoast SEO plugin. -->","yoast_head_json":{"title":"FOTO: SZS na Ve\u010deru \u0161ampionov nagradila slovenske \u0161portnike - Hudo Slovenija","robots":{"index":"index","follow":"follow","max-snippet":"max-snippet:-1","max-image-preview":"max-image-preview:large","max-video-preview":"max-video-preview:-1"},"canonical":"https:\/\/hudo.com\/si\/aktualno\/foto-szs-na-veceru-sampionov-nagradila-slovenske-sportnike\/","og_locale":"sl_SI","og_type":"article","og_title":"FOTO: SZS na Ve\u010deru \u0161ampionov nagradila slovenske \u0161portnike - Hudo Slovenija","og_description":"Kategorija: Zimski Thu, 19 May 2016 22:05:00 +0200 Ljubljana - Slovenski smu\u010darji so se med pripravami na novo zimo znova zbrali v slovenski metropoli, kjer jim je vodstvo Smu\u010darske zveze Slovenije na Ve\u010deru \u0161ampionov med drugim izro\u010dilo priznanja zveze za minulo sezono. Peter Prevc, kralj svetovnega pokala v smu\u010darskih skokih in SP v poletih, je bil med prejemniki kipca blo\u0161kega smu\u010darja. Kipce blo\u0161kega smu\u010darja za uvrstitve na zmagovalni oder velikih tekmovanj in v svetovnem pokalu so prejeli \u0161e alpska smu\u010darja Bo\u0161tjan Kline in Ana Drev, deskar Rok Margu\u010d, smu\u010dar prostega sloga Filip Flisar, skakalci Domen Prevc, Robi Kranjec, Maja Vti\u010d, Ema Klinec in \u0160pela Rogelj, telemark smu\u010dar Jure Ale\u0161 in slovenska ekipa v smu\u010darskih skokih. Plakete blo\u0161kega smu\u010darja za uspehe na mladinskih tekmah so dobili Jure Ale\u0161, alpska smu\u010darja \u0160tefan Hadalin in Sa\u0161a Brezovnik, deskar \u010crt Ikovic, Domen Prevc, teka\u010dica\u00a0...","og_url":"https:\/\/hudo.com\/si\/aktualno\/foto-szs-na-veceru-sampionov-nagradila-slovenske-sportnike\/","og_site_name":"Hudo Slovenija","article_publisher":"https:\/\/www.facebook.com\/hudo.si","article_published_time":"2016-05-19T18:05:00+00:00","article_modified_time":"2016-05-20T04:11:52+00:00","og_image":[{"width":480,"height":290,"url":"https:\/\/hudo.com\/si\/wp-content\/uploads\/sites\/2\/2016\/05\/480x290_Delo_Foto-20160519212054-05632700.jpeg","type":"image\/jpeg"}],"author":"hudo","twitter_card":"summary_large_image","twitter_creator":"@hudo_si","twitter_site":"@hudo_si","twitter_misc":{"Written by":"hudo","Est. reading time":"1 minuta"},"schema":{"@context":"https:\/\/schema.org","@graph":[{"@type":"Article","@id":"https:\/\/hudo.com\/si\/aktualno\/foto-szs-na-veceru-sampionov-nagradila-slovenske-sportnike\/#article","isPartOf":{"@id":"https:\/\/hudo.com\/si\/aktualno\/foto-szs-na-veceru-sampionov-nagradila-slovenske-sportnike\/"},"author":{"name":"hudo","@id":"https:\/\/hudo.com\/si\/#\/schema\/person\/601cf3379633985b20f7e50f2bb47707"},"headline":"FOTO: SZS na Ve\u010deru \u0161ampionov nagradila slovenske \u0161portnike","datePublished":"2016-05-19T18:05:00+00:00","dateModified":"2016-05-20T04:11:52+00:00","mainEntityOfPage":{"@id":"https:\/\/hudo.com\/si\/aktualno\/foto-szs-na-veceru-sampionov-nagradila-slovenske-sportnike\/"},"wordCount":164,"publisher":{"@id":"https:\/\/hudo.com\/si\/#organization"},"articleSection":["Aktualno"],"inLanguage":"sl-SI"},{"@type":"WebPage","@id":"https:\/\/hudo.com\/si\/aktualno\/foto-szs-na-veceru-sampionov-nagradila-slovenske-sportnike\/","url":"https:\/\/hudo.com\/si\/aktualno\/foto-szs-na-veceru-sampionov-nagradila-slovenske-sportnike\/","name":"FOTO: SZS na Ve\u010deru \u0161ampionov nagradila slovenske \u0161portnike - Hudo Slovenija","isPartOf":{"@id":"https:\/\/hudo.com\/si\/#website"},"datePublished":"2016-05-19T18:05:00+00:00","dateModified":"2016-05-20T04:11:52+00:00","breadcrumb":{"@id":"https:\/\/hudo.com\/si\/aktualno\/foto-szs-na-veceru-sampionov-nagradila-slovenske-sportnike\/#breadcrumb"},"inLanguage":"sl-SI","potentialAction":[{"@type":"ReadAction","target":["https:\/\/hudo.com\/si\/aktualno\/foto-szs-na-veceru-sampionov-nagradila-slovenske-sportnike\/"]}]},{"@type":"BreadcrumbList","@id":"https:\/\/hudo.com\/si\/aktualno\/foto-szs-na-veceru-sampionov-nagradila-slovenske-sportnike\/#breadcrumb","itemListElement":[{"@type":"ListItem","position":1,"name":"Home","item":"https:\/\/hudo.com\/si\/"},{"@type":"ListItem","position":2,"name":"FOTO: SZS na Ve\u010deru \u0161ampionov nagradila slovenske \u0161portnike"}]},{"@type":"WebSite","@id":"https:\/\/hudo.com\/si\/#website","url":"https:\/\/hudo.com\/si\/","name":"Hudo Slovenija","description":"Vse novice iz Slovenije in sveta","publisher":{"@id":"https:\/\/hudo.com\/si\/#organization"},"potentialAction":[{"@type":"SearchAction","target":{"@type":"EntryPoint","urlTemplate":"https:\/\/hudo.com\/si\/?s={search_term_string}"},"query-input":"required name=search_term_string"}],"inLanguage":"sl-SI"},{"@type":"Organization","@id":"https:\/\/hudo.com\/si\/#organization","name":"VSN Media","url":"https:\/\/hudo.com\/si\/","logo":{"@type":"ImageObject","inLanguage":"sl-SI","@id":"https:\/\/hudo.com\/si\/#\/schema\/logo\/image\/","url":"https:\/\/hudo.com\/si\/wp-content\/uploads\/sites\/2\/2021\/03\/hudo-app-2.png","contentUrl":"https:\/\/hudo.com\/si\/wp-content\/uploads\/sites\/2\/2021\/03\/hudo-app-2.png","width":2185,"height":2167,"caption":"VSN Media"},"image":{"@id":"https:\/\/hudo.com\/si\/#\/schema\/logo\/image\/"},"sameAs":["https:\/\/www.facebook.com\/hudo.si","https:\/\/twitter.com\/hudo_si"]},{"@type":"Person","@id":"https:\/\/hudo.com\/si\/#\/schema\/person\/601cf3379633985b20f7e50f2bb47707","name":"hudo","image":{"@type":"ImageObject","inLanguage":"sl-SI","@id":"https:\/\/hudo.com\/si\/#\/schema\/person\/image\/","url":"https:\/\/secure.gravatar.com\/avatar\/c4ca25fa72cace7a696b52ff5db9e095?s=96&d=mm&r=g","contentUrl":"https:\/\/secure.gravatar.com\/avatar\/c4ca25fa72cace7a696b52ff5db9e095?s=96&d=mm&r=g","caption":"hudo"},"url":"https:\/\/hudo.com\/si\/author\/hudo\/"}]}},"amp_enabled":true,"_links":{"self":[{"href":"https:\/\/hudo.com\/si\/wp-json\/wp\/v2\/posts\/56873"}],"collection":[{"href":"https:\/\/hudo.com\/si\/wp-json\/wp\/v2\/posts"}],"about":[{"href":"https:\/\/hudo.com\/si\/wp-json\/wp\/v2\/types\/post"}],"author":[{"embeddable":true,"href":"https:\/\/hudo.com\/si\/wp-json\/wp\/v2\/users\/1"}],"replies":[{"embeddable":true,"href":"https:\/\/hudo.com\/si\/wp-json\/wp\/v2\/comments?post=56873"}],"version-history":[{"count":1,"href":"https:\/\/hudo.com\/si\/wp-json\/wp\/v2\/posts\/56873\/revisions"}],"predecessor-version":[{"id":56966,"href":"https:\/\/hudo.com\/si\/wp-json\/wp\/v2\/posts\/56873\/revisions\/56966"}],"wp:attachment":[{"href":"https:\/\/hudo.com\/si\/wp-json\/wp\/v2\/media?parent=56873"}],"wp:term":[{"taxonomy":"category","embeddable":true,"href":"https:\/\/hudo.com\/si\/wp-json\/wp\/v2\/categories?post=56873"},{"taxonomy":"post_tag","embeddable":true,"href":"https:\/\/hudo.com\/si\/wp-json\/wp\/v2\/tags?post=56873"},{"taxonomy":"source","embeddable":true,"href":"https:\/\/hudo.com\/si\/wp-json\/wp\/v2\/source?post=56873"},{"taxonomy":"supertag","embeddable":true,"href":"https:\/\/hudo.com\/si\/wp-json\/wp\/v2\/supertag?post=56873"}],"curies":[{"name":"wp","href":"https:\/\/api.w.org\/{rel}","templated":true}]}}