{"id":57157,"date":"2016-05-20T06:11:00","date_gmt":"2016-05-20T04:11:00","guid":{"rendered":"http:\/\/hudo.com\/si\/2016\/05\/20\/ljubljanski-minaret-je-dobil-tudi-konico\/"},"modified":"2016-05-21T02:17:32","modified_gmt":"2016-05-21T00:17:32","slug":"ljubljanski-minaret-je-dobil-tudi-konico","status":"publish","type":"post","link":"https:\/\/hudo.com\/si\/aktualno\/ljubljanski-minaret-je-dobil-tudi-konico\/","title":{"rendered":"Ljubljanski minaret je dobil tudi konico"},"content":{"rendered":"<p>Kategorija: Ljubljana Fri, 20 May 2016 08:11:00 +0200  Ljubljana &#8211; Islamsko versko-kulturni center, ki \u017ee dobiva svojo podobo, ima od danes naprej na minaretu \u017ee konico. Odprtja centra po napovedih muftija Ned\u017eada Grabusa ni pri\u010dakovati \u0161e kak\u0161no leto in pol. Center za Be\u017eigradom so za\u010deli graditi pred dobrim letom, zdaj so v grobem dokon\u010dani umivalnica, izobra\u017eevalni, upravni in stanovanjski objekt ter vsi podzemni deli, kjer bodo parkiri\u0161\u010da, telovadnica in restavracija. Zadnje tedne se delavci ukvarjajo predvsem z osrednjim objektom \u2212 mo\u0161ejo, ki je hkrati najve\u010dji gradbeni izziv projekta. Jeklena konstrukcija, ki bo dala mo\u0161eji zna\u010dilno podobo in bo obdana s stekleno fasado, se je pribli\u017eala kon\u010dni vi\u0161ini 24 metrov. Danes se je kon\u010dala \u0161e gradnja minareta s sto\u017e\u010dasto betonsko konico. S tem je dosegla vi\u0161ino 40 metrov.<\/p>\n","protected":false},"excerpt":{"rendered":"<p>Kategorija: Ljubljana Fri, 20 May 2016 08:11:00 +0200  Ljubljana &#8211; Islamsko versko-kulturni center, ki \u017ee dobiva svojo podobo, ima od danes naprej na minaretu \u017ee konico. Odprtja centra po napovedih muftija Ned\u017eada Grabusa ni pri\u010dakovati \u0161e kak\u0161no leto in pol. Center za Be\u017eigradom so za\u010deli graditi pred dobrim letom, zdaj so v grobem dokon\u010dani umivalnica, izobra\u017eevalni, upravni in stanovanjski objekt ter vsi podzemni deli, kjer bodo parkiri\u0161\u010da, telovadnica in restavracija. Zadnje tedne se delavci ukvarjajo predvsem z osrednjim objektom \u2212 mo\u0161ejo, ki je hkrati najve\u010dji gradbeni izziv projekta. Jeklena konstrukcija, ki bo dala mo\u0161eji zna\u010dilno podobo in bo obdana s stekleno fasado, se je pribli\u017eala kon\u010dni vi\u0161ini 24 metrov. Danes se je kon\u010dala \u0161e gradnja minareta s sto\u017e\u010dasto betonsko konico. S tem je dosegla vi\u0161ino 40 metrov.<\/p>\n","protected":false},"author":1,"featured_media":0,"comment_status":"closed","ping_status":"closed","sticky":false,"template":"","format":"standard","meta":{"footnotes":""},"categories":[1179],"tags":[],"source":[4511],"supertag":[],"acf":[],"yoast_head":"<!-- This site is optimized with the Yoast SEO plugin v21.3 - https:\/\/yoast.com\/wordpress\/plugins\/seo\/ -->\n<title>Ljubljanski minaret je dobil tudi konico - Hudo Slovenija<\/title>\n<meta name=\"robots\" content=\"index, follow, max-snippet:-1, max-image-preview:large, max-video-preview:-1\" \/>\n<link rel=\"canonical\" href=\"https:\/\/hudo.com\/si\/aktualno\/ljubljanski-minaret-je-dobil-tudi-konico\/\" \/>\n<meta property=\"og:locale\" content=\"sl_SI\" \/>\n<meta property=\"og:type\" content=\"article\" \/>\n<meta property=\"og:title\" content=\"Ljubljanski minaret je dobil tudi konico - Hudo Slovenija\" \/>\n<meta property=\"og:description\" content=\"Kategorija: Ljubljana Fri, 20 May 2016 08:11:00 +0200 Ljubljana - Islamsko versko-kulturni center, ki \u017ee dobiva svojo podobo, ima od danes naprej na minaretu \u017ee konico. Odprtja centra po napovedih muftija Ned\u017eada Grabusa ni pri\u010dakovati \u0161e kak\u0161no leto in pol. Center za Be\u017eigradom so za\u010deli graditi pred dobrim letom, zdaj so v grobem dokon\u010dani umivalnica, izobra\u017eevalni, upravni in stanovanjski objekt ter vsi podzemni deli, kjer bodo parkiri\u0161\u010da, telovadnica in restavracija. Zadnje tedne se delavci ukvarjajo predvsem z osrednjim objektom \u2212 mo\u0161ejo, ki je hkrati najve\u010dji gradbeni izziv projekta. Jeklena konstrukcija, ki bo dala mo\u0161eji zna\u010dilno podobo in bo obdana s stekleno fasado, se je pribli\u017eala kon\u010dni vi\u0161ini 24 metrov. Danes se je kon\u010dala \u0161e gradnja minareta s sto\u017e\u010dasto betonsko konico. S tem je dosegla vi\u0161ino 40 metrov.\" \/>\n<meta property=\"og:url\" content=\"https:\/\/hudo.com\/si\/aktualno\/ljubljanski-minaret-je-dobil-tudi-konico\/\" \/>\n<meta property=\"og:site_name\" content=\"Hudo Slovenija\" \/>\n<meta property=\"article:publisher\" content=\"https:\/\/www.facebook.com\/hudo.si\" \/>\n<meta property=\"article:published_time\" content=\"2016-05-20T04:11:00+00:00\" \/>\n<meta property=\"article:modified_time\" content=\"2016-05-21T00:17:32+00:00\" \/>\n<meta property=\"og:image\" content=\"https:\/\/hudo.com\/si\/wp-content\/uploads\/sites\/2\/2016\/05\/480x290_Delo_Foto-20160520084808-59205200.jpeg\" \/>\n\t<meta property=\"og:image:width\" content=\"480\" \/>\n\t<meta property=\"og:image:height\" content=\"290\" \/>\n\t<meta property=\"og:image:type\" content=\"image\/jpeg\" \/>\n<meta name=\"author\" content=\"hudo\" \/>\n<meta name=\"twitter:card\" content=\"summary_large_image\" \/>\n<meta name=\"twitter:creator\" content=\"@hudo_si\" \/>\n<meta name=\"twitter:site\" content=\"@hudo_si\" \/>\n<meta name=\"twitter:label1\" content=\"Written by\" \/>\n\t<meta name=\"twitter:data1\" content=\"hudo\" \/>\n\t<meta name=\"twitter:label2\" content=\"Est. reading time\" \/>\n\t<meta name=\"twitter:data2\" content=\"1 minuta\" \/>\n<script type=\"application\/ld+json\" class=\"yoast-schema-graph\">{\"@context\":\"https:\/\/schema.org\",\"@graph\":[{\"@type\":\"Article\",\"@id\":\"https:\/\/hudo.com\/si\/aktualno\/ljubljanski-minaret-je-dobil-tudi-konico\/#article\",\"isPartOf\":{\"@id\":\"https:\/\/hudo.com\/si\/aktualno\/ljubljanski-minaret-je-dobil-tudi-konico\/\"},\"author\":{\"name\":\"hudo\",\"@id\":\"https:\/\/hudo.com\/si\/#\/schema\/person\/601cf3379633985b20f7e50f2bb47707\"},\"headline\":\"Ljubljanski minaret je dobil tudi konico\",\"datePublished\":\"2016-05-20T04:11:00+00:00\",\"dateModified\":\"2016-05-21T00:17:32+00:00\",\"mainEntityOfPage\":{\"@id\":\"https:\/\/hudo.com\/si\/aktualno\/ljubljanski-minaret-je-dobil-tudi-konico\/\"},\"wordCount\":144,\"publisher\":{\"@id\":\"https:\/\/hudo.com\/si\/#organization\"},\"articleSection\":[\"Aktualno\"],\"inLanguage\":\"sl-SI\"},{\"@type\":\"WebPage\",\"@id\":\"https:\/\/hudo.com\/si\/aktualno\/ljubljanski-minaret-je-dobil-tudi-konico\/\",\"url\":\"https:\/\/hudo.com\/si\/aktualno\/ljubljanski-minaret-je-dobil-tudi-konico\/\",\"name\":\"Ljubljanski minaret je dobil tudi konico - Hudo Slovenija\",\"isPartOf\":{\"@id\":\"https:\/\/hudo.com\/si\/#website\"},\"datePublished\":\"2016-05-20T04:11:00+00:00\",\"dateModified\":\"2016-05-21T00:17:32+00:00\",\"breadcrumb\":{\"@id\":\"https:\/\/hudo.com\/si\/aktualno\/ljubljanski-minaret-je-dobil-tudi-konico\/#breadcrumb\"},\"inLanguage\":\"sl-SI\",\"potentialAction\":[{\"@type\":\"ReadAction\",\"target\":[\"https:\/\/hudo.com\/si\/aktualno\/ljubljanski-minaret-je-dobil-tudi-konico\/\"]}]},{\"@type\":\"BreadcrumbList\",\"@id\":\"https:\/\/hudo.com\/si\/aktualno\/ljubljanski-minaret-je-dobil-tudi-konico\/#breadcrumb\",\"itemListElement\":[{\"@type\":\"ListItem\",\"position\":1,\"name\":\"Home\",\"item\":\"https:\/\/hudo.com\/si\/\"},{\"@type\":\"ListItem\",\"position\":2,\"name\":\"Ljubljanski minaret je dobil tudi konico\"}]},{\"@type\":\"WebSite\",\"@id\":\"https:\/\/hudo.com\/si\/#website\",\"url\":\"https:\/\/hudo.com\/si\/\",\"name\":\"Hudo Slovenija\",\"description\":\"Vse novice iz Slovenije in sveta\",\"publisher\":{\"@id\":\"https:\/\/hudo.com\/si\/#organization\"},\"potentialAction\":[{\"@type\":\"SearchAction\",\"target\":{\"@type\":\"EntryPoint\",\"urlTemplate\":\"https:\/\/hudo.com\/si\/?s={search_term_string}\"},\"query-input\":\"required name=search_term_string\"}],\"inLanguage\":\"sl-SI\"},{\"@type\":\"Organization\",\"@id\":\"https:\/\/hudo.com\/si\/#organization\",\"name\":\"VSN Media\",\"url\":\"https:\/\/hudo.com\/si\/\",\"logo\":{\"@type\":\"ImageObject\",\"inLanguage\":\"sl-SI\",\"@id\":\"https:\/\/hudo.com\/si\/#\/schema\/logo\/image\/\",\"url\":\"https:\/\/hudo.com\/si\/wp-content\/uploads\/sites\/2\/2021\/03\/hudo-app-2.png\",\"contentUrl\":\"https:\/\/hudo.com\/si\/wp-content\/uploads\/sites\/2\/2021\/03\/hudo-app-2.png\",\"width\":2185,\"height\":2167,\"caption\":\"VSN Media\"},\"image\":{\"@id\":\"https:\/\/hudo.com\/si\/#\/schema\/logo\/image\/\"},\"sameAs\":[\"https:\/\/www.facebook.com\/hudo.si\",\"https:\/\/twitter.com\/hudo_si\"]},{\"@type\":\"Person\",\"@id\":\"https:\/\/hudo.com\/si\/#\/schema\/person\/601cf3379633985b20f7e50f2bb47707\",\"name\":\"hudo\",\"image\":{\"@type\":\"ImageObject\",\"inLanguage\":\"sl-SI\",\"@id\":\"https:\/\/hudo.com\/si\/#\/schema\/person\/image\/\",\"url\":\"https:\/\/secure.gravatar.com\/avatar\/c4ca25fa72cace7a696b52ff5db9e095?s=96&d=mm&r=g\",\"contentUrl\":\"https:\/\/secure.gravatar.com\/avatar\/c4ca25fa72cace7a696b52ff5db9e095?s=96&d=mm&r=g\",\"caption\":\"hudo\"},\"url\":\"https:\/\/hudo.com\/si\/author\/hudo\/\"}]}<\/script>\n<!-- \/ Yoast SEO plugin. -->","yoast_head_json":{"title":"Ljubljanski minaret je dobil tudi konico - Hudo Slovenija","robots":{"index":"index","follow":"follow","max-snippet":"max-snippet:-1","max-image-preview":"max-image-preview:large","max-video-preview":"max-video-preview:-1"},"canonical":"https:\/\/hudo.com\/si\/aktualno\/ljubljanski-minaret-je-dobil-tudi-konico\/","og_locale":"sl_SI","og_type":"article","og_title":"Ljubljanski minaret je dobil tudi konico - Hudo Slovenija","og_description":"Kategorija: Ljubljana Fri, 20 May 2016 08:11:00 +0200 Ljubljana - Islamsko versko-kulturni center, ki \u017ee dobiva svojo podobo, ima od danes naprej na minaretu \u017ee konico. Odprtja centra po napovedih muftija Ned\u017eada Grabusa ni pri\u010dakovati \u0161e kak\u0161no leto in pol. Center za Be\u017eigradom so za\u010deli graditi pred dobrim letom, zdaj so v grobem dokon\u010dani umivalnica, izobra\u017eevalni, upravni in stanovanjski objekt ter vsi podzemni deli, kjer bodo parkiri\u0161\u010da, telovadnica in restavracija. Zadnje tedne se delavci ukvarjajo predvsem z osrednjim objektom \u2212 mo\u0161ejo, ki je hkrati najve\u010dji gradbeni izziv projekta. Jeklena konstrukcija, ki bo dala mo\u0161eji zna\u010dilno podobo in bo obdana s stekleno fasado, se je pribli\u017eala kon\u010dni vi\u0161ini 24 metrov. Danes se je kon\u010dala \u0161e gradnja minareta s sto\u017e\u010dasto betonsko konico. S tem je dosegla vi\u0161ino 40 metrov.","og_url":"https:\/\/hudo.com\/si\/aktualno\/ljubljanski-minaret-je-dobil-tudi-konico\/","og_site_name":"Hudo Slovenija","article_publisher":"https:\/\/www.facebook.com\/hudo.si","article_published_time":"2016-05-20T04:11:00+00:00","article_modified_time":"2016-05-21T00:17:32+00:00","og_image":[{"width":480,"height":290,"url":"https:\/\/hudo.com\/si\/wp-content\/uploads\/sites\/2\/2016\/05\/480x290_Delo_Foto-20160520084808-59205200.jpeg","type":"image\/jpeg"}],"author":"hudo","twitter_card":"summary_large_image","twitter_creator":"@hudo_si","twitter_site":"@hudo_si","twitter_misc":{"Written by":"hudo","Est. reading time":"1 minuta"},"schema":{"@context":"https:\/\/schema.org","@graph":[{"@type":"Article","@id":"https:\/\/hudo.com\/si\/aktualno\/ljubljanski-minaret-je-dobil-tudi-konico\/#article","isPartOf":{"@id":"https:\/\/hudo.com\/si\/aktualno\/ljubljanski-minaret-je-dobil-tudi-konico\/"},"author":{"name":"hudo","@id":"https:\/\/hudo.com\/si\/#\/schema\/person\/601cf3379633985b20f7e50f2bb47707"},"headline":"Ljubljanski minaret je dobil tudi konico","datePublished":"2016-05-20T04:11:00+00:00","dateModified":"2016-05-21T00:17:32+00:00","mainEntityOfPage":{"@id":"https:\/\/hudo.com\/si\/aktualno\/ljubljanski-minaret-je-dobil-tudi-konico\/"},"wordCount":144,"publisher":{"@id":"https:\/\/hudo.com\/si\/#organization"},"articleSection":["Aktualno"],"inLanguage":"sl-SI"},{"@type":"WebPage","@id":"https:\/\/hudo.com\/si\/aktualno\/ljubljanski-minaret-je-dobil-tudi-konico\/","url":"https:\/\/hudo.com\/si\/aktualno\/ljubljanski-minaret-je-dobil-tudi-konico\/","name":"Ljubljanski minaret je dobil tudi konico - Hudo Slovenija","isPartOf":{"@id":"https:\/\/hudo.com\/si\/#website"},"datePublished":"2016-05-20T04:11:00+00:00","dateModified":"2016-05-21T00:17:32+00:00","breadcrumb":{"@id":"https:\/\/hudo.com\/si\/aktualno\/ljubljanski-minaret-je-dobil-tudi-konico\/#breadcrumb"},"inLanguage":"sl-SI","potentialAction":[{"@type":"ReadAction","target":["https:\/\/hudo.com\/si\/aktualno\/ljubljanski-minaret-je-dobil-tudi-konico\/"]}]},{"@type":"BreadcrumbList","@id":"https:\/\/hudo.com\/si\/aktualno\/ljubljanski-minaret-je-dobil-tudi-konico\/#breadcrumb","itemListElement":[{"@type":"ListItem","position":1,"name":"Home","item":"https:\/\/hudo.com\/si\/"},{"@type":"ListItem","position":2,"name":"Ljubljanski minaret je dobil tudi konico"}]},{"@type":"WebSite","@id":"https:\/\/hudo.com\/si\/#website","url":"https:\/\/hudo.com\/si\/","name":"Hudo Slovenija","description":"Vse novice iz Slovenije in sveta","publisher":{"@id":"https:\/\/hudo.com\/si\/#organization"},"potentialAction":[{"@type":"SearchAction","target":{"@type":"EntryPoint","urlTemplate":"https:\/\/hudo.com\/si\/?s={search_term_string}"},"query-input":"required name=search_term_string"}],"inLanguage":"sl-SI"},{"@type":"Organization","@id":"https:\/\/hudo.com\/si\/#organization","name":"VSN Media","url":"https:\/\/hudo.com\/si\/","logo":{"@type":"ImageObject","inLanguage":"sl-SI","@id":"https:\/\/hudo.com\/si\/#\/schema\/logo\/image\/","url":"https:\/\/hudo.com\/si\/wp-content\/uploads\/sites\/2\/2021\/03\/hudo-app-2.png","contentUrl":"https:\/\/hudo.com\/si\/wp-content\/uploads\/sites\/2\/2021\/03\/hudo-app-2.png","width":2185,"height":2167,"caption":"VSN Media"},"image":{"@id":"https:\/\/hudo.com\/si\/#\/schema\/logo\/image\/"},"sameAs":["https:\/\/www.facebook.com\/hudo.si","https:\/\/twitter.com\/hudo_si"]},{"@type":"Person","@id":"https:\/\/hudo.com\/si\/#\/schema\/person\/601cf3379633985b20f7e50f2bb47707","name":"hudo","image":{"@type":"ImageObject","inLanguage":"sl-SI","@id":"https:\/\/hudo.com\/si\/#\/schema\/person\/image\/","url":"https:\/\/secure.gravatar.com\/avatar\/c4ca25fa72cace7a696b52ff5db9e095?s=96&d=mm&r=g","contentUrl":"https:\/\/secure.gravatar.com\/avatar\/c4ca25fa72cace7a696b52ff5db9e095?s=96&d=mm&r=g","caption":"hudo"},"url":"https:\/\/hudo.com\/si\/author\/hudo\/"}]}},"amp_enabled":true,"_links":{"self":[{"href":"https:\/\/hudo.com\/si\/wp-json\/wp\/v2\/posts\/57157"}],"collection":[{"href":"https:\/\/hudo.com\/si\/wp-json\/wp\/v2\/posts"}],"about":[{"href":"https:\/\/hudo.com\/si\/wp-json\/wp\/v2\/types\/post"}],"author":[{"embeddable":true,"href":"https:\/\/hudo.com\/si\/wp-json\/wp\/v2\/users\/1"}],"replies":[{"embeddable":true,"href":"https:\/\/hudo.com\/si\/wp-json\/wp\/v2\/comments?post=57157"}],"version-history":[{"count":1,"href":"https:\/\/hudo.com\/si\/wp-json\/wp\/v2\/posts\/57157\/revisions"}],"predecessor-version":[{"id":57326,"href":"https:\/\/hudo.com\/si\/wp-json\/wp\/v2\/posts\/57157\/revisions\/57326"}],"wp:attachment":[{"href":"https:\/\/hudo.com\/si\/wp-json\/wp\/v2\/media?parent=57157"}],"wp:term":[{"taxonomy":"category","embeddable":true,"href":"https:\/\/hudo.com\/si\/wp-json\/wp\/v2\/categories?post=57157"},{"taxonomy":"post_tag","embeddable":true,"href":"https:\/\/hudo.com\/si\/wp-json\/wp\/v2\/tags?post=57157"},{"taxonomy":"source","embeddable":true,"href":"https:\/\/hudo.com\/si\/wp-json\/wp\/v2\/source?post=57157"},{"taxonomy":"supertag","embeddable":true,"href":"https:\/\/hudo.com\/si\/wp-json\/wp\/v2\/supertag?post=57157"}],"curies":[{"name":"wp","href":"https:\/\/api.w.org\/{rel}","templated":true}]}}