{"id":57170,"date":"2016-05-20T05:34:00","date_gmt":"2016-05-20T03:34:00","guid":{"rendered":"http:\/\/hudo.com\/si\/2016\/05\/20\/traso-relija-prilagajali-zaradi-poroke-lokalnega-kmeta\/"},"modified":"2016-05-21T01:16:29","modified_gmt":"2016-05-20T23:16:29","slug":"traso-relija-prilagajali-zaradi-poroke-lokalnega-kmeta","status":"publish","type":"post","link":"https:\/\/hudo.com\/si\/aktualno\/traso-relija-prilagajali-zaradi-poroke-lokalnega-kmeta\/","title":{"rendered":"Traso relija prilagajali zaradi poroke lokalnega kmeta"},"content":{"rendered":"<p>Kategorija: Avtomoto Fri, 20 May 2016 07:34:00 +0200  Ljubljana &#8211; Slovenski reli vstopa v 25. sezono danes in jutri v Velenju in okolici, kjer se bo za visoka mesta na dirki, ki ne nosi ve\u010d imena slovitega Saturnusa, v ostri mednarodni konkurenci borilo 63 posadk, od tega zgolj 25 slovenskih. \u0160tart (danes ob 13.01) in cilj (jutri ob 14.46) bosta na Titovem trgu, vmes pa bodo lahko bencinski navdu\u0161enci u\u017eivali v enajstih hitrostnih preizku\u0161njah, tudi v atraktivnem in najla\u017eje dostopnem superspecialu, ki bo zape\u010datil dana\u0161nji del dirke. \u00bbS \u0161tevil\u010dno udele\u017ebo smo, roko na srce, zadovoljni le delno, manjka namre\u010d ve\u010d doma\u010dih posadk. Tudi traso smo morali tik pred zdajci prilagoditi, saj se ob enem od &#8216;brzincev&#8217; poro\u010di ve\u010dji lokalni kmet, tudi sicer je vse te\u017eje priti do dovoljenj za zaporo cest,\u00ab je strnil vtise pred \u0161tartom direktor dirke Daniel\u00a0&#8230;<\/p>\n","protected":false},"excerpt":{"rendered":"<p>Kategorija: Avtomoto Fri, 20 May 2016 07:34:00 +0200  Ljubljana &#8211; Slovenski reli vstopa v 25. sezono danes in jutri v Velenju in okolici, kjer se bo za visoka mesta na dirki, ki ne nosi ve\u010d imena slovitega Saturnusa, v ostri mednarodni konkurenci borilo 63 posadk, od tega zgolj 25 slovenskih. \u0160tart (danes ob 13.01) in cilj (jutri ob 14.46) bosta na Titovem trgu, vmes pa bodo lahko bencinski navdu\u0161enci u\u017eivali v enajstih hitrostnih preizku\u0161njah, tudi v atraktivnem in najla\u017eje dostopnem superspecialu, ki bo zape\u010datil dana\u0161nji del dirke. \u00bbS \u0161tevil\u010dno udele\u017ebo smo, roko na srce, zadovoljni le delno, manjka namre\u010d ve\u010d doma\u010dih posadk. Tudi traso smo morali tik pred zdajci prilagoditi, saj se ob enem od &#8216;brzincev&#8217; poro\u010di ve\u010dji lokalni kmet, tudi sicer je vse te\u017eje priti do dovoljenj za zaporo cest,\u00ab je strnil vtise pred \u0161tartom direktor dirke Daniel\u00a0&#8230;<\/p>\n","protected":false},"author":1,"featured_media":0,"comment_status":"closed","ping_status":"closed","sticky":false,"template":"","format":"standard","meta":{"footnotes":""},"categories":[1179],"tags":[],"source":[4511],"supertag":[],"acf":[],"yoast_head":"<!-- This site is optimized with the Yoast SEO plugin v21.3 - https:\/\/yoast.com\/wordpress\/plugins\/seo\/ -->\n<title>Traso relija prilagajali zaradi poroke lokalnega kmeta - Hudo Slovenija<\/title>\n<meta name=\"robots\" content=\"index, follow, max-snippet:-1, max-image-preview:large, max-video-preview:-1\" \/>\n<link rel=\"canonical\" href=\"https:\/\/hudo.com\/si\/aktualno\/traso-relija-prilagajali-zaradi-poroke-lokalnega-kmeta\/\" \/>\n<meta property=\"og:locale\" content=\"sl_SI\" \/>\n<meta property=\"og:type\" content=\"article\" \/>\n<meta property=\"og:title\" content=\"Traso relija prilagajali zaradi poroke lokalnega kmeta - Hudo Slovenija\" \/>\n<meta property=\"og:description\" content=\"Kategorija: Avtomoto Fri, 20 May 2016 07:34:00 +0200 Ljubljana - Slovenski reli vstopa v 25. sezono danes in jutri v Velenju in okolici, kjer se bo za visoka mesta na dirki, ki ne nosi ve\u010d imena slovitega Saturnusa, v ostri mednarodni konkurenci borilo 63 posadk, od tega zgolj 25 slovenskih. \u0160tart (danes ob 13.01) in cilj (jutri ob 14.46) bosta na Titovem trgu, vmes pa bodo lahko bencinski navdu\u0161enci u\u017eivali v enajstih hitrostnih preizku\u0161njah, tudi v atraktivnem in najla\u017eje dostopnem superspecialu, ki bo zape\u010datil dana\u0161nji del dirke. \u00bbS \u0161tevil\u010dno udele\u017ebo smo, roko na srce, zadovoljni le delno, manjka namre\u010d ve\u010d doma\u010dih posadk. Tudi traso smo morali tik pred zdajci prilagoditi, saj se ob enem od &#039;brzincev&#039; poro\u010di ve\u010dji lokalni kmet, tudi sicer je vse te\u017eje priti do dovoljenj za zaporo cest,\u00ab je strnil vtise pred \u0161tartom direktor dirke Daniel\u00a0...\" \/>\n<meta property=\"og:url\" content=\"https:\/\/hudo.com\/si\/aktualno\/traso-relija-prilagajali-zaradi-poroke-lokalnega-kmeta\/\" \/>\n<meta property=\"og:site_name\" content=\"Hudo Slovenija\" \/>\n<meta property=\"article:publisher\" content=\"https:\/\/www.facebook.com\/hudo.si\" \/>\n<meta property=\"article:published_time\" content=\"2016-05-20T03:34:00+00:00\" \/>\n<meta property=\"article:modified_time\" content=\"2016-05-20T23:16:29+00:00\" \/>\n<meta property=\"og:image\" content=\"https:\/\/hudo.com\/si\/wp-content\/uploads\/sites\/2\/2016\/05\/480x290_Delo_Foto-20160520073306-24285200.jpeg\" \/>\n\t<meta property=\"og:image:width\" content=\"480\" \/>\n\t<meta property=\"og:image:height\" content=\"290\" \/>\n\t<meta property=\"og:image:type\" content=\"image\/jpeg\" \/>\n<meta name=\"author\" content=\"hudo\" \/>\n<meta name=\"twitter:card\" content=\"summary_large_image\" \/>\n<meta name=\"twitter:creator\" content=\"@hudo_si\" \/>\n<meta name=\"twitter:site\" content=\"@hudo_si\" \/>\n<meta name=\"twitter:label1\" content=\"Written by\" \/>\n\t<meta name=\"twitter:data1\" content=\"hudo\" \/>\n\t<meta name=\"twitter:label2\" content=\"Est. reading time\" \/>\n\t<meta name=\"twitter:data2\" content=\"1 minuta\" \/>\n<script type=\"application\/ld+json\" class=\"yoast-schema-graph\">{\"@context\":\"https:\/\/schema.org\",\"@graph\":[{\"@type\":\"Article\",\"@id\":\"https:\/\/hudo.com\/si\/aktualno\/traso-relija-prilagajali-zaradi-poroke-lokalnega-kmeta\/#article\",\"isPartOf\":{\"@id\":\"https:\/\/hudo.com\/si\/aktualno\/traso-relija-prilagajali-zaradi-poroke-lokalnega-kmeta\/\"},\"author\":{\"name\":\"hudo\",\"@id\":\"https:\/\/hudo.com\/si\/#\/schema\/person\/601cf3379633985b20f7e50f2bb47707\"},\"headline\":\"Traso relija prilagajali zaradi poroke lokalnega kmeta\",\"datePublished\":\"2016-05-20T03:34:00+00:00\",\"dateModified\":\"2016-05-20T23:16:29+00:00\",\"mainEntityOfPage\":{\"@id\":\"https:\/\/hudo.com\/si\/aktualno\/traso-relija-prilagajali-zaradi-poroke-lokalnega-kmeta\/\"},\"wordCount\":149,\"publisher\":{\"@id\":\"https:\/\/hudo.com\/si\/#organization\"},\"articleSection\":[\"Aktualno\"],\"inLanguage\":\"sl-SI\"},{\"@type\":\"WebPage\",\"@id\":\"https:\/\/hudo.com\/si\/aktualno\/traso-relija-prilagajali-zaradi-poroke-lokalnega-kmeta\/\",\"url\":\"https:\/\/hudo.com\/si\/aktualno\/traso-relija-prilagajali-zaradi-poroke-lokalnega-kmeta\/\",\"name\":\"Traso relija prilagajali zaradi poroke lokalnega kmeta - Hudo Slovenija\",\"isPartOf\":{\"@id\":\"https:\/\/hudo.com\/si\/#website\"},\"datePublished\":\"2016-05-20T03:34:00+00:00\",\"dateModified\":\"2016-05-20T23:16:29+00:00\",\"breadcrumb\":{\"@id\":\"https:\/\/hudo.com\/si\/aktualno\/traso-relija-prilagajali-zaradi-poroke-lokalnega-kmeta\/#breadcrumb\"},\"inLanguage\":\"sl-SI\",\"potentialAction\":[{\"@type\":\"ReadAction\",\"target\":[\"https:\/\/hudo.com\/si\/aktualno\/traso-relija-prilagajali-zaradi-poroke-lokalnega-kmeta\/\"]}]},{\"@type\":\"BreadcrumbList\",\"@id\":\"https:\/\/hudo.com\/si\/aktualno\/traso-relija-prilagajali-zaradi-poroke-lokalnega-kmeta\/#breadcrumb\",\"itemListElement\":[{\"@type\":\"ListItem\",\"position\":1,\"name\":\"Home\",\"item\":\"https:\/\/hudo.com\/si\/\"},{\"@type\":\"ListItem\",\"position\":2,\"name\":\"Traso relija prilagajali zaradi poroke lokalnega kmeta\"}]},{\"@type\":\"WebSite\",\"@id\":\"https:\/\/hudo.com\/si\/#website\",\"url\":\"https:\/\/hudo.com\/si\/\",\"name\":\"Hudo Slovenija\",\"description\":\"Vse novice iz Slovenije in sveta\",\"publisher\":{\"@id\":\"https:\/\/hudo.com\/si\/#organization\"},\"potentialAction\":[{\"@type\":\"SearchAction\",\"target\":{\"@type\":\"EntryPoint\",\"urlTemplate\":\"https:\/\/hudo.com\/si\/?s={search_term_string}\"},\"query-input\":\"required name=search_term_string\"}],\"inLanguage\":\"sl-SI\"},{\"@type\":\"Organization\",\"@id\":\"https:\/\/hudo.com\/si\/#organization\",\"name\":\"VSN Media\",\"url\":\"https:\/\/hudo.com\/si\/\",\"logo\":{\"@type\":\"ImageObject\",\"inLanguage\":\"sl-SI\",\"@id\":\"https:\/\/hudo.com\/si\/#\/schema\/logo\/image\/\",\"url\":\"https:\/\/hudo.com\/si\/wp-content\/uploads\/sites\/2\/2021\/03\/hudo-app-2.png\",\"contentUrl\":\"https:\/\/hudo.com\/si\/wp-content\/uploads\/sites\/2\/2021\/03\/hudo-app-2.png\",\"width\":2185,\"height\":2167,\"caption\":\"VSN Media\"},\"image\":{\"@id\":\"https:\/\/hudo.com\/si\/#\/schema\/logo\/image\/\"},\"sameAs\":[\"https:\/\/www.facebook.com\/hudo.si\",\"https:\/\/twitter.com\/hudo_si\"]},{\"@type\":\"Person\",\"@id\":\"https:\/\/hudo.com\/si\/#\/schema\/person\/601cf3379633985b20f7e50f2bb47707\",\"name\":\"hudo\",\"image\":{\"@type\":\"ImageObject\",\"inLanguage\":\"sl-SI\",\"@id\":\"https:\/\/hudo.com\/si\/#\/schema\/person\/image\/\",\"url\":\"https:\/\/secure.gravatar.com\/avatar\/c4ca25fa72cace7a696b52ff5db9e095?s=96&d=mm&r=g\",\"contentUrl\":\"https:\/\/secure.gravatar.com\/avatar\/c4ca25fa72cace7a696b52ff5db9e095?s=96&d=mm&r=g\",\"caption\":\"hudo\"},\"url\":\"https:\/\/hudo.com\/si\/author\/hudo\/\"}]}<\/script>\n<!-- \/ Yoast SEO plugin. -->","yoast_head_json":{"title":"Traso relija prilagajali zaradi poroke lokalnega kmeta - Hudo Slovenija","robots":{"index":"index","follow":"follow","max-snippet":"max-snippet:-1","max-image-preview":"max-image-preview:large","max-video-preview":"max-video-preview:-1"},"canonical":"https:\/\/hudo.com\/si\/aktualno\/traso-relija-prilagajali-zaradi-poroke-lokalnega-kmeta\/","og_locale":"sl_SI","og_type":"article","og_title":"Traso relija prilagajali zaradi poroke lokalnega kmeta - Hudo Slovenija","og_description":"Kategorija: Avtomoto Fri, 20 May 2016 07:34:00 +0200 Ljubljana - Slovenski reli vstopa v 25. sezono danes in jutri v Velenju in okolici, kjer se bo za visoka mesta na dirki, ki ne nosi ve\u010d imena slovitega Saturnusa, v ostri mednarodni konkurenci borilo 63 posadk, od tega zgolj 25 slovenskih. \u0160tart (danes ob 13.01) in cilj (jutri ob 14.46) bosta na Titovem trgu, vmes pa bodo lahko bencinski navdu\u0161enci u\u017eivali v enajstih hitrostnih preizku\u0161njah, tudi v atraktivnem in najla\u017eje dostopnem superspecialu, ki bo zape\u010datil dana\u0161nji del dirke. \u00bbS \u0161tevil\u010dno udele\u017ebo smo, roko na srce, zadovoljni le delno, manjka namre\u010d ve\u010d doma\u010dih posadk. Tudi traso smo morali tik pred zdajci prilagoditi, saj se ob enem od 'brzincev' poro\u010di ve\u010dji lokalni kmet, tudi sicer je vse te\u017eje priti do dovoljenj za zaporo cest,\u00ab je strnil vtise pred \u0161tartom direktor dirke Daniel\u00a0...","og_url":"https:\/\/hudo.com\/si\/aktualno\/traso-relija-prilagajali-zaradi-poroke-lokalnega-kmeta\/","og_site_name":"Hudo Slovenija","article_publisher":"https:\/\/www.facebook.com\/hudo.si","article_published_time":"2016-05-20T03:34:00+00:00","article_modified_time":"2016-05-20T23:16:29+00:00","og_image":[{"width":480,"height":290,"url":"https:\/\/hudo.com\/si\/wp-content\/uploads\/sites\/2\/2016\/05\/480x290_Delo_Foto-20160520073306-24285200.jpeg","type":"image\/jpeg"}],"author":"hudo","twitter_card":"summary_large_image","twitter_creator":"@hudo_si","twitter_site":"@hudo_si","twitter_misc":{"Written by":"hudo","Est. reading time":"1 minuta"},"schema":{"@context":"https:\/\/schema.org","@graph":[{"@type":"Article","@id":"https:\/\/hudo.com\/si\/aktualno\/traso-relija-prilagajali-zaradi-poroke-lokalnega-kmeta\/#article","isPartOf":{"@id":"https:\/\/hudo.com\/si\/aktualno\/traso-relija-prilagajali-zaradi-poroke-lokalnega-kmeta\/"},"author":{"name":"hudo","@id":"https:\/\/hudo.com\/si\/#\/schema\/person\/601cf3379633985b20f7e50f2bb47707"},"headline":"Traso relija prilagajali zaradi poroke lokalnega kmeta","datePublished":"2016-05-20T03:34:00+00:00","dateModified":"2016-05-20T23:16:29+00:00","mainEntityOfPage":{"@id":"https:\/\/hudo.com\/si\/aktualno\/traso-relija-prilagajali-zaradi-poroke-lokalnega-kmeta\/"},"wordCount":149,"publisher":{"@id":"https:\/\/hudo.com\/si\/#organization"},"articleSection":["Aktualno"],"inLanguage":"sl-SI"},{"@type":"WebPage","@id":"https:\/\/hudo.com\/si\/aktualno\/traso-relija-prilagajali-zaradi-poroke-lokalnega-kmeta\/","url":"https:\/\/hudo.com\/si\/aktualno\/traso-relija-prilagajali-zaradi-poroke-lokalnega-kmeta\/","name":"Traso relija prilagajali zaradi poroke lokalnega kmeta - Hudo Slovenija","isPartOf":{"@id":"https:\/\/hudo.com\/si\/#website"},"datePublished":"2016-05-20T03:34:00+00:00","dateModified":"2016-05-20T23:16:29+00:00","breadcrumb":{"@id":"https:\/\/hudo.com\/si\/aktualno\/traso-relija-prilagajali-zaradi-poroke-lokalnega-kmeta\/#breadcrumb"},"inLanguage":"sl-SI","potentialAction":[{"@type":"ReadAction","target":["https:\/\/hudo.com\/si\/aktualno\/traso-relija-prilagajali-zaradi-poroke-lokalnega-kmeta\/"]}]},{"@type":"BreadcrumbList","@id":"https:\/\/hudo.com\/si\/aktualno\/traso-relija-prilagajali-zaradi-poroke-lokalnega-kmeta\/#breadcrumb","itemListElement":[{"@type":"ListItem","position":1,"name":"Home","item":"https:\/\/hudo.com\/si\/"},{"@type":"ListItem","position":2,"name":"Traso relija prilagajali zaradi poroke lokalnega kmeta"}]},{"@type":"WebSite","@id":"https:\/\/hudo.com\/si\/#website","url":"https:\/\/hudo.com\/si\/","name":"Hudo Slovenija","description":"Vse novice iz Slovenije in sveta","publisher":{"@id":"https:\/\/hudo.com\/si\/#organization"},"potentialAction":[{"@type":"SearchAction","target":{"@type":"EntryPoint","urlTemplate":"https:\/\/hudo.com\/si\/?s={search_term_string}"},"query-input":"required name=search_term_string"}],"inLanguage":"sl-SI"},{"@type":"Organization","@id":"https:\/\/hudo.com\/si\/#organization","name":"VSN Media","url":"https:\/\/hudo.com\/si\/","logo":{"@type":"ImageObject","inLanguage":"sl-SI","@id":"https:\/\/hudo.com\/si\/#\/schema\/logo\/image\/","url":"https:\/\/hudo.com\/si\/wp-content\/uploads\/sites\/2\/2021\/03\/hudo-app-2.png","contentUrl":"https:\/\/hudo.com\/si\/wp-content\/uploads\/sites\/2\/2021\/03\/hudo-app-2.png","width":2185,"height":2167,"caption":"VSN Media"},"image":{"@id":"https:\/\/hudo.com\/si\/#\/schema\/logo\/image\/"},"sameAs":["https:\/\/www.facebook.com\/hudo.si","https:\/\/twitter.com\/hudo_si"]},{"@type":"Person","@id":"https:\/\/hudo.com\/si\/#\/schema\/person\/601cf3379633985b20f7e50f2bb47707","name":"hudo","image":{"@type":"ImageObject","inLanguage":"sl-SI","@id":"https:\/\/hudo.com\/si\/#\/schema\/person\/image\/","url":"https:\/\/secure.gravatar.com\/avatar\/c4ca25fa72cace7a696b52ff5db9e095?s=96&d=mm&r=g","contentUrl":"https:\/\/secure.gravatar.com\/avatar\/c4ca25fa72cace7a696b52ff5db9e095?s=96&d=mm&r=g","caption":"hudo"},"url":"https:\/\/hudo.com\/si\/author\/hudo\/"}]}},"amp_enabled":true,"_links":{"self":[{"href":"https:\/\/hudo.com\/si\/wp-json\/wp\/v2\/posts\/57170"}],"collection":[{"href":"https:\/\/hudo.com\/si\/wp-json\/wp\/v2\/posts"}],"about":[{"href":"https:\/\/hudo.com\/si\/wp-json\/wp\/v2\/types\/post"}],"author":[{"embeddable":true,"href":"https:\/\/hudo.com\/si\/wp-json\/wp\/v2\/users\/1"}],"replies":[{"embeddable":true,"href":"https:\/\/hudo.com\/si\/wp-json\/wp\/v2\/comments?post=57170"}],"version-history":[{"count":1,"href":"https:\/\/hudo.com\/si\/wp-json\/wp\/v2\/posts\/57170\/revisions"}],"predecessor-version":[{"id":57337,"href":"https:\/\/hudo.com\/si\/wp-json\/wp\/v2\/posts\/57170\/revisions\/57337"}],"wp:attachment":[{"href":"https:\/\/hudo.com\/si\/wp-json\/wp\/v2\/media?parent=57170"}],"wp:term":[{"taxonomy":"category","embeddable":true,"href":"https:\/\/hudo.com\/si\/wp-json\/wp\/v2\/categories?post=57170"},{"taxonomy":"post_tag","embeddable":true,"href":"https:\/\/hudo.com\/si\/wp-json\/wp\/v2\/tags?post=57170"},{"taxonomy":"source","embeddable":true,"href":"https:\/\/hudo.com\/si\/wp-json\/wp\/v2\/source?post=57170"},{"taxonomy":"supertag","embeddable":true,"href":"https:\/\/hudo.com\/si\/wp-json\/wp\/v2\/supertag?post=57170"}],"curies":[{"name":"wp","href":"https:\/\/api.w.org\/{rel}","templated":true}]}}