{"id":57255,"date":"2016-05-20T10:00:00","date_gmt":"2016-05-20T08:00:00","guid":{"rendered":"http:\/\/hudo.com\/si\/2016\/05\/20\/konec-izjemnega-niza-brez-federerja\/"},"modified":"2016-05-20T10:00:00","modified_gmt":"2016-05-20T08:00:00","slug":"konec-izjemnega-niza-brez-federerja","status":"publish","type":"post","link":"https:\/\/hudo.com\/si\/aktualno\/konec-izjemnega-niza-brez-federerja\/","title":{"rendered":"Konec izjemnega niza: brez Federerja"},"content":{"rendered":"<p>Kategorija: Tenis Fri, 20 May 2016 12:00:00 +0200  Pariz \u2013 V pri\u010dakovanju odgovora, ali bo Rafael Nadal v Roland Garrosu osvojil deseti naslov, kar bi bil absolutni rekord, ali bo Novak \u0110okovi\u0107 kot osmi igralec zaokro\u017eil karierni veliki slam, je OP Francije 2016 postalo \u00bbzgodovinsko\u00ab \u017ee pred za\u010detkom. Nastop je namre\u010d odpovedal Roger Federer, ki nazadnje v glavnem \u017erebu teni\u0161kega turnirja za veliki slam ni igral na OP ZDA 1999.Odpoved ni pri\u0161la kot presene\u010denje, \u0161vicarski mediji so se v zadnjih dneh razpisali, da je v bistvu le vpra\u0161anje \u010dasa, kdaj bo Federer sporo\u010dil svojo odlo\u010ditev. Ko se je v sredo pojavil na treningu v Parizu, je za marsikoga to pomenilo \u017earek upanja, a \u0160vicar se je le prepri\u010dal, da ni nared, potem ko ima te\u017eave vse od polfinalnega poraza proti \u0110okovi\u0107u na OP Avstralije. Po\u0161kodba kolena (in prva\u00a0&#8230;<\/p>\n","protected":false},"excerpt":{"rendered":"<p>Kategorija: Tenis Fri, 20 May 2016 12:00:00 +0200  Pariz \u2013 V pri\u010dakovanju odgovora, ali bo Rafael Nadal v Roland Garrosu osvojil deseti naslov, kar bi bil absolutni rekord, ali bo Novak \u0110okovi\u0107 kot osmi igralec zaokro\u017eil karierni veliki slam, je OP Francije 2016 postalo \u00bbzgodovinsko\u00ab \u017ee pred za\u010detkom. Nastop je namre\u010d odpovedal Roger Federer, ki nazadnje v glavnem \u017erebu teni\u0161kega turnirja za veliki slam ni igral na OP ZDA 1999.Odpoved ni pri\u0161la kot presene\u010denje, \u0161vicarski mediji so se v zadnjih dneh razpisali, da je v bistvu le vpra\u0161anje \u010dasa, kdaj bo Federer sporo\u010dil svojo odlo\u010ditev. Ko se je v sredo pojavil na treningu v Parizu, je za marsikoga to pomenilo \u017earek upanja, a \u0160vicar se je le prepri\u010dal, da ni nared, potem ko ima te\u017eave vse od polfinalnega poraza proti \u0110okovi\u0107u na OP Avstralije. Po\u0161kodba kolena (in prva\u00a0&#8230;<\/p>\n","protected":false},"author":1,"featured_media":0,"comment_status":"closed","ping_status":"closed","sticky":false,"template":"","format":"standard","meta":{"footnotes":""},"categories":[1179],"tags":[],"source":[4511],"supertag":[],"acf":[],"yoast_head":"<!-- This site is optimized with the Yoast SEO plugin v21.3 - https:\/\/yoast.com\/wordpress\/plugins\/seo\/ -->\n<title>Konec izjemnega niza: brez Federerja - Hudo Slovenija<\/title>\n<meta name=\"robots\" content=\"index, follow, max-snippet:-1, max-image-preview:large, max-video-preview:-1\" \/>\n<link rel=\"canonical\" href=\"https:\/\/hudo.com\/si\/aktualno\/konec-izjemnega-niza-brez-federerja\/\" \/>\n<meta property=\"og:locale\" content=\"sl_SI\" \/>\n<meta property=\"og:type\" content=\"article\" \/>\n<meta property=\"og:title\" content=\"Konec izjemnega niza: brez Federerja - Hudo Slovenija\" \/>\n<meta property=\"og:description\" content=\"Kategorija: Tenis Fri, 20 May 2016 12:00:00 +0200 Pariz \u2013 V pri\u010dakovanju odgovora, ali bo Rafael Nadal v Roland Garrosu osvojil deseti naslov, kar bi bil absolutni rekord, ali bo Novak \u0110okovi\u0107 kot osmi igralec zaokro\u017eil karierni veliki slam, je OP Francije 2016 postalo \u00bbzgodovinsko\u00ab \u017ee pred za\u010detkom. Nastop je namre\u010d odpovedal Roger Federer, ki nazadnje v glavnem \u017erebu teni\u0161kega turnirja za veliki slam ni igral na OP ZDA 1999.Odpoved ni pri\u0161la kot presene\u010denje, \u0161vicarski mediji so se v zadnjih dneh razpisali, da je v bistvu le vpra\u0161anje \u010dasa, kdaj bo Federer sporo\u010dil svojo odlo\u010ditev. Ko se je v sredo pojavil na treningu v Parizu, je za marsikoga to pomenilo \u017earek upanja, a \u0160vicar se je le prepri\u010dal, da ni nared, potem ko ima te\u017eave vse od polfinalnega poraza proti \u0110okovi\u0107u na OP Avstralije. Po\u0161kodba kolena (in prva\u00a0...\" \/>\n<meta property=\"og:url\" content=\"https:\/\/hudo.com\/si\/aktualno\/konec-izjemnega-niza-brez-federerja\/\" \/>\n<meta property=\"og:site_name\" content=\"Hudo Slovenija\" \/>\n<meta property=\"article:publisher\" content=\"https:\/\/www.facebook.com\/hudo.si\" \/>\n<meta property=\"article:published_time\" content=\"2016-05-20T08:00:00+00:00\" \/>\n<meta property=\"og:image\" content=\"https:\/\/hudo.com\/si\/wp-content\/uploads\/sites\/2\/2016\/05\/480x290_Sport__djvu_1959026_edo_afp_hires0.jpeg\" \/>\n\t<meta property=\"og:image:width\" content=\"480\" \/>\n\t<meta property=\"og:image:height\" content=\"290\" \/>\n\t<meta property=\"og:image:type\" content=\"image\/jpeg\" \/>\n<meta name=\"author\" content=\"hudo\" \/>\n<meta name=\"twitter:card\" content=\"summary_large_image\" \/>\n<meta name=\"twitter:creator\" content=\"@hudo_si\" \/>\n<meta name=\"twitter:site\" content=\"@hudo_si\" \/>\n<meta name=\"twitter:label1\" content=\"Written by\" \/>\n\t<meta name=\"twitter:data1\" content=\"hudo\" \/>\n\t<meta name=\"twitter:label2\" content=\"Est. reading time\" \/>\n\t<meta name=\"twitter:data2\" content=\"1 minuta\" \/>\n<script type=\"application\/ld+json\" class=\"yoast-schema-graph\">{\"@context\":\"https:\/\/schema.org\",\"@graph\":[{\"@type\":\"Article\",\"@id\":\"https:\/\/hudo.com\/si\/aktualno\/konec-izjemnega-niza-brez-federerja\/#article\",\"isPartOf\":{\"@id\":\"https:\/\/hudo.com\/si\/aktualno\/konec-izjemnega-niza-brez-federerja\/\"},\"author\":{\"name\":\"hudo\",\"@id\":\"https:\/\/hudo.com\/si\/#\/schema\/person\/601cf3379633985b20f7e50f2bb47707\"},\"headline\":\"Konec izjemnega niza: brez Federerja\",\"datePublished\":\"2016-05-20T08:00:00+00:00\",\"dateModified\":\"2016-05-20T08:00:00+00:00\",\"mainEntityOfPage\":{\"@id\":\"https:\/\/hudo.com\/si\/aktualno\/konec-izjemnega-niza-brez-federerja\/\"},\"wordCount\":150,\"publisher\":{\"@id\":\"https:\/\/hudo.com\/si\/#organization\"},\"articleSection\":[\"Aktualno\"],\"inLanguage\":\"sl-SI\"},{\"@type\":\"WebPage\",\"@id\":\"https:\/\/hudo.com\/si\/aktualno\/konec-izjemnega-niza-brez-federerja\/\",\"url\":\"https:\/\/hudo.com\/si\/aktualno\/konec-izjemnega-niza-brez-federerja\/\",\"name\":\"Konec izjemnega niza: brez Federerja - Hudo Slovenija\",\"isPartOf\":{\"@id\":\"https:\/\/hudo.com\/si\/#website\"},\"datePublished\":\"2016-05-20T08:00:00+00:00\",\"dateModified\":\"2016-05-20T08:00:00+00:00\",\"breadcrumb\":{\"@id\":\"https:\/\/hudo.com\/si\/aktualno\/konec-izjemnega-niza-brez-federerja\/#breadcrumb\"},\"inLanguage\":\"sl-SI\",\"potentialAction\":[{\"@type\":\"ReadAction\",\"target\":[\"https:\/\/hudo.com\/si\/aktualno\/konec-izjemnega-niza-brez-federerja\/\"]}]},{\"@type\":\"BreadcrumbList\",\"@id\":\"https:\/\/hudo.com\/si\/aktualno\/konec-izjemnega-niza-brez-federerja\/#breadcrumb\",\"itemListElement\":[{\"@type\":\"ListItem\",\"position\":1,\"name\":\"Home\",\"item\":\"https:\/\/hudo.com\/si\/\"},{\"@type\":\"ListItem\",\"position\":2,\"name\":\"Konec izjemnega niza: brez Federerja\"}]},{\"@type\":\"WebSite\",\"@id\":\"https:\/\/hudo.com\/si\/#website\",\"url\":\"https:\/\/hudo.com\/si\/\",\"name\":\"Hudo Slovenija\",\"description\":\"Vse novice iz Slovenije in sveta\",\"publisher\":{\"@id\":\"https:\/\/hudo.com\/si\/#organization\"},\"potentialAction\":[{\"@type\":\"SearchAction\",\"target\":{\"@type\":\"EntryPoint\",\"urlTemplate\":\"https:\/\/hudo.com\/si\/?s={search_term_string}\"},\"query-input\":\"required name=search_term_string\"}],\"inLanguage\":\"sl-SI\"},{\"@type\":\"Organization\",\"@id\":\"https:\/\/hudo.com\/si\/#organization\",\"name\":\"VSN Media\",\"url\":\"https:\/\/hudo.com\/si\/\",\"logo\":{\"@type\":\"ImageObject\",\"inLanguage\":\"sl-SI\",\"@id\":\"https:\/\/hudo.com\/si\/#\/schema\/logo\/image\/\",\"url\":\"https:\/\/hudo.com\/si\/wp-content\/uploads\/sites\/2\/2021\/03\/hudo-app-2.png\",\"contentUrl\":\"https:\/\/hudo.com\/si\/wp-content\/uploads\/sites\/2\/2021\/03\/hudo-app-2.png\",\"width\":2185,\"height\":2167,\"caption\":\"VSN Media\"},\"image\":{\"@id\":\"https:\/\/hudo.com\/si\/#\/schema\/logo\/image\/\"},\"sameAs\":[\"https:\/\/www.facebook.com\/hudo.si\",\"https:\/\/twitter.com\/hudo_si\"]},{\"@type\":\"Person\",\"@id\":\"https:\/\/hudo.com\/si\/#\/schema\/person\/601cf3379633985b20f7e50f2bb47707\",\"name\":\"hudo\",\"image\":{\"@type\":\"ImageObject\",\"inLanguage\":\"sl-SI\",\"@id\":\"https:\/\/hudo.com\/si\/#\/schema\/person\/image\/\",\"url\":\"https:\/\/secure.gravatar.com\/avatar\/c4ca25fa72cace7a696b52ff5db9e095?s=96&d=mm&r=g\",\"contentUrl\":\"https:\/\/secure.gravatar.com\/avatar\/c4ca25fa72cace7a696b52ff5db9e095?s=96&d=mm&r=g\",\"caption\":\"hudo\"},\"url\":\"https:\/\/hudo.com\/si\/author\/hudo\/\"}]}<\/script>\n<!-- \/ Yoast SEO plugin. -->","yoast_head_json":{"title":"Konec izjemnega niza: brez Federerja - Hudo Slovenija","robots":{"index":"index","follow":"follow","max-snippet":"max-snippet:-1","max-image-preview":"max-image-preview:large","max-video-preview":"max-video-preview:-1"},"canonical":"https:\/\/hudo.com\/si\/aktualno\/konec-izjemnega-niza-brez-federerja\/","og_locale":"sl_SI","og_type":"article","og_title":"Konec izjemnega niza: brez Federerja - Hudo Slovenija","og_description":"Kategorija: Tenis Fri, 20 May 2016 12:00:00 +0200 Pariz \u2013 V pri\u010dakovanju odgovora, ali bo Rafael Nadal v Roland Garrosu osvojil deseti naslov, kar bi bil absolutni rekord, ali bo Novak \u0110okovi\u0107 kot osmi igralec zaokro\u017eil karierni veliki slam, je OP Francije 2016 postalo \u00bbzgodovinsko\u00ab \u017ee pred za\u010detkom. Nastop je namre\u010d odpovedal Roger Federer, ki nazadnje v glavnem \u017erebu teni\u0161kega turnirja za veliki slam ni igral na OP ZDA 1999.Odpoved ni pri\u0161la kot presene\u010denje, \u0161vicarski mediji so se v zadnjih dneh razpisali, da je v bistvu le vpra\u0161anje \u010dasa, kdaj bo Federer sporo\u010dil svojo odlo\u010ditev. Ko se je v sredo pojavil na treningu v Parizu, je za marsikoga to pomenilo \u017earek upanja, a \u0160vicar se je le prepri\u010dal, da ni nared, potem ko ima te\u017eave vse od polfinalnega poraza proti \u0110okovi\u0107u na OP Avstralije. Po\u0161kodba kolena (in prva\u00a0...","og_url":"https:\/\/hudo.com\/si\/aktualno\/konec-izjemnega-niza-brez-federerja\/","og_site_name":"Hudo Slovenija","article_publisher":"https:\/\/www.facebook.com\/hudo.si","article_published_time":"2016-05-20T08:00:00+00:00","og_image":[{"width":480,"height":290,"url":"https:\/\/hudo.com\/si\/wp-content\/uploads\/sites\/2\/2016\/05\/480x290_Sport__djvu_1959026_edo_afp_hires0.jpeg","type":"image\/jpeg"}],"author":"hudo","twitter_card":"summary_large_image","twitter_creator":"@hudo_si","twitter_site":"@hudo_si","twitter_misc":{"Written by":"hudo","Est. reading time":"1 minuta"},"schema":{"@context":"https:\/\/schema.org","@graph":[{"@type":"Article","@id":"https:\/\/hudo.com\/si\/aktualno\/konec-izjemnega-niza-brez-federerja\/#article","isPartOf":{"@id":"https:\/\/hudo.com\/si\/aktualno\/konec-izjemnega-niza-brez-federerja\/"},"author":{"name":"hudo","@id":"https:\/\/hudo.com\/si\/#\/schema\/person\/601cf3379633985b20f7e50f2bb47707"},"headline":"Konec izjemnega niza: brez Federerja","datePublished":"2016-05-20T08:00:00+00:00","dateModified":"2016-05-20T08:00:00+00:00","mainEntityOfPage":{"@id":"https:\/\/hudo.com\/si\/aktualno\/konec-izjemnega-niza-brez-federerja\/"},"wordCount":150,"publisher":{"@id":"https:\/\/hudo.com\/si\/#organization"},"articleSection":["Aktualno"],"inLanguage":"sl-SI"},{"@type":"WebPage","@id":"https:\/\/hudo.com\/si\/aktualno\/konec-izjemnega-niza-brez-federerja\/","url":"https:\/\/hudo.com\/si\/aktualno\/konec-izjemnega-niza-brez-federerja\/","name":"Konec izjemnega niza: brez Federerja - Hudo Slovenija","isPartOf":{"@id":"https:\/\/hudo.com\/si\/#website"},"datePublished":"2016-05-20T08:00:00+00:00","dateModified":"2016-05-20T08:00:00+00:00","breadcrumb":{"@id":"https:\/\/hudo.com\/si\/aktualno\/konec-izjemnega-niza-brez-federerja\/#breadcrumb"},"inLanguage":"sl-SI","potentialAction":[{"@type":"ReadAction","target":["https:\/\/hudo.com\/si\/aktualno\/konec-izjemnega-niza-brez-federerja\/"]}]},{"@type":"BreadcrumbList","@id":"https:\/\/hudo.com\/si\/aktualno\/konec-izjemnega-niza-brez-federerja\/#breadcrumb","itemListElement":[{"@type":"ListItem","position":1,"name":"Home","item":"https:\/\/hudo.com\/si\/"},{"@type":"ListItem","position":2,"name":"Konec izjemnega niza: brez Federerja"}]},{"@type":"WebSite","@id":"https:\/\/hudo.com\/si\/#website","url":"https:\/\/hudo.com\/si\/","name":"Hudo Slovenija","description":"Vse novice iz Slovenije in sveta","publisher":{"@id":"https:\/\/hudo.com\/si\/#organization"},"potentialAction":[{"@type":"SearchAction","target":{"@type":"EntryPoint","urlTemplate":"https:\/\/hudo.com\/si\/?s={search_term_string}"},"query-input":"required name=search_term_string"}],"inLanguage":"sl-SI"},{"@type":"Organization","@id":"https:\/\/hudo.com\/si\/#organization","name":"VSN Media","url":"https:\/\/hudo.com\/si\/","logo":{"@type":"ImageObject","inLanguage":"sl-SI","@id":"https:\/\/hudo.com\/si\/#\/schema\/logo\/image\/","url":"https:\/\/hudo.com\/si\/wp-content\/uploads\/sites\/2\/2021\/03\/hudo-app-2.png","contentUrl":"https:\/\/hudo.com\/si\/wp-content\/uploads\/sites\/2\/2021\/03\/hudo-app-2.png","width":2185,"height":2167,"caption":"VSN Media"},"image":{"@id":"https:\/\/hudo.com\/si\/#\/schema\/logo\/image\/"},"sameAs":["https:\/\/www.facebook.com\/hudo.si","https:\/\/twitter.com\/hudo_si"]},{"@type":"Person","@id":"https:\/\/hudo.com\/si\/#\/schema\/person\/601cf3379633985b20f7e50f2bb47707","name":"hudo","image":{"@type":"ImageObject","inLanguage":"sl-SI","@id":"https:\/\/hudo.com\/si\/#\/schema\/person\/image\/","url":"https:\/\/secure.gravatar.com\/avatar\/c4ca25fa72cace7a696b52ff5db9e095?s=96&d=mm&r=g","contentUrl":"https:\/\/secure.gravatar.com\/avatar\/c4ca25fa72cace7a696b52ff5db9e095?s=96&d=mm&r=g","caption":"hudo"},"url":"https:\/\/hudo.com\/si\/author\/hudo\/"}]}},"amp_enabled":true,"_links":{"self":[{"href":"https:\/\/hudo.com\/si\/wp-json\/wp\/v2\/posts\/57255"}],"collection":[{"href":"https:\/\/hudo.com\/si\/wp-json\/wp\/v2\/posts"}],"about":[{"href":"https:\/\/hudo.com\/si\/wp-json\/wp\/v2\/types\/post"}],"author":[{"embeddable":true,"href":"https:\/\/hudo.com\/si\/wp-json\/wp\/v2\/users\/1"}],"replies":[{"embeddable":true,"href":"https:\/\/hudo.com\/si\/wp-json\/wp\/v2\/comments?post=57255"}],"version-history":[{"count":0,"href":"https:\/\/hudo.com\/si\/wp-json\/wp\/v2\/posts\/57255\/revisions"}],"wp:attachment":[{"href":"https:\/\/hudo.com\/si\/wp-json\/wp\/v2\/media?parent=57255"}],"wp:term":[{"taxonomy":"category","embeddable":true,"href":"https:\/\/hudo.com\/si\/wp-json\/wp\/v2\/categories?post=57255"},{"taxonomy":"post_tag","embeddable":true,"href":"https:\/\/hudo.com\/si\/wp-json\/wp\/v2\/tags?post=57255"},{"taxonomy":"source","embeddable":true,"href":"https:\/\/hudo.com\/si\/wp-json\/wp\/v2\/source?post=57255"},{"taxonomy":"supertag","embeddable":true,"href":"https:\/\/hudo.com\/si\/wp-json\/wp\/v2\/supertag?post=57255"}],"curies":[{"name":"wp","href":"https:\/\/api.w.org\/{rel}","templated":true}]}}