{"id":57259,"date":"2016-05-20T09:30:00","date_gmt":"2016-05-20T07:30:00","guid":{"rendered":"http:\/\/hudo.com\/si\/2016\/05\/20\/v-mackovcih-tudi-tim-gajser\/"},"modified":"2016-05-21T05:17:15","modified_gmt":"2016-05-21T03:17:15","slug":"v-mackovcih-tudi-tim-gajser","status":"publish","type":"post","link":"https:\/\/hudo.com\/si\/aktualno\/v-mackovcih-tudi-tim-gajser\/","title":{"rendered":"V Ma\u010dkovcih tudi Tim Gajser"},"content":{"rendered":"<p>Kategorija: Avtomoto Fri, 20 May 2016 11:30:00 +0200  Ma\u010dkovci &#8211; Slovenski ljubitelji motokrosa bodo imeli pred jesenjo le \u0161e ta konec tedno prilo\u017enost od blizu videti na delu najstni\u0161kega motokrosisti\u010dnega asa Tima Gajserja (honda), lanskega svetovnega prvaka v razredu MX2 in ta \u010das vodilnega v skupni razvrstitvi elitne kategorije MXGP. V nedeljo se namre\u010d s \u010detrto leto\u0161njo preizku\u0161njo nadaljuje sezona dr\u017eavnega prvenstva, tokrat jo bo &#8211; ob jubileju doma\u010dega AMD \u0160tefan Kova\u010d &#8211; gostilo dirkali\u0161\u010de v Ma\u010dkovcih v Prekmurju. Po njej bodo imeli slovenski motokrosisti (z izjemo tistih, ki nastopajo na mednarodnih dirkah) poletne po\u010ditnice, sezona pa se bo nadaljevala \u0161ele 21. avgusta v hrva\u0161kem Zaboku in 18. septembra v \u0160entvidu pri Sti\u010dni. Na progi v Ma\u010dkovcih, ki ima edinstveno podlago, saj je me\u0161anica mehke zemlje in peska, predvsem pa navdu\u0161uje s svojo konfiguracijo, saj lahko z enega mesta\u00a0&#8230;<\/p>\n","protected":false},"excerpt":{"rendered":"<p>Kategorija: Avtomoto Fri, 20 May 2016 11:30:00 +0200  Ma\u010dkovci &#8211; Slovenski ljubitelji motokrosa bodo imeli pred jesenjo le \u0161e ta konec tedno prilo\u017enost od blizu videti na delu najstni\u0161kega motokrosisti\u010dnega asa Tima Gajserja (honda), lanskega svetovnega prvaka v razredu MX2 in ta \u010das vodilnega v skupni razvrstitvi elitne kategorije MXGP. V nedeljo se namre\u010d s \u010detrto leto\u0161njo preizku\u0161njo nadaljuje sezona dr\u017eavnega prvenstva, tokrat jo bo &#8211; ob jubileju doma\u010dega AMD \u0160tefan Kova\u010d &#8211; gostilo dirkali\u0161\u010de v Ma\u010dkovcih v Prekmurju. Po njej bodo imeli slovenski motokrosisti (z izjemo tistih, ki nastopajo na mednarodnih dirkah) poletne po\u010ditnice, sezona pa se bo nadaljevala \u0161ele 21. avgusta v hrva\u0161kem Zaboku in 18. septembra v \u0160entvidu pri Sti\u010dni. Na progi v Ma\u010dkovcih, ki ima edinstveno podlago, saj je me\u0161anica mehke zemlje in peska, predvsem pa navdu\u0161uje s svojo konfiguracijo, saj lahko z enega mesta\u00a0&#8230;<\/p>\n","protected":false},"author":1,"featured_media":0,"comment_status":"closed","ping_status":"closed","sticky":false,"template":"","format":"standard","meta":{"footnotes":""},"categories":[1179],"tags":[],"source":[4511],"supertag":[],"acf":[],"yoast_head":"<!-- This site is optimized with the Yoast SEO plugin v21.3 - https:\/\/yoast.com\/wordpress\/plugins\/seo\/ -->\n<title>V Ma\u010dkovcih tudi Tim Gajser - Hudo Slovenija<\/title>\n<meta name=\"robots\" content=\"index, follow, max-snippet:-1, max-image-preview:large, max-video-preview:-1\" \/>\n<link rel=\"canonical\" href=\"https:\/\/hudo.com\/si\/aktualno\/v-mackovcih-tudi-tim-gajser\/\" \/>\n<meta property=\"og:locale\" content=\"sl_SI\" \/>\n<meta property=\"og:type\" content=\"article\" \/>\n<meta property=\"og:title\" content=\"V Ma\u010dkovcih tudi Tim Gajser - Hudo Slovenija\" \/>\n<meta property=\"og:description\" content=\"Kategorija: Avtomoto Fri, 20 May 2016 11:30:00 +0200 Ma\u010dkovci - Slovenski ljubitelji motokrosa bodo imeli pred jesenjo le \u0161e ta konec tedno prilo\u017enost od blizu videti na delu najstni\u0161kega motokrosisti\u010dnega asa Tima Gajserja (honda), lanskega svetovnega prvaka v razredu MX2 in ta \u010das vodilnega v skupni razvrstitvi elitne kategorije MXGP. V nedeljo se namre\u010d s \u010detrto leto\u0161njo preizku\u0161njo nadaljuje sezona dr\u017eavnega prvenstva, tokrat jo bo - ob jubileju doma\u010dega AMD \u0160tefan Kova\u010d - gostilo dirkali\u0161\u010de v Ma\u010dkovcih v Prekmurju. Po njej bodo imeli slovenski motokrosisti (z izjemo tistih, ki nastopajo na mednarodnih dirkah) poletne po\u010ditnice, sezona pa se bo nadaljevala \u0161ele 21. avgusta v hrva\u0161kem Zaboku in 18. septembra v \u0160entvidu pri Sti\u010dni. Na progi v Ma\u010dkovcih, ki ima edinstveno podlago, saj je me\u0161anica mehke zemlje in peska, predvsem pa navdu\u0161uje s svojo konfiguracijo, saj lahko z enega mesta\u00a0...\" \/>\n<meta property=\"og:url\" content=\"https:\/\/hudo.com\/si\/aktualno\/v-mackovcih-tudi-tim-gajser\/\" \/>\n<meta property=\"og:site_name\" content=\"Hudo Slovenija\" \/>\n<meta property=\"article:publisher\" content=\"https:\/\/www.facebook.com\/hudo.si\" \/>\n<meta property=\"article:published_time\" content=\"2016-05-20T07:30:00+00:00\" \/>\n<meta property=\"article:modified_time\" content=\"2016-05-21T03:17:15+00:00\" \/>\n<meta property=\"og:image\" content=\"https:\/\/hudo.com\/si\/wp-content\/uploads\/sites\/2\/2016\/05\/480x290_Delo_Foto-20160520113119-65265500.jpeg\" \/>\n\t<meta property=\"og:image:width\" content=\"480\" \/>\n\t<meta property=\"og:image:height\" content=\"290\" \/>\n\t<meta property=\"og:image:type\" content=\"image\/jpeg\" \/>\n<meta name=\"author\" content=\"hudo\" \/>\n<meta name=\"twitter:card\" content=\"summary_large_image\" \/>\n<meta name=\"twitter:creator\" content=\"@hudo_si\" \/>\n<meta name=\"twitter:site\" content=\"@hudo_si\" \/>\n<meta name=\"twitter:label1\" content=\"Written by\" \/>\n\t<meta name=\"twitter:data1\" content=\"hudo\" \/>\n\t<meta name=\"twitter:label2\" content=\"Est. reading time\" \/>\n\t<meta name=\"twitter:data2\" content=\"1 minuta\" \/>\n<script type=\"application\/ld+json\" class=\"yoast-schema-graph\">{\"@context\":\"https:\/\/schema.org\",\"@graph\":[{\"@type\":\"Article\",\"@id\":\"https:\/\/hudo.com\/si\/aktualno\/v-mackovcih-tudi-tim-gajser\/#article\",\"isPartOf\":{\"@id\":\"https:\/\/hudo.com\/si\/aktualno\/v-mackovcih-tudi-tim-gajser\/\"},\"author\":{\"name\":\"hudo\",\"@id\":\"https:\/\/hudo.com\/si\/#\/schema\/person\/601cf3379633985b20f7e50f2bb47707\"},\"headline\":\"V Ma\u010dkovcih tudi Tim Gajser\",\"datePublished\":\"2016-05-20T07:30:00+00:00\",\"dateModified\":\"2016-05-21T03:17:15+00:00\",\"mainEntityOfPage\":{\"@id\":\"https:\/\/hudo.com\/si\/aktualno\/v-mackovcih-tudi-tim-gajser\/\"},\"wordCount\":155,\"publisher\":{\"@id\":\"https:\/\/hudo.com\/si\/#organization\"},\"articleSection\":[\"Aktualno\"],\"inLanguage\":\"sl-SI\"},{\"@type\":\"WebPage\",\"@id\":\"https:\/\/hudo.com\/si\/aktualno\/v-mackovcih-tudi-tim-gajser\/\",\"url\":\"https:\/\/hudo.com\/si\/aktualno\/v-mackovcih-tudi-tim-gajser\/\",\"name\":\"V Ma\u010dkovcih tudi Tim Gajser - Hudo Slovenija\",\"isPartOf\":{\"@id\":\"https:\/\/hudo.com\/si\/#website\"},\"datePublished\":\"2016-05-20T07:30:00+00:00\",\"dateModified\":\"2016-05-21T03:17:15+00:00\",\"breadcrumb\":{\"@id\":\"https:\/\/hudo.com\/si\/aktualno\/v-mackovcih-tudi-tim-gajser\/#breadcrumb\"},\"inLanguage\":\"sl-SI\",\"potentialAction\":[{\"@type\":\"ReadAction\",\"target\":[\"https:\/\/hudo.com\/si\/aktualno\/v-mackovcih-tudi-tim-gajser\/\"]}]},{\"@type\":\"BreadcrumbList\",\"@id\":\"https:\/\/hudo.com\/si\/aktualno\/v-mackovcih-tudi-tim-gajser\/#breadcrumb\",\"itemListElement\":[{\"@type\":\"ListItem\",\"position\":1,\"name\":\"Home\",\"item\":\"https:\/\/hudo.com\/si\/\"},{\"@type\":\"ListItem\",\"position\":2,\"name\":\"V Ma\u010dkovcih tudi Tim Gajser\"}]},{\"@type\":\"WebSite\",\"@id\":\"https:\/\/hudo.com\/si\/#website\",\"url\":\"https:\/\/hudo.com\/si\/\",\"name\":\"Hudo Slovenija\",\"description\":\"Vse novice iz Slovenije in sveta\",\"publisher\":{\"@id\":\"https:\/\/hudo.com\/si\/#organization\"},\"potentialAction\":[{\"@type\":\"SearchAction\",\"target\":{\"@type\":\"EntryPoint\",\"urlTemplate\":\"https:\/\/hudo.com\/si\/?s={search_term_string}\"},\"query-input\":\"required name=search_term_string\"}],\"inLanguage\":\"sl-SI\"},{\"@type\":\"Organization\",\"@id\":\"https:\/\/hudo.com\/si\/#organization\",\"name\":\"VSN Media\",\"url\":\"https:\/\/hudo.com\/si\/\",\"logo\":{\"@type\":\"ImageObject\",\"inLanguage\":\"sl-SI\",\"@id\":\"https:\/\/hudo.com\/si\/#\/schema\/logo\/image\/\",\"url\":\"https:\/\/hudo.com\/si\/wp-content\/uploads\/sites\/2\/2021\/03\/hudo-app-2.png\",\"contentUrl\":\"https:\/\/hudo.com\/si\/wp-content\/uploads\/sites\/2\/2021\/03\/hudo-app-2.png\",\"width\":2185,\"height\":2167,\"caption\":\"VSN Media\"},\"image\":{\"@id\":\"https:\/\/hudo.com\/si\/#\/schema\/logo\/image\/\"},\"sameAs\":[\"https:\/\/www.facebook.com\/hudo.si\",\"https:\/\/twitter.com\/hudo_si\"]},{\"@type\":\"Person\",\"@id\":\"https:\/\/hudo.com\/si\/#\/schema\/person\/601cf3379633985b20f7e50f2bb47707\",\"name\":\"hudo\",\"image\":{\"@type\":\"ImageObject\",\"inLanguage\":\"sl-SI\",\"@id\":\"https:\/\/hudo.com\/si\/#\/schema\/person\/image\/\",\"url\":\"https:\/\/secure.gravatar.com\/avatar\/c4ca25fa72cace7a696b52ff5db9e095?s=96&d=mm&r=g\",\"contentUrl\":\"https:\/\/secure.gravatar.com\/avatar\/c4ca25fa72cace7a696b52ff5db9e095?s=96&d=mm&r=g\",\"caption\":\"hudo\"},\"url\":\"https:\/\/hudo.com\/si\/author\/hudo\/\"}]}<\/script>\n<!-- \/ Yoast SEO plugin. -->","yoast_head_json":{"title":"V Ma\u010dkovcih tudi Tim Gajser - Hudo Slovenija","robots":{"index":"index","follow":"follow","max-snippet":"max-snippet:-1","max-image-preview":"max-image-preview:large","max-video-preview":"max-video-preview:-1"},"canonical":"https:\/\/hudo.com\/si\/aktualno\/v-mackovcih-tudi-tim-gajser\/","og_locale":"sl_SI","og_type":"article","og_title":"V Ma\u010dkovcih tudi Tim Gajser - Hudo Slovenija","og_description":"Kategorija: Avtomoto Fri, 20 May 2016 11:30:00 +0200 Ma\u010dkovci - Slovenski ljubitelji motokrosa bodo imeli pred jesenjo le \u0161e ta konec tedno prilo\u017enost od blizu videti na delu najstni\u0161kega motokrosisti\u010dnega asa Tima Gajserja (honda), lanskega svetovnega prvaka v razredu MX2 in ta \u010das vodilnega v skupni razvrstitvi elitne kategorije MXGP. V nedeljo se namre\u010d s \u010detrto leto\u0161njo preizku\u0161njo nadaljuje sezona dr\u017eavnega prvenstva, tokrat jo bo - ob jubileju doma\u010dega AMD \u0160tefan Kova\u010d - gostilo dirkali\u0161\u010de v Ma\u010dkovcih v Prekmurju. Po njej bodo imeli slovenski motokrosisti (z izjemo tistih, ki nastopajo na mednarodnih dirkah) poletne po\u010ditnice, sezona pa se bo nadaljevala \u0161ele 21. avgusta v hrva\u0161kem Zaboku in 18. septembra v \u0160entvidu pri Sti\u010dni. Na progi v Ma\u010dkovcih, ki ima edinstveno podlago, saj je me\u0161anica mehke zemlje in peska, predvsem pa navdu\u0161uje s svojo konfiguracijo, saj lahko z enega mesta\u00a0...","og_url":"https:\/\/hudo.com\/si\/aktualno\/v-mackovcih-tudi-tim-gajser\/","og_site_name":"Hudo Slovenija","article_publisher":"https:\/\/www.facebook.com\/hudo.si","article_published_time":"2016-05-20T07:30:00+00:00","article_modified_time":"2016-05-21T03:17:15+00:00","og_image":[{"width":480,"height":290,"url":"https:\/\/hudo.com\/si\/wp-content\/uploads\/sites\/2\/2016\/05\/480x290_Delo_Foto-20160520113119-65265500.jpeg","type":"image\/jpeg"}],"author":"hudo","twitter_card":"summary_large_image","twitter_creator":"@hudo_si","twitter_site":"@hudo_si","twitter_misc":{"Written by":"hudo","Est. reading time":"1 minuta"},"schema":{"@context":"https:\/\/schema.org","@graph":[{"@type":"Article","@id":"https:\/\/hudo.com\/si\/aktualno\/v-mackovcih-tudi-tim-gajser\/#article","isPartOf":{"@id":"https:\/\/hudo.com\/si\/aktualno\/v-mackovcih-tudi-tim-gajser\/"},"author":{"name":"hudo","@id":"https:\/\/hudo.com\/si\/#\/schema\/person\/601cf3379633985b20f7e50f2bb47707"},"headline":"V Ma\u010dkovcih tudi Tim Gajser","datePublished":"2016-05-20T07:30:00+00:00","dateModified":"2016-05-21T03:17:15+00:00","mainEntityOfPage":{"@id":"https:\/\/hudo.com\/si\/aktualno\/v-mackovcih-tudi-tim-gajser\/"},"wordCount":155,"publisher":{"@id":"https:\/\/hudo.com\/si\/#organization"},"articleSection":["Aktualno"],"inLanguage":"sl-SI"},{"@type":"WebPage","@id":"https:\/\/hudo.com\/si\/aktualno\/v-mackovcih-tudi-tim-gajser\/","url":"https:\/\/hudo.com\/si\/aktualno\/v-mackovcih-tudi-tim-gajser\/","name":"V Ma\u010dkovcih tudi Tim Gajser - Hudo Slovenija","isPartOf":{"@id":"https:\/\/hudo.com\/si\/#website"},"datePublished":"2016-05-20T07:30:00+00:00","dateModified":"2016-05-21T03:17:15+00:00","breadcrumb":{"@id":"https:\/\/hudo.com\/si\/aktualno\/v-mackovcih-tudi-tim-gajser\/#breadcrumb"},"inLanguage":"sl-SI","potentialAction":[{"@type":"ReadAction","target":["https:\/\/hudo.com\/si\/aktualno\/v-mackovcih-tudi-tim-gajser\/"]}]},{"@type":"BreadcrumbList","@id":"https:\/\/hudo.com\/si\/aktualno\/v-mackovcih-tudi-tim-gajser\/#breadcrumb","itemListElement":[{"@type":"ListItem","position":1,"name":"Home","item":"https:\/\/hudo.com\/si\/"},{"@type":"ListItem","position":2,"name":"V Ma\u010dkovcih tudi Tim Gajser"}]},{"@type":"WebSite","@id":"https:\/\/hudo.com\/si\/#website","url":"https:\/\/hudo.com\/si\/","name":"Hudo Slovenija","description":"Vse novice iz Slovenije in sveta","publisher":{"@id":"https:\/\/hudo.com\/si\/#organization"},"potentialAction":[{"@type":"SearchAction","target":{"@type":"EntryPoint","urlTemplate":"https:\/\/hudo.com\/si\/?s={search_term_string}"},"query-input":"required name=search_term_string"}],"inLanguage":"sl-SI"},{"@type":"Organization","@id":"https:\/\/hudo.com\/si\/#organization","name":"VSN Media","url":"https:\/\/hudo.com\/si\/","logo":{"@type":"ImageObject","inLanguage":"sl-SI","@id":"https:\/\/hudo.com\/si\/#\/schema\/logo\/image\/","url":"https:\/\/hudo.com\/si\/wp-content\/uploads\/sites\/2\/2021\/03\/hudo-app-2.png","contentUrl":"https:\/\/hudo.com\/si\/wp-content\/uploads\/sites\/2\/2021\/03\/hudo-app-2.png","width":2185,"height":2167,"caption":"VSN Media"},"image":{"@id":"https:\/\/hudo.com\/si\/#\/schema\/logo\/image\/"},"sameAs":["https:\/\/www.facebook.com\/hudo.si","https:\/\/twitter.com\/hudo_si"]},{"@type":"Person","@id":"https:\/\/hudo.com\/si\/#\/schema\/person\/601cf3379633985b20f7e50f2bb47707","name":"hudo","image":{"@type":"ImageObject","inLanguage":"sl-SI","@id":"https:\/\/hudo.com\/si\/#\/schema\/person\/image\/","url":"https:\/\/secure.gravatar.com\/avatar\/c4ca25fa72cace7a696b52ff5db9e095?s=96&d=mm&r=g","contentUrl":"https:\/\/secure.gravatar.com\/avatar\/c4ca25fa72cace7a696b52ff5db9e095?s=96&d=mm&r=g","caption":"hudo"},"url":"https:\/\/hudo.com\/si\/author\/hudo\/"}]}},"amp_enabled":true,"_links":{"self":[{"href":"https:\/\/hudo.com\/si\/wp-json\/wp\/v2\/posts\/57259"}],"collection":[{"href":"https:\/\/hudo.com\/si\/wp-json\/wp\/v2\/posts"}],"about":[{"href":"https:\/\/hudo.com\/si\/wp-json\/wp\/v2\/types\/post"}],"author":[{"embeddable":true,"href":"https:\/\/hudo.com\/si\/wp-json\/wp\/v2\/users\/1"}],"replies":[{"embeddable":true,"href":"https:\/\/hudo.com\/si\/wp-json\/wp\/v2\/comments?post=57259"}],"version-history":[{"count":1,"href":"https:\/\/hudo.com\/si\/wp-json\/wp\/v2\/posts\/57259\/revisions"}],"predecessor-version":[{"id":57459,"href":"https:\/\/hudo.com\/si\/wp-json\/wp\/v2\/posts\/57259\/revisions\/57459"}],"wp:attachment":[{"href":"https:\/\/hudo.com\/si\/wp-json\/wp\/v2\/media?parent=57259"}],"wp:term":[{"taxonomy":"category","embeddable":true,"href":"https:\/\/hudo.com\/si\/wp-json\/wp\/v2\/categories?post=57259"},{"taxonomy":"post_tag","embeddable":true,"href":"https:\/\/hudo.com\/si\/wp-json\/wp\/v2\/tags?post=57259"},{"taxonomy":"source","embeddable":true,"href":"https:\/\/hudo.com\/si\/wp-json\/wp\/v2\/source?post=57259"},{"taxonomy":"supertag","embeddable":true,"href":"https:\/\/hudo.com\/si\/wp-json\/wp\/v2\/supertag?post=57259"}],"curies":[{"name":"wp","href":"https:\/\/api.w.org\/{rel}","templated":true}]}}