{"id":58045,"date":"2016-05-21T10:08:00","date_gmt":"2016-05-21T08:08:00","guid":{"rendered":"http:\/\/hudo.com\/si\/2016\/05\/21\/v-finalu-se-anja-klinar\/"},"modified":"2016-05-21T16:11:45","modified_gmt":"2016-05-21T14:11:45","slug":"v-finalu-se-anja-klinar","status":"publish","type":"post","link":"https:\/\/hudo.com\/si\/aktualno\/v-finalu-se-anja-klinar\/","title":{"rendered":"V finalu \u0161e Anja Klinar"},"content":{"rendered":"<p>Kategorija: Drugi \u0161porti Sat, 21 May 2016 12:08:00 +0200  London &#8211; V dopoldanskem delu evropskega prvenstva v plavanju se je \u010detverici slovenskih londonskih finalistov danes v popoldanskem programu pridru\u017eila \u0161e Anja Klinar, ki se je na 200 m delfin z 2:10,83 kot deseta prebila v finale. &#8220;Glede na formo sem zadovoljna z izidom in vesela, da lahko popoldan nastopim \u0161e enkrat. Tam bom sku\u0161ala \u0161e kaj dodati,&#8221; je po tekmi povedala Gorenjka, ki vseskozi poudarja, da je EP zanjo le mo\u010dan miting in dober olimpijski trening za Rio. Ob koncu programa so se An\u017ee Tav\u010dar, Martin Bau, Robert \u017dbogar in Grega Popovi\u0107 v \u0161tafeti 4 x 200 m prosto lotili \u0161e enega najstarej\u0161ih slovenskih rekordov, ki so ga leta 1993 na sredozemskih igrah v Narbonnu dosegli Jure Bu\u010dar, Igor in Nace Majcen ter Robi\u00a0&#8230;<\/p>\n","protected":false},"excerpt":{"rendered":"<p>Kategorija: Drugi \u0161porti Sat, 21 May 2016 12:08:00 +0200  London &#8211; V dopoldanskem delu evropskega prvenstva v plavanju se je \u010detverici slovenskih londonskih finalistov danes v popoldanskem programu pridru\u017eila \u0161e Anja Klinar, ki se je na 200 m delfin z 2:10,83 kot deseta prebila v finale. &#8220;Glede na formo sem zadovoljna z izidom in vesela, da lahko popoldan nastopim \u0161e enkrat. Tam bom sku\u0161ala \u0161e kaj dodati,&#8221; je po tekmi povedala Gorenjka, ki vseskozi poudarja, da je EP zanjo le mo\u010dan miting in dober olimpijski trening za Rio. Ob koncu programa so se An\u017ee Tav\u010dar, Martin Bau, Robert \u017dbogar in Grega Popovi\u0107 v \u0161tafeti 4 x 200 m prosto lotili \u0161e enega najstarej\u0161ih slovenskih rekordov, ki so ga leta 1993 na sredozemskih igrah v Narbonnu dosegli Jure Bu\u010dar, Igor in Nace Majcen ter Robi\u00a0&#8230;<\/p>\n","protected":false},"author":1,"featured_media":0,"comment_status":"closed","ping_status":"closed","sticky":false,"template":"","format":"standard","meta":{"footnotes":""},"categories":[1179],"tags":[],"source":[4511],"supertag":[],"acf":[],"yoast_head":"<!-- This site is optimized with the Yoast SEO plugin v21.3 - https:\/\/yoast.com\/wordpress\/plugins\/seo\/ -->\n<title>V finalu \u0161e Anja Klinar - Hudo Slovenija<\/title>\n<meta name=\"robots\" content=\"index, follow, max-snippet:-1, max-image-preview:large, max-video-preview:-1\" \/>\n<link rel=\"canonical\" href=\"https:\/\/hudo.com\/si\/aktualno\/v-finalu-se-anja-klinar\/\" \/>\n<meta property=\"og:locale\" content=\"sl_SI\" \/>\n<meta property=\"og:type\" content=\"article\" \/>\n<meta property=\"og:title\" content=\"V finalu \u0161e Anja Klinar - Hudo Slovenija\" \/>\n<meta property=\"og:description\" content=\"Kategorija: Drugi \u0161porti Sat, 21 May 2016 12:08:00 +0200 London - V dopoldanskem delu evropskega prvenstva v plavanju se je \u010detverici slovenskih londonskih finalistov danes v popoldanskem programu pridru\u017eila \u0161e Anja Klinar, ki se je na 200 m delfin z 2:10,83 kot deseta prebila v finale. &quot;Glede na formo sem zadovoljna z izidom in vesela, da lahko popoldan nastopim \u0161e enkrat. Tam bom sku\u0161ala \u0161e kaj dodati,&quot; je po tekmi povedala Gorenjka, ki vseskozi poudarja, da je EP zanjo le mo\u010dan miting in dober olimpijski trening za Rio. Ob koncu programa so se An\u017ee Tav\u010dar, Martin Bau, Robert \u017dbogar in Grega Popovi\u0107 v \u0161tafeti 4 x 200 m prosto lotili \u0161e enega najstarej\u0161ih slovenskih rekordov, ki so ga leta 1993 na sredozemskih igrah v Narbonnu dosegli Jure Bu\u010dar, Igor in Nace Majcen ter Robi\u00a0...\" \/>\n<meta property=\"og:url\" content=\"https:\/\/hudo.com\/si\/aktualno\/v-finalu-se-anja-klinar\/\" \/>\n<meta property=\"og:site_name\" content=\"Hudo Slovenija\" \/>\n<meta property=\"article:publisher\" content=\"https:\/\/www.facebook.com\/hudo.si\" \/>\n<meta property=\"article:published_time\" content=\"2016-05-21T08:08:00+00:00\" \/>\n<meta property=\"article:modified_time\" content=\"2016-05-21T14:11:45+00:00\" \/>\n<meta property=\"og:image\" content=\"https:\/\/hudo.com\/si\/wp-content\/uploads\/sites\/2\/2016\/05\/480x290_Sport__djvu_2121062_levstek_hires0.jpeg\" \/>\n\t<meta property=\"og:image:width\" content=\"480\" \/>\n\t<meta property=\"og:image:height\" content=\"290\" \/>\n\t<meta property=\"og:image:type\" content=\"image\/jpeg\" \/>\n<meta name=\"author\" content=\"hudo\" \/>\n<meta name=\"twitter:card\" content=\"summary_large_image\" \/>\n<meta name=\"twitter:creator\" content=\"@hudo_si\" \/>\n<meta name=\"twitter:site\" content=\"@hudo_si\" \/>\n<meta name=\"twitter:label1\" content=\"Written by\" \/>\n\t<meta name=\"twitter:data1\" content=\"hudo\" \/>\n\t<meta name=\"twitter:label2\" content=\"Est. reading time\" \/>\n\t<meta name=\"twitter:data2\" content=\"1 minuta\" \/>\n<script type=\"application\/ld+json\" class=\"yoast-schema-graph\">{\"@context\":\"https:\/\/schema.org\",\"@graph\":[{\"@type\":\"Article\",\"@id\":\"https:\/\/hudo.com\/si\/aktualno\/v-finalu-se-anja-klinar\/#article\",\"isPartOf\":{\"@id\":\"https:\/\/hudo.com\/si\/aktualno\/v-finalu-se-anja-klinar\/\"},\"author\":{\"name\":\"hudo\",\"@id\":\"https:\/\/hudo.com\/si\/#\/schema\/person\/601cf3379633985b20f7e50f2bb47707\"},\"headline\":\"V finalu \u0161e Anja Klinar\",\"datePublished\":\"2016-05-21T08:08:00+00:00\",\"dateModified\":\"2016-05-21T14:11:45+00:00\",\"mainEntityOfPage\":{\"@id\":\"https:\/\/hudo.com\/si\/aktualno\/v-finalu-se-anja-klinar\/\"},\"wordCount\":137,\"publisher\":{\"@id\":\"https:\/\/hudo.com\/si\/#organization\"},\"articleSection\":[\"Aktualno\"],\"inLanguage\":\"sl-SI\"},{\"@type\":\"WebPage\",\"@id\":\"https:\/\/hudo.com\/si\/aktualno\/v-finalu-se-anja-klinar\/\",\"url\":\"https:\/\/hudo.com\/si\/aktualno\/v-finalu-se-anja-klinar\/\",\"name\":\"V finalu \u0161e Anja Klinar - Hudo Slovenija\",\"isPartOf\":{\"@id\":\"https:\/\/hudo.com\/si\/#website\"},\"datePublished\":\"2016-05-21T08:08:00+00:00\",\"dateModified\":\"2016-05-21T14:11:45+00:00\",\"breadcrumb\":{\"@id\":\"https:\/\/hudo.com\/si\/aktualno\/v-finalu-se-anja-klinar\/#breadcrumb\"},\"inLanguage\":\"sl-SI\",\"potentialAction\":[{\"@type\":\"ReadAction\",\"target\":[\"https:\/\/hudo.com\/si\/aktualno\/v-finalu-se-anja-klinar\/\"]}]},{\"@type\":\"BreadcrumbList\",\"@id\":\"https:\/\/hudo.com\/si\/aktualno\/v-finalu-se-anja-klinar\/#breadcrumb\",\"itemListElement\":[{\"@type\":\"ListItem\",\"position\":1,\"name\":\"Home\",\"item\":\"https:\/\/hudo.com\/si\/\"},{\"@type\":\"ListItem\",\"position\":2,\"name\":\"V finalu \u0161e Anja Klinar\"}]},{\"@type\":\"WebSite\",\"@id\":\"https:\/\/hudo.com\/si\/#website\",\"url\":\"https:\/\/hudo.com\/si\/\",\"name\":\"Hudo Slovenija\",\"description\":\"Vse novice iz Slovenije in sveta\",\"publisher\":{\"@id\":\"https:\/\/hudo.com\/si\/#organization\"},\"potentialAction\":[{\"@type\":\"SearchAction\",\"target\":{\"@type\":\"EntryPoint\",\"urlTemplate\":\"https:\/\/hudo.com\/si\/?s={search_term_string}\"},\"query-input\":\"required name=search_term_string\"}],\"inLanguage\":\"sl-SI\"},{\"@type\":\"Organization\",\"@id\":\"https:\/\/hudo.com\/si\/#organization\",\"name\":\"VSN Media\",\"url\":\"https:\/\/hudo.com\/si\/\",\"logo\":{\"@type\":\"ImageObject\",\"inLanguage\":\"sl-SI\",\"@id\":\"https:\/\/hudo.com\/si\/#\/schema\/logo\/image\/\",\"url\":\"https:\/\/hudo.com\/si\/wp-content\/uploads\/sites\/2\/2021\/03\/hudo-app-2.png\",\"contentUrl\":\"https:\/\/hudo.com\/si\/wp-content\/uploads\/sites\/2\/2021\/03\/hudo-app-2.png\",\"width\":2185,\"height\":2167,\"caption\":\"VSN Media\"},\"image\":{\"@id\":\"https:\/\/hudo.com\/si\/#\/schema\/logo\/image\/\"},\"sameAs\":[\"https:\/\/www.facebook.com\/hudo.si\",\"https:\/\/twitter.com\/hudo_si\"]},{\"@type\":\"Person\",\"@id\":\"https:\/\/hudo.com\/si\/#\/schema\/person\/601cf3379633985b20f7e50f2bb47707\",\"name\":\"hudo\",\"image\":{\"@type\":\"ImageObject\",\"inLanguage\":\"sl-SI\",\"@id\":\"https:\/\/hudo.com\/si\/#\/schema\/person\/image\/\",\"url\":\"https:\/\/secure.gravatar.com\/avatar\/c4ca25fa72cace7a696b52ff5db9e095?s=96&d=mm&r=g\",\"contentUrl\":\"https:\/\/secure.gravatar.com\/avatar\/c4ca25fa72cace7a696b52ff5db9e095?s=96&d=mm&r=g\",\"caption\":\"hudo\"},\"url\":\"https:\/\/hudo.com\/si\/author\/hudo\/\"}]}<\/script>\n<!-- \/ Yoast SEO plugin. -->","yoast_head_json":{"title":"V finalu \u0161e Anja Klinar - Hudo Slovenija","robots":{"index":"index","follow":"follow","max-snippet":"max-snippet:-1","max-image-preview":"max-image-preview:large","max-video-preview":"max-video-preview:-1"},"canonical":"https:\/\/hudo.com\/si\/aktualno\/v-finalu-se-anja-klinar\/","og_locale":"sl_SI","og_type":"article","og_title":"V finalu \u0161e Anja Klinar - Hudo Slovenija","og_description":"Kategorija: Drugi \u0161porti Sat, 21 May 2016 12:08:00 +0200 London - V dopoldanskem delu evropskega prvenstva v plavanju se je \u010detverici slovenskih londonskih finalistov danes v popoldanskem programu pridru\u017eila \u0161e Anja Klinar, ki se je na 200 m delfin z 2:10,83 kot deseta prebila v finale. \"Glede na formo sem zadovoljna z izidom in vesela, da lahko popoldan nastopim \u0161e enkrat. Tam bom sku\u0161ala \u0161e kaj dodati,\" je po tekmi povedala Gorenjka, ki vseskozi poudarja, da je EP zanjo le mo\u010dan miting in dober olimpijski trening za Rio. Ob koncu programa so se An\u017ee Tav\u010dar, Martin Bau, Robert \u017dbogar in Grega Popovi\u0107 v \u0161tafeti 4 x 200 m prosto lotili \u0161e enega najstarej\u0161ih slovenskih rekordov, ki so ga leta 1993 na sredozemskih igrah v Narbonnu dosegli Jure Bu\u010dar, Igor in Nace Majcen ter Robi\u00a0...","og_url":"https:\/\/hudo.com\/si\/aktualno\/v-finalu-se-anja-klinar\/","og_site_name":"Hudo Slovenija","article_publisher":"https:\/\/www.facebook.com\/hudo.si","article_published_time":"2016-05-21T08:08:00+00:00","article_modified_time":"2016-05-21T14:11:45+00:00","og_image":[{"width":480,"height":290,"url":"https:\/\/hudo.com\/si\/wp-content\/uploads\/sites\/2\/2016\/05\/480x290_Sport__djvu_2121062_levstek_hires0.jpeg","type":"image\/jpeg"}],"author":"hudo","twitter_card":"summary_large_image","twitter_creator":"@hudo_si","twitter_site":"@hudo_si","twitter_misc":{"Written by":"hudo","Est. reading time":"1 minuta"},"schema":{"@context":"https:\/\/schema.org","@graph":[{"@type":"Article","@id":"https:\/\/hudo.com\/si\/aktualno\/v-finalu-se-anja-klinar\/#article","isPartOf":{"@id":"https:\/\/hudo.com\/si\/aktualno\/v-finalu-se-anja-klinar\/"},"author":{"name":"hudo","@id":"https:\/\/hudo.com\/si\/#\/schema\/person\/601cf3379633985b20f7e50f2bb47707"},"headline":"V finalu \u0161e Anja Klinar","datePublished":"2016-05-21T08:08:00+00:00","dateModified":"2016-05-21T14:11:45+00:00","mainEntityOfPage":{"@id":"https:\/\/hudo.com\/si\/aktualno\/v-finalu-se-anja-klinar\/"},"wordCount":137,"publisher":{"@id":"https:\/\/hudo.com\/si\/#organization"},"articleSection":["Aktualno"],"inLanguage":"sl-SI"},{"@type":"WebPage","@id":"https:\/\/hudo.com\/si\/aktualno\/v-finalu-se-anja-klinar\/","url":"https:\/\/hudo.com\/si\/aktualno\/v-finalu-se-anja-klinar\/","name":"V finalu \u0161e Anja Klinar - Hudo Slovenija","isPartOf":{"@id":"https:\/\/hudo.com\/si\/#website"},"datePublished":"2016-05-21T08:08:00+00:00","dateModified":"2016-05-21T14:11:45+00:00","breadcrumb":{"@id":"https:\/\/hudo.com\/si\/aktualno\/v-finalu-se-anja-klinar\/#breadcrumb"},"inLanguage":"sl-SI","potentialAction":[{"@type":"ReadAction","target":["https:\/\/hudo.com\/si\/aktualno\/v-finalu-se-anja-klinar\/"]}]},{"@type":"BreadcrumbList","@id":"https:\/\/hudo.com\/si\/aktualno\/v-finalu-se-anja-klinar\/#breadcrumb","itemListElement":[{"@type":"ListItem","position":1,"name":"Home","item":"https:\/\/hudo.com\/si\/"},{"@type":"ListItem","position":2,"name":"V finalu \u0161e Anja Klinar"}]},{"@type":"WebSite","@id":"https:\/\/hudo.com\/si\/#website","url":"https:\/\/hudo.com\/si\/","name":"Hudo Slovenija","description":"Vse novice iz Slovenije in sveta","publisher":{"@id":"https:\/\/hudo.com\/si\/#organization"},"potentialAction":[{"@type":"SearchAction","target":{"@type":"EntryPoint","urlTemplate":"https:\/\/hudo.com\/si\/?s={search_term_string}"},"query-input":"required name=search_term_string"}],"inLanguage":"sl-SI"},{"@type":"Organization","@id":"https:\/\/hudo.com\/si\/#organization","name":"VSN Media","url":"https:\/\/hudo.com\/si\/","logo":{"@type":"ImageObject","inLanguage":"sl-SI","@id":"https:\/\/hudo.com\/si\/#\/schema\/logo\/image\/","url":"https:\/\/hudo.com\/si\/wp-content\/uploads\/sites\/2\/2021\/03\/hudo-app-2.png","contentUrl":"https:\/\/hudo.com\/si\/wp-content\/uploads\/sites\/2\/2021\/03\/hudo-app-2.png","width":2185,"height":2167,"caption":"VSN Media"},"image":{"@id":"https:\/\/hudo.com\/si\/#\/schema\/logo\/image\/"},"sameAs":["https:\/\/www.facebook.com\/hudo.si","https:\/\/twitter.com\/hudo_si"]},{"@type":"Person","@id":"https:\/\/hudo.com\/si\/#\/schema\/person\/601cf3379633985b20f7e50f2bb47707","name":"hudo","image":{"@type":"ImageObject","inLanguage":"sl-SI","@id":"https:\/\/hudo.com\/si\/#\/schema\/person\/image\/","url":"https:\/\/secure.gravatar.com\/avatar\/c4ca25fa72cace7a696b52ff5db9e095?s=96&d=mm&r=g","contentUrl":"https:\/\/secure.gravatar.com\/avatar\/c4ca25fa72cace7a696b52ff5db9e095?s=96&d=mm&r=g","caption":"hudo"},"url":"https:\/\/hudo.com\/si\/author\/hudo\/"}]}},"amp_enabled":true,"_links":{"self":[{"href":"https:\/\/hudo.com\/si\/wp-json\/wp\/v2\/posts\/58045"}],"collection":[{"href":"https:\/\/hudo.com\/si\/wp-json\/wp\/v2\/posts"}],"about":[{"href":"https:\/\/hudo.com\/si\/wp-json\/wp\/v2\/types\/post"}],"author":[{"embeddable":true,"href":"https:\/\/hudo.com\/si\/wp-json\/wp\/v2\/users\/1"}],"replies":[{"embeddable":true,"href":"https:\/\/hudo.com\/si\/wp-json\/wp\/v2\/comments?post=58045"}],"version-history":[{"count":1,"href":"https:\/\/hudo.com\/si\/wp-json\/wp\/v2\/posts\/58045\/revisions"}],"predecessor-version":[{"id":58093,"href":"https:\/\/hudo.com\/si\/wp-json\/wp\/v2\/posts\/58045\/revisions\/58093"}],"wp:attachment":[{"href":"https:\/\/hudo.com\/si\/wp-json\/wp\/v2\/media?parent=58045"}],"wp:term":[{"taxonomy":"category","embeddable":true,"href":"https:\/\/hudo.com\/si\/wp-json\/wp\/v2\/categories?post=58045"},{"taxonomy":"post_tag","embeddable":true,"href":"https:\/\/hudo.com\/si\/wp-json\/wp\/v2\/tags?post=58045"},{"taxonomy":"source","embeddable":true,"href":"https:\/\/hudo.com\/si\/wp-json\/wp\/v2\/source?post=58045"},{"taxonomy":"supertag","embeddable":true,"href":"https:\/\/hudo.com\/si\/wp-json\/wp\/v2\/supertag?post=58045"}],"curies":[{"name":"wp","href":"https:\/\/api.w.org\/{rel}","templated":true}]}}