{"id":58049,"date":"2016-05-21T10:00:00","date_gmt":"2016-05-21T08:00:00","guid":{"rendered":"http:\/\/hudo.com\/si\/2016\/05\/21\/zaveznistvo-alenke-bratusek-dobiva-novo-ime\/"},"modified":"2016-05-22T08:17:58","modified_gmt":"2016-05-22T06:17:58","slug":"zaveznistvo-alenke-bratusek-dobiva-novo-ime","status":"publish","type":"post","link":"https:\/\/hudo.com\/si\/aktualno\/zaveznistvo-alenke-bratusek-dobiva-novo-ime\/","title":{"rendered":"Zavezni\u0161tvo Alenke Bratu\u0161ek dobiva novo ime"},"content":{"rendered":"<p>Izvr\u0161ni odbor ZaAB je kongresu stranke predlagal, da se stranka preimenovanje v Zavezni\u0161tvo socialno-liberalnih demokratov, je v svojem govoru na kongresu razkrila predsednica zavezni\u0161tva Alenka Bratu\u0161ek. Dotaknila se je veliko tematik, kriti\u010dna je bila predvsem do premierja Mira Cerarja, vladajo\u010de SMC in nekdanjih sodelavcev. Dejstvo, da se bo stranka danes preimenovala, pa po besedah Bratu\u0161kove ne pomeni, da spreminjajo politi\u010dne usmeritev, temve\u010d bodo z novim imenom \u0161e bolj jasno povedali, kak\u0161na je ta usmeritev. Spomnila se je dinami\u010dne poti, ki jo je ta stranka, ustanovljena pred dvema letoma, prehodila. Takoj so jih \u010dakale volitve, na katerih jim je kljub druga\u010dnim napovedim uspelo dobiti \u0161tiri poslanska mesta v DZ. V vladno koalicijo se sicer niso vklju\u010dili, vendar sta bila med tistimi, &#8220;ki so tako ali druga\u010de \u017eeleli v vladno koalicijo&#8221;, tudi Peter Vilfan in Jani M\u00f6derndorfer, je spomnila. Lahko pa bi se ob tem po njenem vpra\u0161ali, &#8220;ali je eti\u010dno in moralno, da pride\u0161 v parlament z glasovi ene stranke in si potem premisli\u0161 in presede\u0161 drugam&#8221;. \u0160e manj eti\u010dno in moralno se ji zdi pozivati poslance, naj vrnejo mandat, \u010de ne \u017eelijo sodelovati s stranko, s katero so \u0161li na volitve, v svoje vrste pa sprejmejo poslanca druge stranke. Najve\u010dja parlamentarna stranka SMC je od dveh poslancev, ki sta zapustila poslansko skupino, pozivala, naj vrneta svoja mandata, v svoje vrste pa sprejela M\u00f6derndorferja. Bratu\u0161kova pa obljublja, da bosta s poslansko kolegico Mirjam Bon Klajn\u0161\u010dek \u0161e naprej zagovarjali njihova skupna stali\u0161\u010da in si prizadevali za bolj\u0161o Slovenijo. Omenila je izsledke revizije ra\u010dunskega sodi\u0161\u010da o poslovanju politi\u010dnih strank, v kateri je ZaAB kot edina parlamentarna stranka dobila pozitivno mnenje. &#8220;Velikokrat so me spra\u0161evali o financah in poslovanju. \u010ce\u0161, pri vas gre pa veliko stvari narobe. Ta teden so vsi dobili odgovor,&#8221; je dejala. Nadaljevala je z izzivi, s katerimi se danes soo\u010da Evropa, in menila, da je bilo v preteklosti narejenih nekaj napak. Z<\/p>\n","protected":false},"excerpt":{"rendered":"<p>Izvr\u0161ni odbor ZaAB je kongresu stranke predlagal, da se stranka preimenovanje v Zavezni\u0161tvo socialno-liberalnih demokratov, je v svojem govoru na kongresu razkrila predsednica zavezni\u0161tva Alenka Bratu\u0161ek. Dotaknila se je veliko tematik, kriti\u010dna je bila predvsem do premierja Mira Cerarja, vladajo\u010de SMC in nekdanjih sodelavcev. Dejstvo, da se bo stranka danes preimenovala, pa po besedah Bratu\u0161kove ne pomeni, da spreminjajo politi\u010dne usmeritev, temve\u010d bodo z novim imenom \u0161e bolj jasno povedali, kak\u0161na je ta usmeritev. Spomnila se je dinami\u010dne poti, ki jo je ta stranka, ustanovljena pred dvema letoma, prehodila. Takoj so jih \u010dakale volitve, na katerih jim je kljub druga\u010dnim napovedim uspelo dobiti \u0161tiri poslanska mesta v DZ. V vladno koalicijo se sicer niso vklju\u010dili, vendar sta bila med tistimi, &#8220;ki so tako ali druga\u010de \u017eeleli v vladno koalicijo&#8221;, tudi Peter Vilfan in Jani M\u00f6derndorfer, je spomnila. Lahko pa bi se ob tem po njenem vpra\u0161ali, &#8220;ali je eti\u010dno in moralno, da pride\u0161 v parlament z glasovi ene stranke in si potem premisli\u0161 in presede\u0161 drugam&#8221;. \u0160e manj eti\u010dno in moralno se ji zdi pozivati poslance, naj vrnejo mandat, \u010de ne \u017eelijo sodelovati s stranko, s katero so \u0161li na volitve, v svoje vrste pa sprejmejo poslanca druge stranke. Najve\u010dja parlamentarna stranka SMC je od dveh poslancev, ki sta zapustila poslansko skupino, pozivala, naj vrneta svoja mandata, v svoje vrste pa sprejela M\u00f6derndorferja. Bratu\u0161kova pa obljublja, da bosta s poslansko kolegico Mirjam Bon Klajn\u0161\u010dek \u0161e naprej zagovarjali njihova skupna stali\u0161\u010da in si prizadevali za bolj\u0161o Slovenijo. Omenila je izsledke revizije ra\u010dunskega sodi\u0161\u010da o poslovanju politi\u010dnih strank, v kateri je ZaAB kot edina parlamentarna stranka dobila pozitivno mnenje. &#8220;Velikokrat so me spra\u0161evali o financah in poslovanju. \u010ce\u0161, pri vas gre pa veliko stvari narobe. Ta teden so vsi dobili odgovor,&#8221; je dejala. Nadaljevala je z izzivi, s katerimi se danes soo\u010da Evropa, in menila, da je bilo v preteklosti narejenih nekaj napak. Z<\/p>\n","protected":false},"author":1,"featured_media":0,"comment_status":"closed","ping_status":"closed","sticky":false,"template":"","format":"standard","meta":{"footnotes":""},"categories":[1179],"tags":[],"source":[1711],"supertag":[],"acf":[],"yoast_head":"<!-- This site is optimized with the Yoast SEO plugin v21.3 - https:\/\/yoast.com\/wordpress\/plugins\/seo\/ -->\n<title>Zavezni\u0161tvo Alenke Bratu\u0161ek dobiva novo ime - Hudo Slovenija<\/title>\n<meta name=\"robots\" content=\"index, follow, max-snippet:-1, max-image-preview:large, max-video-preview:-1\" \/>\n<link rel=\"canonical\" href=\"https:\/\/hudo.com\/si\/aktualno\/zaveznistvo-alenke-bratusek-dobiva-novo-ime\/\" \/>\n<meta property=\"og:locale\" content=\"sl_SI\" \/>\n<meta property=\"og:type\" content=\"article\" \/>\n<meta property=\"og:title\" content=\"Zavezni\u0161tvo Alenke Bratu\u0161ek dobiva novo ime - Hudo Slovenija\" \/>\n<meta property=\"og:description\" content=\"Izvr\u0161ni odbor ZaAB je kongresu stranke predlagal, da se stranka preimenovanje v Zavezni\u0161tvo socialno-liberalnih demokratov, je v svojem govoru na kongresu razkrila predsednica zavezni\u0161tva Alenka Bratu\u0161ek. Dotaknila se je veliko tematik, kriti\u010dna je bila predvsem do premierja Mira Cerarja, vladajo\u010de SMC in nekdanjih sodelavcev. Dejstvo, da se bo stranka danes preimenovala, pa po besedah Bratu\u0161kove ne pomeni, da spreminjajo politi\u010dne usmeritev, temve\u010d bodo z novim imenom \u0161e bolj jasno povedali, kak\u0161na je ta usmeritev. Spomnila se je dinami\u010dne poti, ki jo je ta stranka, ustanovljena pred dvema letoma, prehodila. Takoj so jih \u010dakale volitve, na katerih jim je kljub druga\u010dnim napovedim uspelo dobiti \u0161tiri poslanska mesta v DZ. V vladno koalicijo se sicer niso vklju\u010dili, vendar sta bila med tistimi, &quot;ki so tako ali druga\u010de \u017eeleli v vladno koalicijo&quot;, tudi Peter Vilfan in Jani M\u00f6derndorfer, je spomnila. Lahko pa bi se ob tem po njenem vpra\u0161ali, &quot;ali je eti\u010dno in moralno, da pride\u0161 v parlament z glasovi ene stranke in si potem premisli\u0161 in presede\u0161 drugam&quot;. \u0160e manj eti\u010dno in moralno se ji zdi pozivati poslance, naj vrnejo mandat, \u010de ne \u017eelijo sodelovati s stranko, s katero so \u0161li na volitve, v svoje vrste pa sprejmejo poslanca druge stranke. Najve\u010dja parlamentarna stranka SMC je od dveh poslancev, ki sta zapustila poslansko skupino, pozivala, naj vrneta svoja mandata, v svoje vrste pa sprejela M\u00f6derndorferja. Bratu\u0161kova pa obljublja, da bosta s poslansko kolegico Mirjam Bon Klajn\u0161\u010dek \u0161e naprej zagovarjali njihova skupna stali\u0161\u010da in si prizadevali za bolj\u0161o Slovenijo. Omenila je izsledke revizije ra\u010dunskega sodi\u0161\u010da o poslovanju politi\u010dnih strank, v kateri je ZaAB kot edina parlamentarna stranka dobila pozitivno mnenje. &quot;Velikokrat so me spra\u0161evali o financah in poslovanju. \u010ce\u0161, pri vas gre pa veliko stvari narobe. Ta teden so vsi dobili odgovor,&quot; je dejala. Nadaljevala je z izzivi, s katerimi se danes soo\u010da Evropa, in menila, da je bilo v preteklosti narejenih nekaj napak. Z\" \/>\n<meta property=\"og:url\" content=\"https:\/\/hudo.com\/si\/aktualno\/zaveznistvo-alenke-bratusek-dobiva-novo-ime\/\" \/>\n<meta property=\"og:site_name\" content=\"Hudo Slovenija\" \/>\n<meta property=\"article:publisher\" content=\"https:\/\/www.facebook.com\/hudo.si\" \/>\n<meta property=\"article:published_time\" content=\"2016-05-21T08:00:00+00:00\" \/>\n<meta property=\"article:modified_time\" content=\"2016-05-22T06:17:58+00:00\" \/>\n<meta property=\"og:image\" content=\"https:\/\/hudo.com\/si\/wp-content\/uploads\/sites\/2\/2016\/05\/bra-300.jpg\" \/>\n\t<meta property=\"og:image:width\" content=\"450\" \/>\n\t<meta property=\"og:image:height\" content=\"271\" \/>\n\t<meta property=\"og:image:type\" content=\"image\/jpeg\" \/>\n<meta name=\"author\" content=\"hudo\" \/>\n<meta name=\"twitter:card\" content=\"summary_large_image\" \/>\n<meta name=\"twitter:creator\" content=\"@hudo_si\" \/>\n<meta name=\"twitter:site\" content=\"@hudo_si\" \/>\n<meta name=\"twitter:label1\" content=\"Written by\" \/>\n\t<meta name=\"twitter:data1\" content=\"hudo\" \/>\n\t<meta name=\"twitter:label2\" content=\"Est. reading time\" \/>\n\t<meta name=\"twitter:data2\" content=\"2 minuti\" \/>\n<script type=\"application\/ld+json\" class=\"yoast-schema-graph\">{\"@context\":\"https:\/\/schema.org\",\"@graph\":[{\"@type\":\"Article\",\"@id\":\"https:\/\/hudo.com\/si\/aktualno\/zaveznistvo-alenke-bratusek-dobiva-novo-ime\/#article\",\"isPartOf\":{\"@id\":\"https:\/\/hudo.com\/si\/aktualno\/zaveznistvo-alenke-bratusek-dobiva-novo-ime\/\"},\"author\":{\"name\":\"hudo\",\"@id\":\"https:\/\/hudo.com\/si\/#\/schema\/person\/601cf3379633985b20f7e50f2bb47707\"},\"headline\":\"Zavezni\u0161tvo Alenke Bratu\u0161ek dobiva novo ime\",\"datePublished\":\"2016-05-21T08:00:00+00:00\",\"dateModified\":\"2016-05-22T06:17:58+00:00\",\"mainEntityOfPage\":{\"@id\":\"https:\/\/hudo.com\/si\/aktualno\/zaveznistvo-alenke-bratusek-dobiva-novo-ime\/\"},\"wordCount\":348,\"publisher\":{\"@id\":\"https:\/\/hudo.com\/si\/#organization\"},\"articleSection\":[\"Aktualno\"],\"inLanguage\":\"sl-SI\"},{\"@type\":\"WebPage\",\"@id\":\"https:\/\/hudo.com\/si\/aktualno\/zaveznistvo-alenke-bratusek-dobiva-novo-ime\/\",\"url\":\"https:\/\/hudo.com\/si\/aktualno\/zaveznistvo-alenke-bratusek-dobiva-novo-ime\/\",\"name\":\"Zavezni\u0161tvo Alenke Bratu\u0161ek dobiva novo ime - Hudo Slovenija\",\"isPartOf\":{\"@id\":\"https:\/\/hudo.com\/si\/#website\"},\"datePublished\":\"2016-05-21T08:00:00+00:00\",\"dateModified\":\"2016-05-22T06:17:58+00:00\",\"breadcrumb\":{\"@id\":\"https:\/\/hudo.com\/si\/aktualno\/zaveznistvo-alenke-bratusek-dobiva-novo-ime\/#breadcrumb\"},\"inLanguage\":\"sl-SI\",\"potentialAction\":[{\"@type\":\"ReadAction\",\"target\":[\"https:\/\/hudo.com\/si\/aktualno\/zaveznistvo-alenke-bratusek-dobiva-novo-ime\/\"]}]},{\"@type\":\"BreadcrumbList\",\"@id\":\"https:\/\/hudo.com\/si\/aktualno\/zaveznistvo-alenke-bratusek-dobiva-novo-ime\/#breadcrumb\",\"itemListElement\":[{\"@type\":\"ListItem\",\"position\":1,\"name\":\"Home\",\"item\":\"https:\/\/hudo.com\/si\/\"},{\"@type\":\"ListItem\",\"position\":2,\"name\":\"Zavezni\u0161tvo Alenke Bratu\u0161ek dobiva novo ime\"}]},{\"@type\":\"WebSite\",\"@id\":\"https:\/\/hudo.com\/si\/#website\",\"url\":\"https:\/\/hudo.com\/si\/\",\"name\":\"Hudo Slovenija\",\"description\":\"Vse novice iz Slovenije in sveta\",\"publisher\":{\"@id\":\"https:\/\/hudo.com\/si\/#organization\"},\"potentialAction\":[{\"@type\":\"SearchAction\",\"target\":{\"@type\":\"EntryPoint\",\"urlTemplate\":\"https:\/\/hudo.com\/si\/?s={search_term_string}\"},\"query-input\":\"required name=search_term_string\"}],\"inLanguage\":\"sl-SI\"},{\"@type\":\"Organization\",\"@id\":\"https:\/\/hudo.com\/si\/#organization\",\"name\":\"VSN Media\",\"url\":\"https:\/\/hudo.com\/si\/\",\"logo\":{\"@type\":\"ImageObject\",\"inLanguage\":\"sl-SI\",\"@id\":\"https:\/\/hudo.com\/si\/#\/schema\/logo\/image\/\",\"url\":\"https:\/\/hudo.com\/si\/wp-content\/uploads\/sites\/2\/2021\/03\/hudo-app-2.png\",\"contentUrl\":\"https:\/\/hudo.com\/si\/wp-content\/uploads\/sites\/2\/2021\/03\/hudo-app-2.png\",\"width\":2185,\"height\":2167,\"caption\":\"VSN Media\"},\"image\":{\"@id\":\"https:\/\/hudo.com\/si\/#\/schema\/logo\/image\/\"},\"sameAs\":[\"https:\/\/www.facebook.com\/hudo.si\",\"https:\/\/twitter.com\/hudo_si\"]},{\"@type\":\"Person\",\"@id\":\"https:\/\/hudo.com\/si\/#\/schema\/person\/601cf3379633985b20f7e50f2bb47707\",\"name\":\"hudo\",\"image\":{\"@type\":\"ImageObject\",\"inLanguage\":\"sl-SI\",\"@id\":\"https:\/\/hudo.com\/si\/#\/schema\/person\/image\/\",\"url\":\"https:\/\/secure.gravatar.com\/avatar\/c4ca25fa72cace7a696b52ff5db9e095?s=96&d=mm&r=g\",\"contentUrl\":\"https:\/\/secure.gravatar.com\/avatar\/c4ca25fa72cace7a696b52ff5db9e095?s=96&d=mm&r=g\",\"caption\":\"hudo\"},\"url\":\"https:\/\/hudo.com\/si\/author\/hudo\/\"}]}<\/script>\n<!-- \/ Yoast SEO plugin. -->","yoast_head_json":{"title":"Zavezni\u0161tvo Alenke Bratu\u0161ek dobiva novo ime - Hudo Slovenija","robots":{"index":"index","follow":"follow","max-snippet":"max-snippet:-1","max-image-preview":"max-image-preview:large","max-video-preview":"max-video-preview:-1"},"canonical":"https:\/\/hudo.com\/si\/aktualno\/zaveznistvo-alenke-bratusek-dobiva-novo-ime\/","og_locale":"sl_SI","og_type":"article","og_title":"Zavezni\u0161tvo Alenke Bratu\u0161ek dobiva novo ime - Hudo Slovenija","og_description":"Izvr\u0161ni odbor ZaAB je kongresu stranke predlagal, da se stranka preimenovanje v Zavezni\u0161tvo socialno-liberalnih demokratov, je v svojem govoru na kongresu razkrila predsednica zavezni\u0161tva Alenka Bratu\u0161ek. Dotaknila se je veliko tematik, kriti\u010dna je bila predvsem do premierja Mira Cerarja, vladajo\u010de SMC in nekdanjih sodelavcev. Dejstvo, da se bo stranka danes preimenovala, pa po besedah Bratu\u0161kove ne pomeni, da spreminjajo politi\u010dne usmeritev, temve\u010d bodo z novim imenom \u0161e bolj jasno povedali, kak\u0161na je ta usmeritev. Spomnila se je dinami\u010dne poti, ki jo je ta stranka, ustanovljena pred dvema letoma, prehodila. Takoj so jih \u010dakale volitve, na katerih jim je kljub druga\u010dnim napovedim uspelo dobiti \u0161tiri poslanska mesta v DZ. V vladno koalicijo se sicer niso vklju\u010dili, vendar sta bila med tistimi, \"ki so tako ali druga\u010de \u017eeleli v vladno koalicijo\", tudi Peter Vilfan in Jani M\u00f6derndorfer, je spomnila. Lahko pa bi se ob tem po njenem vpra\u0161ali, \"ali je eti\u010dno in moralno, da pride\u0161 v parlament z glasovi ene stranke in si potem premisli\u0161 in presede\u0161 drugam\". \u0160e manj eti\u010dno in moralno se ji zdi pozivati poslance, naj vrnejo mandat, \u010de ne \u017eelijo sodelovati s stranko, s katero so \u0161li na volitve, v svoje vrste pa sprejmejo poslanca druge stranke. Najve\u010dja parlamentarna stranka SMC je od dveh poslancev, ki sta zapustila poslansko skupino, pozivala, naj vrneta svoja mandata, v svoje vrste pa sprejela M\u00f6derndorferja. Bratu\u0161kova pa obljublja, da bosta s poslansko kolegico Mirjam Bon Klajn\u0161\u010dek \u0161e naprej zagovarjali njihova skupna stali\u0161\u010da in si prizadevali za bolj\u0161o Slovenijo. Omenila je izsledke revizije ra\u010dunskega sodi\u0161\u010da o poslovanju politi\u010dnih strank, v kateri je ZaAB kot edina parlamentarna stranka dobila pozitivno mnenje. \"Velikokrat so me spra\u0161evali o financah in poslovanju. \u010ce\u0161, pri vas gre pa veliko stvari narobe. Ta teden so vsi dobili odgovor,\" je dejala. Nadaljevala je z izzivi, s katerimi se danes soo\u010da Evropa, in menila, da je bilo v preteklosti narejenih nekaj napak. Z","og_url":"https:\/\/hudo.com\/si\/aktualno\/zaveznistvo-alenke-bratusek-dobiva-novo-ime\/","og_site_name":"Hudo Slovenija","article_publisher":"https:\/\/www.facebook.com\/hudo.si","article_published_time":"2016-05-21T08:00:00+00:00","article_modified_time":"2016-05-22T06:17:58+00:00","og_image":[{"width":450,"height":271,"url":"https:\/\/hudo.com\/si\/wp-content\/uploads\/sites\/2\/2016\/05\/bra-300.jpg","type":"image\/jpeg"}],"author":"hudo","twitter_card":"summary_large_image","twitter_creator":"@hudo_si","twitter_site":"@hudo_si","twitter_misc":{"Written by":"hudo","Est. reading time":"2 minuti"},"schema":{"@context":"https:\/\/schema.org","@graph":[{"@type":"Article","@id":"https:\/\/hudo.com\/si\/aktualno\/zaveznistvo-alenke-bratusek-dobiva-novo-ime\/#article","isPartOf":{"@id":"https:\/\/hudo.com\/si\/aktualno\/zaveznistvo-alenke-bratusek-dobiva-novo-ime\/"},"author":{"name":"hudo","@id":"https:\/\/hudo.com\/si\/#\/schema\/person\/601cf3379633985b20f7e50f2bb47707"},"headline":"Zavezni\u0161tvo Alenke Bratu\u0161ek dobiva novo ime","datePublished":"2016-05-21T08:00:00+00:00","dateModified":"2016-05-22T06:17:58+00:00","mainEntityOfPage":{"@id":"https:\/\/hudo.com\/si\/aktualno\/zaveznistvo-alenke-bratusek-dobiva-novo-ime\/"},"wordCount":348,"publisher":{"@id":"https:\/\/hudo.com\/si\/#organization"},"articleSection":["Aktualno"],"inLanguage":"sl-SI"},{"@type":"WebPage","@id":"https:\/\/hudo.com\/si\/aktualno\/zaveznistvo-alenke-bratusek-dobiva-novo-ime\/","url":"https:\/\/hudo.com\/si\/aktualno\/zaveznistvo-alenke-bratusek-dobiva-novo-ime\/","name":"Zavezni\u0161tvo Alenke Bratu\u0161ek dobiva novo ime - Hudo Slovenija","isPartOf":{"@id":"https:\/\/hudo.com\/si\/#website"},"datePublished":"2016-05-21T08:00:00+00:00","dateModified":"2016-05-22T06:17:58+00:00","breadcrumb":{"@id":"https:\/\/hudo.com\/si\/aktualno\/zaveznistvo-alenke-bratusek-dobiva-novo-ime\/#breadcrumb"},"inLanguage":"sl-SI","potentialAction":[{"@type":"ReadAction","target":["https:\/\/hudo.com\/si\/aktualno\/zaveznistvo-alenke-bratusek-dobiva-novo-ime\/"]}]},{"@type":"BreadcrumbList","@id":"https:\/\/hudo.com\/si\/aktualno\/zaveznistvo-alenke-bratusek-dobiva-novo-ime\/#breadcrumb","itemListElement":[{"@type":"ListItem","position":1,"name":"Home","item":"https:\/\/hudo.com\/si\/"},{"@type":"ListItem","position":2,"name":"Zavezni\u0161tvo Alenke Bratu\u0161ek dobiva novo ime"}]},{"@type":"WebSite","@id":"https:\/\/hudo.com\/si\/#website","url":"https:\/\/hudo.com\/si\/","name":"Hudo Slovenija","description":"Vse novice iz Slovenije in sveta","publisher":{"@id":"https:\/\/hudo.com\/si\/#organization"},"potentialAction":[{"@type":"SearchAction","target":{"@type":"EntryPoint","urlTemplate":"https:\/\/hudo.com\/si\/?s={search_term_string}"},"query-input":"required name=search_term_string"}],"inLanguage":"sl-SI"},{"@type":"Organization","@id":"https:\/\/hudo.com\/si\/#organization","name":"VSN Media","url":"https:\/\/hudo.com\/si\/","logo":{"@type":"ImageObject","inLanguage":"sl-SI","@id":"https:\/\/hudo.com\/si\/#\/schema\/logo\/image\/","url":"https:\/\/hudo.com\/si\/wp-content\/uploads\/sites\/2\/2021\/03\/hudo-app-2.png","contentUrl":"https:\/\/hudo.com\/si\/wp-content\/uploads\/sites\/2\/2021\/03\/hudo-app-2.png","width":2185,"height":2167,"caption":"VSN Media"},"image":{"@id":"https:\/\/hudo.com\/si\/#\/schema\/logo\/image\/"},"sameAs":["https:\/\/www.facebook.com\/hudo.si","https:\/\/twitter.com\/hudo_si"]},{"@type":"Person","@id":"https:\/\/hudo.com\/si\/#\/schema\/person\/601cf3379633985b20f7e50f2bb47707","name":"hudo","image":{"@type":"ImageObject","inLanguage":"sl-SI","@id":"https:\/\/hudo.com\/si\/#\/schema\/person\/image\/","url":"https:\/\/secure.gravatar.com\/avatar\/c4ca25fa72cace7a696b52ff5db9e095?s=96&d=mm&r=g","contentUrl":"https:\/\/secure.gravatar.com\/avatar\/c4ca25fa72cace7a696b52ff5db9e095?s=96&d=mm&r=g","caption":"hudo"},"url":"https:\/\/hudo.com\/si\/author\/hudo\/"}]}},"amp_enabled":true,"_links":{"self":[{"href":"https:\/\/hudo.com\/si\/wp-json\/wp\/v2\/posts\/58049"}],"collection":[{"href":"https:\/\/hudo.com\/si\/wp-json\/wp\/v2\/posts"}],"about":[{"href":"https:\/\/hudo.com\/si\/wp-json\/wp\/v2\/types\/post"}],"author":[{"embeddable":true,"href":"https:\/\/hudo.com\/si\/wp-json\/wp\/v2\/users\/1"}],"replies":[{"embeddable":true,"href":"https:\/\/hudo.com\/si\/wp-json\/wp\/v2\/comments?post=58049"}],"version-history":[{"count":1,"href":"https:\/\/hudo.com\/si\/wp-json\/wp\/v2\/posts\/58049\/revisions"}],"predecessor-version":[{"id":58094,"href":"https:\/\/hudo.com\/si\/wp-json\/wp\/v2\/posts\/58049\/revisions\/58094"}],"wp:attachment":[{"href":"https:\/\/hudo.com\/si\/wp-json\/wp\/v2\/media?parent=58049"}],"wp:term":[{"taxonomy":"category","embeddable":true,"href":"https:\/\/hudo.com\/si\/wp-json\/wp\/v2\/categories?post=58049"},{"taxonomy":"post_tag","embeddable":true,"href":"https:\/\/hudo.com\/si\/wp-json\/wp\/v2\/tags?post=58049"},{"taxonomy":"source","embeddable":true,"href":"https:\/\/hudo.com\/si\/wp-json\/wp\/v2\/source?post=58049"},{"taxonomy":"supertag","embeddable":true,"href":"https:\/\/hudo.com\/si\/wp-json\/wp\/v2\/supertag?post=58049"}],"curies":[{"name":"wp","href":"https:\/\/api.w.org\/{rel}","templated":true}]}}