{"id":58084,"date":"2016-05-21T11:24:00","date_gmt":"2016-05-21T09:24:00","guid":{"rendered":"http:\/\/hudo.com\/si\/2016\/05\/21\/iz-zaveznistva-alenke-bratusek-v-zaveznistvo-socialno-liberalnih-demokratov\/"},"modified":"2016-05-21T17:11:27","modified_gmt":"2016-05-21T15:11:27","slug":"iz-zaveznistva-alenke-bratusek-v-zaveznistvo-socialno-liberalnih-demokratov","status":"publish","type":"post","link":"https:\/\/hudo.com\/si\/aktualno\/iz-zaveznistva-alenke-bratusek-v-zaveznistvo-socialno-liberalnih-demokratov\/","title":{"rendered":"Iz Zavezni\u0161tva Alenke Bratu\u0161ek v Zavezni\u0161tvo socialno-liberalnih demokratov"},"content":{"rendered":"<p>Kategorija: Politika Sat, 21 May 2016 13:24:00 +0200  Ljubljana \u2013 Zavezni\u0161tvo Alenke Bratu\u0161ek (ZaAB) se je na dana\u0161njem kongresu preimenovalo v Zavezni\u0161tvo socialno-liberalnih demokratov. Na dana\u0161njem kongresu so sprejeli tudi resolucijo, v kateri so dolo\u010dene programske prioritete, dotikajo se gospodarstva, javnih financ, enakih mo\u017enosti in varnosti ter \u010dlovekovih pravic, poro\u010da Slovenska tiskovna agencija. Skladno s sprejetimi programskimi prioritetami bo stranka zagovarjala inovacije, nova delovna mesta in trajnosti razvoj, vzdr\u017ene javne finance ter transparentno upravljanje dr\u017eavnega premo\u017eenja, enake pravice za vse s poudarkom na \u017eenskam in mladih ter zagotavljanje varnost in spo\u0161tovanje \u010dlovekovih pravic v lu\u010di begunske krize. Tako med drugim nameravajo spodbujati tuje investicije, posebno pozornost namenjati obrtni\u0161tvu in podjetni\u0161tvu, preveriti delovnopravno zakonodajo ter postopno uveljaviti model kro\u017enega gospodarstva. Poleg tega zagovarjajo postopno zni\u017eevanje primanjkljaja in dolga,\u00a0&#8230;<\/p>\n","protected":false},"excerpt":{"rendered":"<p>Kategorija: Politika Sat, 21 May 2016 13:24:00 +0200  Ljubljana \u2013 Zavezni\u0161tvo Alenke Bratu\u0161ek (ZaAB) se je na dana\u0161njem kongresu preimenovalo v Zavezni\u0161tvo socialno-liberalnih demokratov. Na dana\u0161njem kongresu so sprejeli tudi resolucijo, v kateri so dolo\u010dene programske prioritete, dotikajo se gospodarstva, javnih financ, enakih mo\u017enosti in varnosti ter \u010dlovekovih pravic, poro\u010da Slovenska tiskovna agencija. Skladno s sprejetimi programskimi prioritetami bo stranka zagovarjala inovacije, nova delovna mesta in trajnosti razvoj, vzdr\u017ene javne finance ter transparentno upravljanje dr\u017eavnega premo\u017eenja, enake pravice za vse s poudarkom na \u017eenskam in mladih ter zagotavljanje varnost in spo\u0161tovanje \u010dlovekovih pravic v lu\u010di begunske krize. Tako med drugim nameravajo spodbujati tuje investicije, posebno pozornost namenjati obrtni\u0161tvu in podjetni\u0161tvu, preveriti delovnopravno zakonodajo ter postopno uveljaviti model kro\u017enega gospodarstva. Poleg tega zagovarjajo postopno zni\u017eevanje primanjkljaja in dolga,\u00a0&#8230;<\/p>\n","protected":false},"author":1,"featured_media":0,"comment_status":"closed","ping_status":"closed","sticky":false,"template":"","format":"standard","meta":{"footnotes":""},"categories":[1179],"tags":[],"source":[4511],"supertag":[],"acf":[],"yoast_head":"<!-- This site is optimized with the Yoast SEO plugin v21.3 - https:\/\/yoast.com\/wordpress\/plugins\/seo\/ -->\n<title>Iz Zavezni\u0161tva Alenke Bratu\u0161ek v Zavezni\u0161tvo socialno-liberalnih demokratov - Hudo Slovenija<\/title>\n<meta name=\"robots\" content=\"index, follow, max-snippet:-1, max-image-preview:large, max-video-preview:-1\" \/>\n<link rel=\"canonical\" href=\"https:\/\/hudo.com\/si\/aktualno\/iz-zaveznistva-alenke-bratusek-v-zaveznistvo-socialno-liberalnih-demokratov\/\" \/>\n<meta property=\"og:locale\" content=\"sl_SI\" \/>\n<meta property=\"og:type\" content=\"article\" \/>\n<meta property=\"og:title\" content=\"Iz Zavezni\u0161tva Alenke Bratu\u0161ek v Zavezni\u0161tvo socialno-liberalnih demokratov - Hudo Slovenija\" \/>\n<meta property=\"og:description\" content=\"Kategorija: Politika Sat, 21 May 2016 13:24:00 +0200 Ljubljana \u2013 Zavezni\u0161tvo Alenke Bratu\u0161ek (ZaAB) se je na dana\u0161njem kongresu preimenovalo v Zavezni\u0161tvo socialno-liberalnih demokratov. Na dana\u0161njem kongresu so sprejeli tudi resolucijo, v kateri so dolo\u010dene programske prioritete, dotikajo se gospodarstva, javnih financ, enakih mo\u017enosti in varnosti ter \u010dlovekovih pravic, poro\u010da Slovenska tiskovna agencija. Skladno s sprejetimi programskimi prioritetami bo stranka zagovarjala inovacije, nova delovna mesta in trajnosti razvoj, vzdr\u017ene javne finance ter transparentno upravljanje dr\u017eavnega premo\u017eenja, enake pravice za vse s poudarkom na \u017eenskam in mladih ter zagotavljanje varnost in spo\u0161tovanje \u010dlovekovih pravic v lu\u010di begunske krize. Tako med drugim nameravajo spodbujati tuje investicije, posebno pozornost namenjati obrtni\u0161tvu in podjetni\u0161tvu, preveriti delovnopravno zakonodajo ter postopno uveljaviti model kro\u017enega gospodarstva. Poleg tega zagovarjajo postopno zni\u017eevanje primanjkljaja in dolga,\u00a0...\" \/>\n<meta property=\"og:url\" content=\"https:\/\/hudo.com\/si\/aktualno\/iz-zaveznistva-alenke-bratusek-v-zaveznistvo-socialno-liberalnih-demokratov\/\" \/>\n<meta property=\"og:site_name\" content=\"Hudo Slovenija\" \/>\n<meta property=\"article:publisher\" content=\"https:\/\/www.facebook.com\/hudo.si\" \/>\n<meta property=\"article:published_time\" content=\"2016-05-21T09:24:00+00:00\" \/>\n<meta property=\"article:modified_time\" content=\"2016-05-21T15:11:27+00:00\" \/>\n<meta property=\"og:image\" content=\"https:\/\/hudo.com\/si\/wp-content\/uploads\/sites\/2\/2016\/05\/480x290_2_stran__djvu_1988644_mdr_j_hires0.jpeg\" \/>\n\t<meta property=\"og:image:width\" content=\"480\" \/>\n\t<meta property=\"og:image:height\" content=\"290\" \/>\n\t<meta property=\"og:image:type\" content=\"image\/jpeg\" \/>\n<meta name=\"author\" content=\"hudo\" \/>\n<meta name=\"twitter:card\" content=\"summary_large_image\" \/>\n<meta name=\"twitter:creator\" content=\"@hudo_si\" \/>\n<meta name=\"twitter:site\" content=\"@hudo_si\" \/>\n<meta name=\"twitter:label1\" content=\"Written by\" \/>\n\t<meta name=\"twitter:data1\" content=\"hudo\" \/>\n\t<meta name=\"twitter:label2\" content=\"Est. reading time\" \/>\n\t<meta name=\"twitter:data2\" content=\"1 minuta\" \/>\n<script type=\"application\/ld+json\" class=\"yoast-schema-graph\">{\"@context\":\"https:\/\/schema.org\",\"@graph\":[{\"@type\":\"Article\",\"@id\":\"https:\/\/hudo.com\/si\/aktualno\/iz-zaveznistva-alenke-bratusek-v-zaveznistvo-socialno-liberalnih-demokratov\/#article\",\"isPartOf\":{\"@id\":\"https:\/\/hudo.com\/si\/aktualno\/iz-zaveznistva-alenke-bratusek-v-zaveznistvo-socialno-liberalnih-demokratov\/\"},\"author\":{\"name\":\"hudo\",\"@id\":\"https:\/\/hudo.com\/si\/#\/schema\/person\/601cf3379633985b20f7e50f2bb47707\"},\"headline\":\"Iz Zavezni\u0161tva Alenke Bratu\u0161ek v Zavezni\u0161tvo socialno-liberalnih demokratov\",\"datePublished\":\"2016-05-21T09:24:00+00:00\",\"dateModified\":\"2016-05-21T15:11:27+00:00\",\"mainEntityOfPage\":{\"@id\":\"https:\/\/hudo.com\/si\/aktualno\/iz-zaveznistva-alenke-bratusek-v-zaveznistvo-socialno-liberalnih-demokratov\/\"},\"wordCount\":150,\"publisher\":{\"@id\":\"https:\/\/hudo.com\/si\/#organization\"},\"articleSection\":[\"Aktualno\"],\"inLanguage\":\"sl-SI\"},{\"@type\":\"WebPage\",\"@id\":\"https:\/\/hudo.com\/si\/aktualno\/iz-zaveznistva-alenke-bratusek-v-zaveznistvo-socialno-liberalnih-demokratov\/\",\"url\":\"https:\/\/hudo.com\/si\/aktualno\/iz-zaveznistva-alenke-bratusek-v-zaveznistvo-socialno-liberalnih-demokratov\/\",\"name\":\"Iz Zavezni\u0161tva Alenke Bratu\u0161ek v Zavezni\u0161tvo socialno-liberalnih demokratov - Hudo Slovenija\",\"isPartOf\":{\"@id\":\"https:\/\/hudo.com\/si\/#website\"},\"datePublished\":\"2016-05-21T09:24:00+00:00\",\"dateModified\":\"2016-05-21T15:11:27+00:00\",\"breadcrumb\":{\"@id\":\"https:\/\/hudo.com\/si\/aktualno\/iz-zaveznistva-alenke-bratusek-v-zaveznistvo-socialno-liberalnih-demokratov\/#breadcrumb\"},\"inLanguage\":\"sl-SI\",\"potentialAction\":[{\"@type\":\"ReadAction\",\"target\":[\"https:\/\/hudo.com\/si\/aktualno\/iz-zaveznistva-alenke-bratusek-v-zaveznistvo-socialno-liberalnih-demokratov\/\"]}]},{\"@type\":\"BreadcrumbList\",\"@id\":\"https:\/\/hudo.com\/si\/aktualno\/iz-zaveznistva-alenke-bratusek-v-zaveznistvo-socialno-liberalnih-demokratov\/#breadcrumb\",\"itemListElement\":[{\"@type\":\"ListItem\",\"position\":1,\"name\":\"Home\",\"item\":\"https:\/\/hudo.com\/si\/\"},{\"@type\":\"ListItem\",\"position\":2,\"name\":\"Iz Zavezni\u0161tva Alenke Bratu\u0161ek v Zavezni\u0161tvo socialno-liberalnih demokratov\"}]},{\"@type\":\"WebSite\",\"@id\":\"https:\/\/hudo.com\/si\/#website\",\"url\":\"https:\/\/hudo.com\/si\/\",\"name\":\"Hudo Slovenija\",\"description\":\"Vse novice iz Slovenije in sveta\",\"publisher\":{\"@id\":\"https:\/\/hudo.com\/si\/#organization\"},\"potentialAction\":[{\"@type\":\"SearchAction\",\"target\":{\"@type\":\"EntryPoint\",\"urlTemplate\":\"https:\/\/hudo.com\/si\/?s={search_term_string}\"},\"query-input\":\"required name=search_term_string\"}],\"inLanguage\":\"sl-SI\"},{\"@type\":\"Organization\",\"@id\":\"https:\/\/hudo.com\/si\/#organization\",\"name\":\"VSN Media\",\"url\":\"https:\/\/hudo.com\/si\/\",\"logo\":{\"@type\":\"ImageObject\",\"inLanguage\":\"sl-SI\",\"@id\":\"https:\/\/hudo.com\/si\/#\/schema\/logo\/image\/\",\"url\":\"https:\/\/hudo.com\/si\/wp-content\/uploads\/sites\/2\/2021\/03\/hudo-app-2.png\",\"contentUrl\":\"https:\/\/hudo.com\/si\/wp-content\/uploads\/sites\/2\/2021\/03\/hudo-app-2.png\",\"width\":2185,\"height\":2167,\"caption\":\"VSN Media\"},\"image\":{\"@id\":\"https:\/\/hudo.com\/si\/#\/schema\/logo\/image\/\"},\"sameAs\":[\"https:\/\/www.facebook.com\/hudo.si\",\"https:\/\/twitter.com\/hudo_si\"]},{\"@type\":\"Person\",\"@id\":\"https:\/\/hudo.com\/si\/#\/schema\/person\/601cf3379633985b20f7e50f2bb47707\",\"name\":\"hudo\",\"image\":{\"@type\":\"ImageObject\",\"inLanguage\":\"sl-SI\",\"@id\":\"https:\/\/hudo.com\/si\/#\/schema\/person\/image\/\",\"url\":\"https:\/\/secure.gravatar.com\/avatar\/c4ca25fa72cace7a696b52ff5db9e095?s=96&d=mm&r=g\",\"contentUrl\":\"https:\/\/secure.gravatar.com\/avatar\/c4ca25fa72cace7a696b52ff5db9e095?s=96&d=mm&r=g\",\"caption\":\"hudo\"},\"url\":\"https:\/\/hudo.com\/si\/author\/hudo\/\"}]}<\/script>\n<!-- \/ Yoast SEO plugin. -->","yoast_head_json":{"title":"Iz Zavezni\u0161tva Alenke Bratu\u0161ek v Zavezni\u0161tvo socialno-liberalnih demokratov - Hudo Slovenija","robots":{"index":"index","follow":"follow","max-snippet":"max-snippet:-1","max-image-preview":"max-image-preview:large","max-video-preview":"max-video-preview:-1"},"canonical":"https:\/\/hudo.com\/si\/aktualno\/iz-zaveznistva-alenke-bratusek-v-zaveznistvo-socialno-liberalnih-demokratov\/","og_locale":"sl_SI","og_type":"article","og_title":"Iz Zavezni\u0161tva Alenke Bratu\u0161ek v Zavezni\u0161tvo socialno-liberalnih demokratov - Hudo Slovenija","og_description":"Kategorija: Politika Sat, 21 May 2016 13:24:00 +0200 Ljubljana \u2013 Zavezni\u0161tvo Alenke Bratu\u0161ek (ZaAB) se je na dana\u0161njem kongresu preimenovalo v Zavezni\u0161tvo socialno-liberalnih demokratov. Na dana\u0161njem kongresu so sprejeli tudi resolucijo, v kateri so dolo\u010dene programske prioritete, dotikajo se gospodarstva, javnih financ, enakih mo\u017enosti in varnosti ter \u010dlovekovih pravic, poro\u010da Slovenska tiskovna agencija. Skladno s sprejetimi programskimi prioritetami bo stranka zagovarjala inovacije, nova delovna mesta in trajnosti razvoj, vzdr\u017ene javne finance ter transparentno upravljanje dr\u017eavnega premo\u017eenja, enake pravice za vse s poudarkom na \u017eenskam in mladih ter zagotavljanje varnost in spo\u0161tovanje \u010dlovekovih pravic v lu\u010di begunske krize. Tako med drugim nameravajo spodbujati tuje investicije, posebno pozornost namenjati obrtni\u0161tvu in podjetni\u0161tvu, preveriti delovnopravno zakonodajo ter postopno uveljaviti model kro\u017enega gospodarstva. Poleg tega zagovarjajo postopno zni\u017eevanje primanjkljaja in dolga,\u00a0...","og_url":"https:\/\/hudo.com\/si\/aktualno\/iz-zaveznistva-alenke-bratusek-v-zaveznistvo-socialno-liberalnih-demokratov\/","og_site_name":"Hudo Slovenija","article_publisher":"https:\/\/www.facebook.com\/hudo.si","article_published_time":"2016-05-21T09:24:00+00:00","article_modified_time":"2016-05-21T15:11:27+00:00","og_image":[{"width":480,"height":290,"url":"https:\/\/hudo.com\/si\/wp-content\/uploads\/sites\/2\/2016\/05\/480x290_2_stran__djvu_1988644_mdr_j_hires0.jpeg","type":"image\/jpeg"}],"author":"hudo","twitter_card":"summary_large_image","twitter_creator":"@hudo_si","twitter_site":"@hudo_si","twitter_misc":{"Written by":"hudo","Est. reading time":"1 minuta"},"schema":{"@context":"https:\/\/schema.org","@graph":[{"@type":"Article","@id":"https:\/\/hudo.com\/si\/aktualno\/iz-zaveznistva-alenke-bratusek-v-zaveznistvo-socialno-liberalnih-demokratov\/#article","isPartOf":{"@id":"https:\/\/hudo.com\/si\/aktualno\/iz-zaveznistva-alenke-bratusek-v-zaveznistvo-socialno-liberalnih-demokratov\/"},"author":{"name":"hudo","@id":"https:\/\/hudo.com\/si\/#\/schema\/person\/601cf3379633985b20f7e50f2bb47707"},"headline":"Iz Zavezni\u0161tva Alenke Bratu\u0161ek v Zavezni\u0161tvo socialno-liberalnih demokratov","datePublished":"2016-05-21T09:24:00+00:00","dateModified":"2016-05-21T15:11:27+00:00","mainEntityOfPage":{"@id":"https:\/\/hudo.com\/si\/aktualno\/iz-zaveznistva-alenke-bratusek-v-zaveznistvo-socialno-liberalnih-demokratov\/"},"wordCount":150,"publisher":{"@id":"https:\/\/hudo.com\/si\/#organization"},"articleSection":["Aktualno"],"inLanguage":"sl-SI"},{"@type":"WebPage","@id":"https:\/\/hudo.com\/si\/aktualno\/iz-zaveznistva-alenke-bratusek-v-zaveznistvo-socialno-liberalnih-demokratov\/","url":"https:\/\/hudo.com\/si\/aktualno\/iz-zaveznistva-alenke-bratusek-v-zaveznistvo-socialno-liberalnih-demokratov\/","name":"Iz Zavezni\u0161tva Alenke Bratu\u0161ek v Zavezni\u0161tvo socialno-liberalnih demokratov - Hudo Slovenija","isPartOf":{"@id":"https:\/\/hudo.com\/si\/#website"},"datePublished":"2016-05-21T09:24:00+00:00","dateModified":"2016-05-21T15:11:27+00:00","breadcrumb":{"@id":"https:\/\/hudo.com\/si\/aktualno\/iz-zaveznistva-alenke-bratusek-v-zaveznistvo-socialno-liberalnih-demokratov\/#breadcrumb"},"inLanguage":"sl-SI","potentialAction":[{"@type":"ReadAction","target":["https:\/\/hudo.com\/si\/aktualno\/iz-zaveznistva-alenke-bratusek-v-zaveznistvo-socialno-liberalnih-demokratov\/"]}]},{"@type":"BreadcrumbList","@id":"https:\/\/hudo.com\/si\/aktualno\/iz-zaveznistva-alenke-bratusek-v-zaveznistvo-socialno-liberalnih-demokratov\/#breadcrumb","itemListElement":[{"@type":"ListItem","position":1,"name":"Home","item":"https:\/\/hudo.com\/si\/"},{"@type":"ListItem","position":2,"name":"Iz Zavezni\u0161tva Alenke Bratu\u0161ek v Zavezni\u0161tvo socialno-liberalnih demokratov"}]},{"@type":"WebSite","@id":"https:\/\/hudo.com\/si\/#website","url":"https:\/\/hudo.com\/si\/","name":"Hudo Slovenija","description":"Vse novice iz Slovenije in sveta","publisher":{"@id":"https:\/\/hudo.com\/si\/#organization"},"potentialAction":[{"@type":"SearchAction","target":{"@type":"EntryPoint","urlTemplate":"https:\/\/hudo.com\/si\/?s={search_term_string}"},"query-input":"required name=search_term_string"}],"inLanguage":"sl-SI"},{"@type":"Organization","@id":"https:\/\/hudo.com\/si\/#organization","name":"VSN Media","url":"https:\/\/hudo.com\/si\/","logo":{"@type":"ImageObject","inLanguage":"sl-SI","@id":"https:\/\/hudo.com\/si\/#\/schema\/logo\/image\/","url":"https:\/\/hudo.com\/si\/wp-content\/uploads\/sites\/2\/2021\/03\/hudo-app-2.png","contentUrl":"https:\/\/hudo.com\/si\/wp-content\/uploads\/sites\/2\/2021\/03\/hudo-app-2.png","width":2185,"height":2167,"caption":"VSN Media"},"image":{"@id":"https:\/\/hudo.com\/si\/#\/schema\/logo\/image\/"},"sameAs":["https:\/\/www.facebook.com\/hudo.si","https:\/\/twitter.com\/hudo_si"]},{"@type":"Person","@id":"https:\/\/hudo.com\/si\/#\/schema\/person\/601cf3379633985b20f7e50f2bb47707","name":"hudo","image":{"@type":"ImageObject","inLanguage":"sl-SI","@id":"https:\/\/hudo.com\/si\/#\/schema\/person\/image\/","url":"https:\/\/secure.gravatar.com\/avatar\/c4ca25fa72cace7a696b52ff5db9e095?s=96&d=mm&r=g","contentUrl":"https:\/\/secure.gravatar.com\/avatar\/c4ca25fa72cace7a696b52ff5db9e095?s=96&d=mm&r=g","caption":"hudo"},"url":"https:\/\/hudo.com\/si\/author\/hudo\/"}]}},"amp_enabled":true,"_links":{"self":[{"href":"https:\/\/hudo.com\/si\/wp-json\/wp\/v2\/posts\/58084"}],"collection":[{"href":"https:\/\/hudo.com\/si\/wp-json\/wp\/v2\/posts"}],"about":[{"href":"https:\/\/hudo.com\/si\/wp-json\/wp\/v2\/types\/post"}],"author":[{"embeddable":true,"href":"https:\/\/hudo.com\/si\/wp-json\/wp\/v2\/users\/1"}],"replies":[{"embeddable":true,"href":"https:\/\/hudo.com\/si\/wp-json\/wp\/v2\/comments?post=58084"}],"version-history":[{"count":1,"href":"https:\/\/hudo.com\/si\/wp-json\/wp\/v2\/posts\/58084\/revisions"}],"predecessor-version":[{"id":58115,"href":"https:\/\/hudo.com\/si\/wp-json\/wp\/v2\/posts\/58084\/revisions\/58115"}],"wp:attachment":[{"href":"https:\/\/hudo.com\/si\/wp-json\/wp\/v2\/media?parent=58084"}],"wp:term":[{"taxonomy":"category","embeddable":true,"href":"https:\/\/hudo.com\/si\/wp-json\/wp\/v2\/categories?post=58084"},{"taxonomy":"post_tag","embeddable":true,"href":"https:\/\/hudo.com\/si\/wp-json\/wp\/v2\/tags?post=58084"},{"taxonomy":"source","embeddable":true,"href":"https:\/\/hudo.com\/si\/wp-json\/wp\/v2\/source?post=58084"},{"taxonomy":"supertag","embeddable":true,"href":"https:\/\/hudo.com\/si\/wp-json\/wp\/v2\/supertag?post=58084"}],"curies":[{"name":"wp","href":"https:\/\/api.w.org\/{rel}","templated":true}]}}