{"id":59016,"date":"2016-05-23T07:00:00","date_gmt":"2016-05-23T05:00:00","guid":{"rendered":"http:\/\/hudo.com\/si\/2016\/05\/23\/evropska-komisija-grozi-poljski-varsava-kljubuje\/"},"modified":"2016-05-23T07:00:00","modified_gmt":"2016-05-23T05:00:00","slug":"evropska-komisija-grozi-poljski-varsava-kljubuje","status":"publish","type":"post","link":"https:\/\/hudo.com\/si\/aktualno\/evropska-komisija-grozi-poljski-varsava-kljubuje\/","title":{"rendered":"Evropska komisija grozi Poljski, Var\u0161ava kljubuje"},"content":{"rendered":"<p>Kategorija: Evropa Mon, 23 May 2016 09:00:00 +0200  Evropska komisija je zaostrila spor s konservativno vlado v Var\u0161avi, Poljska lahko postane prva dr\u017eava \u010dlanica Evropske unije, ki bi jo doletele sankcije zaradi nespo\u0161tovanja vladavine prava. Kljub kritikam vladajo\u010da stranka Pravo in pravica ne popu\u0161\u010da. Ministrska predsednica Beata Szyd\u0142o je v petek o\u010ditno zaostrila konflikt, izjavila je, da je Poljska suverena dr\u017eava in ne bo klonila pod zunanjim pritiskom. \u00bbAli \u017eelite, da o Poljski odlo\u010dajo Poljaki?\u00ab je rekla v govoru v parlamentu. Minulo sredo je komisija dala Poljski pet dni \u010dasa za to, da poka\u017ee \u00bbveliki napredek\u00ab oziroma se odzove na evropske o\u010ditke o kontroveznih spremembah na ustavnem sodi\u0161\u010du in dr\u017eavnih medijih. \u010ce sprememb do danes ne bo, lahko sledi \u00bbmnenje\u00ab komisije, in to bi utegnila biti pot v resnej\u0161e sankcije, kon\u010dni izid pa je lahko celo odvzem glasovalnih pravic o\u00a0&#8230;<\/p>\n","protected":false},"excerpt":{"rendered":"<p>Kategorija: Evropa Mon, 23 May 2016 09:00:00 +0200  Evropska komisija je zaostrila spor s konservativno vlado v Var\u0161avi, Poljska lahko postane prva dr\u017eava \u010dlanica Evropske unije, ki bi jo doletele sankcije zaradi nespo\u0161tovanja vladavine prava. Kljub kritikam vladajo\u010da stranka Pravo in pravica ne popu\u0161\u010da. Ministrska predsednica Beata Szyd\u0142o je v petek o\u010ditno zaostrila konflikt, izjavila je, da je Poljska suverena dr\u017eava in ne bo klonila pod zunanjim pritiskom. \u00bbAli \u017eelite, da o Poljski odlo\u010dajo Poljaki?\u00ab je rekla v govoru v parlamentu. Minulo sredo je komisija dala Poljski pet dni \u010dasa za to, da poka\u017ee \u00bbveliki napredek\u00ab oziroma se odzove na evropske o\u010ditke o kontroveznih spremembah na ustavnem sodi\u0161\u010du in dr\u017eavnih medijih. \u010ce sprememb do danes ne bo, lahko sledi \u00bbmnenje\u00ab komisije, in to bi utegnila biti pot v resnej\u0161e sankcije, kon\u010dni izid pa je lahko celo odvzem glasovalnih pravic o\u00a0&#8230;<\/p>\n","protected":false},"author":1,"featured_media":0,"comment_status":"closed","ping_status":"closed","sticky":false,"template":"","format":"standard","meta":{"footnotes":""},"categories":[1179],"tags":[],"source":[4511],"supertag":[],"acf":[],"yoast_head":"<!-- This site is optimized with the Yoast SEO plugin v21.3 - https:\/\/yoast.com\/wordpress\/plugins\/seo\/ -->\n<title>Evropska komisija grozi Poljski, Var\u0161ava kljubuje - Hudo Slovenija<\/title>\n<meta name=\"robots\" content=\"index, follow, max-snippet:-1, max-image-preview:large, max-video-preview:-1\" \/>\n<link rel=\"canonical\" href=\"https:\/\/hudo.com\/si\/aktualno\/evropska-komisija-grozi-poljski-varsava-kljubuje\/\" \/>\n<meta property=\"og:locale\" content=\"sl_SI\" \/>\n<meta property=\"og:type\" content=\"article\" \/>\n<meta property=\"og:title\" content=\"Evropska komisija grozi Poljski, Var\u0161ava kljubuje - Hudo Slovenija\" \/>\n<meta property=\"og:description\" content=\"Kategorija: Evropa Mon, 23 May 2016 09:00:00 +0200 Evropska komisija je zaostrila spor s konservativno vlado v Var\u0161avi, Poljska lahko postane prva dr\u017eava \u010dlanica Evropske unije, ki bi jo doletele sankcije zaradi nespo\u0161tovanja vladavine prava. Kljub kritikam vladajo\u010da stranka Pravo in pravica ne popu\u0161\u010da. Ministrska predsednica Beata Szyd\u0142o je v petek o\u010ditno zaostrila konflikt, izjavila je, da je Poljska suverena dr\u017eava in ne bo klonila pod zunanjim pritiskom. \u00bbAli \u017eelite, da o Poljski odlo\u010dajo Poljaki?\u00ab je rekla v govoru v parlamentu. Minulo sredo je komisija dala Poljski pet dni \u010dasa za to, da poka\u017ee \u00bbveliki napredek\u00ab oziroma se odzove na evropske o\u010ditke o kontroveznih spremembah na ustavnem sodi\u0161\u010du in dr\u017eavnih medijih. \u010ce sprememb do danes ne bo, lahko sledi \u00bbmnenje\u00ab komisije, in to bi utegnila biti pot v resnej\u0161e sankcije, kon\u010dni izid pa je lahko celo odvzem glasovalnih pravic o\u00a0...\" \/>\n<meta property=\"og:url\" content=\"https:\/\/hudo.com\/si\/aktualno\/evropska-komisija-grozi-poljski-varsava-kljubuje\/\" \/>\n<meta property=\"og:site_name\" content=\"Hudo Slovenija\" \/>\n<meta property=\"article:publisher\" content=\"https:\/\/www.facebook.com\/hudo.si\" \/>\n<meta property=\"article:published_time\" content=\"2016-05-23T05:00:00+00:00\" \/>\n<meta property=\"og:image\" content=\"https:\/\/hudo.com\/si\/wp-content\/uploads\/sites\/2\/2016\/05\/480x290_Nedeljsko_dezurstvo__djvu_2.3_hires0.jpeg\" \/>\n\t<meta property=\"og:image:width\" content=\"480\" \/>\n\t<meta property=\"og:image:height\" content=\"290\" \/>\n\t<meta property=\"og:image:type\" content=\"image\/jpeg\" \/>\n<meta name=\"author\" content=\"hudo\" \/>\n<meta name=\"twitter:card\" content=\"summary_large_image\" \/>\n<meta name=\"twitter:creator\" content=\"@hudo_si\" \/>\n<meta name=\"twitter:site\" content=\"@hudo_si\" \/>\n<meta name=\"twitter:label1\" content=\"Written by\" \/>\n\t<meta name=\"twitter:data1\" content=\"hudo\" \/>\n\t<meta name=\"twitter:label2\" content=\"Est. reading time\" \/>\n\t<meta name=\"twitter:data2\" content=\"1 minuta\" \/>\n<script type=\"application\/ld+json\" class=\"yoast-schema-graph\">{\"@context\":\"https:\/\/schema.org\",\"@graph\":[{\"@type\":\"Article\",\"@id\":\"https:\/\/hudo.com\/si\/aktualno\/evropska-komisija-grozi-poljski-varsava-kljubuje\/#article\",\"isPartOf\":{\"@id\":\"https:\/\/hudo.com\/si\/aktualno\/evropska-komisija-grozi-poljski-varsava-kljubuje\/\"},\"author\":{\"name\":\"hudo\",\"@id\":\"https:\/\/hudo.com\/si\/#\/schema\/person\/601cf3379633985b20f7e50f2bb47707\"},\"headline\":\"Evropska komisija grozi Poljski, Var\u0161ava kljubuje\",\"datePublished\":\"2016-05-23T05:00:00+00:00\",\"dateModified\":\"2016-05-23T05:00:00+00:00\",\"mainEntityOfPage\":{\"@id\":\"https:\/\/hudo.com\/si\/aktualno\/evropska-komisija-grozi-poljski-varsava-kljubuje\/\"},\"wordCount\":158,\"publisher\":{\"@id\":\"https:\/\/hudo.com\/si\/#organization\"},\"articleSection\":[\"Aktualno\"],\"inLanguage\":\"sl-SI\"},{\"@type\":\"WebPage\",\"@id\":\"https:\/\/hudo.com\/si\/aktualno\/evropska-komisija-grozi-poljski-varsava-kljubuje\/\",\"url\":\"https:\/\/hudo.com\/si\/aktualno\/evropska-komisija-grozi-poljski-varsava-kljubuje\/\",\"name\":\"Evropska komisija grozi Poljski, Var\u0161ava kljubuje - Hudo Slovenija\",\"isPartOf\":{\"@id\":\"https:\/\/hudo.com\/si\/#website\"},\"datePublished\":\"2016-05-23T05:00:00+00:00\",\"dateModified\":\"2016-05-23T05:00:00+00:00\",\"breadcrumb\":{\"@id\":\"https:\/\/hudo.com\/si\/aktualno\/evropska-komisija-grozi-poljski-varsava-kljubuje\/#breadcrumb\"},\"inLanguage\":\"sl-SI\",\"potentialAction\":[{\"@type\":\"ReadAction\",\"target\":[\"https:\/\/hudo.com\/si\/aktualno\/evropska-komisija-grozi-poljski-varsava-kljubuje\/\"]}]},{\"@type\":\"BreadcrumbList\",\"@id\":\"https:\/\/hudo.com\/si\/aktualno\/evropska-komisija-grozi-poljski-varsava-kljubuje\/#breadcrumb\",\"itemListElement\":[{\"@type\":\"ListItem\",\"position\":1,\"name\":\"Home\",\"item\":\"https:\/\/hudo.com\/si\/\"},{\"@type\":\"ListItem\",\"position\":2,\"name\":\"Evropska komisija grozi Poljski, Var\u0161ava kljubuje\"}]},{\"@type\":\"WebSite\",\"@id\":\"https:\/\/hudo.com\/si\/#website\",\"url\":\"https:\/\/hudo.com\/si\/\",\"name\":\"Hudo Slovenija\",\"description\":\"Vse novice iz Slovenije in sveta\",\"publisher\":{\"@id\":\"https:\/\/hudo.com\/si\/#organization\"},\"potentialAction\":[{\"@type\":\"SearchAction\",\"target\":{\"@type\":\"EntryPoint\",\"urlTemplate\":\"https:\/\/hudo.com\/si\/?s={search_term_string}\"},\"query-input\":\"required name=search_term_string\"}],\"inLanguage\":\"sl-SI\"},{\"@type\":\"Organization\",\"@id\":\"https:\/\/hudo.com\/si\/#organization\",\"name\":\"VSN Media\",\"url\":\"https:\/\/hudo.com\/si\/\",\"logo\":{\"@type\":\"ImageObject\",\"inLanguage\":\"sl-SI\",\"@id\":\"https:\/\/hudo.com\/si\/#\/schema\/logo\/image\/\",\"url\":\"https:\/\/hudo.com\/si\/wp-content\/uploads\/sites\/2\/2021\/03\/hudo-app-2.png\",\"contentUrl\":\"https:\/\/hudo.com\/si\/wp-content\/uploads\/sites\/2\/2021\/03\/hudo-app-2.png\",\"width\":2185,\"height\":2167,\"caption\":\"VSN Media\"},\"image\":{\"@id\":\"https:\/\/hudo.com\/si\/#\/schema\/logo\/image\/\"},\"sameAs\":[\"https:\/\/www.facebook.com\/hudo.si\",\"https:\/\/twitter.com\/hudo_si\"]},{\"@type\":\"Person\",\"@id\":\"https:\/\/hudo.com\/si\/#\/schema\/person\/601cf3379633985b20f7e50f2bb47707\",\"name\":\"hudo\",\"image\":{\"@type\":\"ImageObject\",\"inLanguage\":\"sl-SI\",\"@id\":\"https:\/\/hudo.com\/si\/#\/schema\/person\/image\/\",\"url\":\"https:\/\/secure.gravatar.com\/avatar\/c4ca25fa72cace7a696b52ff5db9e095?s=96&d=mm&r=g\",\"contentUrl\":\"https:\/\/secure.gravatar.com\/avatar\/c4ca25fa72cace7a696b52ff5db9e095?s=96&d=mm&r=g\",\"caption\":\"hudo\"},\"url\":\"https:\/\/hudo.com\/si\/author\/hudo\/\"}]}<\/script>\n<!-- \/ Yoast SEO plugin. -->","yoast_head_json":{"title":"Evropska komisija grozi Poljski, Var\u0161ava kljubuje - Hudo Slovenija","robots":{"index":"index","follow":"follow","max-snippet":"max-snippet:-1","max-image-preview":"max-image-preview:large","max-video-preview":"max-video-preview:-1"},"canonical":"https:\/\/hudo.com\/si\/aktualno\/evropska-komisija-grozi-poljski-varsava-kljubuje\/","og_locale":"sl_SI","og_type":"article","og_title":"Evropska komisija grozi Poljski, Var\u0161ava kljubuje - Hudo Slovenija","og_description":"Kategorija: Evropa Mon, 23 May 2016 09:00:00 +0200 Evropska komisija je zaostrila spor s konservativno vlado v Var\u0161avi, Poljska lahko postane prva dr\u017eava \u010dlanica Evropske unije, ki bi jo doletele sankcije zaradi nespo\u0161tovanja vladavine prava. Kljub kritikam vladajo\u010da stranka Pravo in pravica ne popu\u0161\u010da. Ministrska predsednica Beata Szyd\u0142o je v petek o\u010ditno zaostrila konflikt, izjavila je, da je Poljska suverena dr\u017eava in ne bo klonila pod zunanjim pritiskom. \u00bbAli \u017eelite, da o Poljski odlo\u010dajo Poljaki?\u00ab je rekla v govoru v parlamentu. Minulo sredo je komisija dala Poljski pet dni \u010dasa za to, da poka\u017ee \u00bbveliki napredek\u00ab oziroma se odzove na evropske o\u010ditke o kontroveznih spremembah na ustavnem sodi\u0161\u010du in dr\u017eavnih medijih. \u010ce sprememb do danes ne bo, lahko sledi \u00bbmnenje\u00ab komisije, in to bi utegnila biti pot v resnej\u0161e sankcije, kon\u010dni izid pa je lahko celo odvzem glasovalnih pravic o\u00a0...","og_url":"https:\/\/hudo.com\/si\/aktualno\/evropska-komisija-grozi-poljski-varsava-kljubuje\/","og_site_name":"Hudo Slovenija","article_publisher":"https:\/\/www.facebook.com\/hudo.si","article_published_time":"2016-05-23T05:00:00+00:00","og_image":[{"width":480,"height":290,"url":"https:\/\/hudo.com\/si\/wp-content\/uploads\/sites\/2\/2016\/05\/480x290_Nedeljsko_dezurstvo__djvu_2.3_hires0.jpeg","type":"image\/jpeg"}],"author":"hudo","twitter_card":"summary_large_image","twitter_creator":"@hudo_si","twitter_site":"@hudo_si","twitter_misc":{"Written by":"hudo","Est. reading time":"1 minuta"},"schema":{"@context":"https:\/\/schema.org","@graph":[{"@type":"Article","@id":"https:\/\/hudo.com\/si\/aktualno\/evropska-komisija-grozi-poljski-varsava-kljubuje\/#article","isPartOf":{"@id":"https:\/\/hudo.com\/si\/aktualno\/evropska-komisija-grozi-poljski-varsava-kljubuje\/"},"author":{"name":"hudo","@id":"https:\/\/hudo.com\/si\/#\/schema\/person\/601cf3379633985b20f7e50f2bb47707"},"headline":"Evropska komisija grozi Poljski, Var\u0161ava kljubuje","datePublished":"2016-05-23T05:00:00+00:00","dateModified":"2016-05-23T05:00:00+00:00","mainEntityOfPage":{"@id":"https:\/\/hudo.com\/si\/aktualno\/evropska-komisija-grozi-poljski-varsava-kljubuje\/"},"wordCount":158,"publisher":{"@id":"https:\/\/hudo.com\/si\/#organization"},"articleSection":["Aktualno"],"inLanguage":"sl-SI"},{"@type":"WebPage","@id":"https:\/\/hudo.com\/si\/aktualno\/evropska-komisija-grozi-poljski-varsava-kljubuje\/","url":"https:\/\/hudo.com\/si\/aktualno\/evropska-komisija-grozi-poljski-varsava-kljubuje\/","name":"Evropska komisija grozi Poljski, Var\u0161ava kljubuje - Hudo Slovenija","isPartOf":{"@id":"https:\/\/hudo.com\/si\/#website"},"datePublished":"2016-05-23T05:00:00+00:00","dateModified":"2016-05-23T05:00:00+00:00","breadcrumb":{"@id":"https:\/\/hudo.com\/si\/aktualno\/evropska-komisija-grozi-poljski-varsava-kljubuje\/#breadcrumb"},"inLanguage":"sl-SI","potentialAction":[{"@type":"ReadAction","target":["https:\/\/hudo.com\/si\/aktualno\/evropska-komisija-grozi-poljski-varsava-kljubuje\/"]}]},{"@type":"BreadcrumbList","@id":"https:\/\/hudo.com\/si\/aktualno\/evropska-komisija-grozi-poljski-varsava-kljubuje\/#breadcrumb","itemListElement":[{"@type":"ListItem","position":1,"name":"Home","item":"https:\/\/hudo.com\/si\/"},{"@type":"ListItem","position":2,"name":"Evropska komisija grozi Poljski, Var\u0161ava kljubuje"}]},{"@type":"WebSite","@id":"https:\/\/hudo.com\/si\/#website","url":"https:\/\/hudo.com\/si\/","name":"Hudo Slovenija","description":"Vse novice iz Slovenije in sveta","publisher":{"@id":"https:\/\/hudo.com\/si\/#organization"},"potentialAction":[{"@type":"SearchAction","target":{"@type":"EntryPoint","urlTemplate":"https:\/\/hudo.com\/si\/?s={search_term_string}"},"query-input":"required name=search_term_string"}],"inLanguage":"sl-SI"},{"@type":"Organization","@id":"https:\/\/hudo.com\/si\/#organization","name":"VSN Media","url":"https:\/\/hudo.com\/si\/","logo":{"@type":"ImageObject","inLanguage":"sl-SI","@id":"https:\/\/hudo.com\/si\/#\/schema\/logo\/image\/","url":"https:\/\/hudo.com\/si\/wp-content\/uploads\/sites\/2\/2021\/03\/hudo-app-2.png","contentUrl":"https:\/\/hudo.com\/si\/wp-content\/uploads\/sites\/2\/2021\/03\/hudo-app-2.png","width":2185,"height":2167,"caption":"VSN Media"},"image":{"@id":"https:\/\/hudo.com\/si\/#\/schema\/logo\/image\/"},"sameAs":["https:\/\/www.facebook.com\/hudo.si","https:\/\/twitter.com\/hudo_si"]},{"@type":"Person","@id":"https:\/\/hudo.com\/si\/#\/schema\/person\/601cf3379633985b20f7e50f2bb47707","name":"hudo","image":{"@type":"ImageObject","inLanguage":"sl-SI","@id":"https:\/\/hudo.com\/si\/#\/schema\/person\/image\/","url":"https:\/\/secure.gravatar.com\/avatar\/c4ca25fa72cace7a696b52ff5db9e095?s=96&d=mm&r=g","contentUrl":"https:\/\/secure.gravatar.com\/avatar\/c4ca25fa72cace7a696b52ff5db9e095?s=96&d=mm&r=g","caption":"hudo"},"url":"https:\/\/hudo.com\/si\/author\/hudo\/"}]}},"amp_enabled":true,"_links":{"self":[{"href":"https:\/\/hudo.com\/si\/wp-json\/wp\/v2\/posts\/59016"}],"collection":[{"href":"https:\/\/hudo.com\/si\/wp-json\/wp\/v2\/posts"}],"about":[{"href":"https:\/\/hudo.com\/si\/wp-json\/wp\/v2\/types\/post"}],"author":[{"embeddable":true,"href":"https:\/\/hudo.com\/si\/wp-json\/wp\/v2\/users\/1"}],"replies":[{"embeddable":true,"href":"https:\/\/hudo.com\/si\/wp-json\/wp\/v2\/comments?post=59016"}],"version-history":[{"count":0,"href":"https:\/\/hudo.com\/si\/wp-json\/wp\/v2\/posts\/59016\/revisions"}],"wp:attachment":[{"href":"https:\/\/hudo.com\/si\/wp-json\/wp\/v2\/media?parent=59016"}],"wp:term":[{"taxonomy":"category","embeddable":true,"href":"https:\/\/hudo.com\/si\/wp-json\/wp\/v2\/categories?post=59016"},{"taxonomy":"post_tag","embeddable":true,"href":"https:\/\/hudo.com\/si\/wp-json\/wp\/v2\/tags?post=59016"},{"taxonomy":"source","embeddable":true,"href":"https:\/\/hudo.com\/si\/wp-json\/wp\/v2\/source?post=59016"},{"taxonomy":"supertag","embeddable":true,"href":"https:\/\/hudo.com\/si\/wp-json\/wp\/v2\/supertag?post=59016"}],"curies":[{"name":"wp","href":"https:\/\/api.w.org\/{rel}","templated":true}]}}