{"id":59033,"date":"2016-05-23T05:58:00","date_gmt":"2016-05-23T03:58:00","guid":{"rendered":"http:\/\/hudo.com\/si\/2016\/05\/23\/zunanji-ministri-eu-o-regionalnih-vprasanjih-in-migracijah\/"},"modified":"2016-05-23T05:58:00","modified_gmt":"2016-05-23T03:58:00","slug":"zunanji-ministri-eu-o-regionalnih-vprasanjih-in-migracijah","status":"publish","type":"post","link":"https:\/\/hudo.com\/si\/aktualno\/zunanji-ministri-eu-o-regionalnih-vprasanjih-in-migracijah\/","title":{"rendered":"Zunanji ministri EU o regionalnih vpra\u0161anjih in migracijah"},"content":{"rendered":"<p>Zunanji ministri EU bodo v Bruslju danes razpravljali o regionalni strategiji EU za Sirijo in Irak, pri \u010demer naj bi izpostavili prednostne ukrepe za dosego trajnega miru in stabilnosti v regiji. Govorili bodo tudi o zunanjih vidikih migracij, zlasti o krepitvi dialoga z dr\u017eavami izvora. Zasedanja se bo udele\u017eil tudi zunanji minister Karl Erjavec.  Ministri se bodo seznanili z izvajanjem regionalne strategije EU za Sirijo in Irak ter za odziv na gro\u017enjo Islamske dr\u017eave (IS). Strategija prina\u0161a ukrepe, ki naj bi pripomogli k ponovni vzpostavitvi miru in varnosti v obeh dr\u017eavah, s poudarkom na podpori politi\u010dnemu procesu in demokrati\u010dni vladavini kot klju\u010dnima elementoma v boju proti IS. Pri\u010dakovati je, da bodo ministri sprejeli sklepe, v katerih bodo poudarili prednostne ukrepe za trajni mir, stabilnost in varnost v Siriji in Iraku, kot tudi v \u0161ir\u0161i regiji.  Pri kosilu bo visoka zunanjepoliti\u010dna predstavnica EU Federica Mogherini ministre seznanila z globalno strategijo EU na podro\u010dju zunanje in varnostne politike. Namen strategije je dolo\u010diti usmeritve za prihodnje delovanje EU na mednarodni ravni. V okviru razprave o zunanjih vidikih migracij bodo ministri govorili o mo\u017enostih nadaljnje krepitve sodelovanja z dr\u017eavami izvora migracij, kot tudi tranzitnimi dr\u017eavami in predvidoma sprejeli sklepe.  Pri tem se verjetno tudi ne bodo mogli izogniti razpravi o izvajanju dogovora med EU in Tur\u010dijo o zajezitvi migracij v Evropo. Med ostalimi temami na dnevnem redu zasedanja bodo politi\u010dne razmere v Makedoniji in Demokrati\u010dni republiki Kongo. Makedonijo \u017ee od sredine leta 2014 pretresa politi\u010dna kriza. Parlament v Skopju je prelo\u017eil za 5. junij napovedane pred\u010dasne parlamentarne volitve. Tudi Evropska komisija je ocenila, da pogoji za verodostojne volitve niso izpolnjeni, ker je od \u0161tirih velikih strank kandidatne liste vlo\u017eila le vladajo\u010da VMRO-DPMNE. Pred za\u010detkom formalnega zasedanja bo potekalo redno letno ministrsko sre\u010danje z dr\u017eavami vzhodnega partnerstva.Svet<\/p>\n","protected":false},"excerpt":{"rendered":"<p>Zunanji ministri EU bodo v Bruslju danes razpravljali o regionalni strategiji EU za Sirijo in Irak, pri \u010demer naj bi izpostavili prednostne ukrepe za dosego trajnega miru in stabilnosti v regiji. Govorili bodo tudi o zunanjih vidikih migracij, zlasti o krepitvi dialoga z dr\u017eavami izvora. Zasedanja se bo udele\u017eil tudi zunanji minister Karl Erjavec.  Ministri se bodo seznanili z izvajanjem regionalne strategije EU za Sirijo in Irak ter za odziv na gro\u017enjo Islamske dr\u017eave (IS). Strategija prina\u0161a ukrepe, ki naj bi pripomogli k ponovni vzpostavitvi miru in varnosti v obeh dr\u017eavah, s poudarkom na podpori politi\u010dnemu procesu in demokrati\u010dni vladavini kot klju\u010dnima elementoma v boju proti IS. Pri\u010dakovati je, da bodo ministri sprejeli sklepe, v katerih bodo poudarili prednostne ukrepe za trajni mir, stabilnost in varnost v Siriji in Iraku, kot tudi v \u0161ir\u0161i regiji.  Pri kosilu bo visoka zunanjepoliti\u010dna predstavnica EU Federica Mogherini ministre seznanila z globalno strategijo EU na podro\u010dju zunanje in varnostne politike. Namen strategije je dolo\u010diti usmeritve za prihodnje delovanje EU na mednarodni ravni. V okviru razprave o zunanjih vidikih migracij bodo ministri govorili o mo\u017enostih nadaljnje krepitve sodelovanja z dr\u017eavami izvora migracij, kot tudi tranzitnimi dr\u017eavami in predvidoma sprejeli sklepe.  Pri tem se verjetno tudi ne bodo mogli izogniti razpravi o izvajanju dogovora med EU in Tur\u010dijo o zajezitvi migracij v Evropo. Med ostalimi temami na dnevnem redu zasedanja bodo politi\u010dne razmere v Makedoniji in Demokrati\u010dni republiki Kongo. Makedonijo \u017ee od sredine leta 2014 pretresa politi\u010dna kriza. Parlament v Skopju je prelo\u017eil za 5. junij napovedane pred\u010dasne parlamentarne volitve. Tudi Evropska komisija je ocenila, da pogoji za verodostojne volitve niso izpolnjeni, ker je od \u0161tirih velikih strank kandidatne liste vlo\u017eila le vladajo\u010da VMRO-DPMNE. Pred za\u010detkom formalnega zasedanja bo potekalo redno letno ministrsko sre\u010danje z dr\u017eavami vzhodnega partnerstva.Svet<\/p>\n","protected":false},"author":1,"featured_media":0,"comment_status":"closed","ping_status":"closed","sticky":false,"template":"","format":"standard","meta":{"footnotes":""},"categories":[1179],"tags":[],"source":[1711],"supertag":[],"acf":[],"yoast_head":"<!-- This site is optimized with the Yoast SEO plugin v21.3 - https:\/\/yoast.com\/wordpress\/plugins\/seo\/ -->\n<title>Zunanji ministri EU o regionalnih vpra\u0161anjih in migracijah - Hudo Slovenija<\/title>\n<meta name=\"robots\" content=\"index, follow, max-snippet:-1, max-image-preview:large, max-video-preview:-1\" \/>\n<link rel=\"canonical\" href=\"https:\/\/hudo.com\/si\/aktualno\/zunanji-ministri-eu-o-regionalnih-vprasanjih-in-migracijah\/\" \/>\n<meta property=\"og:locale\" content=\"sl_SI\" \/>\n<meta property=\"og:type\" content=\"article\" \/>\n<meta property=\"og:title\" content=\"Zunanji ministri EU o regionalnih vpra\u0161anjih in migracijah - Hudo Slovenija\" \/>\n<meta property=\"og:description\" content=\"Zunanji ministri EU bodo v Bruslju danes razpravljali o regionalni strategiji EU za Sirijo in Irak, pri \u010demer naj bi izpostavili prednostne ukrepe za dosego trajnega miru in stabilnosti v regiji. Govorili bodo tudi o zunanjih vidikih migracij, zlasti o krepitvi dialoga z dr\u017eavami izvora. Zasedanja se bo udele\u017eil tudi zunanji minister Karl Erjavec. Ministri se bodo seznanili z izvajanjem regionalne strategije EU za Sirijo in Irak ter za odziv na gro\u017enjo Islamske dr\u017eave (IS). Strategija prina\u0161a ukrepe, ki naj bi pripomogli k ponovni vzpostavitvi miru in varnosti v obeh dr\u017eavah, s poudarkom na podpori politi\u010dnemu procesu in demokrati\u010dni vladavini kot klju\u010dnima elementoma v boju proti IS. Pri\u010dakovati je, da bodo ministri sprejeli sklepe, v katerih bodo poudarili prednostne ukrepe za trajni mir, stabilnost in varnost v Siriji in Iraku, kot tudi v \u0161ir\u0161i regiji. Pri kosilu bo visoka zunanjepoliti\u010dna predstavnica EU Federica Mogherini ministre seznanila z globalno strategijo EU na podro\u010dju zunanje in varnostne politike. Namen strategije je dolo\u010diti usmeritve za prihodnje delovanje EU na mednarodni ravni. V okviru razprave o zunanjih vidikih migracij bodo ministri govorili o mo\u017enostih nadaljnje krepitve sodelovanja z dr\u017eavami izvora migracij, kot tudi tranzitnimi dr\u017eavami in predvidoma sprejeli sklepe. Pri tem se verjetno tudi ne bodo mogli izogniti razpravi o izvajanju dogovora med EU in Tur\u010dijo o zajezitvi migracij v Evropo. Med ostalimi temami na dnevnem redu zasedanja bodo politi\u010dne razmere v Makedoniji in Demokrati\u010dni republiki Kongo. Makedonijo \u017ee od sredine leta 2014 pretresa politi\u010dna kriza. Parlament v Skopju je prelo\u017eil za 5. junij napovedane pred\u010dasne parlamentarne volitve. Tudi Evropska komisija je ocenila, da pogoji za verodostojne volitve niso izpolnjeni, ker je od \u0161tirih velikih strank kandidatne liste vlo\u017eila le vladajo\u010da VMRO-DPMNE. Pred za\u010detkom formalnega zasedanja bo potekalo redno letno ministrsko sre\u010danje z dr\u017eavami vzhodnega partnerstva.Svet\" \/>\n<meta property=\"og:url\" content=\"https:\/\/hudo.com\/si\/aktualno\/zunanji-ministri-eu-o-regionalnih-vprasanjih-in-migracijah\/\" \/>\n<meta property=\"og:site_name\" content=\"Hudo Slovenija\" \/>\n<meta property=\"article:publisher\" content=\"https:\/\/www.facebook.com\/hudo.si\" \/>\n<meta property=\"article:published_time\" content=\"2016-05-23T03:58:00+00:00\" \/>\n<meta property=\"og:image\" content=\"https:\/\/hudo.com\/si\/wp-content\/uploads\/sites\/2\/2016\/05\/01417099F-300.jpg\" \/>\n\t<meta property=\"og:image:width\" content=\"450\" \/>\n\t<meta property=\"og:image:height\" content=\"316\" \/>\n\t<meta property=\"og:image:type\" content=\"image\/jpeg\" \/>\n<meta name=\"author\" content=\"hudo\" \/>\n<meta name=\"twitter:card\" content=\"summary_large_image\" \/>\n<meta name=\"twitter:creator\" content=\"@hudo_si\" \/>\n<meta name=\"twitter:site\" content=\"@hudo_si\" \/>\n<meta name=\"twitter:label1\" content=\"Written by\" \/>\n\t<meta name=\"twitter:data1\" content=\"hudo\" \/>\n\t<meta name=\"twitter:label2\" content=\"Est. reading time\" \/>\n\t<meta name=\"twitter:data2\" content=\"2 minuti\" \/>\n<script type=\"application\/ld+json\" class=\"yoast-schema-graph\">{\"@context\":\"https:\/\/schema.org\",\"@graph\":[{\"@type\":\"Article\",\"@id\":\"https:\/\/hudo.com\/si\/aktualno\/zunanji-ministri-eu-o-regionalnih-vprasanjih-in-migracijah\/#article\",\"isPartOf\":{\"@id\":\"https:\/\/hudo.com\/si\/aktualno\/zunanji-ministri-eu-o-regionalnih-vprasanjih-in-migracijah\/\"},\"author\":{\"name\":\"hudo\",\"@id\":\"https:\/\/hudo.com\/si\/#\/schema\/person\/601cf3379633985b20f7e50f2bb47707\"},\"headline\":\"Zunanji ministri EU o regionalnih vpra\u0161anjih in migracijah\",\"datePublished\":\"2016-05-23T03:58:00+00:00\",\"dateModified\":\"2016-05-23T03:58:00+00:00\",\"mainEntityOfPage\":{\"@id\":\"https:\/\/hudo.com\/si\/aktualno\/zunanji-ministri-eu-o-regionalnih-vprasanjih-in-migracijah\/\"},\"wordCount\":328,\"publisher\":{\"@id\":\"https:\/\/hudo.com\/si\/#organization\"},\"articleSection\":[\"Aktualno\"],\"inLanguage\":\"sl-SI\"},{\"@type\":\"WebPage\",\"@id\":\"https:\/\/hudo.com\/si\/aktualno\/zunanji-ministri-eu-o-regionalnih-vprasanjih-in-migracijah\/\",\"url\":\"https:\/\/hudo.com\/si\/aktualno\/zunanji-ministri-eu-o-regionalnih-vprasanjih-in-migracijah\/\",\"name\":\"Zunanji ministri EU o regionalnih vpra\u0161anjih in migracijah - Hudo Slovenija\",\"isPartOf\":{\"@id\":\"https:\/\/hudo.com\/si\/#website\"},\"datePublished\":\"2016-05-23T03:58:00+00:00\",\"dateModified\":\"2016-05-23T03:58:00+00:00\",\"breadcrumb\":{\"@id\":\"https:\/\/hudo.com\/si\/aktualno\/zunanji-ministri-eu-o-regionalnih-vprasanjih-in-migracijah\/#breadcrumb\"},\"inLanguage\":\"sl-SI\",\"potentialAction\":[{\"@type\":\"ReadAction\",\"target\":[\"https:\/\/hudo.com\/si\/aktualno\/zunanji-ministri-eu-o-regionalnih-vprasanjih-in-migracijah\/\"]}]},{\"@type\":\"BreadcrumbList\",\"@id\":\"https:\/\/hudo.com\/si\/aktualno\/zunanji-ministri-eu-o-regionalnih-vprasanjih-in-migracijah\/#breadcrumb\",\"itemListElement\":[{\"@type\":\"ListItem\",\"position\":1,\"name\":\"Home\",\"item\":\"https:\/\/hudo.com\/si\/\"},{\"@type\":\"ListItem\",\"position\":2,\"name\":\"Zunanji ministri EU o regionalnih vpra\u0161anjih in migracijah\"}]},{\"@type\":\"WebSite\",\"@id\":\"https:\/\/hudo.com\/si\/#website\",\"url\":\"https:\/\/hudo.com\/si\/\",\"name\":\"Hudo Slovenija\",\"description\":\"Vse novice iz Slovenije in sveta\",\"publisher\":{\"@id\":\"https:\/\/hudo.com\/si\/#organization\"},\"potentialAction\":[{\"@type\":\"SearchAction\",\"target\":{\"@type\":\"EntryPoint\",\"urlTemplate\":\"https:\/\/hudo.com\/si\/?s={search_term_string}\"},\"query-input\":\"required name=search_term_string\"}],\"inLanguage\":\"sl-SI\"},{\"@type\":\"Organization\",\"@id\":\"https:\/\/hudo.com\/si\/#organization\",\"name\":\"VSN Media\",\"url\":\"https:\/\/hudo.com\/si\/\",\"logo\":{\"@type\":\"ImageObject\",\"inLanguage\":\"sl-SI\",\"@id\":\"https:\/\/hudo.com\/si\/#\/schema\/logo\/image\/\",\"url\":\"https:\/\/hudo.com\/si\/wp-content\/uploads\/sites\/2\/2021\/03\/hudo-app-2.png\",\"contentUrl\":\"https:\/\/hudo.com\/si\/wp-content\/uploads\/sites\/2\/2021\/03\/hudo-app-2.png\",\"width\":2185,\"height\":2167,\"caption\":\"VSN Media\"},\"image\":{\"@id\":\"https:\/\/hudo.com\/si\/#\/schema\/logo\/image\/\"},\"sameAs\":[\"https:\/\/www.facebook.com\/hudo.si\",\"https:\/\/twitter.com\/hudo_si\"]},{\"@type\":\"Person\",\"@id\":\"https:\/\/hudo.com\/si\/#\/schema\/person\/601cf3379633985b20f7e50f2bb47707\",\"name\":\"hudo\",\"image\":{\"@type\":\"ImageObject\",\"inLanguage\":\"sl-SI\",\"@id\":\"https:\/\/hudo.com\/si\/#\/schema\/person\/image\/\",\"url\":\"https:\/\/secure.gravatar.com\/avatar\/c4ca25fa72cace7a696b52ff5db9e095?s=96&d=mm&r=g\",\"contentUrl\":\"https:\/\/secure.gravatar.com\/avatar\/c4ca25fa72cace7a696b52ff5db9e095?s=96&d=mm&r=g\",\"caption\":\"hudo\"},\"url\":\"https:\/\/hudo.com\/si\/author\/hudo\/\"}]}<\/script>\n<!-- \/ Yoast SEO plugin. -->","yoast_head_json":{"title":"Zunanji ministri EU o regionalnih vpra\u0161anjih in migracijah - Hudo Slovenija","robots":{"index":"index","follow":"follow","max-snippet":"max-snippet:-1","max-image-preview":"max-image-preview:large","max-video-preview":"max-video-preview:-1"},"canonical":"https:\/\/hudo.com\/si\/aktualno\/zunanji-ministri-eu-o-regionalnih-vprasanjih-in-migracijah\/","og_locale":"sl_SI","og_type":"article","og_title":"Zunanji ministri EU o regionalnih vpra\u0161anjih in migracijah - Hudo Slovenija","og_description":"Zunanji ministri EU bodo v Bruslju danes razpravljali o regionalni strategiji EU za Sirijo in Irak, pri \u010demer naj bi izpostavili prednostne ukrepe za dosego trajnega miru in stabilnosti v regiji. Govorili bodo tudi o zunanjih vidikih migracij, zlasti o krepitvi dialoga z dr\u017eavami izvora. Zasedanja se bo udele\u017eil tudi zunanji minister Karl Erjavec. Ministri se bodo seznanili z izvajanjem regionalne strategije EU za Sirijo in Irak ter za odziv na gro\u017enjo Islamske dr\u017eave (IS). Strategija prina\u0161a ukrepe, ki naj bi pripomogli k ponovni vzpostavitvi miru in varnosti v obeh dr\u017eavah, s poudarkom na podpori politi\u010dnemu procesu in demokrati\u010dni vladavini kot klju\u010dnima elementoma v boju proti IS. Pri\u010dakovati je, da bodo ministri sprejeli sklepe, v katerih bodo poudarili prednostne ukrepe za trajni mir, stabilnost in varnost v Siriji in Iraku, kot tudi v \u0161ir\u0161i regiji. Pri kosilu bo visoka zunanjepoliti\u010dna predstavnica EU Federica Mogherini ministre seznanila z globalno strategijo EU na podro\u010dju zunanje in varnostne politike. Namen strategije je dolo\u010diti usmeritve za prihodnje delovanje EU na mednarodni ravni. V okviru razprave o zunanjih vidikih migracij bodo ministri govorili o mo\u017enostih nadaljnje krepitve sodelovanja z dr\u017eavami izvora migracij, kot tudi tranzitnimi dr\u017eavami in predvidoma sprejeli sklepe. Pri tem se verjetno tudi ne bodo mogli izogniti razpravi o izvajanju dogovora med EU in Tur\u010dijo o zajezitvi migracij v Evropo. Med ostalimi temami na dnevnem redu zasedanja bodo politi\u010dne razmere v Makedoniji in Demokrati\u010dni republiki Kongo. Makedonijo \u017ee od sredine leta 2014 pretresa politi\u010dna kriza. Parlament v Skopju je prelo\u017eil za 5. junij napovedane pred\u010dasne parlamentarne volitve. Tudi Evropska komisija je ocenila, da pogoji za verodostojne volitve niso izpolnjeni, ker je od \u0161tirih velikih strank kandidatne liste vlo\u017eila le vladajo\u010da VMRO-DPMNE. Pred za\u010detkom formalnega zasedanja bo potekalo redno letno ministrsko sre\u010danje z dr\u017eavami vzhodnega partnerstva.Svet","og_url":"https:\/\/hudo.com\/si\/aktualno\/zunanji-ministri-eu-o-regionalnih-vprasanjih-in-migracijah\/","og_site_name":"Hudo Slovenija","article_publisher":"https:\/\/www.facebook.com\/hudo.si","article_published_time":"2016-05-23T03:58:00+00:00","og_image":[{"width":450,"height":316,"url":"https:\/\/hudo.com\/si\/wp-content\/uploads\/sites\/2\/2016\/05\/01417099F-300.jpg","type":"image\/jpeg"}],"author":"hudo","twitter_card":"summary_large_image","twitter_creator":"@hudo_si","twitter_site":"@hudo_si","twitter_misc":{"Written by":"hudo","Est. reading time":"2 minuti"},"schema":{"@context":"https:\/\/schema.org","@graph":[{"@type":"Article","@id":"https:\/\/hudo.com\/si\/aktualno\/zunanji-ministri-eu-o-regionalnih-vprasanjih-in-migracijah\/#article","isPartOf":{"@id":"https:\/\/hudo.com\/si\/aktualno\/zunanji-ministri-eu-o-regionalnih-vprasanjih-in-migracijah\/"},"author":{"name":"hudo","@id":"https:\/\/hudo.com\/si\/#\/schema\/person\/601cf3379633985b20f7e50f2bb47707"},"headline":"Zunanji ministri EU o regionalnih vpra\u0161anjih in migracijah","datePublished":"2016-05-23T03:58:00+00:00","dateModified":"2016-05-23T03:58:00+00:00","mainEntityOfPage":{"@id":"https:\/\/hudo.com\/si\/aktualno\/zunanji-ministri-eu-o-regionalnih-vprasanjih-in-migracijah\/"},"wordCount":328,"publisher":{"@id":"https:\/\/hudo.com\/si\/#organization"},"articleSection":["Aktualno"],"inLanguage":"sl-SI"},{"@type":"WebPage","@id":"https:\/\/hudo.com\/si\/aktualno\/zunanji-ministri-eu-o-regionalnih-vprasanjih-in-migracijah\/","url":"https:\/\/hudo.com\/si\/aktualno\/zunanji-ministri-eu-o-regionalnih-vprasanjih-in-migracijah\/","name":"Zunanji ministri EU o regionalnih vpra\u0161anjih in migracijah - Hudo Slovenija","isPartOf":{"@id":"https:\/\/hudo.com\/si\/#website"},"datePublished":"2016-05-23T03:58:00+00:00","dateModified":"2016-05-23T03:58:00+00:00","breadcrumb":{"@id":"https:\/\/hudo.com\/si\/aktualno\/zunanji-ministri-eu-o-regionalnih-vprasanjih-in-migracijah\/#breadcrumb"},"inLanguage":"sl-SI","potentialAction":[{"@type":"ReadAction","target":["https:\/\/hudo.com\/si\/aktualno\/zunanji-ministri-eu-o-regionalnih-vprasanjih-in-migracijah\/"]}]},{"@type":"BreadcrumbList","@id":"https:\/\/hudo.com\/si\/aktualno\/zunanji-ministri-eu-o-regionalnih-vprasanjih-in-migracijah\/#breadcrumb","itemListElement":[{"@type":"ListItem","position":1,"name":"Home","item":"https:\/\/hudo.com\/si\/"},{"@type":"ListItem","position":2,"name":"Zunanji ministri EU o regionalnih vpra\u0161anjih in migracijah"}]},{"@type":"WebSite","@id":"https:\/\/hudo.com\/si\/#website","url":"https:\/\/hudo.com\/si\/","name":"Hudo Slovenija","description":"Vse novice iz Slovenije in sveta","publisher":{"@id":"https:\/\/hudo.com\/si\/#organization"},"potentialAction":[{"@type":"SearchAction","target":{"@type":"EntryPoint","urlTemplate":"https:\/\/hudo.com\/si\/?s={search_term_string}"},"query-input":"required name=search_term_string"}],"inLanguage":"sl-SI"},{"@type":"Organization","@id":"https:\/\/hudo.com\/si\/#organization","name":"VSN Media","url":"https:\/\/hudo.com\/si\/","logo":{"@type":"ImageObject","inLanguage":"sl-SI","@id":"https:\/\/hudo.com\/si\/#\/schema\/logo\/image\/","url":"https:\/\/hudo.com\/si\/wp-content\/uploads\/sites\/2\/2021\/03\/hudo-app-2.png","contentUrl":"https:\/\/hudo.com\/si\/wp-content\/uploads\/sites\/2\/2021\/03\/hudo-app-2.png","width":2185,"height":2167,"caption":"VSN Media"},"image":{"@id":"https:\/\/hudo.com\/si\/#\/schema\/logo\/image\/"},"sameAs":["https:\/\/www.facebook.com\/hudo.si","https:\/\/twitter.com\/hudo_si"]},{"@type":"Person","@id":"https:\/\/hudo.com\/si\/#\/schema\/person\/601cf3379633985b20f7e50f2bb47707","name":"hudo","image":{"@type":"ImageObject","inLanguage":"sl-SI","@id":"https:\/\/hudo.com\/si\/#\/schema\/person\/image\/","url":"https:\/\/secure.gravatar.com\/avatar\/c4ca25fa72cace7a696b52ff5db9e095?s=96&d=mm&r=g","contentUrl":"https:\/\/secure.gravatar.com\/avatar\/c4ca25fa72cace7a696b52ff5db9e095?s=96&d=mm&r=g","caption":"hudo"},"url":"https:\/\/hudo.com\/si\/author\/hudo\/"}]}},"amp_enabled":true,"_links":{"self":[{"href":"https:\/\/hudo.com\/si\/wp-json\/wp\/v2\/posts\/59033"}],"collection":[{"href":"https:\/\/hudo.com\/si\/wp-json\/wp\/v2\/posts"}],"about":[{"href":"https:\/\/hudo.com\/si\/wp-json\/wp\/v2\/types\/post"}],"author":[{"embeddable":true,"href":"https:\/\/hudo.com\/si\/wp-json\/wp\/v2\/users\/1"}],"replies":[{"embeddable":true,"href":"https:\/\/hudo.com\/si\/wp-json\/wp\/v2\/comments?post=59033"}],"version-history":[{"count":0,"href":"https:\/\/hudo.com\/si\/wp-json\/wp\/v2\/posts\/59033\/revisions"}],"wp:attachment":[{"href":"https:\/\/hudo.com\/si\/wp-json\/wp\/v2\/media?parent=59033"}],"wp:term":[{"taxonomy":"category","embeddable":true,"href":"https:\/\/hudo.com\/si\/wp-json\/wp\/v2\/categories?post=59033"},{"taxonomy":"post_tag","embeddable":true,"href":"https:\/\/hudo.com\/si\/wp-json\/wp\/v2\/tags?post=59033"},{"taxonomy":"source","embeddable":true,"href":"https:\/\/hudo.com\/si\/wp-json\/wp\/v2\/source?post=59033"},{"taxonomy":"supertag","embeddable":true,"href":"https:\/\/hudo.com\/si\/wp-json\/wp\/v2\/supertag?post=59033"}],"curies":[{"name":"wp","href":"https:\/\/api.w.org\/{rel}","templated":true}]}}