{"id":59037,"date":"2016-05-23T05:24:57","date_gmt":"2016-05-23T03:24:57","guid":{"rendered":"http:\/\/hudo.com\/si\/2016\/05\/23\/muhast-zacetek-nato-pa-vroc-konec-tedna-padla-bo-tridesetica\/"},"modified":"2016-05-24T12:42:22","modified_gmt":"2016-05-24T10:42:22","slug":"muhast-zacetek-nato-pa-vroc-konec-tedna-padla-bo-tridesetica","status":"publish","type":"post","link":"https:\/\/hudo.com\/si\/aktualno\/muhast-zacetek-nato-pa-vroc-konec-tedna-padla-bo-tridesetica\/","title":{"rendered":"Muhast za\u010detek, nato pa vro\u010d konec tedna: Padla bo tridesetica!"},"content":{"rendered":"<p>\u010ceprav se je \u0161e pred mesecem dni zdelo, da sta pomlad in poletje letos popolnoma pozabila na nas, se nam po napovedih vremenoslovcem po nekoliko negotovem vremenu ob za\u010detku tedna za vikend obeta pravi mali vro\u010dinski val, ko naj bi se \u017eivo srebro prvi\u010d letos povzpelo \u010dez 30 stopinj Celzija.<\/p>\n","protected":false},"excerpt":{"rendered":"<p>\u010ceprav se je \u0161e pred mesecem dni zdelo, da sta pomlad in poletje letos popolnoma pozabila na nas, se nam po napovedih vremenoslovcem po nekoliko negotovem vremenu ob za\u010detku tedna za vikend obeta pravi mali vro\u010dinski val, ko naj bi se \u017eivo srebro prvi\u010d letos povzpelo \u010dez 30 stopinj Celzija.<\/p>\n","protected":false},"author":1,"featured_media":0,"comment_status":"closed","ping_status":"closed","sticky":false,"template":"","format":"standard","meta":{"footnotes":""},"categories":[1179],"tags":[],"source":[1706],"supertag":[],"acf":[],"yoast_head":"<!-- This site is optimized with the Yoast SEO plugin v21.3 - https:\/\/yoast.com\/wordpress\/plugins\/seo\/ -->\n<title>Muhast za\u010detek, nato pa vro\u010d konec tedna: Padla bo tridesetica! - Hudo Slovenija<\/title>\n<meta name=\"robots\" content=\"index, follow, max-snippet:-1, max-image-preview:large, max-video-preview:-1\" \/>\n<link rel=\"canonical\" href=\"https:\/\/hudo.com\/si\/aktualno\/muhast-zacetek-nato-pa-vroc-konec-tedna-padla-bo-tridesetica\/\" \/>\n<meta property=\"og:locale\" content=\"sl_SI\" \/>\n<meta property=\"og:type\" content=\"article\" \/>\n<meta property=\"og:title\" content=\"Muhast za\u010detek, nato pa vro\u010d konec tedna: Padla bo tridesetica! - Hudo Slovenija\" \/>\n<meta property=\"og:description\" content=\"\u010ceprav se je \u0161e pred mesecem dni zdelo, da sta pomlad in poletje letos popolnoma pozabila na nas, se nam po napovedih vremenoslovcem po nekoliko negotovem vremenu ob za\u010detku tedna za vikend obeta pravi mali vro\u010dinski val, ko naj bi se \u017eivo srebro prvi\u010d letos povzpelo \u010dez 30 stopinj Celzija.\" \/>\n<meta property=\"og:url\" content=\"https:\/\/hudo.com\/si\/aktualno\/muhast-zacetek-nato-pa-vroc-konec-tedna-padla-bo-tridesetica\/\" \/>\n<meta property=\"og:site_name\" content=\"Hudo Slovenija\" \/>\n<meta property=\"article:publisher\" content=\"https:\/\/www.facebook.com\/hudo.si\" \/>\n<meta property=\"article:published_time\" content=\"2016-05-23T03:24:57+00:00\" \/>\n<meta property=\"article:modified_time\" content=\"2016-05-24T10:42:22+00:00\" \/>\n<meta property=\"og:image\" content=\"https:\/\/hudo.com\/si\/wp-content\/uploads\/sites\/2\/2016\/05\/0539538SDDv.jpg\" \/>\n\t<meta property=\"og:image:width\" content=\"504\" \/>\n\t<meta property=\"og:image:height\" content=\"284\" \/>\n\t<meta property=\"og:image:type\" content=\"image\/jpeg\" \/>\n<meta name=\"author\" content=\"hudo\" \/>\n<meta name=\"twitter:card\" content=\"summary_large_image\" \/>\n<meta name=\"twitter:creator\" content=\"@hudo_si\" \/>\n<meta name=\"twitter:site\" content=\"@hudo_si\" \/>\n<meta name=\"twitter:label1\" content=\"Written by\" \/>\n\t<meta name=\"twitter:data1\" content=\"hudo\" \/>\n<script type=\"application\/ld+json\" class=\"yoast-schema-graph\">{\"@context\":\"https:\/\/schema.org\",\"@graph\":[{\"@type\":\"Article\",\"@id\":\"https:\/\/hudo.com\/si\/aktualno\/muhast-zacetek-nato-pa-vroc-konec-tedna-padla-bo-tridesetica\/#article\",\"isPartOf\":{\"@id\":\"https:\/\/hudo.com\/si\/aktualno\/muhast-zacetek-nato-pa-vroc-konec-tedna-padla-bo-tridesetica\/\"},\"author\":{\"name\":\"hudo\",\"@id\":\"https:\/\/hudo.com\/si\/#\/schema\/person\/601cf3379633985b20f7e50f2bb47707\"},\"headline\":\"Muhast za\u010detek, nato pa vro\u010d konec tedna: Padla bo tridesetica!\",\"datePublished\":\"2016-05-23T03:24:57+00:00\",\"dateModified\":\"2016-05-24T10:42:22+00:00\",\"mainEntityOfPage\":{\"@id\":\"https:\/\/hudo.com\/si\/aktualno\/muhast-zacetek-nato-pa-vroc-konec-tedna-padla-bo-tridesetica\/\"},\"wordCount\":62,\"publisher\":{\"@id\":\"https:\/\/hudo.com\/si\/#organization\"},\"articleSection\":[\"Aktualno\"],\"inLanguage\":\"sl-SI\"},{\"@type\":\"WebPage\",\"@id\":\"https:\/\/hudo.com\/si\/aktualno\/muhast-zacetek-nato-pa-vroc-konec-tedna-padla-bo-tridesetica\/\",\"url\":\"https:\/\/hudo.com\/si\/aktualno\/muhast-zacetek-nato-pa-vroc-konec-tedna-padla-bo-tridesetica\/\",\"name\":\"Muhast za\u010detek, nato pa vro\u010d konec tedna: Padla bo tridesetica! - Hudo Slovenija\",\"isPartOf\":{\"@id\":\"https:\/\/hudo.com\/si\/#website\"},\"datePublished\":\"2016-05-23T03:24:57+00:00\",\"dateModified\":\"2016-05-24T10:42:22+00:00\",\"breadcrumb\":{\"@id\":\"https:\/\/hudo.com\/si\/aktualno\/muhast-zacetek-nato-pa-vroc-konec-tedna-padla-bo-tridesetica\/#breadcrumb\"},\"inLanguage\":\"sl-SI\",\"potentialAction\":[{\"@type\":\"ReadAction\",\"target\":[\"https:\/\/hudo.com\/si\/aktualno\/muhast-zacetek-nato-pa-vroc-konec-tedna-padla-bo-tridesetica\/\"]}]},{\"@type\":\"BreadcrumbList\",\"@id\":\"https:\/\/hudo.com\/si\/aktualno\/muhast-zacetek-nato-pa-vroc-konec-tedna-padla-bo-tridesetica\/#breadcrumb\",\"itemListElement\":[{\"@type\":\"ListItem\",\"position\":1,\"name\":\"Home\",\"item\":\"https:\/\/hudo.com\/si\/\"},{\"@type\":\"ListItem\",\"position\":2,\"name\":\"Muhast za\u010detek, nato pa vro\u010d konec tedna: Padla bo tridesetica!\"}]},{\"@type\":\"WebSite\",\"@id\":\"https:\/\/hudo.com\/si\/#website\",\"url\":\"https:\/\/hudo.com\/si\/\",\"name\":\"Hudo Slovenija\",\"description\":\"Vse novice iz Slovenije in sveta\",\"publisher\":{\"@id\":\"https:\/\/hudo.com\/si\/#organization\"},\"potentialAction\":[{\"@type\":\"SearchAction\",\"target\":{\"@type\":\"EntryPoint\",\"urlTemplate\":\"https:\/\/hudo.com\/si\/?s={search_term_string}\"},\"query-input\":\"required name=search_term_string\"}],\"inLanguage\":\"sl-SI\"},{\"@type\":\"Organization\",\"@id\":\"https:\/\/hudo.com\/si\/#organization\",\"name\":\"VSN Media\",\"url\":\"https:\/\/hudo.com\/si\/\",\"logo\":{\"@type\":\"ImageObject\",\"inLanguage\":\"sl-SI\",\"@id\":\"https:\/\/hudo.com\/si\/#\/schema\/logo\/image\/\",\"url\":\"https:\/\/hudo.com\/si\/wp-content\/uploads\/sites\/2\/2021\/03\/hudo-app-2.png\",\"contentUrl\":\"https:\/\/hudo.com\/si\/wp-content\/uploads\/sites\/2\/2021\/03\/hudo-app-2.png\",\"width\":2185,\"height\":2167,\"caption\":\"VSN Media\"},\"image\":{\"@id\":\"https:\/\/hudo.com\/si\/#\/schema\/logo\/image\/\"},\"sameAs\":[\"https:\/\/www.facebook.com\/hudo.si\",\"https:\/\/twitter.com\/hudo_si\"]},{\"@type\":\"Person\",\"@id\":\"https:\/\/hudo.com\/si\/#\/schema\/person\/601cf3379633985b20f7e50f2bb47707\",\"name\":\"hudo\",\"image\":{\"@type\":\"ImageObject\",\"inLanguage\":\"sl-SI\",\"@id\":\"https:\/\/hudo.com\/si\/#\/schema\/person\/image\/\",\"url\":\"https:\/\/secure.gravatar.com\/avatar\/c4ca25fa72cace7a696b52ff5db9e095?s=96&d=mm&r=g\",\"contentUrl\":\"https:\/\/secure.gravatar.com\/avatar\/c4ca25fa72cace7a696b52ff5db9e095?s=96&d=mm&r=g\",\"caption\":\"hudo\"},\"url\":\"https:\/\/hudo.com\/si\/author\/hudo\/\"}]}<\/script>\n<!-- \/ Yoast SEO plugin. -->","yoast_head_json":{"title":"Muhast za\u010detek, nato pa vro\u010d konec tedna: Padla bo tridesetica! - Hudo Slovenija","robots":{"index":"index","follow":"follow","max-snippet":"max-snippet:-1","max-image-preview":"max-image-preview:large","max-video-preview":"max-video-preview:-1"},"canonical":"https:\/\/hudo.com\/si\/aktualno\/muhast-zacetek-nato-pa-vroc-konec-tedna-padla-bo-tridesetica\/","og_locale":"sl_SI","og_type":"article","og_title":"Muhast za\u010detek, nato pa vro\u010d konec tedna: Padla bo tridesetica! - Hudo Slovenija","og_description":"\u010ceprav se je \u0161e pred mesecem dni zdelo, da sta pomlad in poletje letos popolnoma pozabila na nas, se nam po napovedih vremenoslovcem po nekoliko negotovem vremenu ob za\u010detku tedna za vikend obeta pravi mali vro\u010dinski val, ko naj bi se \u017eivo srebro prvi\u010d letos povzpelo \u010dez 30 stopinj Celzija.","og_url":"https:\/\/hudo.com\/si\/aktualno\/muhast-zacetek-nato-pa-vroc-konec-tedna-padla-bo-tridesetica\/","og_site_name":"Hudo Slovenija","article_publisher":"https:\/\/www.facebook.com\/hudo.si","article_published_time":"2016-05-23T03:24:57+00:00","article_modified_time":"2016-05-24T10:42:22+00:00","og_image":[{"width":504,"height":284,"url":"https:\/\/hudo.com\/si\/wp-content\/uploads\/sites\/2\/2016\/05\/0539538SDDv.jpg","type":"image\/jpeg"}],"author":"hudo","twitter_card":"summary_large_image","twitter_creator":"@hudo_si","twitter_site":"@hudo_si","twitter_misc":{"Written by":"hudo"},"schema":{"@context":"https:\/\/schema.org","@graph":[{"@type":"Article","@id":"https:\/\/hudo.com\/si\/aktualno\/muhast-zacetek-nato-pa-vroc-konec-tedna-padla-bo-tridesetica\/#article","isPartOf":{"@id":"https:\/\/hudo.com\/si\/aktualno\/muhast-zacetek-nato-pa-vroc-konec-tedna-padla-bo-tridesetica\/"},"author":{"name":"hudo","@id":"https:\/\/hudo.com\/si\/#\/schema\/person\/601cf3379633985b20f7e50f2bb47707"},"headline":"Muhast za\u010detek, nato pa vro\u010d konec tedna: Padla bo tridesetica!","datePublished":"2016-05-23T03:24:57+00:00","dateModified":"2016-05-24T10:42:22+00:00","mainEntityOfPage":{"@id":"https:\/\/hudo.com\/si\/aktualno\/muhast-zacetek-nato-pa-vroc-konec-tedna-padla-bo-tridesetica\/"},"wordCount":62,"publisher":{"@id":"https:\/\/hudo.com\/si\/#organization"},"articleSection":["Aktualno"],"inLanguage":"sl-SI"},{"@type":"WebPage","@id":"https:\/\/hudo.com\/si\/aktualno\/muhast-zacetek-nato-pa-vroc-konec-tedna-padla-bo-tridesetica\/","url":"https:\/\/hudo.com\/si\/aktualno\/muhast-zacetek-nato-pa-vroc-konec-tedna-padla-bo-tridesetica\/","name":"Muhast za\u010detek, nato pa vro\u010d konec tedna: Padla bo tridesetica! - Hudo Slovenija","isPartOf":{"@id":"https:\/\/hudo.com\/si\/#website"},"datePublished":"2016-05-23T03:24:57+00:00","dateModified":"2016-05-24T10:42:22+00:00","breadcrumb":{"@id":"https:\/\/hudo.com\/si\/aktualno\/muhast-zacetek-nato-pa-vroc-konec-tedna-padla-bo-tridesetica\/#breadcrumb"},"inLanguage":"sl-SI","potentialAction":[{"@type":"ReadAction","target":["https:\/\/hudo.com\/si\/aktualno\/muhast-zacetek-nato-pa-vroc-konec-tedna-padla-bo-tridesetica\/"]}]},{"@type":"BreadcrumbList","@id":"https:\/\/hudo.com\/si\/aktualno\/muhast-zacetek-nato-pa-vroc-konec-tedna-padla-bo-tridesetica\/#breadcrumb","itemListElement":[{"@type":"ListItem","position":1,"name":"Home","item":"https:\/\/hudo.com\/si\/"},{"@type":"ListItem","position":2,"name":"Muhast za\u010detek, nato pa vro\u010d konec tedna: Padla bo tridesetica!"}]},{"@type":"WebSite","@id":"https:\/\/hudo.com\/si\/#website","url":"https:\/\/hudo.com\/si\/","name":"Hudo Slovenija","description":"Vse novice iz Slovenije in sveta","publisher":{"@id":"https:\/\/hudo.com\/si\/#organization"},"potentialAction":[{"@type":"SearchAction","target":{"@type":"EntryPoint","urlTemplate":"https:\/\/hudo.com\/si\/?s={search_term_string}"},"query-input":"required name=search_term_string"}],"inLanguage":"sl-SI"},{"@type":"Organization","@id":"https:\/\/hudo.com\/si\/#organization","name":"VSN Media","url":"https:\/\/hudo.com\/si\/","logo":{"@type":"ImageObject","inLanguage":"sl-SI","@id":"https:\/\/hudo.com\/si\/#\/schema\/logo\/image\/","url":"https:\/\/hudo.com\/si\/wp-content\/uploads\/sites\/2\/2021\/03\/hudo-app-2.png","contentUrl":"https:\/\/hudo.com\/si\/wp-content\/uploads\/sites\/2\/2021\/03\/hudo-app-2.png","width":2185,"height":2167,"caption":"VSN Media"},"image":{"@id":"https:\/\/hudo.com\/si\/#\/schema\/logo\/image\/"},"sameAs":["https:\/\/www.facebook.com\/hudo.si","https:\/\/twitter.com\/hudo_si"]},{"@type":"Person","@id":"https:\/\/hudo.com\/si\/#\/schema\/person\/601cf3379633985b20f7e50f2bb47707","name":"hudo","image":{"@type":"ImageObject","inLanguage":"sl-SI","@id":"https:\/\/hudo.com\/si\/#\/schema\/person\/image\/","url":"https:\/\/secure.gravatar.com\/avatar\/c4ca25fa72cace7a696b52ff5db9e095?s=96&d=mm&r=g","contentUrl":"https:\/\/secure.gravatar.com\/avatar\/c4ca25fa72cace7a696b52ff5db9e095?s=96&d=mm&r=g","caption":"hudo"},"url":"https:\/\/hudo.com\/si\/author\/hudo\/"}]}},"amp_enabled":true,"_links":{"self":[{"href":"https:\/\/hudo.com\/si\/wp-json\/wp\/v2\/posts\/59037"}],"collection":[{"href":"https:\/\/hudo.com\/si\/wp-json\/wp\/v2\/posts"}],"about":[{"href":"https:\/\/hudo.com\/si\/wp-json\/wp\/v2\/types\/post"}],"author":[{"embeddable":true,"href":"https:\/\/hudo.com\/si\/wp-json\/wp\/v2\/users\/1"}],"replies":[{"embeddable":true,"href":"https:\/\/hudo.com\/si\/wp-json\/wp\/v2\/comments?post=59037"}],"version-history":[{"count":1,"href":"https:\/\/hudo.com\/si\/wp-json\/wp\/v2\/posts\/59037\/revisions"}],"predecessor-version":[{"id":59130,"href":"https:\/\/hudo.com\/si\/wp-json\/wp\/v2\/posts\/59037\/revisions\/59130"}],"wp:attachment":[{"href":"https:\/\/hudo.com\/si\/wp-json\/wp\/v2\/media?parent=59037"}],"wp:term":[{"taxonomy":"category","embeddable":true,"href":"https:\/\/hudo.com\/si\/wp-json\/wp\/v2\/categories?post=59037"},{"taxonomy":"post_tag","embeddable":true,"href":"https:\/\/hudo.com\/si\/wp-json\/wp\/v2\/tags?post=59037"},{"taxonomy":"source","embeddable":true,"href":"https:\/\/hudo.com\/si\/wp-json\/wp\/v2\/source?post=59037"},{"taxonomy":"supertag","embeddable":true,"href":"https:\/\/hudo.com\/si\/wp-json\/wp\/v2\/supertag?post=59037"}],"curies":[{"name":"wp","href":"https:\/\/api.w.org\/{rel}","templated":true}]}}