{"id":59093,"date":"2016-05-23T07:36:00","date_gmt":"2016-05-23T05:36:00","guid":{"rendered":"http:\/\/hudo.com\/si\/2016\/05\/23\/danes-bo-znan-novi-predsednik-razdeljene-avstrije\/"},"modified":"2016-05-23T07:36:00","modified_gmt":"2016-05-23T05:36:00","slug":"danes-bo-znan-novi-predsednik-razdeljene-avstrije","status":"publish","type":"post","link":"https:\/\/hudo.com\/si\/aktualno\/danes-bo-znan-novi-predsednik-razdeljene-avstrije\/","title":{"rendered":"Danes bo znan novi predsednik razdeljene Avstrije"},"content":{"rendered":"<p>Kategorija: Sose\u0161\u010dina Mon, 23 May 2016 09:36:00 +0200  Dunaj\u00a0\u2212 Avstrijci bodo \u0161ele danes pozno popoldne ali pa zve\u010der izvedeli, kdo bo njihov novi predsednik. O zmagovalcu drugega kroga volitev, v katerem sta se pomerila 72-letni profesor ekonomije in nekdanji dolgoletni predsednik Zelenih Alexander van der Bellen ter 45-letni letalski in\u017eenir in sedanji tretji predsednik spodnjega doma zveznega parlamenta, svobodnjak Norbet Hofer, bodo namre\u010d odlo\u010dali glasovi, poslani po po\u0161ti, ki jih bodo pre\u0161teli \u0161ele danes. Ko so sino\u010di pre\u0161teli vse glasove drugega kroga predsedni\u0161kih volitev, je bil neuradni rezultat \u0161e vedno 50 : 50, \u010deprav je na koncu Van der Bellen vodil za nekaj manj kot tri tiso\u010d glasov. \u00bbZa Van der Bellna 2.206.845, za Hoferja 2.203.957,\u00ab je bil zadnji neuradni rezultat, ki so ga sino\u010di do\u010dakali v \u0161tabih obeh kandidatov. Oboji so bili veseli, \u010deprav bodo \u0161e ves dana\u0161nji\u00a0&#8230;<\/p>\n","protected":false},"excerpt":{"rendered":"<p>Kategorija: Sose\u0161\u010dina Mon, 23 May 2016 09:36:00 +0200  Dunaj\u00a0\u2212 Avstrijci bodo \u0161ele danes pozno popoldne ali pa zve\u010der izvedeli, kdo bo njihov novi predsednik. O zmagovalcu drugega kroga volitev, v katerem sta se pomerila 72-letni profesor ekonomije in nekdanji dolgoletni predsednik Zelenih Alexander van der Bellen ter 45-letni letalski in\u017eenir in sedanji tretji predsednik spodnjega doma zveznega parlamenta, svobodnjak Norbet Hofer, bodo namre\u010d odlo\u010dali glasovi, poslani po po\u0161ti, ki jih bodo pre\u0161teli \u0161ele danes. Ko so sino\u010di pre\u0161teli vse glasove drugega kroga predsedni\u0161kih volitev, je bil neuradni rezultat \u0161e vedno 50 : 50, \u010deprav je na koncu Van der Bellen vodil za nekaj manj kot tri tiso\u010d glasov. \u00bbZa Van der Bellna 2.206.845, za Hoferja 2.203.957,\u00ab je bil zadnji neuradni rezultat, ki so ga sino\u010di do\u010dakali v \u0161tabih obeh kandidatov. Oboji so bili veseli, \u010deprav bodo \u0161e ves dana\u0161nji\u00a0&#8230;<\/p>\n","protected":false},"author":1,"featured_media":0,"comment_status":"closed","ping_status":"closed","sticky":false,"template":"","format":"standard","meta":{"footnotes":""},"categories":[1179],"tags":[],"source":[4511],"supertag":[],"acf":[],"yoast_head":"<!-- This site is optimized with the Yoast SEO plugin v21.3 - https:\/\/yoast.com\/wordpress\/plugins\/seo\/ -->\n<title>Danes bo znan novi predsednik razdeljene Avstrije - Hudo Slovenija<\/title>\n<meta name=\"robots\" content=\"index, follow, max-snippet:-1, max-image-preview:large, max-video-preview:-1\" \/>\n<link rel=\"canonical\" href=\"https:\/\/hudo.com\/si\/aktualno\/danes-bo-znan-novi-predsednik-razdeljene-avstrije\/\" \/>\n<meta property=\"og:locale\" content=\"sl_SI\" \/>\n<meta property=\"og:type\" content=\"article\" \/>\n<meta property=\"og:title\" content=\"Danes bo znan novi predsednik razdeljene Avstrije - Hudo Slovenija\" \/>\n<meta property=\"og:description\" content=\"Kategorija: Sose\u0161\u010dina Mon, 23 May 2016 09:36:00 +0200 Dunaj\u00a0\u2212 Avstrijci bodo \u0161ele danes pozno popoldne ali pa zve\u010der izvedeli, kdo bo njihov novi predsednik. O zmagovalcu drugega kroga volitev, v katerem sta se pomerila 72-letni profesor ekonomije in nekdanji dolgoletni predsednik Zelenih Alexander van der Bellen ter 45-letni letalski in\u017eenir in sedanji tretji predsednik spodnjega doma zveznega parlamenta, svobodnjak Norbet Hofer, bodo namre\u010d odlo\u010dali glasovi, poslani po po\u0161ti, ki jih bodo pre\u0161teli \u0161ele danes. Ko so sino\u010di pre\u0161teli vse glasove drugega kroga predsedni\u0161kih volitev, je bil neuradni rezultat \u0161e vedno 50 : 50, \u010deprav je na koncu Van der Bellen vodil za nekaj manj kot tri tiso\u010d glasov. \u00bbZa Van der Bellna 2.206.845, za Hoferja 2.203.957,\u00ab je bil zadnji neuradni rezultat, ki so ga sino\u010di do\u010dakali v \u0161tabih obeh kandidatov. Oboji so bili veseli, \u010deprav bodo \u0161e ves dana\u0161nji\u00a0...\" \/>\n<meta property=\"og:url\" content=\"https:\/\/hudo.com\/si\/aktualno\/danes-bo-znan-novi-predsednik-razdeljene-avstrije\/\" \/>\n<meta property=\"og:site_name\" content=\"Hudo Slovenija\" \/>\n<meta property=\"article:publisher\" content=\"https:\/\/www.facebook.com\/hudo.si\" \/>\n<meta property=\"article:published_time\" content=\"2016-05-23T05:36:00+00:00\" \/>\n<meta property=\"og:image\" content=\"https:\/\/hudo.com\/si\/wp-content\/uploads\/sites\/2\/2016\/05\/480x290_Reuters_Pictures-20160522190210-38163200.jpeg\" \/>\n\t<meta property=\"og:image:width\" content=\"480\" \/>\n\t<meta property=\"og:image:height\" content=\"290\" \/>\n\t<meta property=\"og:image:type\" content=\"image\/jpeg\" \/>\n<meta name=\"author\" content=\"hudo\" \/>\n<meta name=\"twitter:card\" content=\"summary_large_image\" \/>\n<meta name=\"twitter:creator\" content=\"@hudo_si\" \/>\n<meta name=\"twitter:site\" content=\"@hudo_si\" \/>\n<meta name=\"twitter:label1\" content=\"Written by\" \/>\n\t<meta name=\"twitter:data1\" content=\"hudo\" \/>\n\t<meta name=\"twitter:label2\" content=\"Est. reading time\" \/>\n\t<meta name=\"twitter:data2\" content=\"1 minuta\" \/>\n<script type=\"application\/ld+json\" class=\"yoast-schema-graph\">{\"@context\":\"https:\/\/schema.org\",\"@graph\":[{\"@type\":\"Article\",\"@id\":\"https:\/\/hudo.com\/si\/aktualno\/danes-bo-znan-novi-predsednik-razdeljene-avstrije\/#article\",\"isPartOf\":{\"@id\":\"https:\/\/hudo.com\/si\/aktualno\/danes-bo-znan-novi-predsednik-razdeljene-avstrije\/\"},\"author\":{\"name\":\"hudo\",\"@id\":\"https:\/\/hudo.com\/si\/#\/schema\/person\/601cf3379633985b20f7e50f2bb47707\"},\"headline\":\"Danes bo znan novi predsednik razdeljene Avstrije\",\"datePublished\":\"2016-05-23T05:36:00+00:00\",\"dateModified\":\"2016-05-23T05:36:00+00:00\",\"mainEntityOfPage\":{\"@id\":\"https:\/\/hudo.com\/si\/aktualno\/danes-bo-znan-novi-predsednik-razdeljene-avstrije\/\"},\"wordCount\":149,\"publisher\":{\"@id\":\"https:\/\/hudo.com\/si\/#organization\"},\"articleSection\":[\"Aktualno\"],\"inLanguage\":\"sl-SI\"},{\"@type\":\"WebPage\",\"@id\":\"https:\/\/hudo.com\/si\/aktualno\/danes-bo-znan-novi-predsednik-razdeljene-avstrije\/\",\"url\":\"https:\/\/hudo.com\/si\/aktualno\/danes-bo-znan-novi-predsednik-razdeljene-avstrije\/\",\"name\":\"Danes bo znan novi predsednik razdeljene Avstrije - Hudo Slovenija\",\"isPartOf\":{\"@id\":\"https:\/\/hudo.com\/si\/#website\"},\"datePublished\":\"2016-05-23T05:36:00+00:00\",\"dateModified\":\"2016-05-23T05:36:00+00:00\",\"breadcrumb\":{\"@id\":\"https:\/\/hudo.com\/si\/aktualno\/danes-bo-znan-novi-predsednik-razdeljene-avstrije\/#breadcrumb\"},\"inLanguage\":\"sl-SI\",\"potentialAction\":[{\"@type\":\"ReadAction\",\"target\":[\"https:\/\/hudo.com\/si\/aktualno\/danes-bo-znan-novi-predsednik-razdeljene-avstrije\/\"]}]},{\"@type\":\"BreadcrumbList\",\"@id\":\"https:\/\/hudo.com\/si\/aktualno\/danes-bo-znan-novi-predsednik-razdeljene-avstrije\/#breadcrumb\",\"itemListElement\":[{\"@type\":\"ListItem\",\"position\":1,\"name\":\"Home\",\"item\":\"https:\/\/hudo.com\/si\/\"},{\"@type\":\"ListItem\",\"position\":2,\"name\":\"Danes bo znan novi predsednik razdeljene Avstrije\"}]},{\"@type\":\"WebSite\",\"@id\":\"https:\/\/hudo.com\/si\/#website\",\"url\":\"https:\/\/hudo.com\/si\/\",\"name\":\"Hudo Slovenija\",\"description\":\"Vse novice iz Slovenije in sveta\",\"publisher\":{\"@id\":\"https:\/\/hudo.com\/si\/#organization\"},\"potentialAction\":[{\"@type\":\"SearchAction\",\"target\":{\"@type\":\"EntryPoint\",\"urlTemplate\":\"https:\/\/hudo.com\/si\/?s={search_term_string}\"},\"query-input\":\"required name=search_term_string\"}],\"inLanguage\":\"sl-SI\"},{\"@type\":\"Organization\",\"@id\":\"https:\/\/hudo.com\/si\/#organization\",\"name\":\"VSN Media\",\"url\":\"https:\/\/hudo.com\/si\/\",\"logo\":{\"@type\":\"ImageObject\",\"inLanguage\":\"sl-SI\",\"@id\":\"https:\/\/hudo.com\/si\/#\/schema\/logo\/image\/\",\"url\":\"https:\/\/hudo.com\/si\/wp-content\/uploads\/sites\/2\/2021\/03\/hudo-app-2.png\",\"contentUrl\":\"https:\/\/hudo.com\/si\/wp-content\/uploads\/sites\/2\/2021\/03\/hudo-app-2.png\",\"width\":2185,\"height\":2167,\"caption\":\"VSN Media\"},\"image\":{\"@id\":\"https:\/\/hudo.com\/si\/#\/schema\/logo\/image\/\"},\"sameAs\":[\"https:\/\/www.facebook.com\/hudo.si\",\"https:\/\/twitter.com\/hudo_si\"]},{\"@type\":\"Person\",\"@id\":\"https:\/\/hudo.com\/si\/#\/schema\/person\/601cf3379633985b20f7e50f2bb47707\",\"name\":\"hudo\",\"image\":{\"@type\":\"ImageObject\",\"inLanguage\":\"sl-SI\",\"@id\":\"https:\/\/hudo.com\/si\/#\/schema\/person\/image\/\",\"url\":\"https:\/\/secure.gravatar.com\/avatar\/c4ca25fa72cace7a696b52ff5db9e095?s=96&d=mm&r=g\",\"contentUrl\":\"https:\/\/secure.gravatar.com\/avatar\/c4ca25fa72cace7a696b52ff5db9e095?s=96&d=mm&r=g\",\"caption\":\"hudo\"},\"url\":\"https:\/\/hudo.com\/si\/author\/hudo\/\"}]}<\/script>\n<!-- \/ Yoast SEO plugin. -->","yoast_head_json":{"title":"Danes bo znan novi predsednik razdeljene Avstrije - Hudo Slovenija","robots":{"index":"index","follow":"follow","max-snippet":"max-snippet:-1","max-image-preview":"max-image-preview:large","max-video-preview":"max-video-preview:-1"},"canonical":"https:\/\/hudo.com\/si\/aktualno\/danes-bo-znan-novi-predsednik-razdeljene-avstrije\/","og_locale":"sl_SI","og_type":"article","og_title":"Danes bo znan novi predsednik razdeljene Avstrije - Hudo Slovenija","og_description":"Kategorija: Sose\u0161\u010dina Mon, 23 May 2016 09:36:00 +0200 Dunaj\u00a0\u2212 Avstrijci bodo \u0161ele danes pozno popoldne ali pa zve\u010der izvedeli, kdo bo njihov novi predsednik. O zmagovalcu drugega kroga volitev, v katerem sta se pomerila 72-letni profesor ekonomije in nekdanji dolgoletni predsednik Zelenih Alexander van der Bellen ter 45-letni letalski in\u017eenir in sedanji tretji predsednik spodnjega doma zveznega parlamenta, svobodnjak Norbet Hofer, bodo namre\u010d odlo\u010dali glasovi, poslani po po\u0161ti, ki jih bodo pre\u0161teli \u0161ele danes. Ko so sino\u010di pre\u0161teli vse glasove drugega kroga predsedni\u0161kih volitev, je bil neuradni rezultat \u0161e vedno 50 : 50, \u010deprav je na koncu Van der Bellen vodil za nekaj manj kot tri tiso\u010d glasov. \u00bbZa Van der Bellna 2.206.845, za Hoferja 2.203.957,\u00ab je bil zadnji neuradni rezultat, ki so ga sino\u010di do\u010dakali v \u0161tabih obeh kandidatov. Oboji so bili veseli, \u010deprav bodo \u0161e ves dana\u0161nji\u00a0...","og_url":"https:\/\/hudo.com\/si\/aktualno\/danes-bo-znan-novi-predsednik-razdeljene-avstrije\/","og_site_name":"Hudo Slovenija","article_publisher":"https:\/\/www.facebook.com\/hudo.si","article_published_time":"2016-05-23T05:36:00+00:00","og_image":[{"width":480,"height":290,"url":"https:\/\/hudo.com\/si\/wp-content\/uploads\/sites\/2\/2016\/05\/480x290_Reuters_Pictures-20160522190210-38163200.jpeg","type":"image\/jpeg"}],"author":"hudo","twitter_card":"summary_large_image","twitter_creator":"@hudo_si","twitter_site":"@hudo_si","twitter_misc":{"Written by":"hudo","Est. reading time":"1 minuta"},"schema":{"@context":"https:\/\/schema.org","@graph":[{"@type":"Article","@id":"https:\/\/hudo.com\/si\/aktualno\/danes-bo-znan-novi-predsednik-razdeljene-avstrije\/#article","isPartOf":{"@id":"https:\/\/hudo.com\/si\/aktualno\/danes-bo-znan-novi-predsednik-razdeljene-avstrije\/"},"author":{"name":"hudo","@id":"https:\/\/hudo.com\/si\/#\/schema\/person\/601cf3379633985b20f7e50f2bb47707"},"headline":"Danes bo znan novi predsednik razdeljene Avstrije","datePublished":"2016-05-23T05:36:00+00:00","dateModified":"2016-05-23T05:36:00+00:00","mainEntityOfPage":{"@id":"https:\/\/hudo.com\/si\/aktualno\/danes-bo-znan-novi-predsednik-razdeljene-avstrije\/"},"wordCount":149,"publisher":{"@id":"https:\/\/hudo.com\/si\/#organization"},"articleSection":["Aktualno"],"inLanguage":"sl-SI"},{"@type":"WebPage","@id":"https:\/\/hudo.com\/si\/aktualno\/danes-bo-znan-novi-predsednik-razdeljene-avstrije\/","url":"https:\/\/hudo.com\/si\/aktualno\/danes-bo-znan-novi-predsednik-razdeljene-avstrije\/","name":"Danes bo znan novi predsednik razdeljene Avstrije - Hudo Slovenija","isPartOf":{"@id":"https:\/\/hudo.com\/si\/#website"},"datePublished":"2016-05-23T05:36:00+00:00","dateModified":"2016-05-23T05:36:00+00:00","breadcrumb":{"@id":"https:\/\/hudo.com\/si\/aktualno\/danes-bo-znan-novi-predsednik-razdeljene-avstrije\/#breadcrumb"},"inLanguage":"sl-SI","potentialAction":[{"@type":"ReadAction","target":["https:\/\/hudo.com\/si\/aktualno\/danes-bo-znan-novi-predsednik-razdeljene-avstrije\/"]}]},{"@type":"BreadcrumbList","@id":"https:\/\/hudo.com\/si\/aktualno\/danes-bo-znan-novi-predsednik-razdeljene-avstrije\/#breadcrumb","itemListElement":[{"@type":"ListItem","position":1,"name":"Home","item":"https:\/\/hudo.com\/si\/"},{"@type":"ListItem","position":2,"name":"Danes bo znan novi predsednik razdeljene Avstrije"}]},{"@type":"WebSite","@id":"https:\/\/hudo.com\/si\/#website","url":"https:\/\/hudo.com\/si\/","name":"Hudo Slovenija","description":"Vse novice iz Slovenije in sveta","publisher":{"@id":"https:\/\/hudo.com\/si\/#organization"},"potentialAction":[{"@type":"SearchAction","target":{"@type":"EntryPoint","urlTemplate":"https:\/\/hudo.com\/si\/?s={search_term_string}"},"query-input":"required name=search_term_string"}],"inLanguage":"sl-SI"},{"@type":"Organization","@id":"https:\/\/hudo.com\/si\/#organization","name":"VSN Media","url":"https:\/\/hudo.com\/si\/","logo":{"@type":"ImageObject","inLanguage":"sl-SI","@id":"https:\/\/hudo.com\/si\/#\/schema\/logo\/image\/","url":"https:\/\/hudo.com\/si\/wp-content\/uploads\/sites\/2\/2021\/03\/hudo-app-2.png","contentUrl":"https:\/\/hudo.com\/si\/wp-content\/uploads\/sites\/2\/2021\/03\/hudo-app-2.png","width":2185,"height":2167,"caption":"VSN Media"},"image":{"@id":"https:\/\/hudo.com\/si\/#\/schema\/logo\/image\/"},"sameAs":["https:\/\/www.facebook.com\/hudo.si","https:\/\/twitter.com\/hudo_si"]},{"@type":"Person","@id":"https:\/\/hudo.com\/si\/#\/schema\/person\/601cf3379633985b20f7e50f2bb47707","name":"hudo","image":{"@type":"ImageObject","inLanguage":"sl-SI","@id":"https:\/\/hudo.com\/si\/#\/schema\/person\/image\/","url":"https:\/\/secure.gravatar.com\/avatar\/c4ca25fa72cace7a696b52ff5db9e095?s=96&d=mm&r=g","contentUrl":"https:\/\/secure.gravatar.com\/avatar\/c4ca25fa72cace7a696b52ff5db9e095?s=96&d=mm&r=g","caption":"hudo"},"url":"https:\/\/hudo.com\/si\/author\/hudo\/"}]}},"amp_enabled":true,"_links":{"self":[{"href":"https:\/\/hudo.com\/si\/wp-json\/wp\/v2\/posts\/59093"}],"collection":[{"href":"https:\/\/hudo.com\/si\/wp-json\/wp\/v2\/posts"}],"about":[{"href":"https:\/\/hudo.com\/si\/wp-json\/wp\/v2\/types\/post"}],"author":[{"embeddable":true,"href":"https:\/\/hudo.com\/si\/wp-json\/wp\/v2\/users\/1"}],"replies":[{"embeddable":true,"href":"https:\/\/hudo.com\/si\/wp-json\/wp\/v2\/comments?post=59093"}],"version-history":[{"count":0,"href":"https:\/\/hudo.com\/si\/wp-json\/wp\/v2\/posts\/59093\/revisions"}],"wp:attachment":[{"href":"https:\/\/hudo.com\/si\/wp-json\/wp\/v2\/media?parent=59093"}],"wp:term":[{"taxonomy":"category","embeddable":true,"href":"https:\/\/hudo.com\/si\/wp-json\/wp\/v2\/categories?post=59093"},{"taxonomy":"post_tag","embeddable":true,"href":"https:\/\/hudo.com\/si\/wp-json\/wp\/v2\/tags?post=59093"},{"taxonomy":"source","embeddable":true,"href":"https:\/\/hudo.com\/si\/wp-json\/wp\/v2\/source?post=59093"},{"taxonomy":"supertag","embeddable":true,"href":"https:\/\/hudo.com\/si\/wp-json\/wp\/v2\/supertag?post=59093"}],"curies":[{"name":"wp","href":"https:\/\/api.w.org\/{rel}","templated":true}]}}