{"id":59364,"date":"2016-05-23T11:39:08","date_gmt":"2016-05-23T09:39:08","guid":{"rendered":"http:\/\/hudo.com\/si\/2016\/05\/23\/odvzem-deckov-starima-starsema-je-bil-po-odlocbi-upravnega-sodisca-nezakonit\/"},"modified":"2016-05-24T06:36:24","modified_gmt":"2016-05-24T04:36:24","slug":"odvzem-deckov-starima-starsema-je-bil-po-odlocbi-upravnega-sodisca-nezakonit","status":"publish","type":"post","link":"https:\/\/hudo.com\/si\/aktualno\/odvzem-deckov-starima-starsema-je-bil-po-odlocbi-upravnega-sodisca-nezakonit\/","title":{"rendered":"Odvzem de\u010dkov starima star\u0161ema je bil po odlo\u010dbi upravnega sodi\u0161\u010da nezakonit"},"content":{"rendered":"<p>Upravno sodi\u0161\u010de je ugotovilo, da so bile ob odvzemu fantkov iz Velenja kr\u0161ene ustavne in \u010dlovekove pravice tako babici kot njunima vnukoma, je povedal zagovornik babice de\u010dkov, odvetnik Velimir Cugmas. Odlo\u010ditev upravnega sodi\u0161\u010da, o kateri je najprej poro\u010dal Ve\u010der, je odvetnik prejel danes, sprejeta pa je bila 11. maja.<\/p>\n","protected":false},"excerpt":{"rendered":"<p>Upravno sodi\u0161\u010de je ugotovilo, da so bile ob odvzemu fantkov iz Velenja kr\u0161ene ustavne in \u010dlovekove pravice tako babici kot njunima vnukoma, je povedal zagovornik babice de\u010dkov, odvetnik Velimir Cugmas. Odlo\u010ditev upravnega sodi\u0161\u010da, o kateri je najprej poro\u010dal Ve\u010der, je odvetnik prejel danes, sprejeta pa je bila 11. maja.<\/p>\n","protected":false},"author":1,"featured_media":0,"comment_status":"closed","ping_status":"closed","sticky":false,"template":"","format":"standard","meta":{"footnotes":""},"categories":[1179],"tags":[],"source":[1707],"supertag":[],"acf":[],"yoast_head":"<!-- This site is optimized with the Yoast SEO plugin v21.3 - https:\/\/yoast.com\/wordpress\/plugins\/seo\/ -->\n<title>Odvzem de\u010dkov starima star\u0161ema je bil po odlo\u010dbi upravnega sodi\u0161\u010da nezakonit - Hudo Slovenija<\/title>\n<meta name=\"robots\" content=\"index, follow, max-snippet:-1, max-image-preview:large, max-video-preview:-1\" \/>\n<link rel=\"canonical\" href=\"https:\/\/hudo.com\/si\/aktualno\/odvzem-deckov-starima-starsema-je-bil-po-odlocbi-upravnega-sodisca-nezakonit\/\" \/>\n<meta property=\"og:locale\" content=\"sl_SI\" \/>\n<meta property=\"og:type\" content=\"article\" \/>\n<meta property=\"og:title\" content=\"Odvzem de\u010dkov starima star\u0161ema je bil po odlo\u010dbi upravnega sodi\u0161\u010da nezakonit - Hudo Slovenija\" \/>\n<meta property=\"og:description\" content=\"Upravno sodi\u0161\u010de je ugotovilo, da so bile ob odvzemu fantkov iz Velenja kr\u0161ene ustavne in \u010dlovekove pravice tako babici kot njunima vnukoma, je povedal zagovornik babice de\u010dkov, odvetnik Velimir Cugmas. Odlo\u010ditev upravnega sodi\u0161\u010da, o kateri je najprej poro\u010dal Ve\u010der, je odvetnik prejel danes, sprejeta pa je bila 11. maja.\" \/>\n<meta property=\"og:url\" content=\"https:\/\/hudo.com\/si\/aktualno\/odvzem-deckov-starima-starsema-je-bil-po-odlocbi-upravnega-sodisca-nezakonit\/\" \/>\n<meta property=\"og:site_name\" content=\"Hudo Slovenija\" \/>\n<meta property=\"article:publisher\" content=\"https:\/\/www.facebook.com\/hudo.si\" \/>\n<meta property=\"article:published_time\" content=\"2016-05-23T09:39:08+00:00\" \/>\n<meta property=\"article:modified_time\" content=\"2016-05-24T04:36:24+00:00\" \/>\n<meta property=\"og:image\" content=\"https:\/\/hudo.com\/si\/wp-content\/uploads\/sites\/2\/2016\/05\/118-DECKA_PROTEST.jpg\" \/>\n\t<meta property=\"og:image:width\" content=\"620\" \/>\n\t<meta property=\"og:image:height\" content=\"411\" \/>\n\t<meta property=\"og:image:type\" content=\"image\/jpeg\" \/>\n<meta name=\"author\" content=\"hudo\" \/>\n<meta name=\"twitter:card\" content=\"summary_large_image\" \/>\n<meta name=\"twitter:creator\" content=\"@hudo_si\" \/>\n<meta name=\"twitter:site\" content=\"@hudo_si\" \/>\n<meta name=\"twitter:label1\" content=\"Written by\" \/>\n\t<meta name=\"twitter:data1\" content=\"hudo\" \/>\n<script type=\"application\/ld+json\" class=\"yoast-schema-graph\">{\"@context\":\"https:\/\/schema.org\",\"@graph\":[{\"@type\":\"Article\",\"@id\":\"https:\/\/hudo.com\/si\/aktualno\/odvzem-deckov-starima-starsema-je-bil-po-odlocbi-upravnega-sodisca-nezakonit\/#article\",\"isPartOf\":{\"@id\":\"https:\/\/hudo.com\/si\/aktualno\/odvzem-deckov-starima-starsema-je-bil-po-odlocbi-upravnega-sodisca-nezakonit\/\"},\"author\":{\"name\":\"hudo\",\"@id\":\"https:\/\/hudo.com\/si\/#\/schema\/person\/601cf3379633985b20f7e50f2bb47707\"},\"headline\":\"Odvzem de\u010dkov starima star\u0161ema je bil po odlo\u010dbi upravnega sodi\u0161\u010da nezakonit\",\"datePublished\":\"2016-05-23T09:39:08+00:00\",\"dateModified\":\"2016-05-24T04:36:24+00:00\",\"mainEntityOfPage\":{\"@id\":\"https:\/\/hudo.com\/si\/aktualno\/odvzem-deckov-starima-starsema-je-bil-po-odlocbi-upravnega-sodisca-nezakonit\/\"},\"wordCount\":70,\"publisher\":{\"@id\":\"https:\/\/hudo.com\/si\/#organization\"},\"articleSection\":[\"Aktualno\"],\"inLanguage\":\"sl-SI\"},{\"@type\":\"WebPage\",\"@id\":\"https:\/\/hudo.com\/si\/aktualno\/odvzem-deckov-starima-starsema-je-bil-po-odlocbi-upravnega-sodisca-nezakonit\/\",\"url\":\"https:\/\/hudo.com\/si\/aktualno\/odvzem-deckov-starima-starsema-je-bil-po-odlocbi-upravnega-sodisca-nezakonit\/\",\"name\":\"Odvzem de\u010dkov starima star\u0161ema je bil po odlo\u010dbi upravnega sodi\u0161\u010da nezakonit - Hudo Slovenija\",\"isPartOf\":{\"@id\":\"https:\/\/hudo.com\/si\/#website\"},\"datePublished\":\"2016-05-23T09:39:08+00:00\",\"dateModified\":\"2016-05-24T04:36:24+00:00\",\"breadcrumb\":{\"@id\":\"https:\/\/hudo.com\/si\/aktualno\/odvzem-deckov-starima-starsema-je-bil-po-odlocbi-upravnega-sodisca-nezakonit\/#breadcrumb\"},\"inLanguage\":\"sl-SI\",\"potentialAction\":[{\"@type\":\"ReadAction\",\"target\":[\"https:\/\/hudo.com\/si\/aktualno\/odvzem-deckov-starima-starsema-je-bil-po-odlocbi-upravnega-sodisca-nezakonit\/\"]}]},{\"@type\":\"BreadcrumbList\",\"@id\":\"https:\/\/hudo.com\/si\/aktualno\/odvzem-deckov-starima-starsema-je-bil-po-odlocbi-upravnega-sodisca-nezakonit\/#breadcrumb\",\"itemListElement\":[{\"@type\":\"ListItem\",\"position\":1,\"name\":\"Home\",\"item\":\"https:\/\/hudo.com\/si\/\"},{\"@type\":\"ListItem\",\"position\":2,\"name\":\"Odvzem de\u010dkov starima star\u0161ema je bil po odlo\u010dbi upravnega sodi\u0161\u010da nezakonit\"}]},{\"@type\":\"WebSite\",\"@id\":\"https:\/\/hudo.com\/si\/#website\",\"url\":\"https:\/\/hudo.com\/si\/\",\"name\":\"Hudo Slovenija\",\"description\":\"Vse novice iz Slovenije in sveta\",\"publisher\":{\"@id\":\"https:\/\/hudo.com\/si\/#organization\"},\"potentialAction\":[{\"@type\":\"SearchAction\",\"target\":{\"@type\":\"EntryPoint\",\"urlTemplate\":\"https:\/\/hudo.com\/si\/?s={search_term_string}\"},\"query-input\":\"required name=search_term_string\"}],\"inLanguage\":\"sl-SI\"},{\"@type\":\"Organization\",\"@id\":\"https:\/\/hudo.com\/si\/#organization\",\"name\":\"VSN Media\",\"url\":\"https:\/\/hudo.com\/si\/\",\"logo\":{\"@type\":\"ImageObject\",\"inLanguage\":\"sl-SI\",\"@id\":\"https:\/\/hudo.com\/si\/#\/schema\/logo\/image\/\",\"url\":\"https:\/\/hudo.com\/si\/wp-content\/uploads\/sites\/2\/2021\/03\/hudo-app-2.png\",\"contentUrl\":\"https:\/\/hudo.com\/si\/wp-content\/uploads\/sites\/2\/2021\/03\/hudo-app-2.png\",\"width\":2185,\"height\":2167,\"caption\":\"VSN Media\"},\"image\":{\"@id\":\"https:\/\/hudo.com\/si\/#\/schema\/logo\/image\/\"},\"sameAs\":[\"https:\/\/www.facebook.com\/hudo.si\",\"https:\/\/twitter.com\/hudo_si\"]},{\"@type\":\"Person\",\"@id\":\"https:\/\/hudo.com\/si\/#\/schema\/person\/601cf3379633985b20f7e50f2bb47707\",\"name\":\"hudo\",\"image\":{\"@type\":\"ImageObject\",\"inLanguage\":\"sl-SI\",\"@id\":\"https:\/\/hudo.com\/si\/#\/schema\/person\/image\/\",\"url\":\"https:\/\/secure.gravatar.com\/avatar\/c4ca25fa72cace7a696b52ff5db9e095?s=96&d=mm&r=g\",\"contentUrl\":\"https:\/\/secure.gravatar.com\/avatar\/c4ca25fa72cace7a696b52ff5db9e095?s=96&d=mm&r=g\",\"caption\":\"hudo\"},\"url\":\"https:\/\/hudo.com\/si\/author\/hudo\/\"}]}<\/script>\n<!-- \/ Yoast SEO plugin. -->","yoast_head_json":{"title":"Odvzem de\u010dkov starima star\u0161ema je bil po odlo\u010dbi upravnega sodi\u0161\u010da nezakonit - Hudo Slovenija","robots":{"index":"index","follow":"follow","max-snippet":"max-snippet:-1","max-image-preview":"max-image-preview:large","max-video-preview":"max-video-preview:-1"},"canonical":"https:\/\/hudo.com\/si\/aktualno\/odvzem-deckov-starima-starsema-je-bil-po-odlocbi-upravnega-sodisca-nezakonit\/","og_locale":"sl_SI","og_type":"article","og_title":"Odvzem de\u010dkov starima star\u0161ema je bil po odlo\u010dbi upravnega sodi\u0161\u010da nezakonit - Hudo Slovenija","og_description":"Upravno sodi\u0161\u010de je ugotovilo, da so bile ob odvzemu fantkov iz Velenja kr\u0161ene ustavne in \u010dlovekove pravice tako babici kot njunima vnukoma, je povedal zagovornik babice de\u010dkov, odvetnik Velimir Cugmas. Odlo\u010ditev upravnega sodi\u0161\u010da, o kateri je najprej poro\u010dal Ve\u010der, je odvetnik prejel danes, sprejeta pa je bila 11. maja.","og_url":"https:\/\/hudo.com\/si\/aktualno\/odvzem-deckov-starima-starsema-je-bil-po-odlocbi-upravnega-sodisca-nezakonit\/","og_site_name":"Hudo Slovenija","article_publisher":"https:\/\/www.facebook.com\/hudo.si","article_published_time":"2016-05-23T09:39:08+00:00","article_modified_time":"2016-05-24T04:36:24+00:00","og_image":[{"width":620,"height":411,"url":"https:\/\/hudo.com\/si\/wp-content\/uploads\/sites\/2\/2016\/05\/118-DECKA_PROTEST.jpg","type":"image\/jpeg"}],"author":"hudo","twitter_card":"summary_large_image","twitter_creator":"@hudo_si","twitter_site":"@hudo_si","twitter_misc":{"Written by":"hudo"},"schema":{"@context":"https:\/\/schema.org","@graph":[{"@type":"Article","@id":"https:\/\/hudo.com\/si\/aktualno\/odvzem-deckov-starima-starsema-je-bil-po-odlocbi-upravnega-sodisca-nezakonit\/#article","isPartOf":{"@id":"https:\/\/hudo.com\/si\/aktualno\/odvzem-deckov-starima-starsema-je-bil-po-odlocbi-upravnega-sodisca-nezakonit\/"},"author":{"name":"hudo","@id":"https:\/\/hudo.com\/si\/#\/schema\/person\/601cf3379633985b20f7e50f2bb47707"},"headline":"Odvzem de\u010dkov starima star\u0161ema je bil po odlo\u010dbi upravnega sodi\u0161\u010da nezakonit","datePublished":"2016-05-23T09:39:08+00:00","dateModified":"2016-05-24T04:36:24+00:00","mainEntityOfPage":{"@id":"https:\/\/hudo.com\/si\/aktualno\/odvzem-deckov-starima-starsema-je-bil-po-odlocbi-upravnega-sodisca-nezakonit\/"},"wordCount":70,"publisher":{"@id":"https:\/\/hudo.com\/si\/#organization"},"articleSection":["Aktualno"],"inLanguage":"sl-SI"},{"@type":"WebPage","@id":"https:\/\/hudo.com\/si\/aktualno\/odvzem-deckov-starima-starsema-je-bil-po-odlocbi-upravnega-sodisca-nezakonit\/","url":"https:\/\/hudo.com\/si\/aktualno\/odvzem-deckov-starima-starsema-je-bil-po-odlocbi-upravnega-sodisca-nezakonit\/","name":"Odvzem de\u010dkov starima star\u0161ema je bil po odlo\u010dbi upravnega sodi\u0161\u010da nezakonit - Hudo Slovenija","isPartOf":{"@id":"https:\/\/hudo.com\/si\/#website"},"datePublished":"2016-05-23T09:39:08+00:00","dateModified":"2016-05-24T04:36:24+00:00","breadcrumb":{"@id":"https:\/\/hudo.com\/si\/aktualno\/odvzem-deckov-starima-starsema-je-bil-po-odlocbi-upravnega-sodisca-nezakonit\/#breadcrumb"},"inLanguage":"sl-SI","potentialAction":[{"@type":"ReadAction","target":["https:\/\/hudo.com\/si\/aktualno\/odvzem-deckov-starima-starsema-je-bil-po-odlocbi-upravnega-sodisca-nezakonit\/"]}]},{"@type":"BreadcrumbList","@id":"https:\/\/hudo.com\/si\/aktualno\/odvzem-deckov-starima-starsema-je-bil-po-odlocbi-upravnega-sodisca-nezakonit\/#breadcrumb","itemListElement":[{"@type":"ListItem","position":1,"name":"Home","item":"https:\/\/hudo.com\/si\/"},{"@type":"ListItem","position":2,"name":"Odvzem de\u010dkov starima star\u0161ema je bil po odlo\u010dbi upravnega sodi\u0161\u010da nezakonit"}]},{"@type":"WebSite","@id":"https:\/\/hudo.com\/si\/#website","url":"https:\/\/hudo.com\/si\/","name":"Hudo Slovenija","description":"Vse novice iz Slovenije in sveta","publisher":{"@id":"https:\/\/hudo.com\/si\/#organization"},"potentialAction":[{"@type":"SearchAction","target":{"@type":"EntryPoint","urlTemplate":"https:\/\/hudo.com\/si\/?s={search_term_string}"},"query-input":"required name=search_term_string"}],"inLanguage":"sl-SI"},{"@type":"Organization","@id":"https:\/\/hudo.com\/si\/#organization","name":"VSN Media","url":"https:\/\/hudo.com\/si\/","logo":{"@type":"ImageObject","inLanguage":"sl-SI","@id":"https:\/\/hudo.com\/si\/#\/schema\/logo\/image\/","url":"https:\/\/hudo.com\/si\/wp-content\/uploads\/sites\/2\/2021\/03\/hudo-app-2.png","contentUrl":"https:\/\/hudo.com\/si\/wp-content\/uploads\/sites\/2\/2021\/03\/hudo-app-2.png","width":2185,"height":2167,"caption":"VSN Media"},"image":{"@id":"https:\/\/hudo.com\/si\/#\/schema\/logo\/image\/"},"sameAs":["https:\/\/www.facebook.com\/hudo.si","https:\/\/twitter.com\/hudo_si"]},{"@type":"Person","@id":"https:\/\/hudo.com\/si\/#\/schema\/person\/601cf3379633985b20f7e50f2bb47707","name":"hudo","image":{"@type":"ImageObject","inLanguage":"sl-SI","@id":"https:\/\/hudo.com\/si\/#\/schema\/person\/image\/","url":"https:\/\/secure.gravatar.com\/avatar\/c4ca25fa72cace7a696b52ff5db9e095?s=96&d=mm&r=g","contentUrl":"https:\/\/secure.gravatar.com\/avatar\/c4ca25fa72cace7a696b52ff5db9e095?s=96&d=mm&r=g","caption":"hudo"},"url":"https:\/\/hudo.com\/si\/author\/hudo\/"}]}},"amp_enabled":true,"_links":{"self":[{"href":"https:\/\/hudo.com\/si\/wp-json\/wp\/v2\/posts\/59364"}],"collection":[{"href":"https:\/\/hudo.com\/si\/wp-json\/wp\/v2\/posts"}],"about":[{"href":"https:\/\/hudo.com\/si\/wp-json\/wp\/v2\/types\/post"}],"author":[{"embeddable":true,"href":"https:\/\/hudo.com\/si\/wp-json\/wp\/v2\/users\/1"}],"replies":[{"embeddable":true,"href":"https:\/\/hudo.com\/si\/wp-json\/wp\/v2\/comments?post=59364"}],"version-history":[{"count":1,"href":"https:\/\/hudo.com\/si\/wp-json\/wp\/v2\/posts\/59364\/revisions"}],"predecessor-version":[{"id":59482,"href":"https:\/\/hudo.com\/si\/wp-json\/wp\/v2\/posts\/59364\/revisions\/59482"}],"wp:attachment":[{"href":"https:\/\/hudo.com\/si\/wp-json\/wp\/v2\/media?parent=59364"}],"wp:term":[{"taxonomy":"category","embeddable":true,"href":"https:\/\/hudo.com\/si\/wp-json\/wp\/v2\/categories?post=59364"},{"taxonomy":"post_tag","embeddable":true,"href":"https:\/\/hudo.com\/si\/wp-json\/wp\/v2\/tags?post=59364"},{"taxonomy":"source","embeddable":true,"href":"https:\/\/hudo.com\/si\/wp-json\/wp\/v2\/source?post=59364"},{"taxonomy":"supertag","embeddable":true,"href":"https:\/\/hudo.com\/si\/wp-json\/wp\/v2\/supertag?post=59364"}],"curies":[{"name":"wp","href":"https:\/\/api.w.org\/{rel}","templated":true}]}}