{"id":59385,"date":"2016-05-23T10:46:46","date_gmt":"2016-05-23T08:46:46","guid":{"rendered":"http:\/\/hudo.com\/si\/2016\/05\/23\/sodisce-odlocilo-starima-starsema-ministrica-anja-kopac-mrak-in-csd-vnuke-odvzeli-nezakonito\/"},"modified":"2016-05-24T12:42:06","modified_gmt":"2016-05-24T10:42:06","slug":"sodisce-odlocilo-starima-starsema-ministrica-anja-kopac-mrak-in-csd-vnuke-odvzeli-nezakonito","status":"publish","type":"post","link":"https:\/\/hudo.com\/si\/aktualno\/sodisce-odlocilo-starima-starsema-ministrica-anja-kopac-mrak-in-csd-vnuke-odvzeli-nezakonito\/","title":{"rendered":"Sodi\u0161\u010de odlo\u010dilo: Starima star\u0161ema ministrica Anja Kopa\u010d Mrak in CSD vnuke odvzeli nezakonito"},"content":{"rendered":"<p>Upravno sodi\u0161\u010de je vse na\u0161e institucije, ki v primeru socialnih zadev skrbijo za \u010dlovekove pravice, postavilo na la\u017e. Varuhinja \u010dlovekovih pravic, socialna in\u0161pekcija in ministrica za delo, dru\u017eino socialne zadeve in enake mo\u017enosti so vse zagotavljale, da pri odvzemu koro\u0161kih de\u010dkov ni bilo nepravilnost, sodi\u0161\u010de pa sedaj ugotavlja nasprotno &#8211; de\u010dka pri starih star\u0161ih nista<\/p>\n","protected":false},"excerpt":{"rendered":"<p>Upravno sodi\u0161\u010de je vse na\u0161e institucije, ki v primeru socialnih zadev skrbijo za \u010dlovekove pravice, postavilo na la\u017e. Varuhinja \u010dlovekovih pravic, socialna in\u0161pekcija in ministrica za delo, dru\u017eino socialne zadeve in enake mo\u017enosti so vse zagotavljale, da pri odvzemu koro\u0161kih de\u010dkov ni bilo nepravilnost, sodi\u0161\u010de pa sedaj ugotavlja nasprotno &#8211; de\u010dka pri starih star\u0161ih nista<\/p>\n","protected":false},"author":1,"featured_media":0,"comment_status":"closed","ping_status":"closed","sticky":false,"template":"","format":"standard","meta":{"footnotes":""},"categories":[1179],"tags":[],"source":[1710],"supertag":[],"acf":[],"yoast_head":"<!-- This site is optimized with the Yoast SEO plugin v21.3 - https:\/\/yoast.com\/wordpress\/plugins\/seo\/ -->\n<title>Sodi\u0161\u010de odlo\u010dilo: Starima star\u0161ema ministrica Anja Kopa\u010d Mrak in CSD vnuke odvzeli nezakonito - Hudo Slovenija<\/title>\n<meta name=\"robots\" content=\"index, follow, max-snippet:-1, max-image-preview:large, max-video-preview:-1\" \/>\n<link rel=\"canonical\" href=\"https:\/\/hudo.com\/si\/aktualno\/sodisce-odlocilo-starima-starsema-ministrica-anja-kopac-mrak-in-csd-vnuke-odvzeli-nezakonito\/\" \/>\n<meta property=\"og:locale\" content=\"sl_SI\" \/>\n<meta property=\"og:type\" content=\"article\" \/>\n<meta property=\"og:title\" content=\"Sodi\u0161\u010de odlo\u010dilo: Starima star\u0161ema ministrica Anja Kopa\u010d Mrak in CSD vnuke odvzeli nezakonito - Hudo Slovenija\" \/>\n<meta property=\"og:description\" content=\"Upravno sodi\u0161\u010de je vse na\u0161e institucije, ki v primeru socialnih zadev skrbijo za \u010dlovekove pravice, postavilo na la\u017e. Varuhinja \u010dlovekovih pravic, socialna in\u0161pekcija in ministrica za delo, dru\u017eino socialne zadeve in enake mo\u017enosti so vse zagotavljale, da pri odvzemu koro\u0161kih de\u010dkov ni bilo nepravilnost, sodi\u0161\u010de pa sedaj ugotavlja nasprotno &#8211; de\u010dka pri starih star\u0161ih nista\" \/>\n<meta property=\"og:url\" content=\"https:\/\/hudo.com\/si\/aktualno\/sodisce-odlocilo-starima-starsema-ministrica-anja-kopac-mrak-in-csd-vnuke-odvzeli-nezakonito\/\" \/>\n<meta property=\"og:site_name\" content=\"Hudo Slovenija\" \/>\n<meta property=\"article:publisher\" content=\"https:\/\/www.facebook.com\/hudo.si\" \/>\n<meta property=\"article:published_time\" content=\"2016-05-23T08:46:46+00:00\" \/>\n<meta property=\"article:modified_time\" content=\"2016-05-24T10:42:06+00:00\" \/>\n<meta property=\"og:image\" content=\"https:\/\/hudo.com\/si\/wp-content\/uploads\/sites\/2\/2016\/05\/druzinska-pobuda-anja-kopac-mrak-diskriminira-ocete-in-njihove-otroke-01.jpg\" \/>\n\t<meta property=\"og:image:width\" content=\"640\" \/>\n\t<meta property=\"og:image:height\" content=\"426\" \/>\n\t<meta property=\"og:image:type\" content=\"image\/jpeg\" \/>\n<meta name=\"author\" content=\"hudo\" \/>\n<meta name=\"twitter:card\" content=\"summary_large_image\" \/>\n<meta name=\"twitter:creator\" content=\"@hudo_si\" \/>\n<meta name=\"twitter:site\" content=\"@hudo_si\" \/>\n<meta name=\"twitter:label1\" content=\"Written by\" \/>\n\t<meta name=\"twitter:data1\" content=\"hudo\" \/>\n<script type=\"application\/ld+json\" class=\"yoast-schema-graph\">{\"@context\":\"https:\/\/schema.org\",\"@graph\":[{\"@type\":\"Article\",\"@id\":\"https:\/\/hudo.com\/si\/aktualno\/sodisce-odlocilo-starima-starsema-ministrica-anja-kopac-mrak-in-csd-vnuke-odvzeli-nezakonito\/#article\",\"isPartOf\":{\"@id\":\"https:\/\/hudo.com\/si\/aktualno\/sodisce-odlocilo-starima-starsema-ministrica-anja-kopac-mrak-in-csd-vnuke-odvzeli-nezakonito\/\"},\"author\":{\"name\":\"hudo\",\"@id\":\"https:\/\/hudo.com\/si\/#\/schema\/person\/601cf3379633985b20f7e50f2bb47707\"},\"headline\":\"Sodi\u0161\u010de odlo\u010dilo: Starima star\u0161ema ministrica Anja Kopa\u010d Mrak in CSD vnuke odvzeli nezakonito\",\"datePublished\":\"2016-05-23T08:46:46+00:00\",\"dateModified\":\"2016-05-24T10:42:06+00:00\",\"mainEntityOfPage\":{\"@id\":\"https:\/\/hudo.com\/si\/aktualno\/sodisce-odlocilo-starima-starsema-ministrica-anja-kopac-mrak-in-csd-vnuke-odvzeli-nezakonito\/\"},\"wordCount\":80,\"publisher\":{\"@id\":\"https:\/\/hudo.com\/si\/#organization\"},\"articleSection\":[\"Aktualno\"],\"inLanguage\":\"sl-SI\"},{\"@type\":\"WebPage\",\"@id\":\"https:\/\/hudo.com\/si\/aktualno\/sodisce-odlocilo-starima-starsema-ministrica-anja-kopac-mrak-in-csd-vnuke-odvzeli-nezakonito\/\",\"url\":\"https:\/\/hudo.com\/si\/aktualno\/sodisce-odlocilo-starima-starsema-ministrica-anja-kopac-mrak-in-csd-vnuke-odvzeli-nezakonito\/\",\"name\":\"Sodi\u0161\u010de odlo\u010dilo: Starima star\u0161ema ministrica Anja Kopa\u010d Mrak in CSD vnuke odvzeli nezakonito - Hudo Slovenija\",\"isPartOf\":{\"@id\":\"https:\/\/hudo.com\/si\/#website\"},\"datePublished\":\"2016-05-23T08:46:46+00:00\",\"dateModified\":\"2016-05-24T10:42:06+00:00\",\"breadcrumb\":{\"@id\":\"https:\/\/hudo.com\/si\/aktualno\/sodisce-odlocilo-starima-starsema-ministrica-anja-kopac-mrak-in-csd-vnuke-odvzeli-nezakonito\/#breadcrumb\"},\"inLanguage\":\"sl-SI\",\"potentialAction\":[{\"@type\":\"ReadAction\",\"target\":[\"https:\/\/hudo.com\/si\/aktualno\/sodisce-odlocilo-starima-starsema-ministrica-anja-kopac-mrak-in-csd-vnuke-odvzeli-nezakonito\/\"]}]},{\"@type\":\"BreadcrumbList\",\"@id\":\"https:\/\/hudo.com\/si\/aktualno\/sodisce-odlocilo-starima-starsema-ministrica-anja-kopac-mrak-in-csd-vnuke-odvzeli-nezakonito\/#breadcrumb\",\"itemListElement\":[{\"@type\":\"ListItem\",\"position\":1,\"name\":\"Home\",\"item\":\"https:\/\/hudo.com\/si\/\"},{\"@type\":\"ListItem\",\"position\":2,\"name\":\"Sodi\u0161\u010de odlo\u010dilo: Starima star\u0161ema ministrica Anja Kopa\u010d Mrak in CSD vnuke odvzeli nezakonito\"}]},{\"@type\":\"WebSite\",\"@id\":\"https:\/\/hudo.com\/si\/#website\",\"url\":\"https:\/\/hudo.com\/si\/\",\"name\":\"Hudo Slovenija\",\"description\":\"Vse novice iz Slovenije in sveta\",\"publisher\":{\"@id\":\"https:\/\/hudo.com\/si\/#organization\"},\"potentialAction\":[{\"@type\":\"SearchAction\",\"target\":{\"@type\":\"EntryPoint\",\"urlTemplate\":\"https:\/\/hudo.com\/si\/?s={search_term_string}\"},\"query-input\":\"required name=search_term_string\"}],\"inLanguage\":\"sl-SI\"},{\"@type\":\"Organization\",\"@id\":\"https:\/\/hudo.com\/si\/#organization\",\"name\":\"VSN Media\",\"url\":\"https:\/\/hudo.com\/si\/\",\"logo\":{\"@type\":\"ImageObject\",\"inLanguage\":\"sl-SI\",\"@id\":\"https:\/\/hudo.com\/si\/#\/schema\/logo\/image\/\",\"url\":\"https:\/\/hudo.com\/si\/wp-content\/uploads\/sites\/2\/2021\/03\/hudo-app-2.png\",\"contentUrl\":\"https:\/\/hudo.com\/si\/wp-content\/uploads\/sites\/2\/2021\/03\/hudo-app-2.png\",\"width\":2185,\"height\":2167,\"caption\":\"VSN Media\"},\"image\":{\"@id\":\"https:\/\/hudo.com\/si\/#\/schema\/logo\/image\/\"},\"sameAs\":[\"https:\/\/www.facebook.com\/hudo.si\",\"https:\/\/twitter.com\/hudo_si\"]},{\"@type\":\"Person\",\"@id\":\"https:\/\/hudo.com\/si\/#\/schema\/person\/601cf3379633985b20f7e50f2bb47707\",\"name\":\"hudo\",\"image\":{\"@type\":\"ImageObject\",\"inLanguage\":\"sl-SI\",\"@id\":\"https:\/\/hudo.com\/si\/#\/schema\/person\/image\/\",\"url\":\"https:\/\/secure.gravatar.com\/avatar\/c4ca25fa72cace7a696b52ff5db9e095?s=96&d=mm&r=g\",\"contentUrl\":\"https:\/\/secure.gravatar.com\/avatar\/c4ca25fa72cace7a696b52ff5db9e095?s=96&d=mm&r=g\",\"caption\":\"hudo\"},\"url\":\"https:\/\/hudo.com\/si\/author\/hudo\/\"}]}<\/script>\n<!-- \/ Yoast SEO plugin. -->","yoast_head_json":{"title":"Sodi\u0161\u010de odlo\u010dilo: Starima star\u0161ema ministrica Anja Kopa\u010d Mrak in CSD vnuke odvzeli nezakonito - Hudo Slovenija","robots":{"index":"index","follow":"follow","max-snippet":"max-snippet:-1","max-image-preview":"max-image-preview:large","max-video-preview":"max-video-preview:-1"},"canonical":"https:\/\/hudo.com\/si\/aktualno\/sodisce-odlocilo-starima-starsema-ministrica-anja-kopac-mrak-in-csd-vnuke-odvzeli-nezakonito\/","og_locale":"sl_SI","og_type":"article","og_title":"Sodi\u0161\u010de odlo\u010dilo: Starima star\u0161ema ministrica Anja Kopa\u010d Mrak in CSD vnuke odvzeli nezakonito - Hudo Slovenija","og_description":"Upravno sodi\u0161\u010de je vse na\u0161e institucije, ki v primeru socialnih zadev skrbijo za \u010dlovekove pravice, postavilo na la\u017e. Varuhinja \u010dlovekovih pravic, socialna in\u0161pekcija in ministrica za delo, dru\u017eino socialne zadeve in enake mo\u017enosti so vse zagotavljale, da pri odvzemu koro\u0161kih de\u010dkov ni bilo nepravilnost, sodi\u0161\u010de pa sedaj ugotavlja nasprotno &#8211; de\u010dka pri starih star\u0161ih nista","og_url":"https:\/\/hudo.com\/si\/aktualno\/sodisce-odlocilo-starima-starsema-ministrica-anja-kopac-mrak-in-csd-vnuke-odvzeli-nezakonito\/","og_site_name":"Hudo Slovenija","article_publisher":"https:\/\/www.facebook.com\/hudo.si","article_published_time":"2016-05-23T08:46:46+00:00","article_modified_time":"2016-05-24T10:42:06+00:00","og_image":[{"width":640,"height":426,"url":"https:\/\/hudo.com\/si\/wp-content\/uploads\/sites\/2\/2016\/05\/druzinska-pobuda-anja-kopac-mrak-diskriminira-ocete-in-njihove-otroke-01.jpg","type":"image\/jpeg"}],"author":"hudo","twitter_card":"summary_large_image","twitter_creator":"@hudo_si","twitter_site":"@hudo_si","twitter_misc":{"Written by":"hudo"},"schema":{"@context":"https:\/\/schema.org","@graph":[{"@type":"Article","@id":"https:\/\/hudo.com\/si\/aktualno\/sodisce-odlocilo-starima-starsema-ministrica-anja-kopac-mrak-in-csd-vnuke-odvzeli-nezakonito\/#article","isPartOf":{"@id":"https:\/\/hudo.com\/si\/aktualno\/sodisce-odlocilo-starima-starsema-ministrica-anja-kopac-mrak-in-csd-vnuke-odvzeli-nezakonito\/"},"author":{"name":"hudo","@id":"https:\/\/hudo.com\/si\/#\/schema\/person\/601cf3379633985b20f7e50f2bb47707"},"headline":"Sodi\u0161\u010de odlo\u010dilo: Starima star\u0161ema ministrica Anja Kopa\u010d Mrak in CSD vnuke odvzeli nezakonito","datePublished":"2016-05-23T08:46:46+00:00","dateModified":"2016-05-24T10:42:06+00:00","mainEntityOfPage":{"@id":"https:\/\/hudo.com\/si\/aktualno\/sodisce-odlocilo-starima-starsema-ministrica-anja-kopac-mrak-in-csd-vnuke-odvzeli-nezakonito\/"},"wordCount":80,"publisher":{"@id":"https:\/\/hudo.com\/si\/#organization"},"articleSection":["Aktualno"],"inLanguage":"sl-SI"},{"@type":"WebPage","@id":"https:\/\/hudo.com\/si\/aktualno\/sodisce-odlocilo-starima-starsema-ministrica-anja-kopac-mrak-in-csd-vnuke-odvzeli-nezakonito\/","url":"https:\/\/hudo.com\/si\/aktualno\/sodisce-odlocilo-starima-starsema-ministrica-anja-kopac-mrak-in-csd-vnuke-odvzeli-nezakonito\/","name":"Sodi\u0161\u010de odlo\u010dilo: Starima star\u0161ema ministrica Anja Kopa\u010d Mrak in CSD vnuke odvzeli nezakonito - Hudo Slovenija","isPartOf":{"@id":"https:\/\/hudo.com\/si\/#website"},"datePublished":"2016-05-23T08:46:46+00:00","dateModified":"2016-05-24T10:42:06+00:00","breadcrumb":{"@id":"https:\/\/hudo.com\/si\/aktualno\/sodisce-odlocilo-starima-starsema-ministrica-anja-kopac-mrak-in-csd-vnuke-odvzeli-nezakonito\/#breadcrumb"},"inLanguage":"sl-SI","potentialAction":[{"@type":"ReadAction","target":["https:\/\/hudo.com\/si\/aktualno\/sodisce-odlocilo-starima-starsema-ministrica-anja-kopac-mrak-in-csd-vnuke-odvzeli-nezakonito\/"]}]},{"@type":"BreadcrumbList","@id":"https:\/\/hudo.com\/si\/aktualno\/sodisce-odlocilo-starima-starsema-ministrica-anja-kopac-mrak-in-csd-vnuke-odvzeli-nezakonito\/#breadcrumb","itemListElement":[{"@type":"ListItem","position":1,"name":"Home","item":"https:\/\/hudo.com\/si\/"},{"@type":"ListItem","position":2,"name":"Sodi\u0161\u010de odlo\u010dilo: Starima star\u0161ema ministrica Anja Kopa\u010d Mrak in CSD vnuke odvzeli nezakonito"}]},{"@type":"WebSite","@id":"https:\/\/hudo.com\/si\/#website","url":"https:\/\/hudo.com\/si\/","name":"Hudo Slovenija","description":"Vse novice iz Slovenije in sveta","publisher":{"@id":"https:\/\/hudo.com\/si\/#organization"},"potentialAction":[{"@type":"SearchAction","target":{"@type":"EntryPoint","urlTemplate":"https:\/\/hudo.com\/si\/?s={search_term_string}"},"query-input":"required name=search_term_string"}],"inLanguage":"sl-SI"},{"@type":"Organization","@id":"https:\/\/hudo.com\/si\/#organization","name":"VSN Media","url":"https:\/\/hudo.com\/si\/","logo":{"@type":"ImageObject","inLanguage":"sl-SI","@id":"https:\/\/hudo.com\/si\/#\/schema\/logo\/image\/","url":"https:\/\/hudo.com\/si\/wp-content\/uploads\/sites\/2\/2021\/03\/hudo-app-2.png","contentUrl":"https:\/\/hudo.com\/si\/wp-content\/uploads\/sites\/2\/2021\/03\/hudo-app-2.png","width":2185,"height":2167,"caption":"VSN Media"},"image":{"@id":"https:\/\/hudo.com\/si\/#\/schema\/logo\/image\/"},"sameAs":["https:\/\/www.facebook.com\/hudo.si","https:\/\/twitter.com\/hudo_si"]},{"@type":"Person","@id":"https:\/\/hudo.com\/si\/#\/schema\/person\/601cf3379633985b20f7e50f2bb47707","name":"hudo","image":{"@type":"ImageObject","inLanguage":"sl-SI","@id":"https:\/\/hudo.com\/si\/#\/schema\/person\/image\/","url":"https:\/\/secure.gravatar.com\/avatar\/c4ca25fa72cace7a696b52ff5db9e095?s=96&d=mm&r=g","contentUrl":"https:\/\/secure.gravatar.com\/avatar\/c4ca25fa72cace7a696b52ff5db9e095?s=96&d=mm&r=g","caption":"hudo"},"url":"https:\/\/hudo.com\/si\/author\/hudo\/"}]}},"amp_enabled":true,"_links":{"self":[{"href":"https:\/\/hudo.com\/si\/wp-json\/wp\/v2\/posts\/59385"}],"collection":[{"href":"https:\/\/hudo.com\/si\/wp-json\/wp\/v2\/posts"}],"about":[{"href":"https:\/\/hudo.com\/si\/wp-json\/wp\/v2\/types\/post"}],"author":[{"embeddable":true,"href":"https:\/\/hudo.com\/si\/wp-json\/wp\/v2\/users\/1"}],"replies":[{"embeddable":true,"href":"https:\/\/hudo.com\/si\/wp-json\/wp\/v2\/comments?post=59385"}],"version-history":[{"count":1,"href":"https:\/\/hudo.com\/si\/wp-json\/wp\/v2\/posts\/59385\/revisions"}],"predecessor-version":[{"id":59491,"href":"https:\/\/hudo.com\/si\/wp-json\/wp\/v2\/posts\/59385\/revisions\/59491"}],"wp:attachment":[{"href":"https:\/\/hudo.com\/si\/wp-json\/wp\/v2\/media?parent=59385"}],"wp:term":[{"taxonomy":"category","embeddable":true,"href":"https:\/\/hudo.com\/si\/wp-json\/wp\/v2\/categories?post=59385"},{"taxonomy":"post_tag","embeddable":true,"href":"https:\/\/hudo.com\/si\/wp-json\/wp\/v2\/tags?post=59385"},{"taxonomy":"source","embeddable":true,"href":"https:\/\/hudo.com\/si\/wp-json\/wp\/v2\/source?post=59385"},{"taxonomy":"supertag","embeddable":true,"href":"https:\/\/hudo.com\/si\/wp-json\/wp\/v2\/supertag?post=59385"}],"curies":[{"name":"wp","href":"https:\/\/api.w.org\/{rel}","templated":true}]}}