{"id":59552,"date":"2016-05-23T12:45:00","date_gmt":"2016-05-23T10:45:00","guid":{"rendered":"http:\/\/hudo.com\/si\/2016\/05\/23\/cerar-na-humanitarnem-vrhu-v-istanbulu-tam-je-tudi-bivsi-predsednik-turk\/"},"modified":"2016-05-24T10:57:34","modified_gmt":"2016-05-24T08:57:34","slug":"cerar-na-humanitarnem-vrhu-v-istanbulu-tam-je-tudi-bivsi-predsednik-turk","status":"publish","type":"post","link":"https:\/\/hudo.com\/si\/aktualno\/cerar-na-humanitarnem-vrhu-v-istanbulu-tam-je-tudi-bivsi-predsednik-turk\/","title":{"rendered":"Cerar na humanitarnem vrhu v Istanbulu, tam je tudi biv\u0161i predsednik T\u00fcrk"},"content":{"rendered":"<p>Slovenski premier Miro Cerar se udele\u017euje dvodnevnega svetovnega humanitarnega vrha v Istanbulu. Na plenarnem zasedanju je poudaril, da je Slovenija \u017ee ves \u010das odlo\u010dna podpornica na\u010delnega, pravo\u010dasnega in u\u010dinkovitega odziva na humanitarne katastrofe oziroma krize, so sporo\u010dil iz Cerarjevega kabineta. Predsednik vlade je pojasnil, da Slovenija namenja pribli\u017eno deset odstotkov svoje bilateralne razvojne pomo\u010di za humanitarne namene ter je aktivna zlasti v preventivnih in podpornih iniciativah ter projektih na podro\u010dju \u010dlovekove varnosti in \u010dlovekovih pravic. Cerar se je na vrhu uvodoma udele\u017eil zasedanja voditeljev, popoldne pa nastopil na plenarnem zasedanju, kjer je ob slovenskih prizadevanjih okrog humanitarne pomo\u010di izpostavil tudi slovenska prizadevanja za razvojno sodelovanje, saj je le tako mogo\u010de dose\u010di \u010dim ve\u010dji u\u010dinek pri polnem okrevanju oziroma obnovi prizadetih v krizah. &#8220;Na\u0161 humanitarni prora\u010dun je zrasel za tretjino v zadnjem letu, prav tako \u017ee nekaj let stoodstotno uresni\u010dujemo napovedane oziroma zaveze,&#8221; je pojasnil Cerar. Pa vendar se Slovenija zaveda, da je treba storiti ve\u010d, zato je tudi v celoti zavezana realizaciji Agende za \u010dlove\u010dnost, je dejal slovenski premier ter pozval ostale voditelje, naj storijo enako. Cerar bo v torek, drugi dan vrha, nastopil na okrogli mizi na visoki ravni na temo spo\u0161tovanja humanitarnih norm, ki varujejo \u010dlove\u010dnost. Pri tem se bo v okviru vrha Slovenija pridru\u017eila splo\u0161nim zavezam na temo naslavljanja osrednjih humanitarnih izzivov ter najavila nacionalne zaveze na podro\u010dju spo\u0161tovanja mednarodnega humanitarnega prava, vloge \u017eensk in deklic ter u\u010dinkovitej\u0161e humanitarne pomo\u010di, so \u0161e pojasnili v Cerarjevem kabinetu. Udele\u017eenci svetovnega humanitarnega vrha sicer skupaj naslavljajo osrednje izzive na podro\u010dju humanitarne pomo\u010di. Vrha se udele\u017euje tudi biv\u0161i predsednik Slovenije Danilo T\u00fcrk, zdaj kandidat za novega generalnega sekretarja OZN.Svet<\/p>\n","protected":false},"excerpt":{"rendered":"<p>Slovenski premier Miro Cerar se udele\u017euje dvodnevnega svetovnega humanitarnega vrha v Istanbulu. Na plenarnem zasedanju je poudaril, da je Slovenija \u017ee ves \u010das odlo\u010dna podpornica na\u010delnega, pravo\u010dasnega in u\u010dinkovitega odziva na humanitarne katastrofe oziroma krize, so sporo\u010dil iz Cerarjevega kabineta. Predsednik vlade je pojasnil, da Slovenija namenja pribli\u017eno deset odstotkov svoje bilateralne razvojne pomo\u010di za humanitarne namene ter je aktivna zlasti v preventivnih in podpornih iniciativah ter projektih na podro\u010dju \u010dlovekove varnosti in \u010dlovekovih pravic. Cerar se je na vrhu uvodoma udele\u017eil zasedanja voditeljev, popoldne pa nastopil na plenarnem zasedanju, kjer je ob slovenskih prizadevanjih okrog humanitarne pomo\u010di izpostavil tudi slovenska prizadevanja za razvojno sodelovanje, saj je le tako mogo\u010de dose\u010di \u010dim ve\u010dji u\u010dinek pri polnem okrevanju oziroma obnovi prizadetih v krizah. &#8220;Na\u0161 humanitarni prora\u010dun je zrasel za tretjino v zadnjem letu, prav tako \u017ee nekaj let stoodstotno uresni\u010dujemo napovedane oziroma zaveze,&#8221; je pojasnil Cerar. Pa vendar se Slovenija zaveda, da je treba storiti ve\u010d, zato je tudi v celoti zavezana realizaciji Agende za \u010dlove\u010dnost, je dejal slovenski premier ter pozval ostale voditelje, naj storijo enako. Cerar bo v torek, drugi dan vrha, nastopil na okrogli mizi na visoki ravni na temo spo\u0161tovanja humanitarnih norm, ki varujejo \u010dlove\u010dnost. Pri tem se bo v okviru vrha Slovenija pridru\u017eila splo\u0161nim zavezam na temo naslavljanja osrednjih humanitarnih izzivov ter najavila nacionalne zaveze na podro\u010dju spo\u0161tovanja mednarodnega humanitarnega prava, vloge \u017eensk in deklic ter u\u010dinkovitej\u0161e humanitarne pomo\u010di, so \u0161e pojasnili v Cerarjevem kabinetu. Udele\u017eenci svetovnega humanitarnega vrha sicer skupaj naslavljajo osrednje izzive na podro\u010dju humanitarne pomo\u010di. Vrha se udele\u017euje tudi biv\u0161i predsednik Slovenije Danilo T\u00fcrk, zdaj kandidat za novega generalnega sekretarja OZN.Svet<\/p>\n","protected":false},"author":1,"featured_media":0,"comment_status":"closed","ping_status":"closed","sticky":false,"template":"","format":"standard","meta":{"footnotes":""},"categories":[1179],"tags":[],"source":[1711],"supertag":[],"acf":[],"yoast_head":"<!-- This site is optimized with the Yoast SEO plugin v21.3 - https:\/\/yoast.com\/wordpress\/plugins\/seo\/ -->\n<title>Cerar na humanitarnem vrhu v Istanbulu, tam je tudi biv\u0161i predsednik T\u00fcrk - Hudo Slovenija<\/title>\n<meta name=\"robots\" content=\"index, follow, max-snippet:-1, max-image-preview:large, max-video-preview:-1\" \/>\n<link rel=\"canonical\" href=\"https:\/\/hudo.com\/si\/aktualno\/cerar-na-humanitarnem-vrhu-v-istanbulu-tam-je-tudi-bivsi-predsednik-turk\/\" \/>\n<meta property=\"og:locale\" content=\"sl_SI\" \/>\n<meta property=\"og:type\" content=\"article\" \/>\n<meta property=\"og:title\" content=\"Cerar na humanitarnem vrhu v Istanbulu, tam je tudi biv\u0161i predsednik T\u00fcrk - Hudo Slovenija\" \/>\n<meta property=\"og:description\" content=\"Slovenski premier Miro Cerar se udele\u017euje dvodnevnega svetovnega humanitarnega vrha v Istanbulu. Na plenarnem zasedanju je poudaril, da je Slovenija \u017ee ves \u010das odlo\u010dna podpornica na\u010delnega, pravo\u010dasnega in u\u010dinkovitega odziva na humanitarne katastrofe oziroma krize, so sporo\u010dil iz Cerarjevega kabineta. Predsednik vlade je pojasnil, da Slovenija namenja pribli\u017eno deset odstotkov svoje bilateralne razvojne pomo\u010di za humanitarne namene ter je aktivna zlasti v preventivnih in podpornih iniciativah ter projektih na podro\u010dju \u010dlovekove varnosti in \u010dlovekovih pravic. Cerar se je na vrhu uvodoma udele\u017eil zasedanja voditeljev, popoldne pa nastopil na plenarnem zasedanju, kjer je ob slovenskih prizadevanjih okrog humanitarne pomo\u010di izpostavil tudi slovenska prizadevanja za razvojno sodelovanje, saj je le tako mogo\u010de dose\u010di \u010dim ve\u010dji u\u010dinek pri polnem okrevanju oziroma obnovi prizadetih v krizah. &quot;Na\u0161 humanitarni prora\u010dun je zrasel za tretjino v zadnjem letu, prav tako \u017ee nekaj let stoodstotno uresni\u010dujemo napovedane oziroma zaveze,&quot; je pojasnil Cerar. Pa vendar se Slovenija zaveda, da je treba storiti ve\u010d, zato je tudi v celoti zavezana realizaciji Agende za \u010dlove\u010dnost, je dejal slovenski premier ter pozval ostale voditelje, naj storijo enako. Cerar bo v torek, drugi dan vrha, nastopil na okrogli mizi na visoki ravni na temo spo\u0161tovanja humanitarnih norm, ki varujejo \u010dlove\u010dnost. Pri tem se bo v okviru vrha Slovenija pridru\u017eila splo\u0161nim zavezam na temo naslavljanja osrednjih humanitarnih izzivov ter najavila nacionalne zaveze na podro\u010dju spo\u0161tovanja mednarodnega humanitarnega prava, vloge \u017eensk in deklic ter u\u010dinkovitej\u0161e humanitarne pomo\u010di, so \u0161e pojasnili v Cerarjevem kabinetu. Udele\u017eenci svetovnega humanitarnega vrha sicer skupaj naslavljajo osrednje izzive na podro\u010dju humanitarne pomo\u010di. Vrha se udele\u017euje tudi biv\u0161i predsednik Slovenije Danilo T\u00fcrk, zdaj kandidat za novega generalnega sekretarja OZN.Svet\" \/>\n<meta property=\"og:url\" content=\"https:\/\/hudo.com\/si\/aktualno\/cerar-na-humanitarnem-vrhu-v-istanbulu-tam-je-tudi-bivsi-predsednik-turk\/\" \/>\n<meta property=\"og:site_name\" content=\"Hudo Slovenija\" \/>\n<meta property=\"article:publisher\" content=\"https:\/\/www.facebook.com\/hudo.si\" \/>\n<meta property=\"article:published_time\" content=\"2016-05-23T10:45:00+00:00\" \/>\n<meta property=\"article:modified_time\" content=\"2016-05-24T08:57:34+00:00\" \/>\n<meta property=\"og:image\" content=\"https:\/\/hudo.com\/si\/wp-content\/uploads\/sites\/2\/2016\/05\/01487718F-300-1.jpg\" \/>\n\t<meta property=\"og:image:width\" content=\"450\" \/>\n\t<meta property=\"og:image:height\" content=\"592\" \/>\n\t<meta property=\"og:image:type\" content=\"image\/jpeg\" \/>\n<meta name=\"author\" content=\"hudo\" \/>\n<meta name=\"twitter:card\" content=\"summary_large_image\" \/>\n<meta name=\"twitter:creator\" content=\"@hudo_si\" \/>\n<meta name=\"twitter:site\" content=\"@hudo_si\" \/>\n<meta name=\"twitter:label1\" content=\"Written by\" \/>\n\t<meta name=\"twitter:data1\" content=\"hudo\" \/>\n\t<meta name=\"twitter:label2\" content=\"Est. reading time\" \/>\n\t<meta name=\"twitter:data2\" content=\"2 minuti\" \/>\n<script type=\"application\/ld+json\" class=\"yoast-schema-graph\">{\"@context\":\"https:\/\/schema.org\",\"@graph\":[{\"@type\":\"Article\",\"@id\":\"https:\/\/hudo.com\/si\/aktualno\/cerar-na-humanitarnem-vrhu-v-istanbulu-tam-je-tudi-bivsi-predsednik-turk\/#article\",\"isPartOf\":{\"@id\":\"https:\/\/hudo.com\/si\/aktualno\/cerar-na-humanitarnem-vrhu-v-istanbulu-tam-je-tudi-bivsi-predsednik-turk\/\"},\"author\":{\"name\":\"hudo\",\"@id\":\"https:\/\/hudo.com\/si\/#\/schema\/person\/601cf3379633985b20f7e50f2bb47707\"},\"headline\":\"Cerar na humanitarnem vrhu v Istanbulu, tam je tudi biv\u0161i predsednik T\u00fcrk\",\"datePublished\":\"2016-05-23T10:45:00+00:00\",\"dateModified\":\"2016-05-24T08:57:34+00:00\",\"mainEntityOfPage\":{\"@id\":\"https:\/\/hudo.com\/si\/aktualno\/cerar-na-humanitarnem-vrhu-v-istanbulu-tam-je-tudi-bivsi-predsednik-turk\/\"},\"wordCount\":316,\"publisher\":{\"@id\":\"https:\/\/hudo.com\/si\/#organization\"},\"articleSection\":[\"Aktualno\"],\"inLanguage\":\"sl-SI\"},{\"@type\":\"WebPage\",\"@id\":\"https:\/\/hudo.com\/si\/aktualno\/cerar-na-humanitarnem-vrhu-v-istanbulu-tam-je-tudi-bivsi-predsednik-turk\/\",\"url\":\"https:\/\/hudo.com\/si\/aktualno\/cerar-na-humanitarnem-vrhu-v-istanbulu-tam-je-tudi-bivsi-predsednik-turk\/\",\"name\":\"Cerar na humanitarnem vrhu v Istanbulu, tam je tudi biv\u0161i predsednik T\u00fcrk - Hudo Slovenija\",\"isPartOf\":{\"@id\":\"https:\/\/hudo.com\/si\/#website\"},\"datePublished\":\"2016-05-23T10:45:00+00:00\",\"dateModified\":\"2016-05-24T08:57:34+00:00\",\"breadcrumb\":{\"@id\":\"https:\/\/hudo.com\/si\/aktualno\/cerar-na-humanitarnem-vrhu-v-istanbulu-tam-je-tudi-bivsi-predsednik-turk\/#breadcrumb\"},\"inLanguage\":\"sl-SI\",\"potentialAction\":[{\"@type\":\"ReadAction\",\"target\":[\"https:\/\/hudo.com\/si\/aktualno\/cerar-na-humanitarnem-vrhu-v-istanbulu-tam-je-tudi-bivsi-predsednik-turk\/\"]}]},{\"@type\":\"BreadcrumbList\",\"@id\":\"https:\/\/hudo.com\/si\/aktualno\/cerar-na-humanitarnem-vrhu-v-istanbulu-tam-je-tudi-bivsi-predsednik-turk\/#breadcrumb\",\"itemListElement\":[{\"@type\":\"ListItem\",\"position\":1,\"name\":\"Home\",\"item\":\"https:\/\/hudo.com\/si\/\"},{\"@type\":\"ListItem\",\"position\":2,\"name\":\"Cerar na humanitarnem vrhu v Istanbulu, tam je tudi biv\u0161i predsednik T\u00fcrk\"}]},{\"@type\":\"WebSite\",\"@id\":\"https:\/\/hudo.com\/si\/#website\",\"url\":\"https:\/\/hudo.com\/si\/\",\"name\":\"Hudo Slovenija\",\"description\":\"Vse novice iz Slovenije in sveta\",\"publisher\":{\"@id\":\"https:\/\/hudo.com\/si\/#organization\"},\"potentialAction\":[{\"@type\":\"SearchAction\",\"target\":{\"@type\":\"EntryPoint\",\"urlTemplate\":\"https:\/\/hudo.com\/si\/?s={search_term_string}\"},\"query-input\":\"required name=search_term_string\"}],\"inLanguage\":\"sl-SI\"},{\"@type\":\"Organization\",\"@id\":\"https:\/\/hudo.com\/si\/#organization\",\"name\":\"VSN Media\",\"url\":\"https:\/\/hudo.com\/si\/\",\"logo\":{\"@type\":\"ImageObject\",\"inLanguage\":\"sl-SI\",\"@id\":\"https:\/\/hudo.com\/si\/#\/schema\/logo\/image\/\",\"url\":\"https:\/\/hudo.com\/si\/wp-content\/uploads\/sites\/2\/2021\/03\/hudo-app-2.png\",\"contentUrl\":\"https:\/\/hudo.com\/si\/wp-content\/uploads\/sites\/2\/2021\/03\/hudo-app-2.png\",\"width\":2185,\"height\":2167,\"caption\":\"VSN Media\"},\"image\":{\"@id\":\"https:\/\/hudo.com\/si\/#\/schema\/logo\/image\/\"},\"sameAs\":[\"https:\/\/www.facebook.com\/hudo.si\",\"https:\/\/twitter.com\/hudo_si\"]},{\"@type\":\"Person\",\"@id\":\"https:\/\/hudo.com\/si\/#\/schema\/person\/601cf3379633985b20f7e50f2bb47707\",\"name\":\"hudo\",\"image\":{\"@type\":\"ImageObject\",\"inLanguage\":\"sl-SI\",\"@id\":\"https:\/\/hudo.com\/si\/#\/schema\/person\/image\/\",\"url\":\"https:\/\/secure.gravatar.com\/avatar\/c4ca25fa72cace7a696b52ff5db9e095?s=96&d=mm&r=g\",\"contentUrl\":\"https:\/\/secure.gravatar.com\/avatar\/c4ca25fa72cace7a696b52ff5db9e095?s=96&d=mm&r=g\",\"caption\":\"hudo\"},\"url\":\"https:\/\/hudo.com\/si\/author\/hudo\/\"}]}<\/script>\n<!-- \/ Yoast SEO plugin. -->","yoast_head_json":{"title":"Cerar na humanitarnem vrhu v Istanbulu, tam je tudi biv\u0161i predsednik T\u00fcrk - Hudo Slovenija","robots":{"index":"index","follow":"follow","max-snippet":"max-snippet:-1","max-image-preview":"max-image-preview:large","max-video-preview":"max-video-preview:-1"},"canonical":"https:\/\/hudo.com\/si\/aktualno\/cerar-na-humanitarnem-vrhu-v-istanbulu-tam-je-tudi-bivsi-predsednik-turk\/","og_locale":"sl_SI","og_type":"article","og_title":"Cerar na humanitarnem vrhu v Istanbulu, tam je tudi biv\u0161i predsednik T\u00fcrk - Hudo Slovenija","og_description":"Slovenski premier Miro Cerar se udele\u017euje dvodnevnega svetovnega humanitarnega vrha v Istanbulu. Na plenarnem zasedanju je poudaril, da je Slovenija \u017ee ves \u010das odlo\u010dna podpornica na\u010delnega, pravo\u010dasnega in u\u010dinkovitega odziva na humanitarne katastrofe oziroma krize, so sporo\u010dil iz Cerarjevega kabineta. Predsednik vlade je pojasnil, da Slovenija namenja pribli\u017eno deset odstotkov svoje bilateralne razvojne pomo\u010di za humanitarne namene ter je aktivna zlasti v preventivnih in podpornih iniciativah ter projektih na podro\u010dju \u010dlovekove varnosti in \u010dlovekovih pravic. Cerar se je na vrhu uvodoma udele\u017eil zasedanja voditeljev, popoldne pa nastopil na plenarnem zasedanju, kjer je ob slovenskih prizadevanjih okrog humanitarne pomo\u010di izpostavil tudi slovenska prizadevanja za razvojno sodelovanje, saj je le tako mogo\u010de dose\u010di \u010dim ve\u010dji u\u010dinek pri polnem okrevanju oziroma obnovi prizadetih v krizah. \"Na\u0161 humanitarni prora\u010dun je zrasel za tretjino v zadnjem letu, prav tako \u017ee nekaj let stoodstotno uresni\u010dujemo napovedane oziroma zaveze,\" je pojasnil Cerar. Pa vendar se Slovenija zaveda, da je treba storiti ve\u010d, zato je tudi v celoti zavezana realizaciji Agende za \u010dlove\u010dnost, je dejal slovenski premier ter pozval ostale voditelje, naj storijo enako. Cerar bo v torek, drugi dan vrha, nastopil na okrogli mizi na visoki ravni na temo spo\u0161tovanja humanitarnih norm, ki varujejo \u010dlove\u010dnost. Pri tem se bo v okviru vrha Slovenija pridru\u017eila splo\u0161nim zavezam na temo naslavljanja osrednjih humanitarnih izzivov ter najavila nacionalne zaveze na podro\u010dju spo\u0161tovanja mednarodnega humanitarnega prava, vloge \u017eensk in deklic ter u\u010dinkovitej\u0161e humanitarne pomo\u010di, so \u0161e pojasnili v Cerarjevem kabinetu. Udele\u017eenci svetovnega humanitarnega vrha sicer skupaj naslavljajo osrednje izzive na podro\u010dju humanitarne pomo\u010di. Vrha se udele\u017euje tudi biv\u0161i predsednik Slovenije Danilo T\u00fcrk, zdaj kandidat za novega generalnega sekretarja OZN.Svet","og_url":"https:\/\/hudo.com\/si\/aktualno\/cerar-na-humanitarnem-vrhu-v-istanbulu-tam-je-tudi-bivsi-predsednik-turk\/","og_site_name":"Hudo Slovenija","article_publisher":"https:\/\/www.facebook.com\/hudo.si","article_published_time":"2016-05-23T10:45:00+00:00","article_modified_time":"2016-05-24T08:57:34+00:00","og_image":[{"width":450,"height":592,"url":"https:\/\/hudo.com\/si\/wp-content\/uploads\/sites\/2\/2016\/05\/01487718F-300-1.jpg","type":"image\/jpeg"}],"author":"hudo","twitter_card":"summary_large_image","twitter_creator":"@hudo_si","twitter_site":"@hudo_si","twitter_misc":{"Written by":"hudo","Est. reading time":"2 minuti"},"schema":{"@context":"https:\/\/schema.org","@graph":[{"@type":"Article","@id":"https:\/\/hudo.com\/si\/aktualno\/cerar-na-humanitarnem-vrhu-v-istanbulu-tam-je-tudi-bivsi-predsednik-turk\/#article","isPartOf":{"@id":"https:\/\/hudo.com\/si\/aktualno\/cerar-na-humanitarnem-vrhu-v-istanbulu-tam-je-tudi-bivsi-predsednik-turk\/"},"author":{"name":"hudo","@id":"https:\/\/hudo.com\/si\/#\/schema\/person\/601cf3379633985b20f7e50f2bb47707"},"headline":"Cerar na humanitarnem vrhu v Istanbulu, tam je tudi biv\u0161i predsednik T\u00fcrk","datePublished":"2016-05-23T10:45:00+00:00","dateModified":"2016-05-24T08:57:34+00:00","mainEntityOfPage":{"@id":"https:\/\/hudo.com\/si\/aktualno\/cerar-na-humanitarnem-vrhu-v-istanbulu-tam-je-tudi-bivsi-predsednik-turk\/"},"wordCount":316,"publisher":{"@id":"https:\/\/hudo.com\/si\/#organization"},"articleSection":["Aktualno"],"inLanguage":"sl-SI"},{"@type":"WebPage","@id":"https:\/\/hudo.com\/si\/aktualno\/cerar-na-humanitarnem-vrhu-v-istanbulu-tam-je-tudi-bivsi-predsednik-turk\/","url":"https:\/\/hudo.com\/si\/aktualno\/cerar-na-humanitarnem-vrhu-v-istanbulu-tam-je-tudi-bivsi-predsednik-turk\/","name":"Cerar na humanitarnem vrhu v Istanbulu, tam je tudi biv\u0161i predsednik T\u00fcrk - Hudo Slovenija","isPartOf":{"@id":"https:\/\/hudo.com\/si\/#website"},"datePublished":"2016-05-23T10:45:00+00:00","dateModified":"2016-05-24T08:57:34+00:00","breadcrumb":{"@id":"https:\/\/hudo.com\/si\/aktualno\/cerar-na-humanitarnem-vrhu-v-istanbulu-tam-je-tudi-bivsi-predsednik-turk\/#breadcrumb"},"inLanguage":"sl-SI","potentialAction":[{"@type":"ReadAction","target":["https:\/\/hudo.com\/si\/aktualno\/cerar-na-humanitarnem-vrhu-v-istanbulu-tam-je-tudi-bivsi-predsednik-turk\/"]}]},{"@type":"BreadcrumbList","@id":"https:\/\/hudo.com\/si\/aktualno\/cerar-na-humanitarnem-vrhu-v-istanbulu-tam-je-tudi-bivsi-predsednik-turk\/#breadcrumb","itemListElement":[{"@type":"ListItem","position":1,"name":"Home","item":"https:\/\/hudo.com\/si\/"},{"@type":"ListItem","position":2,"name":"Cerar na humanitarnem vrhu v Istanbulu, tam je tudi biv\u0161i predsednik T\u00fcrk"}]},{"@type":"WebSite","@id":"https:\/\/hudo.com\/si\/#website","url":"https:\/\/hudo.com\/si\/","name":"Hudo Slovenija","description":"Vse novice iz Slovenije in sveta","publisher":{"@id":"https:\/\/hudo.com\/si\/#organization"},"potentialAction":[{"@type":"SearchAction","target":{"@type":"EntryPoint","urlTemplate":"https:\/\/hudo.com\/si\/?s={search_term_string}"},"query-input":"required name=search_term_string"}],"inLanguage":"sl-SI"},{"@type":"Organization","@id":"https:\/\/hudo.com\/si\/#organization","name":"VSN Media","url":"https:\/\/hudo.com\/si\/","logo":{"@type":"ImageObject","inLanguage":"sl-SI","@id":"https:\/\/hudo.com\/si\/#\/schema\/logo\/image\/","url":"https:\/\/hudo.com\/si\/wp-content\/uploads\/sites\/2\/2021\/03\/hudo-app-2.png","contentUrl":"https:\/\/hudo.com\/si\/wp-content\/uploads\/sites\/2\/2021\/03\/hudo-app-2.png","width":2185,"height":2167,"caption":"VSN Media"},"image":{"@id":"https:\/\/hudo.com\/si\/#\/schema\/logo\/image\/"},"sameAs":["https:\/\/www.facebook.com\/hudo.si","https:\/\/twitter.com\/hudo_si"]},{"@type":"Person","@id":"https:\/\/hudo.com\/si\/#\/schema\/person\/601cf3379633985b20f7e50f2bb47707","name":"hudo","image":{"@type":"ImageObject","inLanguage":"sl-SI","@id":"https:\/\/hudo.com\/si\/#\/schema\/person\/image\/","url":"https:\/\/secure.gravatar.com\/avatar\/c4ca25fa72cace7a696b52ff5db9e095?s=96&d=mm&r=g","contentUrl":"https:\/\/secure.gravatar.com\/avatar\/c4ca25fa72cace7a696b52ff5db9e095?s=96&d=mm&r=g","caption":"hudo"},"url":"https:\/\/hudo.com\/si\/author\/hudo\/"}]}},"amp_enabled":true,"_links":{"self":[{"href":"https:\/\/hudo.com\/si\/wp-json\/wp\/v2\/posts\/59552"}],"collection":[{"href":"https:\/\/hudo.com\/si\/wp-json\/wp\/v2\/posts"}],"about":[{"href":"https:\/\/hudo.com\/si\/wp-json\/wp\/v2\/types\/post"}],"author":[{"embeddable":true,"href":"https:\/\/hudo.com\/si\/wp-json\/wp\/v2\/users\/1"}],"replies":[{"embeddable":true,"href":"https:\/\/hudo.com\/si\/wp-json\/wp\/v2\/comments?post=59552"}],"version-history":[{"count":1,"href":"https:\/\/hudo.com\/si\/wp-json\/wp\/v2\/posts\/59552\/revisions"}],"predecessor-version":[{"id":59607,"href":"https:\/\/hudo.com\/si\/wp-json\/wp\/v2\/posts\/59552\/revisions\/59607"}],"wp:attachment":[{"href":"https:\/\/hudo.com\/si\/wp-json\/wp\/v2\/media?parent=59552"}],"wp:term":[{"taxonomy":"category","embeddable":true,"href":"https:\/\/hudo.com\/si\/wp-json\/wp\/v2\/categories?post=59552"},{"taxonomy":"post_tag","embeddable":true,"href":"https:\/\/hudo.com\/si\/wp-json\/wp\/v2\/tags?post=59552"},{"taxonomy":"source","embeddable":true,"href":"https:\/\/hudo.com\/si\/wp-json\/wp\/v2\/source?post=59552"},{"taxonomy":"supertag","embeddable":true,"href":"https:\/\/hudo.com\/si\/wp-json\/wp\/v2\/supertag?post=59552"}],"curies":[{"name":"wp","href":"https:\/\/api.w.org\/{rel}","templated":true}]}}