{"id":60212,"date":"2016-05-24T08:45:00","date_gmt":"2016-05-24T06:45:00","guid":{"rendered":"http:\/\/hudo.com\/si\/2016\/05\/24\/slovenska-manjsina-na-avstrijskem-koroskem-po-izvolitvi-van-der-bellna-cuti-olajsanje\/"},"modified":"2016-05-25T05:27:51","modified_gmt":"2016-05-25T03:27:51","slug":"slovenska-manjsina-na-avstrijskem-koroskem-po-izvolitvi-van-der-bellna-cuti-olajsanje","status":"publish","type":"post","link":"https:\/\/hudo.com\/si\/aktualno\/slovenska-manjsina-na-avstrijskem-koroskem-po-izvolitvi-van-der-bellna-cuti-olajsanje\/","title":{"rendered":"Slovenska manj\u0161ina na avstrijskem Koro\u0161kem po izvolitvi Van der Bellna \u010duti olaj\u0161anje"},"content":{"rendered":"<p>Slovenska manj\u0161ina na avstrijskem Koro\u0161kem si je po izvolitvi nekdanjega vodje Zelenih Alexandra Van der Bellna za predsednika Avstrije oddahnila. Predstavniki organizacij koro\u0161kih Slovencev so ob izrazu zadovoljstva poudarjali tudi, da je njegova tesna zmaga pomemben signal avstrijski notranji politiki, da mora stvari spremeniti. Poslujo\u010di podpredsednik Narodnega sveta koro\u0161kih Slovencev (NSKS) Nanti Olip je v telefonskem pogovoru dejal, da si je po zmagi Van der Bellna na predsedni\u0161kih volitvah &#8220;po\u0161teno oddahnil&#8221;. Ta zmaga je pozitivna, je pa tudi signal avstrijski notranji politiki. Prav tako je pomembna za manj\u0161ine, saj je Van der Bellen \u010dlovek, ki se je vse \u017eivljenje temeljito ukvarjal z njihovim vpra\u0161anjem. Sicer pa Olip meni, da se energija, ki jo je svobodnja\u0161ka stranka (FP\u00d6) vlo\u017eila v predsedni\u0161ko kandidaturo Norberta Hoferja, ne bo izgubila. Na njeni podlagi je namre\u010d nastala mo\u010dna dinamika, ki jo bodo svobodnjaki sku\u0161ali izkoristiti na prihodnjih parlamentarnih volitvah, ki so redno predvidene leta 2018. Olip je izpostavil tudi visok odstotek glasov, ki ga je Hofer v nedeljo pobral na avstrijskem Koro\u0161kem, kar je zaskrbljujo\u010de. &#8220;Znova se je pokazalo, da je tako zgodovinski kot politi\u010dni spomin na Koro\u0161kem zelo kratek,&#8221; je dejal. Pri tem je spomnil na polomijo, ki jo je na Koro\u0161kem zakrivila prav svobodnja\u0161ka stranka, saj je de\u017eelo spravila v ste\u010daj in gospodarsko o\u0161kodovala vsaj eno, \u010de ne dve tamkaj\u0161nji generaciji. Podpredsednica Zveze slovenskih organizacij (ZSO) Ana Blatnik je podobno kot Olip ocenila, da je zmaga Van der Bellna mo\u010dan signal avstrijski politiki, saj so ljudje na volitvah protestirali. In ta signal mora politika vzeti resno. To, da je polovica Avstrije glasovala za Hoferja, je posledica negotovosti, strahu pred begunci in brezposelnostjo, kar so dejavniki, ki ustvarjajo negativno ozra\u010dje in tudi zavist med ljudmi. S tem vzdu\u0161jem pa lahko polarizira\u0161 in manipulira\u0161. Sedaj se bodo morali vsi v Avstriji potruditi, da bo polarizacija, ki je<\/p>\n","protected":false},"excerpt":{"rendered":"<p>Slovenska manj\u0161ina na avstrijskem Koro\u0161kem si je po izvolitvi nekdanjega vodje Zelenih Alexandra Van der Bellna za predsednika Avstrije oddahnila. Predstavniki organizacij koro\u0161kih Slovencev so ob izrazu zadovoljstva poudarjali tudi, da je njegova tesna zmaga pomemben signal avstrijski notranji politiki, da mora stvari spremeniti. Poslujo\u010di podpredsednik Narodnega sveta koro\u0161kih Slovencev (NSKS) Nanti Olip je v telefonskem pogovoru dejal, da si je po zmagi Van der Bellna na predsedni\u0161kih volitvah &#8220;po\u0161teno oddahnil&#8221;. Ta zmaga je pozitivna, je pa tudi signal avstrijski notranji politiki. Prav tako je pomembna za manj\u0161ine, saj je Van der Bellen \u010dlovek, ki se je vse \u017eivljenje temeljito ukvarjal z njihovim vpra\u0161anjem. Sicer pa Olip meni, da se energija, ki jo je svobodnja\u0161ka stranka (FP\u00d6) vlo\u017eila v predsedni\u0161ko kandidaturo Norberta Hoferja, ne bo izgubila. Na njeni podlagi je namre\u010d nastala mo\u010dna dinamika, ki jo bodo svobodnjaki sku\u0161ali izkoristiti na prihodnjih parlamentarnih volitvah, ki so redno predvidene leta 2018. Olip je izpostavil tudi visok odstotek glasov, ki ga je Hofer v nedeljo pobral na avstrijskem Koro\u0161kem, kar je zaskrbljujo\u010de. &#8220;Znova se je pokazalo, da je tako zgodovinski kot politi\u010dni spomin na Koro\u0161kem zelo kratek,&#8221; je dejal. Pri tem je spomnil na polomijo, ki jo je na Koro\u0161kem zakrivila prav svobodnja\u0161ka stranka, saj je de\u017eelo spravila v ste\u010daj in gospodarsko o\u0161kodovala vsaj eno, \u010de ne dve tamkaj\u0161nji generaciji. Podpredsednica Zveze slovenskih organizacij (ZSO) Ana Blatnik je podobno kot Olip ocenila, da je zmaga Van der Bellna mo\u010dan signal avstrijski politiki, saj so ljudje na volitvah protestirali. In ta signal mora politika vzeti resno. To, da je polovica Avstrije glasovala za Hoferja, je posledica negotovosti, strahu pred begunci in brezposelnostjo, kar so dejavniki, ki ustvarjajo negativno ozra\u010dje in tudi zavist med ljudmi. S tem vzdu\u0161jem pa lahko polarizira\u0161 in manipulira\u0161. Sedaj se bodo morali vsi v Avstriji potruditi, da bo polarizacija, ki je<\/p>\n","protected":false},"author":1,"featured_media":0,"comment_status":"closed","ping_status":"closed","sticky":false,"template":"","format":"standard","meta":{"footnotes":""},"categories":[1179],"tags":[],"source":[1711],"supertag":[],"acf":[],"yoast_head":"<!-- This site is optimized with the Yoast SEO plugin v21.3 - https:\/\/yoast.com\/wordpress\/plugins\/seo\/ -->\n<title>Slovenska manj\u0161ina na avstrijskem Koro\u0161kem po izvolitvi Van der Bellna \u010duti olaj\u0161anje - Hudo Slovenija<\/title>\n<meta name=\"robots\" content=\"index, follow, max-snippet:-1, max-image-preview:large, max-video-preview:-1\" \/>\n<link rel=\"canonical\" href=\"https:\/\/hudo.com\/si\/aktualno\/slovenska-manjsina-na-avstrijskem-koroskem-po-izvolitvi-van-der-bellna-cuti-olajsanje\/\" \/>\n<meta property=\"og:locale\" content=\"sl_SI\" \/>\n<meta property=\"og:type\" content=\"article\" \/>\n<meta property=\"og:title\" content=\"Slovenska manj\u0161ina na avstrijskem Koro\u0161kem po izvolitvi Van der Bellna \u010duti olaj\u0161anje - Hudo Slovenija\" \/>\n<meta property=\"og:description\" content=\"Slovenska manj\u0161ina na avstrijskem Koro\u0161kem si je po izvolitvi nekdanjega vodje Zelenih Alexandra Van der Bellna za predsednika Avstrije oddahnila. Predstavniki organizacij koro\u0161kih Slovencev so ob izrazu zadovoljstva poudarjali tudi, da je njegova tesna zmaga pomemben signal avstrijski notranji politiki, da mora stvari spremeniti. Poslujo\u010di podpredsednik Narodnega sveta koro\u0161kih Slovencev (NSKS) Nanti Olip je v telefonskem pogovoru dejal, da si je po zmagi Van der Bellna na predsedni\u0161kih volitvah &quot;po\u0161teno oddahnil&quot;. Ta zmaga je pozitivna, je pa tudi signal avstrijski notranji politiki. Prav tako je pomembna za manj\u0161ine, saj je Van der Bellen \u010dlovek, ki se je vse \u017eivljenje temeljito ukvarjal z njihovim vpra\u0161anjem. Sicer pa Olip meni, da se energija, ki jo je svobodnja\u0161ka stranka (FP\u00d6) vlo\u017eila v predsedni\u0161ko kandidaturo Norberta Hoferja, ne bo izgubila. Na njeni podlagi je namre\u010d nastala mo\u010dna dinamika, ki jo bodo svobodnjaki sku\u0161ali izkoristiti na prihodnjih parlamentarnih volitvah, ki so redno predvidene leta 2018. Olip je izpostavil tudi visok odstotek glasov, ki ga je Hofer v nedeljo pobral na avstrijskem Koro\u0161kem, kar je zaskrbljujo\u010de. &quot;Znova se je pokazalo, da je tako zgodovinski kot politi\u010dni spomin na Koro\u0161kem zelo kratek,&quot; je dejal. Pri tem je spomnil na polomijo, ki jo je na Koro\u0161kem zakrivila prav svobodnja\u0161ka stranka, saj je de\u017eelo spravila v ste\u010daj in gospodarsko o\u0161kodovala vsaj eno, \u010de ne dve tamkaj\u0161nji generaciji. Podpredsednica Zveze slovenskih organizacij (ZSO) Ana Blatnik je podobno kot Olip ocenila, da je zmaga Van der Bellna mo\u010dan signal avstrijski politiki, saj so ljudje na volitvah protestirali. In ta signal mora politika vzeti resno. To, da je polovica Avstrije glasovala za Hoferja, je posledica negotovosti, strahu pred begunci in brezposelnostjo, kar so dejavniki, ki ustvarjajo negativno ozra\u010dje in tudi zavist med ljudmi. S tem vzdu\u0161jem pa lahko polarizira\u0161 in manipulira\u0161. Sedaj se bodo morali vsi v Avstriji potruditi, da bo polarizacija, ki je\" \/>\n<meta property=\"og:url\" content=\"https:\/\/hudo.com\/si\/aktualno\/slovenska-manjsina-na-avstrijskem-koroskem-po-izvolitvi-van-der-bellna-cuti-olajsanje\/\" \/>\n<meta property=\"og:site_name\" content=\"Hudo Slovenija\" \/>\n<meta property=\"article:publisher\" content=\"https:\/\/www.facebook.com\/hudo.si\" \/>\n<meta property=\"article:published_time\" content=\"2016-05-24T06:45:00+00:00\" \/>\n<meta property=\"article:modified_time\" content=\"2016-05-25T03:27:51+00:00\" \/>\n<meta property=\"og:image\" content=\"https:\/\/hudo.com\/si\/wp-content\/uploads\/sites\/2\/2016\/05\/MDF81986-300.jpg\" \/>\n\t<meta property=\"og:image:width\" content=\"450\" \/>\n\t<meta property=\"og:image:height\" content=\"304\" \/>\n\t<meta property=\"og:image:type\" content=\"image\/jpeg\" \/>\n<meta name=\"author\" content=\"hudo\" \/>\n<meta name=\"twitter:card\" content=\"summary_large_image\" \/>\n<meta name=\"twitter:creator\" content=\"@hudo_si\" \/>\n<meta name=\"twitter:site\" content=\"@hudo_si\" \/>\n<meta name=\"twitter:label1\" content=\"Written by\" \/>\n\t<meta name=\"twitter:data1\" content=\"hudo\" \/>\n\t<meta name=\"twitter:label2\" content=\"Est. reading time\" \/>\n\t<meta name=\"twitter:data2\" content=\"2 minuti\" \/>\n<script type=\"application\/ld+json\" class=\"yoast-schema-graph\">{\"@context\":\"https:\/\/schema.org\",\"@graph\":[{\"@type\":\"Article\",\"@id\":\"https:\/\/hudo.com\/si\/aktualno\/slovenska-manjsina-na-avstrijskem-koroskem-po-izvolitvi-van-der-bellna-cuti-olajsanje\/#article\",\"isPartOf\":{\"@id\":\"https:\/\/hudo.com\/si\/aktualno\/slovenska-manjsina-na-avstrijskem-koroskem-po-izvolitvi-van-der-bellna-cuti-olajsanje\/\"},\"author\":{\"name\":\"hudo\",\"@id\":\"https:\/\/hudo.com\/si\/#\/schema\/person\/601cf3379633985b20f7e50f2bb47707\"},\"headline\":\"Slovenska manj\u0161ina na avstrijskem Koro\u0161kem po izvolitvi Van der Bellna \u010duti olaj\u0161anje\",\"datePublished\":\"2016-05-24T06:45:00+00:00\",\"dateModified\":\"2016-05-25T03:27:51+00:00\",\"mainEntityOfPage\":{\"@id\":\"https:\/\/hudo.com\/si\/aktualno\/slovenska-manjsina-na-avstrijskem-koroskem-po-izvolitvi-van-der-bellna-cuti-olajsanje\/\"},\"wordCount\":343,\"publisher\":{\"@id\":\"https:\/\/hudo.com\/si\/#organization\"},\"articleSection\":[\"Aktualno\"],\"inLanguage\":\"sl-SI\"},{\"@type\":\"WebPage\",\"@id\":\"https:\/\/hudo.com\/si\/aktualno\/slovenska-manjsina-na-avstrijskem-koroskem-po-izvolitvi-van-der-bellna-cuti-olajsanje\/\",\"url\":\"https:\/\/hudo.com\/si\/aktualno\/slovenska-manjsina-na-avstrijskem-koroskem-po-izvolitvi-van-der-bellna-cuti-olajsanje\/\",\"name\":\"Slovenska manj\u0161ina na avstrijskem Koro\u0161kem po izvolitvi Van der Bellna \u010duti olaj\u0161anje - Hudo Slovenija\",\"isPartOf\":{\"@id\":\"https:\/\/hudo.com\/si\/#website\"},\"datePublished\":\"2016-05-24T06:45:00+00:00\",\"dateModified\":\"2016-05-25T03:27:51+00:00\",\"breadcrumb\":{\"@id\":\"https:\/\/hudo.com\/si\/aktualno\/slovenska-manjsina-na-avstrijskem-koroskem-po-izvolitvi-van-der-bellna-cuti-olajsanje\/#breadcrumb\"},\"inLanguage\":\"sl-SI\",\"potentialAction\":[{\"@type\":\"ReadAction\",\"target\":[\"https:\/\/hudo.com\/si\/aktualno\/slovenska-manjsina-na-avstrijskem-koroskem-po-izvolitvi-van-der-bellna-cuti-olajsanje\/\"]}]},{\"@type\":\"BreadcrumbList\",\"@id\":\"https:\/\/hudo.com\/si\/aktualno\/slovenska-manjsina-na-avstrijskem-koroskem-po-izvolitvi-van-der-bellna-cuti-olajsanje\/#breadcrumb\",\"itemListElement\":[{\"@type\":\"ListItem\",\"position\":1,\"name\":\"Home\",\"item\":\"https:\/\/hudo.com\/si\/\"},{\"@type\":\"ListItem\",\"position\":2,\"name\":\"Slovenska manj\u0161ina na avstrijskem Koro\u0161kem po izvolitvi Van der Bellna \u010duti olaj\u0161anje\"}]},{\"@type\":\"WebSite\",\"@id\":\"https:\/\/hudo.com\/si\/#website\",\"url\":\"https:\/\/hudo.com\/si\/\",\"name\":\"Hudo Slovenija\",\"description\":\"Vse novice iz Slovenije in sveta\",\"publisher\":{\"@id\":\"https:\/\/hudo.com\/si\/#organization\"},\"potentialAction\":[{\"@type\":\"SearchAction\",\"target\":{\"@type\":\"EntryPoint\",\"urlTemplate\":\"https:\/\/hudo.com\/si\/?s={search_term_string}\"},\"query-input\":\"required name=search_term_string\"}],\"inLanguage\":\"sl-SI\"},{\"@type\":\"Organization\",\"@id\":\"https:\/\/hudo.com\/si\/#organization\",\"name\":\"VSN Media\",\"url\":\"https:\/\/hudo.com\/si\/\",\"logo\":{\"@type\":\"ImageObject\",\"inLanguage\":\"sl-SI\",\"@id\":\"https:\/\/hudo.com\/si\/#\/schema\/logo\/image\/\",\"url\":\"https:\/\/hudo.com\/si\/wp-content\/uploads\/sites\/2\/2021\/03\/hudo-app-2.png\",\"contentUrl\":\"https:\/\/hudo.com\/si\/wp-content\/uploads\/sites\/2\/2021\/03\/hudo-app-2.png\",\"width\":2185,\"height\":2167,\"caption\":\"VSN Media\"},\"image\":{\"@id\":\"https:\/\/hudo.com\/si\/#\/schema\/logo\/image\/\"},\"sameAs\":[\"https:\/\/www.facebook.com\/hudo.si\",\"https:\/\/twitter.com\/hudo_si\"]},{\"@type\":\"Person\",\"@id\":\"https:\/\/hudo.com\/si\/#\/schema\/person\/601cf3379633985b20f7e50f2bb47707\",\"name\":\"hudo\",\"image\":{\"@type\":\"ImageObject\",\"inLanguage\":\"sl-SI\",\"@id\":\"https:\/\/hudo.com\/si\/#\/schema\/person\/image\/\",\"url\":\"https:\/\/secure.gravatar.com\/avatar\/c4ca25fa72cace7a696b52ff5db9e095?s=96&d=mm&r=g\",\"contentUrl\":\"https:\/\/secure.gravatar.com\/avatar\/c4ca25fa72cace7a696b52ff5db9e095?s=96&d=mm&r=g\",\"caption\":\"hudo\"},\"url\":\"https:\/\/hudo.com\/si\/author\/hudo\/\"}]}<\/script>\n<!-- \/ Yoast SEO plugin. -->","yoast_head_json":{"title":"Slovenska manj\u0161ina na avstrijskem Koro\u0161kem po izvolitvi Van der Bellna \u010duti olaj\u0161anje - Hudo Slovenija","robots":{"index":"index","follow":"follow","max-snippet":"max-snippet:-1","max-image-preview":"max-image-preview:large","max-video-preview":"max-video-preview:-1"},"canonical":"https:\/\/hudo.com\/si\/aktualno\/slovenska-manjsina-na-avstrijskem-koroskem-po-izvolitvi-van-der-bellna-cuti-olajsanje\/","og_locale":"sl_SI","og_type":"article","og_title":"Slovenska manj\u0161ina na avstrijskem Koro\u0161kem po izvolitvi Van der Bellna \u010duti olaj\u0161anje - Hudo Slovenija","og_description":"Slovenska manj\u0161ina na avstrijskem Koro\u0161kem si je po izvolitvi nekdanjega vodje Zelenih Alexandra Van der Bellna za predsednika Avstrije oddahnila. Predstavniki organizacij koro\u0161kih Slovencev so ob izrazu zadovoljstva poudarjali tudi, da je njegova tesna zmaga pomemben signal avstrijski notranji politiki, da mora stvari spremeniti. Poslujo\u010di podpredsednik Narodnega sveta koro\u0161kih Slovencev (NSKS) Nanti Olip je v telefonskem pogovoru dejal, da si je po zmagi Van der Bellna na predsedni\u0161kih volitvah \"po\u0161teno oddahnil\". Ta zmaga je pozitivna, je pa tudi signal avstrijski notranji politiki. Prav tako je pomembna za manj\u0161ine, saj je Van der Bellen \u010dlovek, ki se je vse \u017eivljenje temeljito ukvarjal z njihovim vpra\u0161anjem. Sicer pa Olip meni, da se energija, ki jo je svobodnja\u0161ka stranka (FP\u00d6) vlo\u017eila v predsedni\u0161ko kandidaturo Norberta Hoferja, ne bo izgubila. Na njeni podlagi je namre\u010d nastala mo\u010dna dinamika, ki jo bodo svobodnjaki sku\u0161ali izkoristiti na prihodnjih parlamentarnih volitvah, ki so redno predvidene leta 2018. Olip je izpostavil tudi visok odstotek glasov, ki ga je Hofer v nedeljo pobral na avstrijskem Koro\u0161kem, kar je zaskrbljujo\u010de. \"Znova se je pokazalo, da je tako zgodovinski kot politi\u010dni spomin na Koro\u0161kem zelo kratek,\" je dejal. Pri tem je spomnil na polomijo, ki jo je na Koro\u0161kem zakrivila prav svobodnja\u0161ka stranka, saj je de\u017eelo spravila v ste\u010daj in gospodarsko o\u0161kodovala vsaj eno, \u010de ne dve tamkaj\u0161nji generaciji. Podpredsednica Zveze slovenskih organizacij (ZSO) Ana Blatnik je podobno kot Olip ocenila, da je zmaga Van der Bellna mo\u010dan signal avstrijski politiki, saj so ljudje na volitvah protestirali. In ta signal mora politika vzeti resno. To, da je polovica Avstrije glasovala za Hoferja, je posledica negotovosti, strahu pred begunci in brezposelnostjo, kar so dejavniki, ki ustvarjajo negativno ozra\u010dje in tudi zavist med ljudmi. S tem vzdu\u0161jem pa lahko polarizira\u0161 in manipulira\u0161. Sedaj se bodo morali vsi v Avstriji potruditi, da bo polarizacija, ki je","og_url":"https:\/\/hudo.com\/si\/aktualno\/slovenska-manjsina-na-avstrijskem-koroskem-po-izvolitvi-van-der-bellna-cuti-olajsanje\/","og_site_name":"Hudo Slovenija","article_publisher":"https:\/\/www.facebook.com\/hudo.si","article_published_time":"2016-05-24T06:45:00+00:00","article_modified_time":"2016-05-25T03:27:51+00:00","og_image":[{"width":450,"height":304,"url":"https:\/\/hudo.com\/si\/wp-content\/uploads\/sites\/2\/2016\/05\/MDF81986-300.jpg","type":"image\/jpeg"}],"author":"hudo","twitter_card":"summary_large_image","twitter_creator":"@hudo_si","twitter_site":"@hudo_si","twitter_misc":{"Written by":"hudo","Est. reading time":"2 minuti"},"schema":{"@context":"https:\/\/schema.org","@graph":[{"@type":"Article","@id":"https:\/\/hudo.com\/si\/aktualno\/slovenska-manjsina-na-avstrijskem-koroskem-po-izvolitvi-van-der-bellna-cuti-olajsanje\/#article","isPartOf":{"@id":"https:\/\/hudo.com\/si\/aktualno\/slovenska-manjsina-na-avstrijskem-koroskem-po-izvolitvi-van-der-bellna-cuti-olajsanje\/"},"author":{"name":"hudo","@id":"https:\/\/hudo.com\/si\/#\/schema\/person\/601cf3379633985b20f7e50f2bb47707"},"headline":"Slovenska manj\u0161ina na avstrijskem Koro\u0161kem po izvolitvi Van der Bellna \u010duti olaj\u0161anje","datePublished":"2016-05-24T06:45:00+00:00","dateModified":"2016-05-25T03:27:51+00:00","mainEntityOfPage":{"@id":"https:\/\/hudo.com\/si\/aktualno\/slovenska-manjsina-na-avstrijskem-koroskem-po-izvolitvi-van-der-bellna-cuti-olajsanje\/"},"wordCount":343,"publisher":{"@id":"https:\/\/hudo.com\/si\/#organization"},"articleSection":["Aktualno"],"inLanguage":"sl-SI"},{"@type":"WebPage","@id":"https:\/\/hudo.com\/si\/aktualno\/slovenska-manjsina-na-avstrijskem-koroskem-po-izvolitvi-van-der-bellna-cuti-olajsanje\/","url":"https:\/\/hudo.com\/si\/aktualno\/slovenska-manjsina-na-avstrijskem-koroskem-po-izvolitvi-van-der-bellna-cuti-olajsanje\/","name":"Slovenska manj\u0161ina na avstrijskem Koro\u0161kem po izvolitvi Van der Bellna \u010duti olaj\u0161anje - Hudo Slovenija","isPartOf":{"@id":"https:\/\/hudo.com\/si\/#website"},"datePublished":"2016-05-24T06:45:00+00:00","dateModified":"2016-05-25T03:27:51+00:00","breadcrumb":{"@id":"https:\/\/hudo.com\/si\/aktualno\/slovenska-manjsina-na-avstrijskem-koroskem-po-izvolitvi-van-der-bellna-cuti-olajsanje\/#breadcrumb"},"inLanguage":"sl-SI","potentialAction":[{"@type":"ReadAction","target":["https:\/\/hudo.com\/si\/aktualno\/slovenska-manjsina-na-avstrijskem-koroskem-po-izvolitvi-van-der-bellna-cuti-olajsanje\/"]}]},{"@type":"BreadcrumbList","@id":"https:\/\/hudo.com\/si\/aktualno\/slovenska-manjsina-na-avstrijskem-koroskem-po-izvolitvi-van-der-bellna-cuti-olajsanje\/#breadcrumb","itemListElement":[{"@type":"ListItem","position":1,"name":"Home","item":"https:\/\/hudo.com\/si\/"},{"@type":"ListItem","position":2,"name":"Slovenska manj\u0161ina na avstrijskem Koro\u0161kem po izvolitvi Van der Bellna \u010duti olaj\u0161anje"}]},{"@type":"WebSite","@id":"https:\/\/hudo.com\/si\/#website","url":"https:\/\/hudo.com\/si\/","name":"Hudo Slovenija","description":"Vse novice iz Slovenije in sveta","publisher":{"@id":"https:\/\/hudo.com\/si\/#organization"},"potentialAction":[{"@type":"SearchAction","target":{"@type":"EntryPoint","urlTemplate":"https:\/\/hudo.com\/si\/?s={search_term_string}"},"query-input":"required name=search_term_string"}],"inLanguage":"sl-SI"},{"@type":"Organization","@id":"https:\/\/hudo.com\/si\/#organization","name":"VSN Media","url":"https:\/\/hudo.com\/si\/","logo":{"@type":"ImageObject","inLanguage":"sl-SI","@id":"https:\/\/hudo.com\/si\/#\/schema\/logo\/image\/","url":"https:\/\/hudo.com\/si\/wp-content\/uploads\/sites\/2\/2021\/03\/hudo-app-2.png","contentUrl":"https:\/\/hudo.com\/si\/wp-content\/uploads\/sites\/2\/2021\/03\/hudo-app-2.png","width":2185,"height":2167,"caption":"VSN Media"},"image":{"@id":"https:\/\/hudo.com\/si\/#\/schema\/logo\/image\/"},"sameAs":["https:\/\/www.facebook.com\/hudo.si","https:\/\/twitter.com\/hudo_si"]},{"@type":"Person","@id":"https:\/\/hudo.com\/si\/#\/schema\/person\/601cf3379633985b20f7e50f2bb47707","name":"hudo","image":{"@type":"ImageObject","inLanguage":"sl-SI","@id":"https:\/\/hudo.com\/si\/#\/schema\/person\/image\/","url":"https:\/\/secure.gravatar.com\/avatar\/c4ca25fa72cace7a696b52ff5db9e095?s=96&d=mm&r=g","contentUrl":"https:\/\/secure.gravatar.com\/avatar\/c4ca25fa72cace7a696b52ff5db9e095?s=96&d=mm&r=g","caption":"hudo"},"url":"https:\/\/hudo.com\/si\/author\/hudo\/"}]}},"amp_enabled":true,"_links":{"self":[{"href":"https:\/\/hudo.com\/si\/wp-json\/wp\/v2\/posts\/60212"}],"collection":[{"href":"https:\/\/hudo.com\/si\/wp-json\/wp\/v2\/posts"}],"about":[{"href":"https:\/\/hudo.com\/si\/wp-json\/wp\/v2\/types\/post"}],"author":[{"embeddable":true,"href":"https:\/\/hudo.com\/si\/wp-json\/wp\/v2\/users\/1"}],"replies":[{"embeddable":true,"href":"https:\/\/hudo.com\/si\/wp-json\/wp\/v2\/comments?post=60212"}],"version-history":[{"count":1,"href":"https:\/\/hudo.com\/si\/wp-json\/wp\/v2\/posts\/60212\/revisions"}],"predecessor-version":[{"id":60367,"href":"https:\/\/hudo.com\/si\/wp-json\/wp\/v2\/posts\/60212\/revisions\/60367"}],"wp:attachment":[{"href":"https:\/\/hudo.com\/si\/wp-json\/wp\/v2\/media?parent=60212"}],"wp:term":[{"taxonomy":"category","embeddable":true,"href":"https:\/\/hudo.com\/si\/wp-json\/wp\/v2\/categories?post=60212"},{"taxonomy":"post_tag","embeddable":true,"href":"https:\/\/hudo.com\/si\/wp-json\/wp\/v2\/tags?post=60212"},{"taxonomy":"source","embeddable":true,"href":"https:\/\/hudo.com\/si\/wp-json\/wp\/v2\/source?post=60212"},{"taxonomy":"supertag","embeddable":true,"href":"https:\/\/hudo.com\/si\/wp-json\/wp\/v2\/supertag?post=60212"}],"curies":[{"name":"wp","href":"https:\/\/api.w.org\/{rel}","templated":true}]}}