{"id":60357,"date":"2016-05-24T10:00:00","date_gmt":"2016-05-24T08:00:00","guid":{"rendered":"http:\/\/hudo.com\/si\/2016\/05\/24\/alen-sterzaj-kdo-je-zdaj-tu-normalen\/"},"modified":"2016-05-25T05:27:43","modified_gmt":"2016-05-25T03:27:43","slug":"alen-sterzaj-kdo-je-zdaj-tu-normalen","status":"publish","type":"post","link":"https:\/\/hudo.com\/si\/aktualno\/alen-sterzaj-kdo-je-zdaj-tu-normalen\/","title":{"rendered":"Alen Ster\u017eaj &#8211; Kdo je zdaj tu normalen?"},"content":{"rendered":"<p>Kategorija: Knjiga Tue, 24 May 2016 12:00:00 +0200  Pri glasbenikih, ki pi\u0161ejo besedila in so hkrati \u0161e novinarji,\u00ad je verjetno le vpra\u0161anje \u010dasa, kdaj bodo izdali svoj prvenec.\u00ad Alen Ster\u017eaj se je kar nekaj \u010dasa upiral, vendar je nedavno v prvencu\u00ad Pa ste vi normalni?! (Mladinska knjiga) ponudil obilico kratkih zgodb in misli, povezanih predvsem z glasbo in glasbeniki. Kdo je danes \u0161e normalen, da se ukvarja z glasbo in \u00adpisateljevanjem? Mislite nenormalen? S pisateljevanjem entuziast, ki ne razmi\u0161lja, koliko bo s tem zaslu\u017eil. Z glasbo pa se v resnici ukvarja veliko ljudi.\u00ad Precej ve\u010d, kot jih od nje lahko \u017eivi. Torej ste vi normalni? Ne vem. Je normalno, da ima\u0161 pri \u0161tiriin\u0161tiridesetih letih sedem let delovne dobe, ne hodi\u0161 v slu\u017ebo, nisi poro\u010den, nima\u0161 otrok, vstaja\u0161 opoldne in zaspi\u0161 ob treh pono\u010di? Je normalno, da ne praznuje\u0161\u00a0&#8230;<\/p>\n","protected":false},"excerpt":{"rendered":"<p>Kategorija: Knjiga Tue, 24 May 2016 12:00:00 +0200  Pri glasbenikih, ki pi\u0161ejo besedila in so hkrati \u0161e novinarji,\u00ad je verjetno le vpra\u0161anje \u010dasa, kdaj bodo izdali svoj prvenec.\u00ad Alen Ster\u017eaj se je kar nekaj \u010dasa upiral, vendar je nedavno v prvencu\u00ad Pa ste vi normalni?! (Mladinska knjiga) ponudil obilico kratkih zgodb in misli, povezanih predvsem z glasbo in glasbeniki. Kdo je danes \u0161e normalen, da se ukvarja z glasbo in \u00adpisateljevanjem? Mislite nenormalen? S pisateljevanjem entuziast, ki ne razmi\u0161lja, koliko bo s tem zaslu\u017eil. Z glasbo pa se v resnici ukvarja veliko ljudi.\u00ad Precej ve\u010d, kot jih od nje lahko \u017eivi. Torej ste vi normalni? Ne vem. Je normalno, da ima\u0161 pri \u0161tiriin\u0161tiridesetih letih sedem let delovne dobe, ne hodi\u0161 v slu\u017ebo, nisi poro\u010den, nima\u0161 otrok, vstaja\u0161 opoldne in zaspi\u0161 ob treh pono\u010di? Je normalno, da ne praznuje\u0161\u00a0&#8230;<\/p>\n","protected":false},"author":1,"featured_media":0,"comment_status":"closed","ping_status":"closed","sticky":false,"template":"","format":"standard","meta":{"footnotes":""},"categories":[1179],"tags":[],"source":[4511],"supertag":[],"acf":[],"yoast_head":"<!-- This site is optimized with the Yoast SEO plugin v21.3 - https:\/\/yoast.com\/wordpress\/plugins\/seo\/ -->\n<title>Alen Ster\u017eaj - Kdo je zdaj tu normalen? - Hudo Slovenija<\/title>\n<meta name=\"robots\" content=\"index, follow, max-snippet:-1, max-image-preview:large, max-video-preview:-1\" \/>\n<link rel=\"canonical\" href=\"https:\/\/hudo.com\/si\/aktualno\/alen-sterzaj-kdo-je-zdaj-tu-normalen\/\" \/>\n<meta property=\"og:locale\" content=\"sl_SI\" \/>\n<meta property=\"og:type\" content=\"article\" \/>\n<meta property=\"og:title\" content=\"Alen Ster\u017eaj - Kdo je zdaj tu normalen? - Hudo Slovenija\" \/>\n<meta property=\"og:description\" content=\"Kategorija: Knjiga Tue, 24 May 2016 12:00:00 +0200 Pri glasbenikih, ki pi\u0161ejo besedila in so hkrati \u0161e novinarji,\u00ad je verjetno le vpra\u0161anje \u010dasa, kdaj bodo izdali svoj prvenec.\u00ad Alen Ster\u017eaj se je kar nekaj \u010dasa upiral, vendar je nedavno v prvencu\u00ad Pa ste vi normalni?! (Mladinska knjiga) ponudil obilico kratkih zgodb in misli, povezanih predvsem z glasbo in glasbeniki. Kdo je danes \u0161e normalen, da se ukvarja z glasbo in \u00adpisateljevanjem? Mislite nenormalen? S pisateljevanjem entuziast, ki ne razmi\u0161lja, koliko bo s tem zaslu\u017eil. Z glasbo pa se v resnici ukvarja veliko ljudi.\u00ad Precej ve\u010d, kot jih od nje lahko \u017eivi. Torej ste vi normalni? Ne vem. Je normalno, da ima\u0161 pri \u0161tiriin\u0161tiridesetih letih sedem let delovne dobe, ne hodi\u0161 v slu\u017ebo, nisi poro\u010den, nima\u0161 otrok, vstaja\u0161 opoldne in zaspi\u0161 ob treh pono\u010di? Je normalno, da ne praznuje\u0161\u00a0...\" \/>\n<meta property=\"og:url\" content=\"https:\/\/hudo.com\/si\/aktualno\/alen-sterzaj-kdo-je-zdaj-tu-normalen\/\" \/>\n<meta property=\"og:site_name\" content=\"Hudo Slovenija\" \/>\n<meta property=\"article:publisher\" content=\"https:\/\/www.facebook.com\/hudo.si\" \/>\n<meta property=\"article:published_time\" content=\"2016-05-24T08:00:00+00:00\" \/>\n<meta property=\"article:modified_time\" content=\"2016-05-25T03:27:43+00:00\" \/>\n<meta property=\"og:image\" content=\"https:\/\/hudo.com\/si\/wp-content\/uploads\/sites\/2\/2016\/05\/480x290_KnjizevniL__Delo_Foto_20160.6_hires1.jpeg\" \/>\n\t<meta property=\"og:image:width\" content=\"480\" \/>\n\t<meta property=\"og:image:height\" content=\"290\" \/>\n\t<meta property=\"og:image:type\" content=\"image\/jpeg\" \/>\n<meta name=\"author\" content=\"hudo\" \/>\n<meta name=\"twitter:card\" content=\"summary_large_image\" \/>\n<meta name=\"twitter:creator\" content=\"@hudo_si\" \/>\n<meta name=\"twitter:site\" content=\"@hudo_si\" \/>\n<meta name=\"twitter:label1\" content=\"Written by\" \/>\n\t<meta name=\"twitter:data1\" content=\"hudo\" \/>\n\t<meta name=\"twitter:label2\" content=\"Est. reading time\" \/>\n\t<meta name=\"twitter:data2\" content=\"1 minuta\" \/>\n<script type=\"application\/ld+json\" class=\"yoast-schema-graph\">{\"@context\":\"https:\/\/schema.org\",\"@graph\":[{\"@type\":\"Article\",\"@id\":\"https:\/\/hudo.com\/si\/aktualno\/alen-sterzaj-kdo-je-zdaj-tu-normalen\/#article\",\"isPartOf\":{\"@id\":\"https:\/\/hudo.com\/si\/aktualno\/alen-sterzaj-kdo-je-zdaj-tu-normalen\/\"},\"author\":{\"name\":\"hudo\",\"@id\":\"https:\/\/hudo.com\/si\/#\/schema\/person\/601cf3379633985b20f7e50f2bb47707\"},\"headline\":\"Alen Ster\u017eaj &#8211; Kdo je zdaj tu normalen?\",\"datePublished\":\"2016-05-24T08:00:00+00:00\",\"dateModified\":\"2016-05-25T03:27:43+00:00\",\"mainEntityOfPage\":{\"@id\":\"https:\/\/hudo.com\/si\/aktualno\/alen-sterzaj-kdo-je-zdaj-tu-normalen\/\"},\"wordCount\":152,\"publisher\":{\"@id\":\"https:\/\/hudo.com\/si\/#organization\"},\"articleSection\":[\"Aktualno\"],\"inLanguage\":\"sl-SI\"},{\"@type\":\"WebPage\",\"@id\":\"https:\/\/hudo.com\/si\/aktualno\/alen-sterzaj-kdo-je-zdaj-tu-normalen\/\",\"url\":\"https:\/\/hudo.com\/si\/aktualno\/alen-sterzaj-kdo-je-zdaj-tu-normalen\/\",\"name\":\"Alen Ster\u017eaj - Kdo je zdaj tu normalen? - Hudo Slovenija\",\"isPartOf\":{\"@id\":\"https:\/\/hudo.com\/si\/#website\"},\"datePublished\":\"2016-05-24T08:00:00+00:00\",\"dateModified\":\"2016-05-25T03:27:43+00:00\",\"breadcrumb\":{\"@id\":\"https:\/\/hudo.com\/si\/aktualno\/alen-sterzaj-kdo-je-zdaj-tu-normalen\/#breadcrumb\"},\"inLanguage\":\"sl-SI\",\"potentialAction\":[{\"@type\":\"ReadAction\",\"target\":[\"https:\/\/hudo.com\/si\/aktualno\/alen-sterzaj-kdo-je-zdaj-tu-normalen\/\"]}]},{\"@type\":\"BreadcrumbList\",\"@id\":\"https:\/\/hudo.com\/si\/aktualno\/alen-sterzaj-kdo-je-zdaj-tu-normalen\/#breadcrumb\",\"itemListElement\":[{\"@type\":\"ListItem\",\"position\":1,\"name\":\"Home\",\"item\":\"https:\/\/hudo.com\/si\/\"},{\"@type\":\"ListItem\",\"position\":2,\"name\":\"Alen Ster\u017eaj &#8211; Kdo je zdaj tu normalen?\"}]},{\"@type\":\"WebSite\",\"@id\":\"https:\/\/hudo.com\/si\/#website\",\"url\":\"https:\/\/hudo.com\/si\/\",\"name\":\"Hudo Slovenija\",\"description\":\"Vse novice iz Slovenije in sveta\",\"publisher\":{\"@id\":\"https:\/\/hudo.com\/si\/#organization\"},\"potentialAction\":[{\"@type\":\"SearchAction\",\"target\":{\"@type\":\"EntryPoint\",\"urlTemplate\":\"https:\/\/hudo.com\/si\/?s={search_term_string}\"},\"query-input\":\"required name=search_term_string\"}],\"inLanguage\":\"sl-SI\"},{\"@type\":\"Organization\",\"@id\":\"https:\/\/hudo.com\/si\/#organization\",\"name\":\"VSN Media\",\"url\":\"https:\/\/hudo.com\/si\/\",\"logo\":{\"@type\":\"ImageObject\",\"inLanguage\":\"sl-SI\",\"@id\":\"https:\/\/hudo.com\/si\/#\/schema\/logo\/image\/\",\"url\":\"https:\/\/hudo.com\/si\/wp-content\/uploads\/sites\/2\/2021\/03\/hudo-app-2.png\",\"contentUrl\":\"https:\/\/hudo.com\/si\/wp-content\/uploads\/sites\/2\/2021\/03\/hudo-app-2.png\",\"width\":2185,\"height\":2167,\"caption\":\"VSN Media\"},\"image\":{\"@id\":\"https:\/\/hudo.com\/si\/#\/schema\/logo\/image\/\"},\"sameAs\":[\"https:\/\/www.facebook.com\/hudo.si\",\"https:\/\/twitter.com\/hudo_si\"]},{\"@type\":\"Person\",\"@id\":\"https:\/\/hudo.com\/si\/#\/schema\/person\/601cf3379633985b20f7e50f2bb47707\",\"name\":\"hudo\",\"image\":{\"@type\":\"ImageObject\",\"inLanguage\":\"sl-SI\",\"@id\":\"https:\/\/hudo.com\/si\/#\/schema\/person\/image\/\",\"url\":\"https:\/\/secure.gravatar.com\/avatar\/c4ca25fa72cace7a696b52ff5db9e095?s=96&d=mm&r=g\",\"contentUrl\":\"https:\/\/secure.gravatar.com\/avatar\/c4ca25fa72cace7a696b52ff5db9e095?s=96&d=mm&r=g\",\"caption\":\"hudo\"},\"url\":\"https:\/\/hudo.com\/si\/author\/hudo\/\"}]}<\/script>\n<!-- \/ Yoast SEO plugin. -->","yoast_head_json":{"title":"Alen Ster\u017eaj - Kdo je zdaj tu normalen? - Hudo Slovenija","robots":{"index":"index","follow":"follow","max-snippet":"max-snippet:-1","max-image-preview":"max-image-preview:large","max-video-preview":"max-video-preview:-1"},"canonical":"https:\/\/hudo.com\/si\/aktualno\/alen-sterzaj-kdo-je-zdaj-tu-normalen\/","og_locale":"sl_SI","og_type":"article","og_title":"Alen Ster\u017eaj - Kdo je zdaj tu normalen? - Hudo Slovenija","og_description":"Kategorija: Knjiga Tue, 24 May 2016 12:00:00 +0200 Pri glasbenikih, ki pi\u0161ejo besedila in so hkrati \u0161e novinarji,\u00ad je verjetno le vpra\u0161anje \u010dasa, kdaj bodo izdali svoj prvenec.\u00ad Alen Ster\u017eaj se je kar nekaj \u010dasa upiral, vendar je nedavno v prvencu\u00ad Pa ste vi normalni?! (Mladinska knjiga) ponudil obilico kratkih zgodb in misli, povezanih predvsem z glasbo in glasbeniki. Kdo je danes \u0161e normalen, da se ukvarja z glasbo in \u00adpisateljevanjem? Mislite nenormalen? S pisateljevanjem entuziast, ki ne razmi\u0161lja, koliko bo s tem zaslu\u017eil. Z glasbo pa se v resnici ukvarja veliko ljudi.\u00ad Precej ve\u010d, kot jih od nje lahko \u017eivi. Torej ste vi normalni? Ne vem. Je normalno, da ima\u0161 pri \u0161tiriin\u0161tiridesetih letih sedem let delovne dobe, ne hodi\u0161 v slu\u017ebo, nisi poro\u010den, nima\u0161 otrok, vstaja\u0161 opoldne in zaspi\u0161 ob treh pono\u010di? Je normalno, da ne praznuje\u0161\u00a0...","og_url":"https:\/\/hudo.com\/si\/aktualno\/alen-sterzaj-kdo-je-zdaj-tu-normalen\/","og_site_name":"Hudo Slovenija","article_publisher":"https:\/\/www.facebook.com\/hudo.si","article_published_time":"2016-05-24T08:00:00+00:00","article_modified_time":"2016-05-25T03:27:43+00:00","og_image":[{"width":480,"height":290,"url":"https:\/\/hudo.com\/si\/wp-content\/uploads\/sites\/2\/2016\/05\/480x290_KnjizevniL__Delo_Foto_20160.6_hires1.jpeg","type":"image\/jpeg"}],"author":"hudo","twitter_card":"summary_large_image","twitter_creator":"@hudo_si","twitter_site":"@hudo_si","twitter_misc":{"Written by":"hudo","Est. reading time":"1 minuta"},"schema":{"@context":"https:\/\/schema.org","@graph":[{"@type":"Article","@id":"https:\/\/hudo.com\/si\/aktualno\/alen-sterzaj-kdo-je-zdaj-tu-normalen\/#article","isPartOf":{"@id":"https:\/\/hudo.com\/si\/aktualno\/alen-sterzaj-kdo-je-zdaj-tu-normalen\/"},"author":{"name":"hudo","@id":"https:\/\/hudo.com\/si\/#\/schema\/person\/601cf3379633985b20f7e50f2bb47707"},"headline":"Alen Ster\u017eaj &#8211; Kdo je zdaj tu normalen?","datePublished":"2016-05-24T08:00:00+00:00","dateModified":"2016-05-25T03:27:43+00:00","mainEntityOfPage":{"@id":"https:\/\/hudo.com\/si\/aktualno\/alen-sterzaj-kdo-je-zdaj-tu-normalen\/"},"wordCount":152,"publisher":{"@id":"https:\/\/hudo.com\/si\/#organization"},"articleSection":["Aktualno"],"inLanguage":"sl-SI"},{"@type":"WebPage","@id":"https:\/\/hudo.com\/si\/aktualno\/alen-sterzaj-kdo-je-zdaj-tu-normalen\/","url":"https:\/\/hudo.com\/si\/aktualno\/alen-sterzaj-kdo-je-zdaj-tu-normalen\/","name":"Alen Ster\u017eaj - Kdo je zdaj tu normalen? - Hudo Slovenija","isPartOf":{"@id":"https:\/\/hudo.com\/si\/#website"},"datePublished":"2016-05-24T08:00:00+00:00","dateModified":"2016-05-25T03:27:43+00:00","breadcrumb":{"@id":"https:\/\/hudo.com\/si\/aktualno\/alen-sterzaj-kdo-je-zdaj-tu-normalen\/#breadcrumb"},"inLanguage":"sl-SI","potentialAction":[{"@type":"ReadAction","target":["https:\/\/hudo.com\/si\/aktualno\/alen-sterzaj-kdo-je-zdaj-tu-normalen\/"]}]},{"@type":"BreadcrumbList","@id":"https:\/\/hudo.com\/si\/aktualno\/alen-sterzaj-kdo-je-zdaj-tu-normalen\/#breadcrumb","itemListElement":[{"@type":"ListItem","position":1,"name":"Home","item":"https:\/\/hudo.com\/si\/"},{"@type":"ListItem","position":2,"name":"Alen Ster\u017eaj &#8211; Kdo je zdaj tu normalen?"}]},{"@type":"WebSite","@id":"https:\/\/hudo.com\/si\/#website","url":"https:\/\/hudo.com\/si\/","name":"Hudo Slovenija","description":"Vse novice iz Slovenije in sveta","publisher":{"@id":"https:\/\/hudo.com\/si\/#organization"},"potentialAction":[{"@type":"SearchAction","target":{"@type":"EntryPoint","urlTemplate":"https:\/\/hudo.com\/si\/?s={search_term_string}"},"query-input":"required name=search_term_string"}],"inLanguage":"sl-SI"},{"@type":"Organization","@id":"https:\/\/hudo.com\/si\/#organization","name":"VSN Media","url":"https:\/\/hudo.com\/si\/","logo":{"@type":"ImageObject","inLanguage":"sl-SI","@id":"https:\/\/hudo.com\/si\/#\/schema\/logo\/image\/","url":"https:\/\/hudo.com\/si\/wp-content\/uploads\/sites\/2\/2021\/03\/hudo-app-2.png","contentUrl":"https:\/\/hudo.com\/si\/wp-content\/uploads\/sites\/2\/2021\/03\/hudo-app-2.png","width":2185,"height":2167,"caption":"VSN Media"},"image":{"@id":"https:\/\/hudo.com\/si\/#\/schema\/logo\/image\/"},"sameAs":["https:\/\/www.facebook.com\/hudo.si","https:\/\/twitter.com\/hudo_si"]},{"@type":"Person","@id":"https:\/\/hudo.com\/si\/#\/schema\/person\/601cf3379633985b20f7e50f2bb47707","name":"hudo","image":{"@type":"ImageObject","inLanguage":"sl-SI","@id":"https:\/\/hudo.com\/si\/#\/schema\/person\/image\/","url":"https:\/\/secure.gravatar.com\/avatar\/c4ca25fa72cace7a696b52ff5db9e095?s=96&d=mm&r=g","contentUrl":"https:\/\/secure.gravatar.com\/avatar\/c4ca25fa72cace7a696b52ff5db9e095?s=96&d=mm&r=g","caption":"hudo"},"url":"https:\/\/hudo.com\/si\/author\/hudo\/"}]}},"amp_enabled":true,"_links":{"self":[{"href":"https:\/\/hudo.com\/si\/wp-json\/wp\/v2\/posts\/60357"}],"collection":[{"href":"https:\/\/hudo.com\/si\/wp-json\/wp\/v2\/posts"}],"about":[{"href":"https:\/\/hudo.com\/si\/wp-json\/wp\/v2\/types\/post"}],"author":[{"embeddable":true,"href":"https:\/\/hudo.com\/si\/wp-json\/wp\/v2\/users\/1"}],"replies":[{"embeddable":true,"href":"https:\/\/hudo.com\/si\/wp-json\/wp\/v2\/comments?post=60357"}],"version-history":[{"count":1,"href":"https:\/\/hudo.com\/si\/wp-json\/wp\/v2\/posts\/60357\/revisions"}],"predecessor-version":[{"id":60466,"href":"https:\/\/hudo.com\/si\/wp-json\/wp\/v2\/posts\/60357\/revisions\/60466"}],"wp:attachment":[{"href":"https:\/\/hudo.com\/si\/wp-json\/wp\/v2\/media?parent=60357"}],"wp:term":[{"taxonomy":"category","embeddable":true,"href":"https:\/\/hudo.com\/si\/wp-json\/wp\/v2\/categories?post=60357"},{"taxonomy":"post_tag","embeddable":true,"href":"https:\/\/hudo.com\/si\/wp-json\/wp\/v2\/tags?post=60357"},{"taxonomy":"source","embeddable":true,"href":"https:\/\/hudo.com\/si\/wp-json\/wp\/v2\/source?post=60357"},{"taxonomy":"supertag","embeddable":true,"href":"https:\/\/hudo.com\/si\/wp-json\/wp\/v2\/supertag?post=60357"}],"curies":[{"name":"wp","href":"https:\/\/api.w.org\/{rel}","templated":true}]}}