{"id":61359,"date":"2016-05-25T17:29:21","date_gmt":"2016-05-25T15:29:21","guid":{"rendered":"http:\/\/hudo.com\/si\/2016\/05\/25\/zaradi-nezakonitosti-v-primeru-koroskih-deckov-odstopil-direktor-csd-slovenj-gradec\/"},"modified":"2016-05-26T19:32:54","modified_gmt":"2016-05-26T17:32:54","slug":"zaradi-nezakonitosti-v-primeru-koroskih-deckov-odstopil-direktor-csd-slovenj-gradec","status":"publish","type":"post","link":"https:\/\/hudo.com\/si\/aktualno\/zaradi-nezakonitosti-v-primeru-koroskih-deckov-odstopil-direktor-csd-slovenj-gradec\/","title":{"rendered":"Zaradi nezakonitosti v primeru &#8220;koro\u0161kih de\u010dkov&#8221; odstopil direktor CSD Slovenj Gradec"},"content":{"rendered":"<p>Upravna in\u0161pekcija je ugotovila nezakonito ravnanje Centra za socialno delo (CSD) Slovenj Gradec pri obravnavi vloge za izdajo dovoljenja za izvajanje rejni\u0161ke dejavnosti. Direktor CSD Jurij \u0160ume\u010dnik je zaradi objektivne odgovornosti \u017ee ponudil svoj odstop, ministrica za delo Anja Kopa\u010d Mrak pa ga je sprejela.<\/p>\n","protected":false},"excerpt":{"rendered":"<p>Upravna in\u0161pekcija je ugotovila nezakonito ravnanje Centra za socialno delo (CSD) Slovenj Gradec pri obravnavi vloge za izdajo dovoljenja za izvajanje rejni\u0161ke dejavnosti. Direktor CSD Jurij \u0160ume\u010dnik je zaradi objektivne odgovornosti \u017ee ponudil svoj odstop, ministrica za delo Anja Kopa\u010d Mrak pa ga je sprejela.<\/p>\n","protected":false},"author":1,"featured_media":0,"comment_status":"closed","ping_status":"closed","sticky":false,"template":"","format":"standard","meta":{"footnotes":""},"categories":[1179],"tags":[],"source":[5113],"supertag":[],"acf":[],"yoast_head":"<!-- This site is optimized with the Yoast SEO plugin v21.3 - https:\/\/yoast.com\/wordpress\/plugins\/seo\/ -->\n<title>Zaradi nezakonitosti v primeru &quot;koro\u0161kih de\u010dkov&quot; odstopil direktor CSD Slovenj Gradec - Hudo Slovenija<\/title>\n<meta name=\"robots\" content=\"index, follow, max-snippet:-1, max-image-preview:large, max-video-preview:-1\" \/>\n<link rel=\"canonical\" href=\"https:\/\/hudo.com\/si\/aktualno\/zaradi-nezakonitosti-v-primeru-koroskih-deckov-odstopil-direktor-csd-slovenj-gradec\/\" \/>\n<meta property=\"og:locale\" content=\"sl_SI\" \/>\n<meta property=\"og:type\" content=\"article\" \/>\n<meta property=\"og:title\" content=\"Zaradi nezakonitosti v primeru &quot;koro\u0161kih de\u010dkov&quot; odstopil direktor CSD Slovenj Gradec - Hudo Slovenija\" \/>\n<meta property=\"og:description\" content=\"Upravna in\u0161pekcija je ugotovila nezakonito ravnanje Centra za socialno delo (CSD) Slovenj Gradec pri obravnavi vloge za izdajo dovoljenja za izvajanje rejni\u0161ke dejavnosti. Direktor CSD Jurij \u0160ume\u010dnik je zaradi objektivne odgovornosti \u017ee ponudil svoj odstop, ministrica za delo Anja Kopa\u010d Mrak pa ga je sprejela.\" \/>\n<meta property=\"og:url\" content=\"https:\/\/hudo.com\/si\/aktualno\/zaradi-nezakonitosti-v-primeru-koroskih-deckov-odstopil-direktor-csd-slovenj-gradec\/\" \/>\n<meta property=\"og:site_name\" content=\"Hudo Slovenija\" \/>\n<meta property=\"article:publisher\" content=\"https:\/\/www.facebook.com\/hudo.si\" \/>\n<meta property=\"article:published_time\" content=\"2016-05-25T15:29:21+00:00\" \/>\n<meta property=\"article:modified_time\" content=\"2016-05-26T17:32:54+00:00\" \/>\n<meta property=\"og:image\" content=\"https:\/\/hudo.com\/si\/wp-content\/uploads\/sites\/2\/2016\/05\/csd-velenje-koroska-decka-dedek-babica_bobo.jpg\" \/>\n\t<meta property=\"og:image:width\" content=\"646\" \/>\n\t<meta property=\"og:image:height\" content=\"430\" \/>\n\t<meta property=\"og:image:type\" content=\"image\/jpeg\" \/>\n<meta name=\"author\" content=\"hudo\" \/>\n<meta name=\"twitter:card\" content=\"summary_large_image\" \/>\n<meta name=\"twitter:creator\" content=\"@hudo_si\" \/>\n<meta name=\"twitter:site\" content=\"@hudo_si\" \/>\n<meta name=\"twitter:label1\" content=\"Written by\" \/>\n\t<meta name=\"twitter:data1\" content=\"hudo\" \/>\n<script type=\"application\/ld+json\" class=\"yoast-schema-graph\">{\"@context\":\"https:\/\/schema.org\",\"@graph\":[{\"@type\":\"Article\",\"@id\":\"https:\/\/hudo.com\/si\/aktualno\/zaradi-nezakonitosti-v-primeru-koroskih-deckov-odstopil-direktor-csd-slovenj-gradec\/#article\",\"isPartOf\":{\"@id\":\"https:\/\/hudo.com\/si\/aktualno\/zaradi-nezakonitosti-v-primeru-koroskih-deckov-odstopil-direktor-csd-slovenj-gradec\/\"},\"author\":{\"name\":\"hudo\",\"@id\":\"https:\/\/hudo.com\/si\/#\/schema\/person\/601cf3379633985b20f7e50f2bb47707\"},\"headline\":\"Zaradi nezakonitosti v primeru &#8220;koro\u0161kih de\u010dkov&#8221; odstopil direktor CSD Slovenj Gradec\",\"datePublished\":\"2016-05-25T15:29:21+00:00\",\"dateModified\":\"2016-05-26T17:32:54+00:00\",\"mainEntityOfPage\":{\"@id\":\"https:\/\/hudo.com\/si\/aktualno\/zaradi-nezakonitosti-v-primeru-koroskih-deckov-odstopil-direktor-csd-slovenj-gradec\/\"},\"wordCount\":61,\"publisher\":{\"@id\":\"https:\/\/hudo.com\/si\/#organization\"},\"articleSection\":[\"Aktualno\"],\"inLanguage\":\"sl-SI\"},{\"@type\":\"WebPage\",\"@id\":\"https:\/\/hudo.com\/si\/aktualno\/zaradi-nezakonitosti-v-primeru-koroskih-deckov-odstopil-direktor-csd-slovenj-gradec\/\",\"url\":\"https:\/\/hudo.com\/si\/aktualno\/zaradi-nezakonitosti-v-primeru-koroskih-deckov-odstopil-direktor-csd-slovenj-gradec\/\",\"name\":\"Zaradi nezakonitosti v primeru \\\"koro\u0161kih de\u010dkov\\\" odstopil direktor CSD Slovenj Gradec - Hudo Slovenija\",\"isPartOf\":{\"@id\":\"https:\/\/hudo.com\/si\/#website\"},\"datePublished\":\"2016-05-25T15:29:21+00:00\",\"dateModified\":\"2016-05-26T17:32:54+00:00\",\"breadcrumb\":{\"@id\":\"https:\/\/hudo.com\/si\/aktualno\/zaradi-nezakonitosti-v-primeru-koroskih-deckov-odstopil-direktor-csd-slovenj-gradec\/#breadcrumb\"},\"inLanguage\":\"sl-SI\",\"potentialAction\":[{\"@type\":\"ReadAction\",\"target\":[\"https:\/\/hudo.com\/si\/aktualno\/zaradi-nezakonitosti-v-primeru-koroskih-deckov-odstopil-direktor-csd-slovenj-gradec\/\"]}]},{\"@type\":\"BreadcrumbList\",\"@id\":\"https:\/\/hudo.com\/si\/aktualno\/zaradi-nezakonitosti-v-primeru-koroskih-deckov-odstopil-direktor-csd-slovenj-gradec\/#breadcrumb\",\"itemListElement\":[{\"@type\":\"ListItem\",\"position\":1,\"name\":\"Home\",\"item\":\"https:\/\/hudo.com\/si\/\"},{\"@type\":\"ListItem\",\"position\":2,\"name\":\"Zaradi nezakonitosti v primeru &#8220;koro\u0161kih de\u010dkov&#8221; odstopil direktor CSD Slovenj Gradec\"}]},{\"@type\":\"WebSite\",\"@id\":\"https:\/\/hudo.com\/si\/#website\",\"url\":\"https:\/\/hudo.com\/si\/\",\"name\":\"Hudo Slovenija\",\"description\":\"Vse novice iz Slovenije in sveta\",\"publisher\":{\"@id\":\"https:\/\/hudo.com\/si\/#organization\"},\"potentialAction\":[{\"@type\":\"SearchAction\",\"target\":{\"@type\":\"EntryPoint\",\"urlTemplate\":\"https:\/\/hudo.com\/si\/?s={search_term_string}\"},\"query-input\":\"required name=search_term_string\"}],\"inLanguage\":\"sl-SI\"},{\"@type\":\"Organization\",\"@id\":\"https:\/\/hudo.com\/si\/#organization\",\"name\":\"VSN Media\",\"url\":\"https:\/\/hudo.com\/si\/\",\"logo\":{\"@type\":\"ImageObject\",\"inLanguage\":\"sl-SI\",\"@id\":\"https:\/\/hudo.com\/si\/#\/schema\/logo\/image\/\",\"url\":\"https:\/\/hudo.com\/si\/wp-content\/uploads\/sites\/2\/2021\/03\/hudo-app-2.png\",\"contentUrl\":\"https:\/\/hudo.com\/si\/wp-content\/uploads\/sites\/2\/2021\/03\/hudo-app-2.png\",\"width\":2185,\"height\":2167,\"caption\":\"VSN Media\"},\"image\":{\"@id\":\"https:\/\/hudo.com\/si\/#\/schema\/logo\/image\/\"},\"sameAs\":[\"https:\/\/www.facebook.com\/hudo.si\",\"https:\/\/twitter.com\/hudo_si\"]},{\"@type\":\"Person\",\"@id\":\"https:\/\/hudo.com\/si\/#\/schema\/person\/601cf3379633985b20f7e50f2bb47707\",\"name\":\"hudo\",\"image\":{\"@type\":\"ImageObject\",\"inLanguage\":\"sl-SI\",\"@id\":\"https:\/\/hudo.com\/si\/#\/schema\/person\/image\/\",\"url\":\"https:\/\/secure.gravatar.com\/avatar\/c4ca25fa72cace7a696b52ff5db9e095?s=96&d=mm&r=g\",\"contentUrl\":\"https:\/\/secure.gravatar.com\/avatar\/c4ca25fa72cace7a696b52ff5db9e095?s=96&d=mm&r=g\",\"caption\":\"hudo\"},\"url\":\"https:\/\/hudo.com\/si\/author\/hudo\/\"}]}<\/script>\n<!-- \/ Yoast SEO plugin. -->","yoast_head_json":{"title":"Zaradi nezakonitosti v primeru \"koro\u0161kih de\u010dkov\" odstopil direktor CSD Slovenj Gradec - Hudo Slovenija","robots":{"index":"index","follow":"follow","max-snippet":"max-snippet:-1","max-image-preview":"max-image-preview:large","max-video-preview":"max-video-preview:-1"},"canonical":"https:\/\/hudo.com\/si\/aktualno\/zaradi-nezakonitosti-v-primeru-koroskih-deckov-odstopil-direktor-csd-slovenj-gradec\/","og_locale":"sl_SI","og_type":"article","og_title":"Zaradi nezakonitosti v primeru \"koro\u0161kih de\u010dkov\" odstopil direktor CSD Slovenj Gradec - Hudo Slovenija","og_description":"Upravna in\u0161pekcija je ugotovila nezakonito ravnanje Centra za socialno delo (CSD) Slovenj Gradec pri obravnavi vloge za izdajo dovoljenja za izvajanje rejni\u0161ke dejavnosti. Direktor CSD Jurij \u0160ume\u010dnik je zaradi objektivne odgovornosti \u017ee ponudil svoj odstop, ministrica za delo Anja Kopa\u010d Mrak pa ga je sprejela.","og_url":"https:\/\/hudo.com\/si\/aktualno\/zaradi-nezakonitosti-v-primeru-koroskih-deckov-odstopil-direktor-csd-slovenj-gradec\/","og_site_name":"Hudo Slovenija","article_publisher":"https:\/\/www.facebook.com\/hudo.si","article_published_time":"2016-05-25T15:29:21+00:00","article_modified_time":"2016-05-26T17:32:54+00:00","og_image":[{"width":646,"height":430,"url":"https:\/\/hudo.com\/si\/wp-content\/uploads\/sites\/2\/2016\/05\/csd-velenje-koroska-decka-dedek-babica_bobo.jpg","type":"image\/jpeg"}],"author":"hudo","twitter_card":"summary_large_image","twitter_creator":"@hudo_si","twitter_site":"@hudo_si","twitter_misc":{"Written by":"hudo"},"schema":{"@context":"https:\/\/schema.org","@graph":[{"@type":"Article","@id":"https:\/\/hudo.com\/si\/aktualno\/zaradi-nezakonitosti-v-primeru-koroskih-deckov-odstopil-direktor-csd-slovenj-gradec\/#article","isPartOf":{"@id":"https:\/\/hudo.com\/si\/aktualno\/zaradi-nezakonitosti-v-primeru-koroskih-deckov-odstopil-direktor-csd-slovenj-gradec\/"},"author":{"name":"hudo","@id":"https:\/\/hudo.com\/si\/#\/schema\/person\/601cf3379633985b20f7e50f2bb47707"},"headline":"Zaradi nezakonitosti v primeru &#8220;koro\u0161kih de\u010dkov&#8221; odstopil direktor CSD Slovenj Gradec","datePublished":"2016-05-25T15:29:21+00:00","dateModified":"2016-05-26T17:32:54+00:00","mainEntityOfPage":{"@id":"https:\/\/hudo.com\/si\/aktualno\/zaradi-nezakonitosti-v-primeru-koroskih-deckov-odstopil-direktor-csd-slovenj-gradec\/"},"wordCount":61,"publisher":{"@id":"https:\/\/hudo.com\/si\/#organization"},"articleSection":["Aktualno"],"inLanguage":"sl-SI"},{"@type":"WebPage","@id":"https:\/\/hudo.com\/si\/aktualno\/zaradi-nezakonitosti-v-primeru-koroskih-deckov-odstopil-direktor-csd-slovenj-gradec\/","url":"https:\/\/hudo.com\/si\/aktualno\/zaradi-nezakonitosti-v-primeru-koroskih-deckov-odstopil-direktor-csd-slovenj-gradec\/","name":"Zaradi nezakonitosti v primeru \"koro\u0161kih de\u010dkov\" odstopil direktor CSD Slovenj Gradec - Hudo Slovenija","isPartOf":{"@id":"https:\/\/hudo.com\/si\/#website"},"datePublished":"2016-05-25T15:29:21+00:00","dateModified":"2016-05-26T17:32:54+00:00","breadcrumb":{"@id":"https:\/\/hudo.com\/si\/aktualno\/zaradi-nezakonitosti-v-primeru-koroskih-deckov-odstopil-direktor-csd-slovenj-gradec\/#breadcrumb"},"inLanguage":"sl-SI","potentialAction":[{"@type":"ReadAction","target":["https:\/\/hudo.com\/si\/aktualno\/zaradi-nezakonitosti-v-primeru-koroskih-deckov-odstopil-direktor-csd-slovenj-gradec\/"]}]},{"@type":"BreadcrumbList","@id":"https:\/\/hudo.com\/si\/aktualno\/zaradi-nezakonitosti-v-primeru-koroskih-deckov-odstopil-direktor-csd-slovenj-gradec\/#breadcrumb","itemListElement":[{"@type":"ListItem","position":1,"name":"Home","item":"https:\/\/hudo.com\/si\/"},{"@type":"ListItem","position":2,"name":"Zaradi nezakonitosti v primeru &#8220;koro\u0161kih de\u010dkov&#8221; odstopil direktor CSD Slovenj Gradec"}]},{"@type":"WebSite","@id":"https:\/\/hudo.com\/si\/#website","url":"https:\/\/hudo.com\/si\/","name":"Hudo Slovenija","description":"Vse novice iz Slovenije in sveta","publisher":{"@id":"https:\/\/hudo.com\/si\/#organization"},"potentialAction":[{"@type":"SearchAction","target":{"@type":"EntryPoint","urlTemplate":"https:\/\/hudo.com\/si\/?s={search_term_string}"},"query-input":"required name=search_term_string"}],"inLanguage":"sl-SI"},{"@type":"Organization","@id":"https:\/\/hudo.com\/si\/#organization","name":"VSN Media","url":"https:\/\/hudo.com\/si\/","logo":{"@type":"ImageObject","inLanguage":"sl-SI","@id":"https:\/\/hudo.com\/si\/#\/schema\/logo\/image\/","url":"https:\/\/hudo.com\/si\/wp-content\/uploads\/sites\/2\/2021\/03\/hudo-app-2.png","contentUrl":"https:\/\/hudo.com\/si\/wp-content\/uploads\/sites\/2\/2021\/03\/hudo-app-2.png","width":2185,"height":2167,"caption":"VSN Media"},"image":{"@id":"https:\/\/hudo.com\/si\/#\/schema\/logo\/image\/"},"sameAs":["https:\/\/www.facebook.com\/hudo.si","https:\/\/twitter.com\/hudo_si"]},{"@type":"Person","@id":"https:\/\/hudo.com\/si\/#\/schema\/person\/601cf3379633985b20f7e50f2bb47707","name":"hudo","image":{"@type":"ImageObject","inLanguage":"sl-SI","@id":"https:\/\/hudo.com\/si\/#\/schema\/person\/image\/","url":"https:\/\/secure.gravatar.com\/avatar\/c4ca25fa72cace7a696b52ff5db9e095?s=96&d=mm&r=g","contentUrl":"https:\/\/secure.gravatar.com\/avatar\/c4ca25fa72cace7a696b52ff5db9e095?s=96&d=mm&r=g","caption":"hudo"},"url":"https:\/\/hudo.com\/si\/author\/hudo\/"}]}},"amp_enabled":true,"_links":{"self":[{"href":"https:\/\/hudo.com\/si\/wp-json\/wp\/v2\/posts\/61359"}],"collection":[{"href":"https:\/\/hudo.com\/si\/wp-json\/wp\/v2\/posts"}],"about":[{"href":"https:\/\/hudo.com\/si\/wp-json\/wp\/v2\/types\/post"}],"author":[{"embeddable":true,"href":"https:\/\/hudo.com\/si\/wp-json\/wp\/v2\/users\/1"}],"replies":[{"embeddable":true,"href":"https:\/\/hudo.com\/si\/wp-json\/wp\/v2\/comments?post=61359"}],"version-history":[{"count":1,"href":"https:\/\/hudo.com\/si\/wp-json\/wp\/v2\/posts\/61359\/revisions"}],"predecessor-version":[{"id":61418,"href":"https:\/\/hudo.com\/si\/wp-json\/wp\/v2\/posts\/61359\/revisions\/61418"}],"wp:attachment":[{"href":"https:\/\/hudo.com\/si\/wp-json\/wp\/v2\/media?parent=61359"}],"wp:term":[{"taxonomy":"category","embeddable":true,"href":"https:\/\/hudo.com\/si\/wp-json\/wp\/v2\/categories?post=61359"},{"taxonomy":"post_tag","embeddable":true,"href":"https:\/\/hudo.com\/si\/wp-json\/wp\/v2\/tags?post=61359"},{"taxonomy":"source","embeddable":true,"href":"https:\/\/hudo.com\/si\/wp-json\/wp\/v2\/source?post=61359"},{"taxonomy":"supertag","embeddable":true,"href":"https:\/\/hudo.com\/si\/wp-json\/wp\/v2\/supertag?post=61359"}],"curies":[{"name":"wp","href":"https:\/\/api.w.org\/{rel}","templated":true}]}}