{"id":61365,"date":"2016-05-25T17:00:00","date_gmt":"2016-05-25T15:00:00","guid":{"rendered":"http:\/\/hudo.com\/si\/2016\/05\/25\/zdravstvenemu-domu-celje-jemljeta-vlada-in-obcina\/"},"modified":"2016-05-25T21:17:33","modified_gmt":"2016-05-25T19:17:33","slug":"zdravstvenemu-domu-celje-jemljeta-vlada-in-obcina","status":"publish","type":"post","link":"https:\/\/hudo.com\/si\/aktualno\/zdravstvenemu-domu-celje-jemljeta-vlada-in-obcina\/","title":{"rendered":"Zdravstvenemu domu Celje jemljeta vlada in ob\u010dina"},"content":{"rendered":"<p>Kategorija: Slovenija Wed, 25 May 2016 19:00:00 +0200  Celje &#8211; V \u010dasu, ko je direktorica Zdravstvenega doma Celje (ZDC) Alenka Obrul v torek popoldan mestnim svetnikom razlagala, da je imel ZDC lani 17,6 milijona evrov prihodkov in je leto kon\u010dal s 540 tiso\u010d evri prese\u017eka, so zdravniki ZDC izrazili zaskrbljenost, ker je vlada zdravstvenemu domu odvzela denar za de\u017eurno slu\u017ebo ter pol financiranja mobilnih ekip za reanimacijo. Vlada se je namre\u010d odlo\u010dila ta sredstva nameniti Urgentnemu centru Celje, ki deluje v okviru Splo\u0161ne bolni\u0161nic Celje. V praksi to pomeni, da bo de\u017eurna slu\u017eba ZDC ostala brez enega \u00bbreanimobila\u00ab z zdravnikom in dvema re\u0161evalcema, s tem pa bo imeli ZC le \u0161e eno urgentno ekipo. Zdravnica Anita Jagri\u010d Fri\u0161kovec, vodja nujne medicinske pomo\u010di v ZDC, je zato izrazila zelo resno skrb za zdravje prebivalcev na obmo\u010dju Celjske regije: \u00bbSamo ena ekipa\u00a0&#8230;<\/p>\n","protected":false},"excerpt":{"rendered":"<p>Kategorija: Slovenija Wed, 25 May 2016 19:00:00 +0200  Celje &#8211; V \u010dasu, ko je direktorica Zdravstvenega doma Celje (ZDC) Alenka Obrul v torek popoldan mestnim svetnikom razlagala, da je imel ZDC lani 17,6 milijona evrov prihodkov in je leto kon\u010dal s 540 tiso\u010d evri prese\u017eka, so zdravniki ZDC izrazili zaskrbljenost, ker je vlada zdravstvenemu domu odvzela denar za de\u017eurno slu\u017ebo ter pol financiranja mobilnih ekip za reanimacijo. Vlada se je namre\u010d odlo\u010dila ta sredstva nameniti Urgentnemu centru Celje, ki deluje v okviru Splo\u0161ne bolni\u0161nic Celje. V praksi to pomeni, da bo de\u017eurna slu\u017eba ZDC ostala brez enega \u00bbreanimobila\u00ab z zdravnikom in dvema re\u0161evalcema, s tem pa bo imeli ZC le \u0161e eno urgentno ekipo. Zdravnica Anita Jagri\u010d Fri\u0161kovec, vodja nujne medicinske pomo\u010di v ZDC, je zato izrazila zelo resno skrb za zdravje prebivalcev na obmo\u010dju Celjske regije: \u00bbSamo ena ekipa\u00a0&#8230;<\/p>\n","protected":false},"author":1,"featured_media":0,"comment_status":"closed","ping_status":"closed","sticky":false,"template":"","format":"standard","meta":{"footnotes":""},"categories":[1179],"tags":[],"source":[4511],"supertag":[],"acf":[],"yoast_head":"<!-- This site is optimized with the Yoast SEO plugin v21.3 - https:\/\/yoast.com\/wordpress\/plugins\/seo\/ -->\n<title>Zdravstvenemu domu Celje jemljeta vlada in ob\u010dina - Hudo Slovenija<\/title>\n<meta name=\"robots\" content=\"index, follow, max-snippet:-1, max-image-preview:large, max-video-preview:-1\" \/>\n<link rel=\"canonical\" href=\"https:\/\/hudo.com\/si\/aktualno\/zdravstvenemu-domu-celje-jemljeta-vlada-in-obcina\/\" \/>\n<meta property=\"og:locale\" content=\"sl_SI\" \/>\n<meta property=\"og:type\" content=\"article\" \/>\n<meta property=\"og:title\" content=\"Zdravstvenemu domu Celje jemljeta vlada in ob\u010dina - Hudo Slovenija\" \/>\n<meta property=\"og:description\" content=\"Kategorija: Slovenija Wed, 25 May 2016 19:00:00 +0200 Celje - V \u010dasu, ko je direktorica Zdravstvenega doma Celje (ZDC) Alenka Obrul v torek popoldan mestnim svetnikom razlagala, da je imel ZDC lani 17,6 milijona evrov prihodkov in je leto kon\u010dal s 540 tiso\u010d evri prese\u017eka, so zdravniki ZDC izrazili zaskrbljenost, ker je vlada zdravstvenemu domu odvzela denar za de\u017eurno slu\u017ebo ter pol financiranja mobilnih ekip za reanimacijo. Vlada se je namre\u010d odlo\u010dila ta sredstva nameniti Urgentnemu centru Celje, ki deluje v okviru Splo\u0161ne bolni\u0161nic Celje. V praksi to pomeni, da bo de\u017eurna slu\u017eba ZDC ostala brez enega \u00bbreanimobila\u00ab z zdravnikom in dvema re\u0161evalcema, s tem pa bo imeli ZC le \u0161e eno urgentno ekipo. Zdravnica Anita Jagri\u010d Fri\u0161kovec, vodja nujne medicinske pomo\u010di v ZDC, je zato izrazila zelo resno skrb za zdravje prebivalcev na obmo\u010dju Celjske regije: \u00bbSamo ena ekipa\u00a0...\" \/>\n<meta property=\"og:url\" content=\"https:\/\/hudo.com\/si\/aktualno\/zdravstvenemu-domu-celje-jemljeta-vlada-in-obcina\/\" \/>\n<meta property=\"og:site_name\" content=\"Hudo Slovenija\" \/>\n<meta property=\"article:publisher\" content=\"https:\/\/www.facebook.com\/hudo.si\" \/>\n<meta property=\"article:published_time\" content=\"2016-05-25T15:00:00+00:00\" \/>\n<meta property=\"article:modified_time\" content=\"2016-05-25T19:17:33+00:00\" \/>\n<meta property=\"og:image\" content=\"https:\/\/hudo.com\/si\/wp-content\/uploads\/sites\/2\/2016\/05\/480x290_Delo_Foto-20160525182252-86629500.jpeg\" \/>\n\t<meta property=\"og:image:width\" content=\"480\" \/>\n\t<meta property=\"og:image:height\" content=\"290\" \/>\n\t<meta property=\"og:image:type\" content=\"image\/jpeg\" \/>\n<meta name=\"author\" content=\"hudo\" \/>\n<meta name=\"twitter:card\" content=\"summary_large_image\" \/>\n<meta name=\"twitter:creator\" content=\"@hudo_si\" \/>\n<meta name=\"twitter:site\" content=\"@hudo_si\" \/>\n<meta name=\"twitter:label1\" content=\"Written by\" \/>\n\t<meta name=\"twitter:data1\" content=\"hudo\" \/>\n\t<meta name=\"twitter:label2\" content=\"Est. reading time\" \/>\n\t<meta name=\"twitter:data2\" content=\"1 minuta\" \/>\n<script type=\"application\/ld+json\" class=\"yoast-schema-graph\">{\"@context\":\"https:\/\/schema.org\",\"@graph\":[{\"@type\":\"Article\",\"@id\":\"https:\/\/hudo.com\/si\/aktualno\/zdravstvenemu-domu-celje-jemljeta-vlada-in-obcina\/#article\",\"isPartOf\":{\"@id\":\"https:\/\/hudo.com\/si\/aktualno\/zdravstvenemu-domu-celje-jemljeta-vlada-in-obcina\/\"},\"author\":{\"name\":\"hudo\",\"@id\":\"https:\/\/hudo.com\/si\/#\/schema\/person\/601cf3379633985b20f7e50f2bb47707\"},\"headline\":\"Zdravstvenemu domu Celje jemljeta vlada in ob\u010dina\",\"datePublished\":\"2016-05-25T15:00:00+00:00\",\"dateModified\":\"2016-05-25T19:17:33+00:00\",\"mainEntityOfPage\":{\"@id\":\"https:\/\/hudo.com\/si\/aktualno\/zdravstvenemu-domu-celje-jemljeta-vlada-in-obcina\/\"},\"wordCount\":155,\"publisher\":{\"@id\":\"https:\/\/hudo.com\/si\/#organization\"},\"articleSection\":[\"Aktualno\"],\"inLanguage\":\"sl-SI\"},{\"@type\":\"WebPage\",\"@id\":\"https:\/\/hudo.com\/si\/aktualno\/zdravstvenemu-domu-celje-jemljeta-vlada-in-obcina\/\",\"url\":\"https:\/\/hudo.com\/si\/aktualno\/zdravstvenemu-domu-celje-jemljeta-vlada-in-obcina\/\",\"name\":\"Zdravstvenemu domu Celje jemljeta vlada in ob\u010dina - Hudo Slovenija\",\"isPartOf\":{\"@id\":\"https:\/\/hudo.com\/si\/#website\"},\"datePublished\":\"2016-05-25T15:00:00+00:00\",\"dateModified\":\"2016-05-25T19:17:33+00:00\",\"breadcrumb\":{\"@id\":\"https:\/\/hudo.com\/si\/aktualno\/zdravstvenemu-domu-celje-jemljeta-vlada-in-obcina\/#breadcrumb\"},\"inLanguage\":\"sl-SI\",\"potentialAction\":[{\"@type\":\"ReadAction\",\"target\":[\"https:\/\/hudo.com\/si\/aktualno\/zdravstvenemu-domu-celje-jemljeta-vlada-in-obcina\/\"]}]},{\"@type\":\"BreadcrumbList\",\"@id\":\"https:\/\/hudo.com\/si\/aktualno\/zdravstvenemu-domu-celje-jemljeta-vlada-in-obcina\/#breadcrumb\",\"itemListElement\":[{\"@type\":\"ListItem\",\"position\":1,\"name\":\"Home\",\"item\":\"https:\/\/hudo.com\/si\/\"},{\"@type\":\"ListItem\",\"position\":2,\"name\":\"Zdravstvenemu domu Celje jemljeta vlada in ob\u010dina\"}]},{\"@type\":\"WebSite\",\"@id\":\"https:\/\/hudo.com\/si\/#website\",\"url\":\"https:\/\/hudo.com\/si\/\",\"name\":\"Hudo Slovenija\",\"description\":\"Vse novice iz Slovenije in sveta\",\"publisher\":{\"@id\":\"https:\/\/hudo.com\/si\/#organization\"},\"potentialAction\":[{\"@type\":\"SearchAction\",\"target\":{\"@type\":\"EntryPoint\",\"urlTemplate\":\"https:\/\/hudo.com\/si\/?s={search_term_string}\"},\"query-input\":\"required name=search_term_string\"}],\"inLanguage\":\"sl-SI\"},{\"@type\":\"Organization\",\"@id\":\"https:\/\/hudo.com\/si\/#organization\",\"name\":\"VSN Media\",\"url\":\"https:\/\/hudo.com\/si\/\",\"logo\":{\"@type\":\"ImageObject\",\"inLanguage\":\"sl-SI\",\"@id\":\"https:\/\/hudo.com\/si\/#\/schema\/logo\/image\/\",\"url\":\"https:\/\/hudo.com\/si\/wp-content\/uploads\/sites\/2\/2021\/03\/hudo-app-2.png\",\"contentUrl\":\"https:\/\/hudo.com\/si\/wp-content\/uploads\/sites\/2\/2021\/03\/hudo-app-2.png\",\"width\":2185,\"height\":2167,\"caption\":\"VSN Media\"},\"image\":{\"@id\":\"https:\/\/hudo.com\/si\/#\/schema\/logo\/image\/\"},\"sameAs\":[\"https:\/\/www.facebook.com\/hudo.si\",\"https:\/\/twitter.com\/hudo_si\"]},{\"@type\":\"Person\",\"@id\":\"https:\/\/hudo.com\/si\/#\/schema\/person\/601cf3379633985b20f7e50f2bb47707\",\"name\":\"hudo\",\"image\":{\"@type\":\"ImageObject\",\"inLanguage\":\"sl-SI\",\"@id\":\"https:\/\/hudo.com\/si\/#\/schema\/person\/image\/\",\"url\":\"https:\/\/secure.gravatar.com\/avatar\/c4ca25fa72cace7a696b52ff5db9e095?s=96&d=mm&r=g\",\"contentUrl\":\"https:\/\/secure.gravatar.com\/avatar\/c4ca25fa72cace7a696b52ff5db9e095?s=96&d=mm&r=g\",\"caption\":\"hudo\"},\"url\":\"https:\/\/hudo.com\/si\/author\/hudo\/\"}]}<\/script>\n<!-- \/ Yoast SEO plugin. -->","yoast_head_json":{"title":"Zdravstvenemu domu Celje jemljeta vlada in ob\u010dina - Hudo Slovenija","robots":{"index":"index","follow":"follow","max-snippet":"max-snippet:-1","max-image-preview":"max-image-preview:large","max-video-preview":"max-video-preview:-1"},"canonical":"https:\/\/hudo.com\/si\/aktualno\/zdravstvenemu-domu-celje-jemljeta-vlada-in-obcina\/","og_locale":"sl_SI","og_type":"article","og_title":"Zdravstvenemu domu Celje jemljeta vlada in ob\u010dina - Hudo Slovenija","og_description":"Kategorija: Slovenija Wed, 25 May 2016 19:00:00 +0200 Celje - V \u010dasu, ko je direktorica Zdravstvenega doma Celje (ZDC) Alenka Obrul v torek popoldan mestnim svetnikom razlagala, da je imel ZDC lani 17,6 milijona evrov prihodkov in je leto kon\u010dal s 540 tiso\u010d evri prese\u017eka, so zdravniki ZDC izrazili zaskrbljenost, ker je vlada zdravstvenemu domu odvzela denar za de\u017eurno slu\u017ebo ter pol financiranja mobilnih ekip za reanimacijo. Vlada se je namre\u010d odlo\u010dila ta sredstva nameniti Urgentnemu centru Celje, ki deluje v okviru Splo\u0161ne bolni\u0161nic Celje. V praksi to pomeni, da bo de\u017eurna slu\u017eba ZDC ostala brez enega \u00bbreanimobila\u00ab z zdravnikom in dvema re\u0161evalcema, s tem pa bo imeli ZC le \u0161e eno urgentno ekipo. Zdravnica Anita Jagri\u010d Fri\u0161kovec, vodja nujne medicinske pomo\u010di v ZDC, je zato izrazila zelo resno skrb za zdravje prebivalcev na obmo\u010dju Celjske regije: \u00bbSamo ena ekipa\u00a0...","og_url":"https:\/\/hudo.com\/si\/aktualno\/zdravstvenemu-domu-celje-jemljeta-vlada-in-obcina\/","og_site_name":"Hudo Slovenija","article_publisher":"https:\/\/www.facebook.com\/hudo.si","article_published_time":"2016-05-25T15:00:00+00:00","article_modified_time":"2016-05-25T19:17:33+00:00","og_image":[{"width":480,"height":290,"url":"https:\/\/hudo.com\/si\/wp-content\/uploads\/sites\/2\/2016\/05\/480x290_Delo_Foto-20160525182252-86629500.jpeg","type":"image\/jpeg"}],"author":"hudo","twitter_card":"summary_large_image","twitter_creator":"@hudo_si","twitter_site":"@hudo_si","twitter_misc":{"Written by":"hudo","Est. reading time":"1 minuta"},"schema":{"@context":"https:\/\/schema.org","@graph":[{"@type":"Article","@id":"https:\/\/hudo.com\/si\/aktualno\/zdravstvenemu-domu-celje-jemljeta-vlada-in-obcina\/#article","isPartOf":{"@id":"https:\/\/hudo.com\/si\/aktualno\/zdravstvenemu-domu-celje-jemljeta-vlada-in-obcina\/"},"author":{"name":"hudo","@id":"https:\/\/hudo.com\/si\/#\/schema\/person\/601cf3379633985b20f7e50f2bb47707"},"headline":"Zdravstvenemu domu Celje jemljeta vlada in ob\u010dina","datePublished":"2016-05-25T15:00:00+00:00","dateModified":"2016-05-25T19:17:33+00:00","mainEntityOfPage":{"@id":"https:\/\/hudo.com\/si\/aktualno\/zdravstvenemu-domu-celje-jemljeta-vlada-in-obcina\/"},"wordCount":155,"publisher":{"@id":"https:\/\/hudo.com\/si\/#organization"},"articleSection":["Aktualno"],"inLanguage":"sl-SI"},{"@type":"WebPage","@id":"https:\/\/hudo.com\/si\/aktualno\/zdravstvenemu-domu-celje-jemljeta-vlada-in-obcina\/","url":"https:\/\/hudo.com\/si\/aktualno\/zdravstvenemu-domu-celje-jemljeta-vlada-in-obcina\/","name":"Zdravstvenemu domu Celje jemljeta vlada in ob\u010dina - Hudo Slovenija","isPartOf":{"@id":"https:\/\/hudo.com\/si\/#website"},"datePublished":"2016-05-25T15:00:00+00:00","dateModified":"2016-05-25T19:17:33+00:00","breadcrumb":{"@id":"https:\/\/hudo.com\/si\/aktualno\/zdravstvenemu-domu-celje-jemljeta-vlada-in-obcina\/#breadcrumb"},"inLanguage":"sl-SI","potentialAction":[{"@type":"ReadAction","target":["https:\/\/hudo.com\/si\/aktualno\/zdravstvenemu-domu-celje-jemljeta-vlada-in-obcina\/"]}]},{"@type":"BreadcrumbList","@id":"https:\/\/hudo.com\/si\/aktualno\/zdravstvenemu-domu-celje-jemljeta-vlada-in-obcina\/#breadcrumb","itemListElement":[{"@type":"ListItem","position":1,"name":"Home","item":"https:\/\/hudo.com\/si\/"},{"@type":"ListItem","position":2,"name":"Zdravstvenemu domu Celje jemljeta vlada in ob\u010dina"}]},{"@type":"WebSite","@id":"https:\/\/hudo.com\/si\/#website","url":"https:\/\/hudo.com\/si\/","name":"Hudo Slovenija","description":"Vse novice iz Slovenije in sveta","publisher":{"@id":"https:\/\/hudo.com\/si\/#organization"},"potentialAction":[{"@type":"SearchAction","target":{"@type":"EntryPoint","urlTemplate":"https:\/\/hudo.com\/si\/?s={search_term_string}"},"query-input":"required name=search_term_string"}],"inLanguage":"sl-SI"},{"@type":"Organization","@id":"https:\/\/hudo.com\/si\/#organization","name":"VSN Media","url":"https:\/\/hudo.com\/si\/","logo":{"@type":"ImageObject","inLanguage":"sl-SI","@id":"https:\/\/hudo.com\/si\/#\/schema\/logo\/image\/","url":"https:\/\/hudo.com\/si\/wp-content\/uploads\/sites\/2\/2021\/03\/hudo-app-2.png","contentUrl":"https:\/\/hudo.com\/si\/wp-content\/uploads\/sites\/2\/2021\/03\/hudo-app-2.png","width":2185,"height":2167,"caption":"VSN Media"},"image":{"@id":"https:\/\/hudo.com\/si\/#\/schema\/logo\/image\/"},"sameAs":["https:\/\/www.facebook.com\/hudo.si","https:\/\/twitter.com\/hudo_si"]},{"@type":"Person","@id":"https:\/\/hudo.com\/si\/#\/schema\/person\/601cf3379633985b20f7e50f2bb47707","name":"hudo","image":{"@type":"ImageObject","inLanguage":"sl-SI","@id":"https:\/\/hudo.com\/si\/#\/schema\/person\/image\/","url":"https:\/\/secure.gravatar.com\/avatar\/c4ca25fa72cace7a696b52ff5db9e095?s=96&d=mm&r=g","contentUrl":"https:\/\/secure.gravatar.com\/avatar\/c4ca25fa72cace7a696b52ff5db9e095?s=96&d=mm&r=g","caption":"hudo"},"url":"https:\/\/hudo.com\/si\/author\/hudo\/"}]}},"amp_enabled":true,"_links":{"self":[{"href":"https:\/\/hudo.com\/si\/wp-json\/wp\/v2\/posts\/61365"}],"collection":[{"href":"https:\/\/hudo.com\/si\/wp-json\/wp\/v2\/posts"}],"about":[{"href":"https:\/\/hudo.com\/si\/wp-json\/wp\/v2\/types\/post"}],"author":[{"embeddable":true,"href":"https:\/\/hudo.com\/si\/wp-json\/wp\/v2\/users\/1"}],"replies":[{"embeddable":true,"href":"https:\/\/hudo.com\/si\/wp-json\/wp\/v2\/comments?post=61365"}],"version-history":[{"count":1,"href":"https:\/\/hudo.com\/si\/wp-json\/wp\/v2\/posts\/61365\/revisions"}],"predecessor-version":[{"id":61423,"href":"https:\/\/hudo.com\/si\/wp-json\/wp\/v2\/posts\/61365\/revisions\/61423"}],"wp:attachment":[{"href":"https:\/\/hudo.com\/si\/wp-json\/wp\/v2\/media?parent=61365"}],"wp:term":[{"taxonomy":"category","embeddable":true,"href":"https:\/\/hudo.com\/si\/wp-json\/wp\/v2\/categories?post=61365"},{"taxonomy":"post_tag","embeddable":true,"href":"https:\/\/hudo.com\/si\/wp-json\/wp\/v2\/tags?post=61365"},{"taxonomy":"source","embeddable":true,"href":"https:\/\/hudo.com\/si\/wp-json\/wp\/v2\/source?post=61365"},{"taxonomy":"supertag","embeddable":true,"href":"https:\/\/hudo.com\/si\/wp-json\/wp\/v2\/supertag?post=61365"}],"curies":[{"name":"wp","href":"https:\/\/api.w.org\/{rel}","templated":true}]}}