{"id":61367,"date":"2016-05-25T17:00:00","date_gmt":"2016-05-25T15:00:00","guid":{"rendered":"http:\/\/hudo.com\/si\/2016\/05\/25\/demenca-v-pripravi-je-celovita-pomoc-mnogim-ki-izgubijo-spomin-in-sebe\/"},"modified":"2016-05-25T21:17:34","modified_gmt":"2016-05-25T19:17:34","slug":"demenca-v-pripravi-je-celovita-pomoc-mnogim-ki-izgubijo-spomin-in-sebe","status":"publish","type":"post","link":"https:\/\/hudo.com\/si\/aktualno\/demenca-v-pripravi-je-celovita-pomoc-mnogim-ki-izgubijo-spomin-in-sebe\/","title":{"rendered":"Demenca: v pripravi je celovita pomo\u010d mnogim, ki izgubijo spomin in sebe"},"content":{"rendered":"<p>Kategorija: Slovenija Wed, 25 May 2016 19:00:00 +0200  Simboli\u010dno, ob nekdanjem dnevu mladosti, so na ministrstvu za zdravje predstavili strate\u0161ki na\u010drt za uvedbo celovitih ukrepov na podro\u010dju demence, ki naj bi v celoti za\u017eiveli do leta 2020. Po sprejetju dokumenta, o katerem so se na vladni ravni \u017ee uskladili, bo treba pripraviti \u0161e akcijski na\u010drt. Da cilji ne bodo ostali le del sicer skrbno dodelanega zapisa na papirju, bo treba v prvem akcijskem na\u010drtu, ki bo zajel obdobje dveh do treh let, na\u010drtovane ukrepe finan\u010dno ovrednotiti in poiskati poti za njihovo izvedbo. \u00bb\u010caka nas odgovorno delo,\u00ab meni ministrica za zdravje Milojka Kolar Celarc, ki predvideva, da bo osnutek dokumenta pripravljen do konca leta.V interdisciplinarno sestavljeni delovni skupini, ki jo je vodila predstavnica ministrstva za zdravje mag. Du\u0161anka Petri\u010d, sicer vodja slu\u017ebe za razvoj in organizacijo dejavnosti nujne medicinske\u00a0&#8230;<\/p>\n","protected":false},"excerpt":{"rendered":"<p>Kategorija: Slovenija Wed, 25 May 2016 19:00:00 +0200  Simboli\u010dno, ob nekdanjem dnevu mladosti, so na ministrstvu za zdravje predstavili strate\u0161ki na\u010drt za uvedbo celovitih ukrepov na podro\u010dju demence, ki naj bi v celoti za\u017eiveli do leta 2020. Po sprejetju dokumenta, o katerem so se na vladni ravni \u017ee uskladili, bo treba pripraviti \u0161e akcijski na\u010drt. Da cilji ne bodo ostali le del sicer skrbno dodelanega zapisa na papirju, bo treba v prvem akcijskem na\u010drtu, ki bo zajel obdobje dveh do treh let, na\u010drtovane ukrepe finan\u010dno ovrednotiti in poiskati poti za njihovo izvedbo. \u00bb\u010caka nas odgovorno delo,\u00ab meni ministrica za zdravje Milojka Kolar Celarc, ki predvideva, da bo osnutek dokumenta pripravljen do konca leta.V interdisciplinarno sestavljeni delovni skupini, ki jo je vodila predstavnica ministrstva za zdravje mag. Du\u0161anka Petri\u010d, sicer vodja slu\u017ebe za razvoj in organizacijo dejavnosti nujne medicinske\u00a0&#8230;<\/p>\n","protected":false},"author":1,"featured_media":0,"comment_status":"closed","ping_status":"closed","sticky":false,"template":"","format":"standard","meta":{"footnotes":""},"categories":[1179],"tags":[],"source":[4511],"supertag":[],"acf":[],"yoast_head":"<!-- This site is optimized with the Yoast SEO plugin v21.3 - https:\/\/yoast.com\/wordpress\/plugins\/seo\/ -->\n<title>Demenca: v pripravi je celovita pomo\u010d mnogim, ki izgubijo spomin in sebe - Hudo Slovenija<\/title>\n<meta name=\"robots\" content=\"index, follow, max-snippet:-1, max-image-preview:large, max-video-preview:-1\" \/>\n<link rel=\"canonical\" href=\"https:\/\/hudo.com\/si\/aktualno\/demenca-v-pripravi-je-celovita-pomoc-mnogim-ki-izgubijo-spomin-in-sebe\/\" \/>\n<meta property=\"og:locale\" content=\"sl_SI\" \/>\n<meta property=\"og:type\" content=\"article\" \/>\n<meta property=\"og:title\" content=\"Demenca: v pripravi je celovita pomo\u010d mnogim, ki izgubijo spomin in sebe - Hudo Slovenija\" \/>\n<meta property=\"og:description\" content=\"Kategorija: Slovenija Wed, 25 May 2016 19:00:00 +0200 Simboli\u010dno, ob nekdanjem dnevu mladosti, so na ministrstvu za zdravje predstavili strate\u0161ki na\u010drt za uvedbo celovitih ukrepov na podro\u010dju demence, ki naj bi v celoti za\u017eiveli do leta 2020. Po sprejetju dokumenta, o katerem so se na vladni ravni \u017ee uskladili, bo treba pripraviti \u0161e akcijski na\u010drt. Da cilji ne bodo ostali le del sicer skrbno dodelanega zapisa na papirju, bo treba v prvem akcijskem na\u010drtu, ki bo zajel obdobje dveh do treh let, na\u010drtovane ukrepe finan\u010dno ovrednotiti in poiskati poti za njihovo izvedbo. \u00bb\u010caka nas odgovorno delo,\u00ab meni ministrica za zdravje Milojka Kolar Celarc, ki predvideva, da bo osnutek dokumenta pripravljen do konca leta.V interdisciplinarno sestavljeni delovni skupini, ki jo je vodila predstavnica ministrstva za zdravje mag. Du\u0161anka Petri\u010d, sicer vodja slu\u017ebe za razvoj in organizacijo dejavnosti nujne medicinske\u00a0...\" \/>\n<meta property=\"og:url\" content=\"https:\/\/hudo.com\/si\/aktualno\/demenca-v-pripravi-je-celovita-pomoc-mnogim-ki-izgubijo-spomin-in-sebe\/\" \/>\n<meta property=\"og:site_name\" content=\"Hudo Slovenija\" \/>\n<meta property=\"article:publisher\" content=\"https:\/\/www.facebook.com\/hudo.si\" \/>\n<meta property=\"article:published_time\" content=\"2016-05-25T15:00:00+00:00\" \/>\n<meta property=\"article:modified_time\" content=\"2016-05-25T19:17:34+00:00\" \/>\n<meta property=\"og:image\" content=\"https:\/\/hudo.com\/si\/wp-content\/uploads\/sites\/2\/2016\/05\/480x290_Zdravje__djvu_2181622_diana_hires0.jpeg\" \/>\n\t<meta property=\"og:image:width\" content=\"480\" \/>\n\t<meta property=\"og:image:height\" content=\"290\" \/>\n\t<meta property=\"og:image:type\" content=\"image\/jpeg\" \/>\n<meta name=\"author\" content=\"hudo\" \/>\n<meta name=\"twitter:card\" content=\"summary_large_image\" \/>\n<meta name=\"twitter:creator\" content=\"@hudo_si\" \/>\n<meta name=\"twitter:site\" content=\"@hudo_si\" \/>\n<meta name=\"twitter:label1\" content=\"Written by\" \/>\n\t<meta name=\"twitter:data1\" content=\"hudo\" \/>\n\t<meta name=\"twitter:label2\" content=\"Est. reading time\" \/>\n\t<meta name=\"twitter:data2\" content=\"1 minuta\" \/>\n<script type=\"application\/ld+json\" class=\"yoast-schema-graph\">{\"@context\":\"https:\/\/schema.org\",\"@graph\":[{\"@type\":\"Article\",\"@id\":\"https:\/\/hudo.com\/si\/aktualno\/demenca-v-pripravi-je-celovita-pomoc-mnogim-ki-izgubijo-spomin-in-sebe\/#article\",\"isPartOf\":{\"@id\":\"https:\/\/hudo.com\/si\/aktualno\/demenca-v-pripravi-je-celovita-pomoc-mnogim-ki-izgubijo-spomin-in-sebe\/\"},\"author\":{\"name\":\"hudo\",\"@id\":\"https:\/\/hudo.com\/si\/#\/schema\/person\/601cf3379633985b20f7e50f2bb47707\"},\"headline\":\"Demenca: v pripravi je celovita pomo\u010d mnogim, ki izgubijo spomin in sebe\",\"datePublished\":\"2016-05-25T15:00:00+00:00\",\"dateModified\":\"2016-05-25T19:17:34+00:00\",\"mainEntityOfPage\":{\"@id\":\"https:\/\/hudo.com\/si\/aktualno\/demenca-v-pripravi-je-celovita-pomoc-mnogim-ki-izgubijo-spomin-in-sebe\/\"},\"wordCount\":157,\"publisher\":{\"@id\":\"https:\/\/hudo.com\/si\/#organization\"},\"articleSection\":[\"Aktualno\"],\"inLanguage\":\"sl-SI\"},{\"@type\":\"WebPage\",\"@id\":\"https:\/\/hudo.com\/si\/aktualno\/demenca-v-pripravi-je-celovita-pomoc-mnogim-ki-izgubijo-spomin-in-sebe\/\",\"url\":\"https:\/\/hudo.com\/si\/aktualno\/demenca-v-pripravi-je-celovita-pomoc-mnogim-ki-izgubijo-spomin-in-sebe\/\",\"name\":\"Demenca: v pripravi je celovita pomo\u010d mnogim, ki izgubijo spomin in sebe - Hudo Slovenija\",\"isPartOf\":{\"@id\":\"https:\/\/hudo.com\/si\/#website\"},\"datePublished\":\"2016-05-25T15:00:00+00:00\",\"dateModified\":\"2016-05-25T19:17:34+00:00\",\"breadcrumb\":{\"@id\":\"https:\/\/hudo.com\/si\/aktualno\/demenca-v-pripravi-je-celovita-pomoc-mnogim-ki-izgubijo-spomin-in-sebe\/#breadcrumb\"},\"inLanguage\":\"sl-SI\",\"potentialAction\":[{\"@type\":\"ReadAction\",\"target\":[\"https:\/\/hudo.com\/si\/aktualno\/demenca-v-pripravi-je-celovita-pomoc-mnogim-ki-izgubijo-spomin-in-sebe\/\"]}]},{\"@type\":\"BreadcrumbList\",\"@id\":\"https:\/\/hudo.com\/si\/aktualno\/demenca-v-pripravi-je-celovita-pomoc-mnogim-ki-izgubijo-spomin-in-sebe\/#breadcrumb\",\"itemListElement\":[{\"@type\":\"ListItem\",\"position\":1,\"name\":\"Home\",\"item\":\"https:\/\/hudo.com\/si\/\"},{\"@type\":\"ListItem\",\"position\":2,\"name\":\"Demenca: v pripravi je celovita pomo\u010d mnogim, ki izgubijo spomin in sebe\"}]},{\"@type\":\"WebSite\",\"@id\":\"https:\/\/hudo.com\/si\/#website\",\"url\":\"https:\/\/hudo.com\/si\/\",\"name\":\"Hudo Slovenija\",\"description\":\"Vse novice iz Slovenije in sveta\",\"publisher\":{\"@id\":\"https:\/\/hudo.com\/si\/#organization\"},\"potentialAction\":[{\"@type\":\"SearchAction\",\"target\":{\"@type\":\"EntryPoint\",\"urlTemplate\":\"https:\/\/hudo.com\/si\/?s={search_term_string}\"},\"query-input\":\"required name=search_term_string\"}],\"inLanguage\":\"sl-SI\"},{\"@type\":\"Organization\",\"@id\":\"https:\/\/hudo.com\/si\/#organization\",\"name\":\"VSN Media\",\"url\":\"https:\/\/hudo.com\/si\/\",\"logo\":{\"@type\":\"ImageObject\",\"inLanguage\":\"sl-SI\",\"@id\":\"https:\/\/hudo.com\/si\/#\/schema\/logo\/image\/\",\"url\":\"https:\/\/hudo.com\/si\/wp-content\/uploads\/sites\/2\/2021\/03\/hudo-app-2.png\",\"contentUrl\":\"https:\/\/hudo.com\/si\/wp-content\/uploads\/sites\/2\/2021\/03\/hudo-app-2.png\",\"width\":2185,\"height\":2167,\"caption\":\"VSN Media\"},\"image\":{\"@id\":\"https:\/\/hudo.com\/si\/#\/schema\/logo\/image\/\"},\"sameAs\":[\"https:\/\/www.facebook.com\/hudo.si\",\"https:\/\/twitter.com\/hudo_si\"]},{\"@type\":\"Person\",\"@id\":\"https:\/\/hudo.com\/si\/#\/schema\/person\/601cf3379633985b20f7e50f2bb47707\",\"name\":\"hudo\",\"image\":{\"@type\":\"ImageObject\",\"inLanguage\":\"sl-SI\",\"@id\":\"https:\/\/hudo.com\/si\/#\/schema\/person\/image\/\",\"url\":\"https:\/\/secure.gravatar.com\/avatar\/c4ca25fa72cace7a696b52ff5db9e095?s=96&d=mm&r=g\",\"contentUrl\":\"https:\/\/secure.gravatar.com\/avatar\/c4ca25fa72cace7a696b52ff5db9e095?s=96&d=mm&r=g\",\"caption\":\"hudo\"},\"url\":\"https:\/\/hudo.com\/si\/author\/hudo\/\"}]}<\/script>\n<!-- \/ Yoast SEO plugin. -->","yoast_head_json":{"title":"Demenca: v pripravi je celovita pomo\u010d mnogim, ki izgubijo spomin in sebe - Hudo Slovenija","robots":{"index":"index","follow":"follow","max-snippet":"max-snippet:-1","max-image-preview":"max-image-preview:large","max-video-preview":"max-video-preview:-1"},"canonical":"https:\/\/hudo.com\/si\/aktualno\/demenca-v-pripravi-je-celovita-pomoc-mnogim-ki-izgubijo-spomin-in-sebe\/","og_locale":"sl_SI","og_type":"article","og_title":"Demenca: v pripravi je celovita pomo\u010d mnogim, ki izgubijo spomin in sebe - Hudo Slovenija","og_description":"Kategorija: Slovenija Wed, 25 May 2016 19:00:00 +0200 Simboli\u010dno, ob nekdanjem dnevu mladosti, so na ministrstvu za zdravje predstavili strate\u0161ki na\u010drt za uvedbo celovitih ukrepov na podro\u010dju demence, ki naj bi v celoti za\u017eiveli do leta 2020. Po sprejetju dokumenta, o katerem so se na vladni ravni \u017ee uskladili, bo treba pripraviti \u0161e akcijski na\u010drt. Da cilji ne bodo ostali le del sicer skrbno dodelanega zapisa na papirju, bo treba v prvem akcijskem na\u010drtu, ki bo zajel obdobje dveh do treh let, na\u010drtovane ukrepe finan\u010dno ovrednotiti in poiskati poti za njihovo izvedbo. \u00bb\u010caka nas odgovorno delo,\u00ab meni ministrica za zdravje Milojka Kolar Celarc, ki predvideva, da bo osnutek dokumenta pripravljen do konca leta.V interdisciplinarno sestavljeni delovni skupini, ki jo je vodila predstavnica ministrstva za zdravje mag. Du\u0161anka Petri\u010d, sicer vodja slu\u017ebe za razvoj in organizacijo dejavnosti nujne medicinske\u00a0...","og_url":"https:\/\/hudo.com\/si\/aktualno\/demenca-v-pripravi-je-celovita-pomoc-mnogim-ki-izgubijo-spomin-in-sebe\/","og_site_name":"Hudo Slovenija","article_publisher":"https:\/\/www.facebook.com\/hudo.si","article_published_time":"2016-05-25T15:00:00+00:00","article_modified_time":"2016-05-25T19:17:34+00:00","og_image":[{"width":480,"height":290,"url":"https:\/\/hudo.com\/si\/wp-content\/uploads\/sites\/2\/2016\/05\/480x290_Zdravje__djvu_2181622_diana_hires0.jpeg","type":"image\/jpeg"}],"author":"hudo","twitter_card":"summary_large_image","twitter_creator":"@hudo_si","twitter_site":"@hudo_si","twitter_misc":{"Written by":"hudo","Est. reading time":"1 minuta"},"schema":{"@context":"https:\/\/schema.org","@graph":[{"@type":"Article","@id":"https:\/\/hudo.com\/si\/aktualno\/demenca-v-pripravi-je-celovita-pomoc-mnogim-ki-izgubijo-spomin-in-sebe\/#article","isPartOf":{"@id":"https:\/\/hudo.com\/si\/aktualno\/demenca-v-pripravi-je-celovita-pomoc-mnogim-ki-izgubijo-spomin-in-sebe\/"},"author":{"name":"hudo","@id":"https:\/\/hudo.com\/si\/#\/schema\/person\/601cf3379633985b20f7e50f2bb47707"},"headline":"Demenca: v pripravi je celovita pomo\u010d mnogim, ki izgubijo spomin in sebe","datePublished":"2016-05-25T15:00:00+00:00","dateModified":"2016-05-25T19:17:34+00:00","mainEntityOfPage":{"@id":"https:\/\/hudo.com\/si\/aktualno\/demenca-v-pripravi-je-celovita-pomoc-mnogim-ki-izgubijo-spomin-in-sebe\/"},"wordCount":157,"publisher":{"@id":"https:\/\/hudo.com\/si\/#organization"},"articleSection":["Aktualno"],"inLanguage":"sl-SI"},{"@type":"WebPage","@id":"https:\/\/hudo.com\/si\/aktualno\/demenca-v-pripravi-je-celovita-pomoc-mnogim-ki-izgubijo-spomin-in-sebe\/","url":"https:\/\/hudo.com\/si\/aktualno\/demenca-v-pripravi-je-celovita-pomoc-mnogim-ki-izgubijo-spomin-in-sebe\/","name":"Demenca: v pripravi je celovita pomo\u010d mnogim, ki izgubijo spomin in sebe - Hudo Slovenija","isPartOf":{"@id":"https:\/\/hudo.com\/si\/#website"},"datePublished":"2016-05-25T15:00:00+00:00","dateModified":"2016-05-25T19:17:34+00:00","breadcrumb":{"@id":"https:\/\/hudo.com\/si\/aktualno\/demenca-v-pripravi-je-celovita-pomoc-mnogim-ki-izgubijo-spomin-in-sebe\/#breadcrumb"},"inLanguage":"sl-SI","potentialAction":[{"@type":"ReadAction","target":["https:\/\/hudo.com\/si\/aktualno\/demenca-v-pripravi-je-celovita-pomoc-mnogim-ki-izgubijo-spomin-in-sebe\/"]}]},{"@type":"BreadcrumbList","@id":"https:\/\/hudo.com\/si\/aktualno\/demenca-v-pripravi-je-celovita-pomoc-mnogim-ki-izgubijo-spomin-in-sebe\/#breadcrumb","itemListElement":[{"@type":"ListItem","position":1,"name":"Home","item":"https:\/\/hudo.com\/si\/"},{"@type":"ListItem","position":2,"name":"Demenca: v pripravi je celovita pomo\u010d mnogim, ki izgubijo spomin in sebe"}]},{"@type":"WebSite","@id":"https:\/\/hudo.com\/si\/#website","url":"https:\/\/hudo.com\/si\/","name":"Hudo Slovenija","description":"Vse novice iz Slovenije in sveta","publisher":{"@id":"https:\/\/hudo.com\/si\/#organization"},"potentialAction":[{"@type":"SearchAction","target":{"@type":"EntryPoint","urlTemplate":"https:\/\/hudo.com\/si\/?s={search_term_string}"},"query-input":"required name=search_term_string"}],"inLanguage":"sl-SI"},{"@type":"Organization","@id":"https:\/\/hudo.com\/si\/#organization","name":"VSN Media","url":"https:\/\/hudo.com\/si\/","logo":{"@type":"ImageObject","inLanguage":"sl-SI","@id":"https:\/\/hudo.com\/si\/#\/schema\/logo\/image\/","url":"https:\/\/hudo.com\/si\/wp-content\/uploads\/sites\/2\/2021\/03\/hudo-app-2.png","contentUrl":"https:\/\/hudo.com\/si\/wp-content\/uploads\/sites\/2\/2021\/03\/hudo-app-2.png","width":2185,"height":2167,"caption":"VSN Media"},"image":{"@id":"https:\/\/hudo.com\/si\/#\/schema\/logo\/image\/"},"sameAs":["https:\/\/www.facebook.com\/hudo.si","https:\/\/twitter.com\/hudo_si"]},{"@type":"Person","@id":"https:\/\/hudo.com\/si\/#\/schema\/person\/601cf3379633985b20f7e50f2bb47707","name":"hudo","image":{"@type":"ImageObject","inLanguage":"sl-SI","@id":"https:\/\/hudo.com\/si\/#\/schema\/person\/image\/","url":"https:\/\/secure.gravatar.com\/avatar\/c4ca25fa72cace7a696b52ff5db9e095?s=96&d=mm&r=g","contentUrl":"https:\/\/secure.gravatar.com\/avatar\/c4ca25fa72cace7a696b52ff5db9e095?s=96&d=mm&r=g","caption":"hudo"},"url":"https:\/\/hudo.com\/si\/author\/hudo\/"}]}},"amp_enabled":true,"_links":{"self":[{"href":"https:\/\/hudo.com\/si\/wp-json\/wp\/v2\/posts\/61367"}],"collection":[{"href":"https:\/\/hudo.com\/si\/wp-json\/wp\/v2\/posts"}],"about":[{"href":"https:\/\/hudo.com\/si\/wp-json\/wp\/v2\/types\/post"}],"author":[{"embeddable":true,"href":"https:\/\/hudo.com\/si\/wp-json\/wp\/v2\/users\/1"}],"replies":[{"embeddable":true,"href":"https:\/\/hudo.com\/si\/wp-json\/wp\/v2\/comments?post=61367"}],"version-history":[{"count":1,"href":"https:\/\/hudo.com\/si\/wp-json\/wp\/v2\/posts\/61367\/revisions"}],"predecessor-version":[{"id":61424,"href":"https:\/\/hudo.com\/si\/wp-json\/wp\/v2\/posts\/61367\/revisions\/61424"}],"wp:attachment":[{"href":"https:\/\/hudo.com\/si\/wp-json\/wp\/v2\/media?parent=61367"}],"wp:term":[{"taxonomy":"category","embeddable":true,"href":"https:\/\/hudo.com\/si\/wp-json\/wp\/v2\/categories?post=61367"},{"taxonomy":"post_tag","embeddable":true,"href":"https:\/\/hudo.com\/si\/wp-json\/wp\/v2\/tags?post=61367"},{"taxonomy":"source","embeddable":true,"href":"https:\/\/hudo.com\/si\/wp-json\/wp\/v2\/source?post=61367"},{"taxonomy":"supertag","embeddable":true,"href":"https:\/\/hudo.com\/si\/wp-json\/wp\/v2\/supertag?post=61367"}],"curies":[{"name":"wp","href":"https:\/\/api.w.org\/{rel}","templated":true}]}}