{"id":61369,"date":"2016-05-25T16:51:00","date_gmt":"2016-05-25T14:51:00","guid":{"rendered":"http:\/\/hudo.com\/si\/2016\/05\/25\/doncic-se-nima-izpita-ima-pa-novega-audija\/"},"modified":"2016-05-26T13:57:12","modified_gmt":"2016-05-26T11:57:12","slug":"doncic-se-nima-izpita-ima-pa-novega-audija","status":"publish","type":"post","link":"https:\/\/hudo.com\/si\/aktualno\/doncic-se-nima-izpita-ima-pa-novega-audija\/","title":{"rendered":"Don\u010di\u0107 \u0161e nima izpita, ima pa novega audija"},"content":{"rendered":"<p>Kategorija: Ofsajd Wed, 25 May 2016 18:51:00 +0200  Madrid &#8211; Pred za\u010detkom kon\u010dnice \u0161panskega ko\u0161arkarskega prvenstva, v kateri bo Real Madrid sku\u0161al ubraniti naslov, so igralci madridskega kluba dobili prav posebna darila. Klub jih je obdaril z novimi audiji. Tako je po odli\u010dni sezoni\u00a0 lastnik dragega jeklenega konji\u010dka postal tudi 17-letni slovenski ko\u0161arkar Luka Don\u010di\u0107, in sicer je izbral model Audi A6 allroad 3.0 TDI (272 CV) quattro S tronic. Vsak si je namre\u010d lahko izbral svoj model, Don\u010di\u0107 bo tako vodil enak avto kot trener Pablo Laso. Mladoletni Don\u010di\u0107 pri 17 letih kajpak avta, ki ga je dobil od klubskega pokrovitelja, \u0161e ne sme voziti, a zagotovo \u017ee nestrpno \u010daka, da se vsede za volan. Real Madrid, ki je redni del sezone \u0161panskega prvenstva kon\u010dal na drugem mestu, za Barcelono, se bo v \u010detrtfinalu pomeril z ekipo UCAM Murcia.\u00a0&#8230;<\/p>\n","protected":false},"excerpt":{"rendered":"<p>Kategorija: Ofsajd Wed, 25 May 2016 18:51:00 +0200  Madrid &#8211; Pred za\u010detkom kon\u010dnice \u0161panskega ko\u0161arkarskega prvenstva, v kateri bo Real Madrid sku\u0161al ubraniti naslov, so igralci madridskega kluba dobili prav posebna darila. Klub jih je obdaril z novimi audiji. Tako je po odli\u010dni sezoni\u00a0 lastnik dragega jeklenega konji\u010dka postal tudi 17-letni slovenski ko\u0161arkar Luka Don\u010di\u0107, in sicer je izbral model Audi A6 allroad 3.0 TDI (272 CV) quattro S tronic. Vsak si je namre\u010d lahko izbral svoj model, Don\u010di\u0107 bo tako vodil enak avto kot trener Pablo Laso. Mladoletni Don\u010di\u0107 pri 17 letih kajpak avta, ki ga je dobil od klubskega pokrovitelja, \u0161e ne sme voziti, a zagotovo \u017ee nestrpno \u010daka, da se vsede za volan. Real Madrid, ki je redni del sezone \u0161panskega prvenstva kon\u010dal na drugem mestu, za Barcelono, se bo v \u010detrtfinalu pomeril z ekipo UCAM Murcia.\u00a0&#8230;<\/p>\n","protected":false},"author":1,"featured_media":0,"comment_status":"closed","ping_status":"closed","sticky":false,"template":"","format":"standard","meta":{"footnotes":""},"categories":[1179],"tags":[],"source":[4511],"supertag":[],"acf":[],"yoast_head":"<!-- This site is optimized with the Yoast SEO plugin v21.3 - https:\/\/yoast.com\/wordpress\/plugins\/seo\/ -->\n<title>Don\u010di\u0107 \u0161e nima izpita, ima pa novega audija - Hudo Slovenija<\/title>\n<meta name=\"robots\" content=\"index, follow, max-snippet:-1, max-image-preview:large, max-video-preview:-1\" \/>\n<link rel=\"canonical\" href=\"https:\/\/hudo.com\/si\/aktualno\/doncic-se-nima-izpita-ima-pa-novega-audija\/\" \/>\n<meta property=\"og:locale\" content=\"sl_SI\" \/>\n<meta property=\"og:type\" content=\"article\" \/>\n<meta property=\"og:title\" content=\"Don\u010di\u0107 \u0161e nima izpita, ima pa novega audija - Hudo Slovenija\" \/>\n<meta property=\"og:description\" content=\"Kategorija: Ofsajd Wed, 25 May 2016 18:51:00 +0200 Madrid - Pred za\u010detkom kon\u010dnice \u0161panskega ko\u0161arkarskega prvenstva, v kateri bo Real Madrid sku\u0161al ubraniti naslov, so igralci madridskega kluba dobili prav posebna darila. Klub jih je obdaril z novimi audiji. Tako je po odli\u010dni sezoni\u00a0 lastnik dragega jeklenega konji\u010dka postal tudi 17-letni slovenski ko\u0161arkar Luka Don\u010di\u0107, in sicer je izbral model Audi A6 allroad 3.0 TDI (272 CV) quattro S tronic. Vsak si je namre\u010d lahko izbral svoj model, Don\u010di\u0107 bo tako vodil enak avto kot trener Pablo Laso. Mladoletni Don\u010di\u0107 pri 17 letih kajpak avta, ki ga je dobil od klubskega pokrovitelja, \u0161e ne sme voziti, a zagotovo \u017ee nestrpno \u010daka, da se vsede za volan. Real Madrid, ki je redni del sezone \u0161panskega prvenstva kon\u010dal na drugem mestu, za Barcelono, se bo v \u010detrtfinalu pomeril z ekipo UCAM Murcia.\u00a0...\" \/>\n<meta property=\"og:url\" content=\"https:\/\/hudo.com\/si\/aktualno\/doncic-se-nima-izpita-ima-pa-novega-audija\/\" \/>\n<meta property=\"og:site_name\" content=\"Hudo Slovenija\" \/>\n<meta property=\"article:publisher\" content=\"https:\/\/www.facebook.com\/hudo.si\" \/>\n<meta property=\"article:published_time\" content=\"2016-05-25T14:51:00+00:00\" \/>\n<meta property=\"article:modified_time\" content=\"2016-05-26T11:57:12+00:00\" \/>\n<meta property=\"og:image\" content=\"https:\/\/hudo.com\/si\/wp-content\/uploads\/sites\/2\/2016\/05\/480x290_QoX6Vn76.jpeg\" \/>\n\t<meta property=\"og:image:width\" content=\"479\" \/>\n\t<meta property=\"og:image:height\" content=\"290\" \/>\n\t<meta property=\"og:image:type\" content=\"image\/jpeg\" \/>\n<meta name=\"author\" content=\"hudo\" \/>\n<meta name=\"twitter:card\" content=\"summary_large_image\" \/>\n<meta name=\"twitter:creator\" content=\"@hudo_si\" \/>\n<meta name=\"twitter:site\" content=\"@hudo_si\" \/>\n<meta name=\"twitter:label1\" content=\"Written by\" \/>\n\t<meta name=\"twitter:data1\" content=\"hudo\" \/>\n\t<meta name=\"twitter:label2\" content=\"Est. reading time\" \/>\n\t<meta name=\"twitter:data2\" content=\"1 minuta\" \/>\n<script type=\"application\/ld+json\" class=\"yoast-schema-graph\">{\"@context\":\"https:\/\/schema.org\",\"@graph\":[{\"@type\":\"Article\",\"@id\":\"https:\/\/hudo.com\/si\/aktualno\/doncic-se-nima-izpita-ima-pa-novega-audija\/#article\",\"isPartOf\":{\"@id\":\"https:\/\/hudo.com\/si\/aktualno\/doncic-se-nima-izpita-ima-pa-novega-audija\/\"},\"author\":{\"name\":\"hudo\",\"@id\":\"https:\/\/hudo.com\/si\/#\/schema\/person\/601cf3379633985b20f7e50f2bb47707\"},\"headline\":\"Don\u010di\u0107 \u0161e nima izpita, ima pa novega audija\",\"datePublished\":\"2016-05-25T14:51:00+00:00\",\"dateModified\":\"2016-05-26T11:57:12+00:00\",\"mainEntityOfPage\":{\"@id\":\"https:\/\/hudo.com\/si\/aktualno\/doncic-se-nima-izpita-ima-pa-novega-audija\/\"},\"wordCount\":153,\"publisher\":{\"@id\":\"https:\/\/hudo.com\/si\/#organization\"},\"articleSection\":[\"Aktualno\"],\"inLanguage\":\"sl-SI\"},{\"@type\":\"WebPage\",\"@id\":\"https:\/\/hudo.com\/si\/aktualno\/doncic-se-nima-izpita-ima-pa-novega-audija\/\",\"url\":\"https:\/\/hudo.com\/si\/aktualno\/doncic-se-nima-izpita-ima-pa-novega-audija\/\",\"name\":\"Don\u010di\u0107 \u0161e nima izpita, ima pa novega audija - Hudo Slovenija\",\"isPartOf\":{\"@id\":\"https:\/\/hudo.com\/si\/#website\"},\"datePublished\":\"2016-05-25T14:51:00+00:00\",\"dateModified\":\"2016-05-26T11:57:12+00:00\",\"breadcrumb\":{\"@id\":\"https:\/\/hudo.com\/si\/aktualno\/doncic-se-nima-izpita-ima-pa-novega-audija\/#breadcrumb\"},\"inLanguage\":\"sl-SI\",\"potentialAction\":[{\"@type\":\"ReadAction\",\"target\":[\"https:\/\/hudo.com\/si\/aktualno\/doncic-se-nima-izpita-ima-pa-novega-audija\/\"]}]},{\"@type\":\"BreadcrumbList\",\"@id\":\"https:\/\/hudo.com\/si\/aktualno\/doncic-se-nima-izpita-ima-pa-novega-audija\/#breadcrumb\",\"itemListElement\":[{\"@type\":\"ListItem\",\"position\":1,\"name\":\"Home\",\"item\":\"https:\/\/hudo.com\/si\/\"},{\"@type\":\"ListItem\",\"position\":2,\"name\":\"Don\u010di\u0107 \u0161e nima izpita, ima pa novega audija\"}]},{\"@type\":\"WebSite\",\"@id\":\"https:\/\/hudo.com\/si\/#website\",\"url\":\"https:\/\/hudo.com\/si\/\",\"name\":\"Hudo Slovenija\",\"description\":\"Vse novice iz Slovenije in sveta\",\"publisher\":{\"@id\":\"https:\/\/hudo.com\/si\/#organization\"},\"potentialAction\":[{\"@type\":\"SearchAction\",\"target\":{\"@type\":\"EntryPoint\",\"urlTemplate\":\"https:\/\/hudo.com\/si\/?s={search_term_string}\"},\"query-input\":\"required name=search_term_string\"}],\"inLanguage\":\"sl-SI\"},{\"@type\":\"Organization\",\"@id\":\"https:\/\/hudo.com\/si\/#organization\",\"name\":\"VSN Media\",\"url\":\"https:\/\/hudo.com\/si\/\",\"logo\":{\"@type\":\"ImageObject\",\"inLanguage\":\"sl-SI\",\"@id\":\"https:\/\/hudo.com\/si\/#\/schema\/logo\/image\/\",\"url\":\"https:\/\/hudo.com\/si\/wp-content\/uploads\/sites\/2\/2021\/03\/hudo-app-2.png\",\"contentUrl\":\"https:\/\/hudo.com\/si\/wp-content\/uploads\/sites\/2\/2021\/03\/hudo-app-2.png\",\"width\":2185,\"height\":2167,\"caption\":\"VSN Media\"},\"image\":{\"@id\":\"https:\/\/hudo.com\/si\/#\/schema\/logo\/image\/\"},\"sameAs\":[\"https:\/\/www.facebook.com\/hudo.si\",\"https:\/\/twitter.com\/hudo_si\"]},{\"@type\":\"Person\",\"@id\":\"https:\/\/hudo.com\/si\/#\/schema\/person\/601cf3379633985b20f7e50f2bb47707\",\"name\":\"hudo\",\"image\":{\"@type\":\"ImageObject\",\"inLanguage\":\"sl-SI\",\"@id\":\"https:\/\/hudo.com\/si\/#\/schema\/person\/image\/\",\"url\":\"https:\/\/secure.gravatar.com\/avatar\/c4ca25fa72cace7a696b52ff5db9e095?s=96&d=mm&r=g\",\"contentUrl\":\"https:\/\/secure.gravatar.com\/avatar\/c4ca25fa72cace7a696b52ff5db9e095?s=96&d=mm&r=g\",\"caption\":\"hudo\"},\"url\":\"https:\/\/hudo.com\/si\/author\/hudo\/\"}]}<\/script>\n<!-- \/ Yoast SEO plugin. -->","yoast_head_json":{"title":"Don\u010di\u0107 \u0161e nima izpita, ima pa novega audija - Hudo Slovenija","robots":{"index":"index","follow":"follow","max-snippet":"max-snippet:-1","max-image-preview":"max-image-preview:large","max-video-preview":"max-video-preview:-1"},"canonical":"https:\/\/hudo.com\/si\/aktualno\/doncic-se-nima-izpita-ima-pa-novega-audija\/","og_locale":"sl_SI","og_type":"article","og_title":"Don\u010di\u0107 \u0161e nima izpita, ima pa novega audija - Hudo Slovenija","og_description":"Kategorija: Ofsajd Wed, 25 May 2016 18:51:00 +0200 Madrid - Pred za\u010detkom kon\u010dnice \u0161panskega ko\u0161arkarskega prvenstva, v kateri bo Real Madrid sku\u0161al ubraniti naslov, so igralci madridskega kluba dobili prav posebna darila. Klub jih je obdaril z novimi audiji. Tako je po odli\u010dni sezoni\u00a0 lastnik dragega jeklenega konji\u010dka postal tudi 17-letni slovenski ko\u0161arkar Luka Don\u010di\u0107, in sicer je izbral model Audi A6 allroad 3.0 TDI (272 CV) quattro S tronic. Vsak si je namre\u010d lahko izbral svoj model, Don\u010di\u0107 bo tako vodil enak avto kot trener Pablo Laso. Mladoletni Don\u010di\u0107 pri 17 letih kajpak avta, ki ga je dobil od klubskega pokrovitelja, \u0161e ne sme voziti, a zagotovo \u017ee nestrpno \u010daka, da se vsede za volan. Real Madrid, ki je redni del sezone \u0161panskega prvenstva kon\u010dal na drugem mestu, za Barcelono, se bo v \u010detrtfinalu pomeril z ekipo UCAM Murcia.\u00a0...","og_url":"https:\/\/hudo.com\/si\/aktualno\/doncic-se-nima-izpita-ima-pa-novega-audija\/","og_site_name":"Hudo Slovenija","article_publisher":"https:\/\/www.facebook.com\/hudo.si","article_published_time":"2016-05-25T14:51:00+00:00","article_modified_time":"2016-05-26T11:57:12+00:00","og_image":[{"width":479,"height":290,"url":"https:\/\/hudo.com\/si\/wp-content\/uploads\/sites\/2\/2016\/05\/480x290_QoX6Vn76.jpeg","type":"image\/jpeg"}],"author":"hudo","twitter_card":"summary_large_image","twitter_creator":"@hudo_si","twitter_site":"@hudo_si","twitter_misc":{"Written by":"hudo","Est. reading time":"1 minuta"},"schema":{"@context":"https:\/\/schema.org","@graph":[{"@type":"Article","@id":"https:\/\/hudo.com\/si\/aktualno\/doncic-se-nima-izpita-ima-pa-novega-audija\/#article","isPartOf":{"@id":"https:\/\/hudo.com\/si\/aktualno\/doncic-se-nima-izpita-ima-pa-novega-audija\/"},"author":{"name":"hudo","@id":"https:\/\/hudo.com\/si\/#\/schema\/person\/601cf3379633985b20f7e50f2bb47707"},"headline":"Don\u010di\u0107 \u0161e nima izpita, ima pa novega audija","datePublished":"2016-05-25T14:51:00+00:00","dateModified":"2016-05-26T11:57:12+00:00","mainEntityOfPage":{"@id":"https:\/\/hudo.com\/si\/aktualno\/doncic-se-nima-izpita-ima-pa-novega-audija\/"},"wordCount":153,"publisher":{"@id":"https:\/\/hudo.com\/si\/#organization"},"articleSection":["Aktualno"],"inLanguage":"sl-SI"},{"@type":"WebPage","@id":"https:\/\/hudo.com\/si\/aktualno\/doncic-se-nima-izpita-ima-pa-novega-audija\/","url":"https:\/\/hudo.com\/si\/aktualno\/doncic-se-nima-izpita-ima-pa-novega-audija\/","name":"Don\u010di\u0107 \u0161e nima izpita, ima pa novega audija - Hudo Slovenija","isPartOf":{"@id":"https:\/\/hudo.com\/si\/#website"},"datePublished":"2016-05-25T14:51:00+00:00","dateModified":"2016-05-26T11:57:12+00:00","breadcrumb":{"@id":"https:\/\/hudo.com\/si\/aktualno\/doncic-se-nima-izpita-ima-pa-novega-audija\/#breadcrumb"},"inLanguage":"sl-SI","potentialAction":[{"@type":"ReadAction","target":["https:\/\/hudo.com\/si\/aktualno\/doncic-se-nima-izpita-ima-pa-novega-audija\/"]}]},{"@type":"BreadcrumbList","@id":"https:\/\/hudo.com\/si\/aktualno\/doncic-se-nima-izpita-ima-pa-novega-audija\/#breadcrumb","itemListElement":[{"@type":"ListItem","position":1,"name":"Home","item":"https:\/\/hudo.com\/si\/"},{"@type":"ListItem","position":2,"name":"Don\u010di\u0107 \u0161e nima izpita, ima pa novega audija"}]},{"@type":"WebSite","@id":"https:\/\/hudo.com\/si\/#website","url":"https:\/\/hudo.com\/si\/","name":"Hudo Slovenija","description":"Vse novice iz Slovenije in sveta","publisher":{"@id":"https:\/\/hudo.com\/si\/#organization"},"potentialAction":[{"@type":"SearchAction","target":{"@type":"EntryPoint","urlTemplate":"https:\/\/hudo.com\/si\/?s={search_term_string}"},"query-input":"required name=search_term_string"}],"inLanguage":"sl-SI"},{"@type":"Organization","@id":"https:\/\/hudo.com\/si\/#organization","name":"VSN Media","url":"https:\/\/hudo.com\/si\/","logo":{"@type":"ImageObject","inLanguage":"sl-SI","@id":"https:\/\/hudo.com\/si\/#\/schema\/logo\/image\/","url":"https:\/\/hudo.com\/si\/wp-content\/uploads\/sites\/2\/2021\/03\/hudo-app-2.png","contentUrl":"https:\/\/hudo.com\/si\/wp-content\/uploads\/sites\/2\/2021\/03\/hudo-app-2.png","width":2185,"height":2167,"caption":"VSN Media"},"image":{"@id":"https:\/\/hudo.com\/si\/#\/schema\/logo\/image\/"},"sameAs":["https:\/\/www.facebook.com\/hudo.si","https:\/\/twitter.com\/hudo_si"]},{"@type":"Person","@id":"https:\/\/hudo.com\/si\/#\/schema\/person\/601cf3379633985b20f7e50f2bb47707","name":"hudo","image":{"@type":"ImageObject","inLanguage":"sl-SI","@id":"https:\/\/hudo.com\/si\/#\/schema\/person\/image\/","url":"https:\/\/secure.gravatar.com\/avatar\/c4ca25fa72cace7a696b52ff5db9e095?s=96&d=mm&r=g","contentUrl":"https:\/\/secure.gravatar.com\/avatar\/c4ca25fa72cace7a696b52ff5db9e095?s=96&d=mm&r=g","caption":"hudo"},"url":"https:\/\/hudo.com\/si\/author\/hudo\/"}]}},"amp_enabled":true,"_links":{"self":[{"href":"https:\/\/hudo.com\/si\/wp-json\/wp\/v2\/posts\/61369"}],"collection":[{"href":"https:\/\/hudo.com\/si\/wp-json\/wp\/v2\/posts"}],"about":[{"href":"https:\/\/hudo.com\/si\/wp-json\/wp\/v2\/types\/post"}],"author":[{"embeddable":true,"href":"https:\/\/hudo.com\/si\/wp-json\/wp\/v2\/users\/1"}],"replies":[{"embeddable":true,"href":"https:\/\/hudo.com\/si\/wp-json\/wp\/v2\/comments?post=61369"}],"version-history":[{"count":1,"href":"https:\/\/hudo.com\/si\/wp-json\/wp\/v2\/posts\/61369\/revisions"}],"predecessor-version":[{"id":61425,"href":"https:\/\/hudo.com\/si\/wp-json\/wp\/v2\/posts\/61369\/revisions\/61425"}],"wp:attachment":[{"href":"https:\/\/hudo.com\/si\/wp-json\/wp\/v2\/media?parent=61369"}],"wp:term":[{"taxonomy":"category","embeddable":true,"href":"https:\/\/hudo.com\/si\/wp-json\/wp\/v2\/categories?post=61369"},{"taxonomy":"post_tag","embeddable":true,"href":"https:\/\/hudo.com\/si\/wp-json\/wp\/v2\/tags?post=61369"},{"taxonomy":"source","embeddable":true,"href":"https:\/\/hudo.com\/si\/wp-json\/wp\/v2\/source?post=61369"},{"taxonomy":"supertag","embeddable":true,"href":"https:\/\/hudo.com\/si\/wp-json\/wp\/v2\/supertag?post=61369"}],"curies":[{"name":"wp","href":"https:\/\/api.w.org\/{rel}","templated":true}]}}