{"id":61396,"date":"2016-05-25T18:01:00","date_gmt":"2016-05-25T16:01:00","guid":{"rendered":"http:\/\/hudo.com\/si\/2016\/05\/25\/video-pred-turisticno-sezono-piranski-ponos-ovit-v-zidarske-odre\/"},"modified":"2016-05-27T20:52:57","modified_gmt":"2016-05-27T18:52:57","slug":"video-pred-turisticno-sezono-piranski-ponos-ovit-v-zidarske-odre","status":"publish","type":"post","link":"https:\/\/hudo.com\/si\/aktualno\/video-pred-turisticno-sezono-piranski-ponos-ovit-v-zidarske-odre\/","title":{"rendered":"[VIDEO] Pred turisti\u010dno sezono piranski ponos ovit v zidarske odre"},"content":{"rendered":"<p>Prenova najznamenitej\u0161e hi\u0161e je zastala zaradi barve pro\u010delja. Ker so odkrili, da je bila njena originalna barva svetlej\u0161a, kot jo pomnijo zdaj \u017ee tri generacije Piran\u010danov. Turisti jo poznajo kot tista &#8220;rde\u010da hi\u0161a&#8221;, doma\u010dini ji pravijo kar pompejsko rde\u010da. In za to barvo bi tudi glasovali, \u010de bi lahko.<\/p>\n","protected":false},"excerpt":{"rendered":"<p>Prenova najznamenitej\u0161e hi\u0161e je zastala zaradi barve pro\u010delja. Ker so odkrili, da je bila njena originalna barva svetlej\u0161a, kot jo pomnijo zdaj \u017ee tri generacije Piran\u010danov. Turisti jo poznajo kot tista &#8220;rde\u010da hi\u0161a&#8221;, doma\u010dini ji pravijo kar pompejsko rde\u010da. In za to barvo bi tudi glasovali, \u010de bi lahko.<\/p>\n","protected":false},"author":1,"featured_media":0,"comment_status":"closed","ping_status":"closed","sticky":false,"template":"","format":"standard","meta":{"footnotes":""},"categories":[1179],"tags":[],"source":[1706],"supertag":[],"acf":[],"yoast_head":"<!-- This site is optimized with the Yoast SEO plugin v21.3 - https:\/\/yoast.com\/wordpress\/plugins\/seo\/ -->\n<title>[VIDEO] Pred turisti\u010dno sezono piranski ponos ovit v zidarske odre - Hudo Slovenija<\/title>\n<meta name=\"robots\" content=\"index, follow, max-snippet:-1, max-image-preview:large, max-video-preview:-1\" \/>\n<link rel=\"canonical\" href=\"https:\/\/hudo.com\/si\/aktualno\/video-pred-turisticno-sezono-piranski-ponos-ovit-v-zidarske-odre\/\" \/>\n<meta property=\"og:locale\" content=\"sl_SI\" \/>\n<meta property=\"og:type\" content=\"article\" \/>\n<meta property=\"og:title\" content=\"[VIDEO] Pred turisti\u010dno sezono piranski ponos ovit v zidarske odre - Hudo Slovenija\" \/>\n<meta property=\"og:description\" content=\"Prenova najznamenitej\u0161e hi\u0161e je zastala zaradi barve pro\u010delja. Ker so odkrili, da je bila njena originalna barva svetlej\u0161a, kot jo pomnijo zdaj \u017ee tri generacije Piran\u010danov. Turisti jo poznajo kot tista &quot;rde\u010da hi\u0161a&quot;, doma\u010dini ji pravijo kar pompejsko rde\u010da. In za to barvo bi tudi glasovali, \u010de bi lahko.\" \/>\n<meta property=\"og:url\" content=\"https:\/\/hudo.com\/si\/aktualno\/video-pred-turisticno-sezono-piranski-ponos-ovit-v-zidarske-odre\/\" \/>\n<meta property=\"og:site_name\" content=\"Hudo Slovenija\" \/>\n<meta property=\"article:publisher\" content=\"https:\/\/www.facebook.com\/hudo.si\" \/>\n<meta property=\"article:published_time\" content=\"2016-05-25T16:01:00+00:00\" \/>\n<meta property=\"article:modified_time\" content=\"2016-05-27T18:52:57+00:00\" \/>\n<meta property=\"og:image\" content=\"https:\/\/hudo.com\/si\/wp-content\/uploads\/sites\/2\/2016\/05\/061551mkQiY.png\" \/>\n\t<meta property=\"og:image:width\" content=\"504\" \/>\n\t<meta property=\"og:image:height\" content=\"284\" \/>\n\t<meta property=\"og:image:type\" content=\"image\/jpeg\" \/>\n<meta name=\"author\" content=\"hudo\" \/>\n<meta name=\"twitter:card\" content=\"summary_large_image\" \/>\n<meta name=\"twitter:creator\" content=\"@hudo_si\" \/>\n<meta name=\"twitter:site\" content=\"@hudo_si\" \/>\n<meta name=\"twitter:label1\" content=\"Written by\" \/>\n\t<meta name=\"twitter:data1\" content=\"hudo\" \/>\n<script type=\"application\/ld+json\" class=\"yoast-schema-graph\">{\"@context\":\"https:\/\/schema.org\",\"@graph\":[{\"@type\":\"Article\",\"@id\":\"https:\/\/hudo.com\/si\/aktualno\/video-pred-turisticno-sezono-piranski-ponos-ovit-v-zidarske-odre\/#article\",\"isPartOf\":{\"@id\":\"https:\/\/hudo.com\/si\/aktualno\/video-pred-turisticno-sezono-piranski-ponos-ovit-v-zidarske-odre\/\"},\"author\":{\"name\":\"hudo\",\"@id\":\"https:\/\/hudo.com\/si\/#\/schema\/person\/601cf3379633985b20f7e50f2bb47707\"},\"headline\":\"[VIDEO] Pred turisti\u010dno sezono piranski ponos ovit v zidarske odre\",\"datePublished\":\"2016-05-25T16:01:00+00:00\",\"dateModified\":\"2016-05-27T18:52:57+00:00\",\"mainEntityOfPage\":{\"@id\":\"https:\/\/hudo.com\/si\/aktualno\/video-pred-turisticno-sezono-piranski-ponos-ovit-v-zidarske-odre\/\"},\"wordCount\":69,\"publisher\":{\"@id\":\"https:\/\/hudo.com\/si\/#organization\"},\"articleSection\":[\"Aktualno\"],\"inLanguage\":\"sl-SI\"},{\"@type\":\"WebPage\",\"@id\":\"https:\/\/hudo.com\/si\/aktualno\/video-pred-turisticno-sezono-piranski-ponos-ovit-v-zidarske-odre\/\",\"url\":\"https:\/\/hudo.com\/si\/aktualno\/video-pred-turisticno-sezono-piranski-ponos-ovit-v-zidarske-odre\/\",\"name\":\"[VIDEO] Pred turisti\u010dno sezono piranski ponos ovit v zidarske odre - Hudo Slovenija\",\"isPartOf\":{\"@id\":\"https:\/\/hudo.com\/si\/#website\"},\"datePublished\":\"2016-05-25T16:01:00+00:00\",\"dateModified\":\"2016-05-27T18:52:57+00:00\",\"breadcrumb\":{\"@id\":\"https:\/\/hudo.com\/si\/aktualno\/video-pred-turisticno-sezono-piranski-ponos-ovit-v-zidarske-odre\/#breadcrumb\"},\"inLanguage\":\"sl-SI\",\"potentialAction\":[{\"@type\":\"ReadAction\",\"target\":[\"https:\/\/hudo.com\/si\/aktualno\/video-pred-turisticno-sezono-piranski-ponos-ovit-v-zidarske-odre\/\"]}]},{\"@type\":\"BreadcrumbList\",\"@id\":\"https:\/\/hudo.com\/si\/aktualno\/video-pred-turisticno-sezono-piranski-ponos-ovit-v-zidarske-odre\/#breadcrumb\",\"itemListElement\":[{\"@type\":\"ListItem\",\"position\":1,\"name\":\"Home\",\"item\":\"https:\/\/hudo.com\/si\/\"},{\"@type\":\"ListItem\",\"position\":2,\"name\":\"[VIDEO] Pred turisti\u010dno sezono piranski ponos ovit v zidarske odre\"}]},{\"@type\":\"WebSite\",\"@id\":\"https:\/\/hudo.com\/si\/#website\",\"url\":\"https:\/\/hudo.com\/si\/\",\"name\":\"Hudo Slovenija\",\"description\":\"Vse novice iz Slovenije in sveta\",\"publisher\":{\"@id\":\"https:\/\/hudo.com\/si\/#organization\"},\"potentialAction\":[{\"@type\":\"SearchAction\",\"target\":{\"@type\":\"EntryPoint\",\"urlTemplate\":\"https:\/\/hudo.com\/si\/?s={search_term_string}\"},\"query-input\":\"required name=search_term_string\"}],\"inLanguage\":\"sl-SI\"},{\"@type\":\"Organization\",\"@id\":\"https:\/\/hudo.com\/si\/#organization\",\"name\":\"VSN Media\",\"url\":\"https:\/\/hudo.com\/si\/\",\"logo\":{\"@type\":\"ImageObject\",\"inLanguage\":\"sl-SI\",\"@id\":\"https:\/\/hudo.com\/si\/#\/schema\/logo\/image\/\",\"url\":\"https:\/\/hudo.com\/si\/wp-content\/uploads\/sites\/2\/2021\/03\/hudo-app-2.png\",\"contentUrl\":\"https:\/\/hudo.com\/si\/wp-content\/uploads\/sites\/2\/2021\/03\/hudo-app-2.png\",\"width\":2185,\"height\":2167,\"caption\":\"VSN Media\"},\"image\":{\"@id\":\"https:\/\/hudo.com\/si\/#\/schema\/logo\/image\/\"},\"sameAs\":[\"https:\/\/www.facebook.com\/hudo.si\",\"https:\/\/twitter.com\/hudo_si\"]},{\"@type\":\"Person\",\"@id\":\"https:\/\/hudo.com\/si\/#\/schema\/person\/601cf3379633985b20f7e50f2bb47707\",\"name\":\"hudo\",\"image\":{\"@type\":\"ImageObject\",\"inLanguage\":\"sl-SI\",\"@id\":\"https:\/\/hudo.com\/si\/#\/schema\/person\/image\/\",\"url\":\"https:\/\/secure.gravatar.com\/avatar\/c4ca25fa72cace7a696b52ff5db9e095?s=96&d=mm&r=g\",\"contentUrl\":\"https:\/\/secure.gravatar.com\/avatar\/c4ca25fa72cace7a696b52ff5db9e095?s=96&d=mm&r=g\",\"caption\":\"hudo\"},\"url\":\"https:\/\/hudo.com\/si\/author\/hudo\/\"}]}<\/script>\n<!-- \/ Yoast SEO plugin. -->","yoast_head_json":{"title":"[VIDEO] Pred turisti\u010dno sezono piranski ponos ovit v zidarske odre - Hudo Slovenija","robots":{"index":"index","follow":"follow","max-snippet":"max-snippet:-1","max-image-preview":"max-image-preview:large","max-video-preview":"max-video-preview:-1"},"canonical":"https:\/\/hudo.com\/si\/aktualno\/video-pred-turisticno-sezono-piranski-ponos-ovit-v-zidarske-odre\/","og_locale":"sl_SI","og_type":"article","og_title":"[VIDEO] Pred turisti\u010dno sezono piranski ponos ovit v zidarske odre - Hudo Slovenija","og_description":"Prenova najznamenitej\u0161e hi\u0161e je zastala zaradi barve pro\u010delja. Ker so odkrili, da je bila njena originalna barva svetlej\u0161a, kot jo pomnijo zdaj \u017ee tri generacije Piran\u010danov. Turisti jo poznajo kot tista \"rde\u010da hi\u0161a\", doma\u010dini ji pravijo kar pompejsko rde\u010da. In za to barvo bi tudi glasovali, \u010de bi lahko.","og_url":"https:\/\/hudo.com\/si\/aktualno\/video-pred-turisticno-sezono-piranski-ponos-ovit-v-zidarske-odre\/","og_site_name":"Hudo Slovenija","article_publisher":"https:\/\/www.facebook.com\/hudo.si","article_published_time":"2016-05-25T16:01:00+00:00","article_modified_time":"2016-05-27T18:52:57+00:00","og_image":[{"width":504,"height":284,"url":"https:\/\/hudo.com\/si\/wp-content\/uploads\/sites\/2\/2016\/05\/061551mkQiY.png","type":"image\/jpeg"}],"author":"hudo","twitter_card":"summary_large_image","twitter_creator":"@hudo_si","twitter_site":"@hudo_si","twitter_misc":{"Written by":"hudo"},"schema":{"@context":"https:\/\/schema.org","@graph":[{"@type":"Article","@id":"https:\/\/hudo.com\/si\/aktualno\/video-pred-turisticno-sezono-piranski-ponos-ovit-v-zidarske-odre\/#article","isPartOf":{"@id":"https:\/\/hudo.com\/si\/aktualno\/video-pred-turisticno-sezono-piranski-ponos-ovit-v-zidarske-odre\/"},"author":{"name":"hudo","@id":"https:\/\/hudo.com\/si\/#\/schema\/person\/601cf3379633985b20f7e50f2bb47707"},"headline":"[VIDEO] Pred turisti\u010dno sezono piranski ponos ovit v zidarske odre","datePublished":"2016-05-25T16:01:00+00:00","dateModified":"2016-05-27T18:52:57+00:00","mainEntityOfPage":{"@id":"https:\/\/hudo.com\/si\/aktualno\/video-pred-turisticno-sezono-piranski-ponos-ovit-v-zidarske-odre\/"},"wordCount":69,"publisher":{"@id":"https:\/\/hudo.com\/si\/#organization"},"articleSection":["Aktualno"],"inLanguage":"sl-SI"},{"@type":"WebPage","@id":"https:\/\/hudo.com\/si\/aktualno\/video-pred-turisticno-sezono-piranski-ponos-ovit-v-zidarske-odre\/","url":"https:\/\/hudo.com\/si\/aktualno\/video-pred-turisticno-sezono-piranski-ponos-ovit-v-zidarske-odre\/","name":"[VIDEO] Pred turisti\u010dno sezono piranski ponos ovit v zidarske odre - Hudo Slovenija","isPartOf":{"@id":"https:\/\/hudo.com\/si\/#website"},"datePublished":"2016-05-25T16:01:00+00:00","dateModified":"2016-05-27T18:52:57+00:00","breadcrumb":{"@id":"https:\/\/hudo.com\/si\/aktualno\/video-pred-turisticno-sezono-piranski-ponos-ovit-v-zidarske-odre\/#breadcrumb"},"inLanguage":"sl-SI","potentialAction":[{"@type":"ReadAction","target":["https:\/\/hudo.com\/si\/aktualno\/video-pred-turisticno-sezono-piranski-ponos-ovit-v-zidarske-odre\/"]}]},{"@type":"BreadcrumbList","@id":"https:\/\/hudo.com\/si\/aktualno\/video-pred-turisticno-sezono-piranski-ponos-ovit-v-zidarske-odre\/#breadcrumb","itemListElement":[{"@type":"ListItem","position":1,"name":"Home","item":"https:\/\/hudo.com\/si\/"},{"@type":"ListItem","position":2,"name":"[VIDEO] Pred turisti\u010dno sezono piranski ponos ovit v zidarske odre"}]},{"@type":"WebSite","@id":"https:\/\/hudo.com\/si\/#website","url":"https:\/\/hudo.com\/si\/","name":"Hudo Slovenija","description":"Vse novice iz Slovenije in sveta","publisher":{"@id":"https:\/\/hudo.com\/si\/#organization"},"potentialAction":[{"@type":"SearchAction","target":{"@type":"EntryPoint","urlTemplate":"https:\/\/hudo.com\/si\/?s={search_term_string}"},"query-input":"required name=search_term_string"}],"inLanguage":"sl-SI"},{"@type":"Organization","@id":"https:\/\/hudo.com\/si\/#organization","name":"VSN Media","url":"https:\/\/hudo.com\/si\/","logo":{"@type":"ImageObject","inLanguage":"sl-SI","@id":"https:\/\/hudo.com\/si\/#\/schema\/logo\/image\/","url":"https:\/\/hudo.com\/si\/wp-content\/uploads\/sites\/2\/2021\/03\/hudo-app-2.png","contentUrl":"https:\/\/hudo.com\/si\/wp-content\/uploads\/sites\/2\/2021\/03\/hudo-app-2.png","width":2185,"height":2167,"caption":"VSN Media"},"image":{"@id":"https:\/\/hudo.com\/si\/#\/schema\/logo\/image\/"},"sameAs":["https:\/\/www.facebook.com\/hudo.si","https:\/\/twitter.com\/hudo_si"]},{"@type":"Person","@id":"https:\/\/hudo.com\/si\/#\/schema\/person\/601cf3379633985b20f7e50f2bb47707","name":"hudo","image":{"@type":"ImageObject","inLanguage":"sl-SI","@id":"https:\/\/hudo.com\/si\/#\/schema\/person\/image\/","url":"https:\/\/secure.gravatar.com\/avatar\/c4ca25fa72cace7a696b52ff5db9e095?s=96&d=mm&r=g","contentUrl":"https:\/\/secure.gravatar.com\/avatar\/c4ca25fa72cace7a696b52ff5db9e095?s=96&d=mm&r=g","caption":"hudo"},"url":"https:\/\/hudo.com\/si\/author\/hudo\/"}]}},"amp_enabled":true,"_links":{"self":[{"href":"https:\/\/hudo.com\/si\/wp-json\/wp\/v2\/posts\/61396"}],"collection":[{"href":"https:\/\/hudo.com\/si\/wp-json\/wp\/v2\/posts"}],"about":[{"href":"https:\/\/hudo.com\/si\/wp-json\/wp\/v2\/types\/post"}],"author":[{"embeddable":true,"href":"https:\/\/hudo.com\/si\/wp-json\/wp\/v2\/users\/1"}],"replies":[{"embeddable":true,"href":"https:\/\/hudo.com\/si\/wp-json\/wp\/v2\/comments?post=61396"}],"version-history":[{"count":1,"href":"https:\/\/hudo.com\/si\/wp-json\/wp\/v2\/posts\/61396\/revisions"}],"predecessor-version":[{"id":61448,"href":"https:\/\/hudo.com\/si\/wp-json\/wp\/v2\/posts\/61396\/revisions\/61448"}],"wp:attachment":[{"href":"https:\/\/hudo.com\/si\/wp-json\/wp\/v2\/media?parent=61396"}],"wp:term":[{"taxonomy":"category","embeddable":true,"href":"https:\/\/hudo.com\/si\/wp-json\/wp\/v2\/categories?post=61396"},{"taxonomy":"post_tag","embeddable":true,"href":"https:\/\/hudo.com\/si\/wp-json\/wp\/v2\/tags?post=61396"},{"taxonomy":"source","embeddable":true,"href":"https:\/\/hudo.com\/si\/wp-json\/wp\/v2\/source?post=61396"},{"taxonomy":"supertag","embeddable":true,"href":"https:\/\/hudo.com\/si\/wp-json\/wp\/v2\/supertag?post=61396"}],"curies":[{"name":"wp","href":"https:\/\/api.w.org\/{rel}","templated":true}]}}