{"id":61398,"date":"2016-05-25T18:00:00","date_gmt":"2016-05-25T16:00:00","guid":{"rendered":"http:\/\/hudo.com\/si\/2016\/05\/25\/dve-leti-po-tragediji-v-deroci-vodi-zdaj-ovadbe\/"},"modified":"2016-05-26T16:36:10","modified_gmt":"2016-05-26T14:36:10","slug":"dve-leti-po-tragediji-v-deroci-vodi-zdaj-ovadbe","status":"publish","type":"post","link":"https:\/\/hudo.com\/si\/aktualno\/dve-leti-po-tragediji-v-deroci-vodi-zdaj-ovadbe\/","title":{"rendered":"Dve leti po tragediji v dero\u010di vodi zdaj ovadbe"},"content":{"rendered":"<p>Policija je dve leti po tragediji na Vranskem zaradi smrti komaj 17-letne Lare Safran in 30-letnega Mihe Baloha ovadila dve vodilni osebi, je poro\u010dal Pop TV. Ovadena naj bi bila vodilna v podjetju Energetika Projekt &#8211; direktor in vodja vzdr\u017eevanja, o\u010ditano pa naj bi jima bilo kaznivo dejanje povzro\u010ditve splo\u0161ne nevarnosti. \u010ce jima bo krivda za nesre\u010do dokazana, jima grozi do osem let zapora. Safranova in Baloh, doma iz Petrov\u010d, sta bila sodelavca AMZS. Dvojica je bila tisto septembrsko soboto zjutraj na poti na Brdo pri Kranju, kjer je AMZS pripravljal preventivne aktivnosti. Na poti do cilja sta \u017eelela na sede\u017eu AMZS na Vranskem vzeti \u0161e dodaten preventivni material. Pri mostu, kjer je neurje mo\u010dno izpodkopalo vozi\u0161\u010de in uni\u010dilo most, je voznik zapeljal v strugo potoka. Avto so na\u0161li pribli\u017eno kilometer od kraja nesre\u010de, kasneje pa tudi trupli voznika in potnice. \u201cObstajajo razlogi za sum, da gre za odgovornost dveh oseb v pravni osebi, ki je izvajala koncesijo za ob\u010dino Vransko. Zato smo zoper dva osumljena podali ovadbo zaradi povzro\u010ditve splo\u0161ne nevarnosti,\u201d je pojasnil Milan Vogrinec s Policijske uprave Celje. Dodal je: \u201cDve osebi sta opustili dol\u017eno ravnanje, nadzor nad izvajanjem nadzora cesti\u0161\u010da. Cesto bi morali zapreti in onemogo\u010diti promet na tem delu ceste.\u201d Dru\u017eba, ki je imela z vransko ob\u010dino podpisano koncesijsko pogodbo za upravljanje cest, je Energetika Projekt. Po nesre\u010di so zatrjevali, da je vozi\u0161\u010de in most pregledal njihov uslu\u017ebenec. In vzdr\u017eevalec je tedaj sklenil, da voda ni tako visoka, da bi bilo treba promet \u010dez most prepovedati.Kronika<\/p>\n","protected":false},"excerpt":{"rendered":"<p>Policija je dve leti po tragediji na Vranskem zaradi smrti komaj 17-letne Lare Safran in 30-letnega Mihe Baloha ovadila dve vodilni osebi, je poro\u010dal Pop TV. Ovadena naj bi bila vodilna v podjetju Energetika Projekt &#8211; direktor in vodja vzdr\u017eevanja, o\u010ditano pa naj bi jima bilo kaznivo dejanje povzro\u010ditve splo\u0161ne nevarnosti. \u010ce jima bo krivda za nesre\u010do dokazana, jima grozi do osem let zapora. Safranova in Baloh, doma iz Petrov\u010d, sta bila sodelavca AMZS. Dvojica je bila tisto septembrsko soboto zjutraj na poti na Brdo pri Kranju, kjer je AMZS pripravljal preventivne aktivnosti. Na poti do cilja sta \u017eelela na sede\u017eu AMZS na Vranskem vzeti \u0161e dodaten preventivni material. Pri mostu, kjer je neurje mo\u010dno izpodkopalo vozi\u0161\u010de in uni\u010dilo most, je voznik zapeljal v strugo potoka. Avto so na\u0161li pribli\u017eno kilometer od kraja nesre\u010de, kasneje pa tudi trupli voznika in potnice. \u201cObstajajo razlogi za sum, da gre za odgovornost dveh oseb v pravni osebi, ki je izvajala koncesijo za ob\u010dino Vransko. Zato smo zoper dva osumljena podali ovadbo zaradi povzro\u010ditve splo\u0161ne nevarnosti,\u201d je pojasnil Milan Vogrinec s Policijske uprave Celje. Dodal je: \u201cDve osebi sta opustili dol\u017eno ravnanje, nadzor nad izvajanjem nadzora cesti\u0161\u010da. Cesto bi morali zapreti in onemogo\u010diti promet na tem delu ceste.\u201d Dru\u017eba, ki je imela z vransko ob\u010dino podpisano koncesijsko pogodbo za upravljanje cest, je Energetika Projekt. Po nesre\u010di so zatrjevali, da je vozi\u0161\u010de in most pregledal njihov uslu\u017ebenec. In vzdr\u017eevalec je tedaj sklenil, da voda ni tako visoka, da bi bilo treba promet \u010dez most prepovedati.Kronika<\/p>\n","protected":false},"author":1,"featured_media":0,"comment_status":"closed","ping_status":"closed","sticky":false,"template":"","format":"standard","meta":{"footnotes":""},"categories":[1179],"tags":[],"source":[1711],"supertag":[],"acf":[],"yoast_head":"<!-- This site is optimized with the Yoast SEO plugin v21.3 - https:\/\/yoast.com\/wordpress\/plugins\/seo\/ -->\n<title>Dve leti po tragediji v dero\u010di vodi zdaj ovadbe - Hudo Slovenija<\/title>\n<meta name=\"robots\" content=\"index, follow, max-snippet:-1, max-image-preview:large, max-video-preview:-1\" \/>\n<link rel=\"canonical\" href=\"https:\/\/hudo.com\/si\/aktualno\/dve-leti-po-tragediji-v-deroci-vodi-zdaj-ovadbe\/\" \/>\n<meta property=\"og:locale\" content=\"sl_SI\" \/>\n<meta property=\"og:type\" content=\"article\" \/>\n<meta property=\"og:title\" content=\"Dve leti po tragediji v dero\u010di vodi zdaj ovadbe - Hudo Slovenija\" \/>\n<meta property=\"og:description\" content=\"Policija je dve leti po tragediji na Vranskem zaradi smrti komaj 17-letne Lare Safran in 30-letnega Mihe Baloha ovadila dve vodilni osebi, je poro\u010dal Pop TV. Ovadena naj bi bila vodilna v podjetju Energetika Projekt - direktor in vodja vzdr\u017eevanja, o\u010ditano pa naj bi jima bilo kaznivo dejanje povzro\u010ditve splo\u0161ne nevarnosti. \u010ce jima bo krivda za nesre\u010do dokazana, jima grozi do osem let zapora. Safranova in Baloh, doma iz Petrov\u010d, sta bila sodelavca AMZS. Dvojica je bila tisto septembrsko soboto zjutraj na poti na Brdo pri Kranju, kjer je AMZS pripravljal preventivne aktivnosti. Na poti do cilja sta \u017eelela na sede\u017eu AMZS na Vranskem vzeti \u0161e dodaten preventivni material. Pri mostu, kjer je neurje mo\u010dno izpodkopalo vozi\u0161\u010de in uni\u010dilo most, je voznik zapeljal v strugo potoka. Avto so na\u0161li pribli\u017eno kilometer od kraja nesre\u010de, kasneje pa tudi trupli voznika in potnice. \u201cObstajajo razlogi za sum, da gre za odgovornost dveh oseb v pravni osebi, ki je izvajala koncesijo za ob\u010dino Vransko. Zato smo zoper dva osumljena podali ovadbo zaradi povzro\u010ditve splo\u0161ne nevarnosti,\u201d je pojasnil Milan Vogrinec s Policijske uprave Celje. Dodal je: \u201cDve osebi sta opustili dol\u017eno ravnanje, nadzor nad izvajanjem nadzora cesti\u0161\u010da. Cesto bi morali zapreti in onemogo\u010diti promet na tem delu ceste.\u201d Dru\u017eba, ki je imela z vransko ob\u010dino podpisano koncesijsko pogodbo za upravljanje cest, je Energetika Projekt. Po nesre\u010di so zatrjevali, da je vozi\u0161\u010de in most pregledal njihov uslu\u017ebenec. In vzdr\u017eevalec je tedaj sklenil, da voda ni tako visoka, da bi bilo treba promet \u010dez most prepovedati.Kronika\" \/>\n<meta property=\"og:url\" content=\"https:\/\/hudo.com\/si\/aktualno\/dve-leti-po-tragediji-v-deroci-vodi-zdaj-ovadbe\/\" \/>\n<meta property=\"og:site_name\" content=\"Hudo Slovenija\" \/>\n<meta property=\"article:publisher\" content=\"https:\/\/www.facebook.com\/hudo.si\" \/>\n<meta property=\"article:published_time\" content=\"2016-05-25T16:00:00+00:00\" \/>\n<meta property=\"article:modified_time\" content=\"2016-05-26T14:36:10+00:00\" \/>\n<meta property=\"og:image\" content=\"https:\/\/hudo.com\/si\/wp-content\/uploads\/sites\/2\/2016\/05\/01281510F-300.jpg\" \/>\n\t<meta property=\"og:image:width\" content=\"450\" \/>\n\t<meta property=\"og:image:height\" content=\"253\" \/>\n\t<meta property=\"og:image:type\" content=\"image\/jpeg\" \/>\n<meta name=\"author\" content=\"hudo\" \/>\n<meta name=\"twitter:card\" content=\"summary_large_image\" \/>\n<meta name=\"twitter:creator\" content=\"@hudo_si\" \/>\n<meta name=\"twitter:site\" content=\"@hudo_si\" \/>\n<meta name=\"twitter:label1\" content=\"Written by\" \/>\n\t<meta name=\"twitter:data1\" content=\"hudo\" \/>\n\t<meta name=\"twitter:label2\" content=\"Est. reading time\" \/>\n\t<meta name=\"twitter:data2\" content=\"1 minuta\" \/>\n<script type=\"application\/ld+json\" class=\"yoast-schema-graph\">{\"@context\":\"https:\/\/schema.org\",\"@graph\":[{\"@type\":\"Article\",\"@id\":\"https:\/\/hudo.com\/si\/aktualno\/dve-leti-po-tragediji-v-deroci-vodi-zdaj-ovadbe\/#article\",\"isPartOf\":{\"@id\":\"https:\/\/hudo.com\/si\/aktualno\/dve-leti-po-tragediji-v-deroci-vodi-zdaj-ovadbe\/\"},\"author\":{\"name\":\"hudo\",\"@id\":\"https:\/\/hudo.com\/si\/#\/schema\/person\/601cf3379633985b20f7e50f2bb47707\"},\"headline\":\"Dve leti po tragediji v dero\u010di vodi zdaj ovadbe\",\"datePublished\":\"2016-05-25T16:00:00+00:00\",\"dateModified\":\"2016-05-26T14:36:10+00:00\",\"mainEntityOfPage\":{\"@id\":\"https:\/\/hudo.com\/si\/aktualno\/dve-leti-po-tragediji-v-deroci-vodi-zdaj-ovadbe\/\"},\"wordCount\":286,\"publisher\":{\"@id\":\"https:\/\/hudo.com\/si\/#organization\"},\"articleSection\":[\"Aktualno\"],\"inLanguage\":\"sl-SI\"},{\"@type\":\"WebPage\",\"@id\":\"https:\/\/hudo.com\/si\/aktualno\/dve-leti-po-tragediji-v-deroci-vodi-zdaj-ovadbe\/\",\"url\":\"https:\/\/hudo.com\/si\/aktualno\/dve-leti-po-tragediji-v-deroci-vodi-zdaj-ovadbe\/\",\"name\":\"Dve leti po tragediji v dero\u010di vodi zdaj ovadbe - Hudo Slovenija\",\"isPartOf\":{\"@id\":\"https:\/\/hudo.com\/si\/#website\"},\"datePublished\":\"2016-05-25T16:00:00+00:00\",\"dateModified\":\"2016-05-26T14:36:10+00:00\",\"breadcrumb\":{\"@id\":\"https:\/\/hudo.com\/si\/aktualno\/dve-leti-po-tragediji-v-deroci-vodi-zdaj-ovadbe\/#breadcrumb\"},\"inLanguage\":\"sl-SI\",\"potentialAction\":[{\"@type\":\"ReadAction\",\"target\":[\"https:\/\/hudo.com\/si\/aktualno\/dve-leti-po-tragediji-v-deroci-vodi-zdaj-ovadbe\/\"]}]},{\"@type\":\"BreadcrumbList\",\"@id\":\"https:\/\/hudo.com\/si\/aktualno\/dve-leti-po-tragediji-v-deroci-vodi-zdaj-ovadbe\/#breadcrumb\",\"itemListElement\":[{\"@type\":\"ListItem\",\"position\":1,\"name\":\"Home\",\"item\":\"https:\/\/hudo.com\/si\/\"},{\"@type\":\"ListItem\",\"position\":2,\"name\":\"Dve leti po tragediji v dero\u010di vodi zdaj ovadbe\"}]},{\"@type\":\"WebSite\",\"@id\":\"https:\/\/hudo.com\/si\/#website\",\"url\":\"https:\/\/hudo.com\/si\/\",\"name\":\"Hudo Slovenija\",\"description\":\"Vse novice iz Slovenije in sveta\",\"publisher\":{\"@id\":\"https:\/\/hudo.com\/si\/#organization\"},\"potentialAction\":[{\"@type\":\"SearchAction\",\"target\":{\"@type\":\"EntryPoint\",\"urlTemplate\":\"https:\/\/hudo.com\/si\/?s={search_term_string}\"},\"query-input\":\"required name=search_term_string\"}],\"inLanguage\":\"sl-SI\"},{\"@type\":\"Organization\",\"@id\":\"https:\/\/hudo.com\/si\/#organization\",\"name\":\"VSN Media\",\"url\":\"https:\/\/hudo.com\/si\/\",\"logo\":{\"@type\":\"ImageObject\",\"inLanguage\":\"sl-SI\",\"@id\":\"https:\/\/hudo.com\/si\/#\/schema\/logo\/image\/\",\"url\":\"https:\/\/hudo.com\/si\/wp-content\/uploads\/sites\/2\/2021\/03\/hudo-app-2.png\",\"contentUrl\":\"https:\/\/hudo.com\/si\/wp-content\/uploads\/sites\/2\/2021\/03\/hudo-app-2.png\",\"width\":2185,\"height\":2167,\"caption\":\"VSN Media\"},\"image\":{\"@id\":\"https:\/\/hudo.com\/si\/#\/schema\/logo\/image\/\"},\"sameAs\":[\"https:\/\/www.facebook.com\/hudo.si\",\"https:\/\/twitter.com\/hudo_si\"]},{\"@type\":\"Person\",\"@id\":\"https:\/\/hudo.com\/si\/#\/schema\/person\/601cf3379633985b20f7e50f2bb47707\",\"name\":\"hudo\",\"image\":{\"@type\":\"ImageObject\",\"inLanguage\":\"sl-SI\",\"@id\":\"https:\/\/hudo.com\/si\/#\/schema\/person\/image\/\",\"url\":\"https:\/\/secure.gravatar.com\/avatar\/c4ca25fa72cace7a696b52ff5db9e095?s=96&d=mm&r=g\",\"contentUrl\":\"https:\/\/secure.gravatar.com\/avatar\/c4ca25fa72cace7a696b52ff5db9e095?s=96&d=mm&r=g\",\"caption\":\"hudo\"},\"url\":\"https:\/\/hudo.com\/si\/author\/hudo\/\"}]}<\/script>\n<!-- \/ Yoast SEO plugin. -->","yoast_head_json":{"title":"Dve leti po tragediji v dero\u010di vodi zdaj ovadbe - Hudo Slovenija","robots":{"index":"index","follow":"follow","max-snippet":"max-snippet:-1","max-image-preview":"max-image-preview:large","max-video-preview":"max-video-preview:-1"},"canonical":"https:\/\/hudo.com\/si\/aktualno\/dve-leti-po-tragediji-v-deroci-vodi-zdaj-ovadbe\/","og_locale":"sl_SI","og_type":"article","og_title":"Dve leti po tragediji v dero\u010di vodi zdaj ovadbe - Hudo Slovenija","og_description":"Policija je dve leti po tragediji na Vranskem zaradi smrti komaj 17-letne Lare Safran in 30-letnega Mihe Baloha ovadila dve vodilni osebi, je poro\u010dal Pop TV. Ovadena naj bi bila vodilna v podjetju Energetika Projekt - direktor in vodja vzdr\u017eevanja, o\u010ditano pa naj bi jima bilo kaznivo dejanje povzro\u010ditve splo\u0161ne nevarnosti. \u010ce jima bo krivda za nesre\u010do dokazana, jima grozi do osem let zapora. Safranova in Baloh, doma iz Petrov\u010d, sta bila sodelavca AMZS. Dvojica je bila tisto septembrsko soboto zjutraj na poti na Brdo pri Kranju, kjer je AMZS pripravljal preventivne aktivnosti. Na poti do cilja sta \u017eelela na sede\u017eu AMZS na Vranskem vzeti \u0161e dodaten preventivni material. Pri mostu, kjer je neurje mo\u010dno izpodkopalo vozi\u0161\u010de in uni\u010dilo most, je voznik zapeljal v strugo potoka. Avto so na\u0161li pribli\u017eno kilometer od kraja nesre\u010de, kasneje pa tudi trupli voznika in potnice. \u201cObstajajo razlogi za sum, da gre za odgovornost dveh oseb v pravni osebi, ki je izvajala koncesijo za ob\u010dino Vransko. Zato smo zoper dva osumljena podali ovadbo zaradi povzro\u010ditve splo\u0161ne nevarnosti,\u201d je pojasnil Milan Vogrinec s Policijske uprave Celje. Dodal je: \u201cDve osebi sta opustili dol\u017eno ravnanje, nadzor nad izvajanjem nadzora cesti\u0161\u010da. Cesto bi morali zapreti in onemogo\u010diti promet na tem delu ceste.\u201d Dru\u017eba, ki je imela z vransko ob\u010dino podpisano koncesijsko pogodbo za upravljanje cest, je Energetika Projekt. Po nesre\u010di so zatrjevali, da je vozi\u0161\u010de in most pregledal njihov uslu\u017ebenec. In vzdr\u017eevalec je tedaj sklenil, da voda ni tako visoka, da bi bilo treba promet \u010dez most prepovedati.Kronika","og_url":"https:\/\/hudo.com\/si\/aktualno\/dve-leti-po-tragediji-v-deroci-vodi-zdaj-ovadbe\/","og_site_name":"Hudo Slovenija","article_publisher":"https:\/\/www.facebook.com\/hudo.si","article_published_time":"2016-05-25T16:00:00+00:00","article_modified_time":"2016-05-26T14:36:10+00:00","og_image":[{"width":450,"height":253,"url":"https:\/\/hudo.com\/si\/wp-content\/uploads\/sites\/2\/2016\/05\/01281510F-300.jpg","type":"image\/jpeg"}],"author":"hudo","twitter_card":"summary_large_image","twitter_creator":"@hudo_si","twitter_site":"@hudo_si","twitter_misc":{"Written by":"hudo","Est. reading time":"1 minuta"},"schema":{"@context":"https:\/\/schema.org","@graph":[{"@type":"Article","@id":"https:\/\/hudo.com\/si\/aktualno\/dve-leti-po-tragediji-v-deroci-vodi-zdaj-ovadbe\/#article","isPartOf":{"@id":"https:\/\/hudo.com\/si\/aktualno\/dve-leti-po-tragediji-v-deroci-vodi-zdaj-ovadbe\/"},"author":{"name":"hudo","@id":"https:\/\/hudo.com\/si\/#\/schema\/person\/601cf3379633985b20f7e50f2bb47707"},"headline":"Dve leti po tragediji v dero\u010di vodi zdaj ovadbe","datePublished":"2016-05-25T16:00:00+00:00","dateModified":"2016-05-26T14:36:10+00:00","mainEntityOfPage":{"@id":"https:\/\/hudo.com\/si\/aktualno\/dve-leti-po-tragediji-v-deroci-vodi-zdaj-ovadbe\/"},"wordCount":286,"publisher":{"@id":"https:\/\/hudo.com\/si\/#organization"},"articleSection":["Aktualno"],"inLanguage":"sl-SI"},{"@type":"WebPage","@id":"https:\/\/hudo.com\/si\/aktualno\/dve-leti-po-tragediji-v-deroci-vodi-zdaj-ovadbe\/","url":"https:\/\/hudo.com\/si\/aktualno\/dve-leti-po-tragediji-v-deroci-vodi-zdaj-ovadbe\/","name":"Dve leti po tragediji v dero\u010di vodi zdaj ovadbe - Hudo Slovenija","isPartOf":{"@id":"https:\/\/hudo.com\/si\/#website"},"datePublished":"2016-05-25T16:00:00+00:00","dateModified":"2016-05-26T14:36:10+00:00","breadcrumb":{"@id":"https:\/\/hudo.com\/si\/aktualno\/dve-leti-po-tragediji-v-deroci-vodi-zdaj-ovadbe\/#breadcrumb"},"inLanguage":"sl-SI","potentialAction":[{"@type":"ReadAction","target":["https:\/\/hudo.com\/si\/aktualno\/dve-leti-po-tragediji-v-deroci-vodi-zdaj-ovadbe\/"]}]},{"@type":"BreadcrumbList","@id":"https:\/\/hudo.com\/si\/aktualno\/dve-leti-po-tragediji-v-deroci-vodi-zdaj-ovadbe\/#breadcrumb","itemListElement":[{"@type":"ListItem","position":1,"name":"Home","item":"https:\/\/hudo.com\/si\/"},{"@type":"ListItem","position":2,"name":"Dve leti po tragediji v dero\u010di vodi zdaj ovadbe"}]},{"@type":"WebSite","@id":"https:\/\/hudo.com\/si\/#website","url":"https:\/\/hudo.com\/si\/","name":"Hudo Slovenija","description":"Vse novice iz Slovenije in sveta","publisher":{"@id":"https:\/\/hudo.com\/si\/#organization"},"potentialAction":[{"@type":"SearchAction","target":{"@type":"EntryPoint","urlTemplate":"https:\/\/hudo.com\/si\/?s={search_term_string}"},"query-input":"required name=search_term_string"}],"inLanguage":"sl-SI"},{"@type":"Organization","@id":"https:\/\/hudo.com\/si\/#organization","name":"VSN Media","url":"https:\/\/hudo.com\/si\/","logo":{"@type":"ImageObject","inLanguage":"sl-SI","@id":"https:\/\/hudo.com\/si\/#\/schema\/logo\/image\/","url":"https:\/\/hudo.com\/si\/wp-content\/uploads\/sites\/2\/2021\/03\/hudo-app-2.png","contentUrl":"https:\/\/hudo.com\/si\/wp-content\/uploads\/sites\/2\/2021\/03\/hudo-app-2.png","width":2185,"height":2167,"caption":"VSN Media"},"image":{"@id":"https:\/\/hudo.com\/si\/#\/schema\/logo\/image\/"},"sameAs":["https:\/\/www.facebook.com\/hudo.si","https:\/\/twitter.com\/hudo_si"]},{"@type":"Person","@id":"https:\/\/hudo.com\/si\/#\/schema\/person\/601cf3379633985b20f7e50f2bb47707","name":"hudo","image":{"@type":"ImageObject","inLanguage":"sl-SI","@id":"https:\/\/hudo.com\/si\/#\/schema\/person\/image\/","url":"https:\/\/secure.gravatar.com\/avatar\/c4ca25fa72cace7a696b52ff5db9e095?s=96&d=mm&r=g","contentUrl":"https:\/\/secure.gravatar.com\/avatar\/c4ca25fa72cace7a696b52ff5db9e095?s=96&d=mm&r=g","caption":"hudo"},"url":"https:\/\/hudo.com\/si\/author\/hudo\/"}]}},"amp_enabled":true,"_links":{"self":[{"href":"https:\/\/hudo.com\/si\/wp-json\/wp\/v2\/posts\/61398"}],"collection":[{"href":"https:\/\/hudo.com\/si\/wp-json\/wp\/v2\/posts"}],"about":[{"href":"https:\/\/hudo.com\/si\/wp-json\/wp\/v2\/types\/post"}],"author":[{"embeddable":true,"href":"https:\/\/hudo.com\/si\/wp-json\/wp\/v2\/users\/1"}],"replies":[{"embeddable":true,"href":"https:\/\/hudo.com\/si\/wp-json\/wp\/v2\/comments?post=61398"}],"version-history":[{"count":1,"href":"https:\/\/hudo.com\/si\/wp-json\/wp\/v2\/posts\/61398\/revisions"}],"predecessor-version":[{"id":61449,"href":"https:\/\/hudo.com\/si\/wp-json\/wp\/v2\/posts\/61398\/revisions\/61449"}],"wp:attachment":[{"href":"https:\/\/hudo.com\/si\/wp-json\/wp\/v2\/media?parent=61398"}],"wp:term":[{"taxonomy":"category","embeddable":true,"href":"https:\/\/hudo.com\/si\/wp-json\/wp\/v2\/categories?post=61398"},{"taxonomy":"post_tag","embeddable":true,"href":"https:\/\/hudo.com\/si\/wp-json\/wp\/v2\/tags?post=61398"},{"taxonomy":"source","embeddable":true,"href":"https:\/\/hudo.com\/si\/wp-json\/wp\/v2\/source?post=61398"},{"taxonomy":"supertag","embeddable":true,"href":"https:\/\/hudo.com\/si\/wp-json\/wp\/v2\/supertag?post=61398"}],"curies":[{"name":"wp","href":"https:\/\/api.w.org\/{rel}","templated":true}]}}