{"id":61414,"date":"2016-05-25T17:46:00","date_gmt":"2016-05-25T15:46:00","guid":{"rendered":"http:\/\/hudo.com\/si\/2016\/05\/25\/protestniki-se-ne-strinjajo-s-prenovo-roga\/"},"modified":"2016-05-25T22:17:03","modified_gmt":"2016-05-25T20:17:03","slug":"protestniki-se-ne-strinjajo-s-prenovo-roga","status":"publish","type":"post","link":"https:\/\/hudo.com\/si\/aktualno\/protestniki-se-ne-strinjajo-s-prenovo-roga\/","title":{"rendered":"Protestniki se ne strinjajo s prenovo Roga"},"content":{"rendered":"<p>Kategorija: Ljubljana Wed, 25 May 2016 19:46:00 +0200  Ljubljana &#8211; Uporabniki tovarne Rog so izrazili nestrinjanje z na\u010drtom Mestne ob\u010dine Ljubljana (MOL) za prenovo obmo\u010dja, kot ga je predvidela v okviru evropsko podprtega projekta Second Chance. Ker \u0161e vedno vztraja pri ru\u0161enju in projektu, za katerega, kot pravijo, nima denarja za realizacijo v doglednem \u010dasu, so opozorili, da \u00bbRoga ne dajo za gradbeno jamo\u00ab. Skupnost uporabnikov tovarne, katere jedro \u0161teje 150 ljudi, \u0161ir\u0161i krog do 300 ljudi pa prav tako uporablja prostore in ustvarja v njih, tu pa je \u0161e ob\u010dinstvo, skupaj par tiso\u010d ljudi, je nestrinjanje z na\u010drtoma izrazila s sprehodom od Trubarjeve prek sredi\u0161\u010da mesta do Mestne hi\u0161e. Na postanku na Pre\u0161ernovem trgu je pisana dru\u0161\u010dina kak\u0161nih 500 ljudi ob glasbi, s transparenti in prepoznavnim znakom nekdanje tovarne koles opomnila, da v Rogu \u017ee ve\u010d let potekajo\u00a0&#8230;<\/p>\n","protected":false},"excerpt":{"rendered":"<p>Kategorija: Ljubljana Wed, 25 May 2016 19:46:00 +0200  Ljubljana &#8211; Uporabniki tovarne Rog so izrazili nestrinjanje z na\u010drtom Mestne ob\u010dine Ljubljana (MOL) za prenovo obmo\u010dja, kot ga je predvidela v okviru evropsko podprtega projekta Second Chance. Ker \u0161e vedno vztraja pri ru\u0161enju in projektu, za katerega, kot pravijo, nima denarja za realizacijo v doglednem \u010dasu, so opozorili, da \u00bbRoga ne dajo za gradbeno jamo\u00ab. Skupnost uporabnikov tovarne, katere jedro \u0161teje 150 ljudi, \u0161ir\u0161i krog do 300 ljudi pa prav tako uporablja prostore in ustvarja v njih, tu pa je \u0161e ob\u010dinstvo, skupaj par tiso\u010d ljudi, je nestrinjanje z na\u010drtoma izrazila s sprehodom od Trubarjeve prek sredi\u0161\u010da mesta do Mestne hi\u0161e. Na postanku na Pre\u0161ernovem trgu je pisana dru\u0161\u010dina kak\u0161nih 500 ljudi ob glasbi, s transparenti in prepoznavnim znakom nekdanje tovarne koles opomnila, da v Rogu \u017ee ve\u010d let potekajo\u00a0&#8230;<\/p>\n","protected":false},"author":1,"featured_media":0,"comment_status":"closed","ping_status":"closed","sticky":false,"template":"","format":"standard","meta":{"footnotes":""},"categories":[1179],"tags":[],"source":[4511],"supertag":[],"acf":[],"yoast_head":"<!-- This site is optimized with the Yoast SEO plugin v21.3 - https:\/\/yoast.com\/wordpress\/plugins\/seo\/ -->\n<title>Protestniki se ne strinjajo s prenovo Roga - Hudo Slovenija<\/title>\n<meta name=\"robots\" content=\"index, follow, max-snippet:-1, max-image-preview:large, max-video-preview:-1\" \/>\n<link rel=\"canonical\" href=\"https:\/\/hudo.com\/si\/aktualno\/protestniki-se-ne-strinjajo-s-prenovo-roga\/\" \/>\n<meta property=\"og:locale\" content=\"sl_SI\" \/>\n<meta property=\"og:type\" content=\"article\" \/>\n<meta property=\"og:title\" content=\"Protestniki se ne strinjajo s prenovo Roga - Hudo Slovenija\" \/>\n<meta property=\"og:description\" content=\"Kategorija: Ljubljana Wed, 25 May 2016 19:46:00 +0200 Ljubljana - Uporabniki tovarne Rog so izrazili nestrinjanje z na\u010drtom Mestne ob\u010dine Ljubljana (MOL) za prenovo obmo\u010dja, kot ga je predvidela v okviru evropsko podprtega projekta Second Chance. Ker \u0161e vedno vztraja pri ru\u0161enju in projektu, za katerega, kot pravijo, nima denarja za realizacijo v doglednem \u010dasu, so opozorili, da \u00bbRoga ne dajo za gradbeno jamo\u00ab. Skupnost uporabnikov tovarne, katere jedro \u0161teje 150 ljudi, \u0161ir\u0161i krog do 300 ljudi pa prav tako uporablja prostore in ustvarja v njih, tu pa je \u0161e ob\u010dinstvo, skupaj par tiso\u010d ljudi, je nestrinjanje z na\u010drtoma izrazila s sprehodom od Trubarjeve prek sredi\u0161\u010da mesta do Mestne hi\u0161e. Na postanku na Pre\u0161ernovem trgu je pisana dru\u0161\u010dina kak\u0161nih 500 ljudi ob glasbi, s transparenti in prepoznavnim znakom nekdanje tovarne koles opomnila, da v Rogu \u017ee ve\u010d let potekajo\u00a0...\" \/>\n<meta property=\"og:url\" content=\"https:\/\/hudo.com\/si\/aktualno\/protestniki-se-ne-strinjajo-s-prenovo-roga\/\" \/>\n<meta property=\"og:site_name\" content=\"Hudo Slovenija\" \/>\n<meta property=\"article:publisher\" content=\"https:\/\/www.facebook.com\/hudo.si\" \/>\n<meta property=\"article:published_time\" content=\"2016-05-25T15:46:00+00:00\" \/>\n<meta property=\"article:modified_time\" content=\"2016-05-25T20:17:03+00:00\" \/>\n<meta property=\"og:image\" content=\"https:\/\/hudo.com\/si\/wp-content\/uploads\/sites\/2\/2016\/05\/480x290_Delo_Foto-20160525194311-17611100.jpeg\" \/>\n\t<meta property=\"og:image:width\" content=\"480\" \/>\n\t<meta property=\"og:image:height\" content=\"290\" \/>\n\t<meta property=\"og:image:type\" content=\"image\/jpeg\" \/>\n<meta name=\"author\" content=\"hudo\" \/>\n<meta name=\"twitter:card\" content=\"summary_large_image\" \/>\n<meta name=\"twitter:creator\" content=\"@hudo_si\" \/>\n<meta name=\"twitter:site\" content=\"@hudo_si\" \/>\n<meta name=\"twitter:label1\" content=\"Written by\" \/>\n\t<meta name=\"twitter:data1\" content=\"hudo\" \/>\n\t<meta name=\"twitter:label2\" content=\"Est. reading time\" \/>\n\t<meta name=\"twitter:data2\" content=\"1 minuta\" \/>\n<script type=\"application\/ld+json\" class=\"yoast-schema-graph\">{\"@context\":\"https:\/\/schema.org\",\"@graph\":[{\"@type\":\"Article\",\"@id\":\"https:\/\/hudo.com\/si\/aktualno\/protestniki-se-ne-strinjajo-s-prenovo-roga\/#article\",\"isPartOf\":{\"@id\":\"https:\/\/hudo.com\/si\/aktualno\/protestniki-se-ne-strinjajo-s-prenovo-roga\/\"},\"author\":{\"name\":\"hudo\",\"@id\":\"https:\/\/hudo.com\/si\/#\/schema\/person\/601cf3379633985b20f7e50f2bb47707\"},\"headline\":\"Protestniki se ne strinjajo s prenovo Roga\",\"datePublished\":\"2016-05-25T15:46:00+00:00\",\"dateModified\":\"2016-05-25T20:17:03+00:00\",\"mainEntityOfPage\":{\"@id\":\"https:\/\/hudo.com\/si\/aktualno\/protestniki-se-ne-strinjajo-s-prenovo-roga\/\"},\"wordCount\":151,\"publisher\":{\"@id\":\"https:\/\/hudo.com\/si\/#organization\"},\"articleSection\":[\"Aktualno\"],\"inLanguage\":\"sl-SI\"},{\"@type\":\"WebPage\",\"@id\":\"https:\/\/hudo.com\/si\/aktualno\/protestniki-se-ne-strinjajo-s-prenovo-roga\/\",\"url\":\"https:\/\/hudo.com\/si\/aktualno\/protestniki-se-ne-strinjajo-s-prenovo-roga\/\",\"name\":\"Protestniki se ne strinjajo s prenovo Roga - Hudo Slovenija\",\"isPartOf\":{\"@id\":\"https:\/\/hudo.com\/si\/#website\"},\"datePublished\":\"2016-05-25T15:46:00+00:00\",\"dateModified\":\"2016-05-25T20:17:03+00:00\",\"breadcrumb\":{\"@id\":\"https:\/\/hudo.com\/si\/aktualno\/protestniki-se-ne-strinjajo-s-prenovo-roga\/#breadcrumb\"},\"inLanguage\":\"sl-SI\",\"potentialAction\":[{\"@type\":\"ReadAction\",\"target\":[\"https:\/\/hudo.com\/si\/aktualno\/protestniki-se-ne-strinjajo-s-prenovo-roga\/\"]}]},{\"@type\":\"BreadcrumbList\",\"@id\":\"https:\/\/hudo.com\/si\/aktualno\/protestniki-se-ne-strinjajo-s-prenovo-roga\/#breadcrumb\",\"itemListElement\":[{\"@type\":\"ListItem\",\"position\":1,\"name\":\"Home\",\"item\":\"https:\/\/hudo.com\/si\/\"},{\"@type\":\"ListItem\",\"position\":2,\"name\":\"Protestniki se ne strinjajo s prenovo Roga\"}]},{\"@type\":\"WebSite\",\"@id\":\"https:\/\/hudo.com\/si\/#website\",\"url\":\"https:\/\/hudo.com\/si\/\",\"name\":\"Hudo Slovenija\",\"description\":\"Vse novice iz Slovenije in sveta\",\"publisher\":{\"@id\":\"https:\/\/hudo.com\/si\/#organization\"},\"potentialAction\":[{\"@type\":\"SearchAction\",\"target\":{\"@type\":\"EntryPoint\",\"urlTemplate\":\"https:\/\/hudo.com\/si\/?s={search_term_string}\"},\"query-input\":\"required name=search_term_string\"}],\"inLanguage\":\"sl-SI\"},{\"@type\":\"Organization\",\"@id\":\"https:\/\/hudo.com\/si\/#organization\",\"name\":\"VSN Media\",\"url\":\"https:\/\/hudo.com\/si\/\",\"logo\":{\"@type\":\"ImageObject\",\"inLanguage\":\"sl-SI\",\"@id\":\"https:\/\/hudo.com\/si\/#\/schema\/logo\/image\/\",\"url\":\"https:\/\/hudo.com\/si\/wp-content\/uploads\/sites\/2\/2021\/03\/hudo-app-2.png\",\"contentUrl\":\"https:\/\/hudo.com\/si\/wp-content\/uploads\/sites\/2\/2021\/03\/hudo-app-2.png\",\"width\":2185,\"height\":2167,\"caption\":\"VSN Media\"},\"image\":{\"@id\":\"https:\/\/hudo.com\/si\/#\/schema\/logo\/image\/\"},\"sameAs\":[\"https:\/\/www.facebook.com\/hudo.si\",\"https:\/\/twitter.com\/hudo_si\"]},{\"@type\":\"Person\",\"@id\":\"https:\/\/hudo.com\/si\/#\/schema\/person\/601cf3379633985b20f7e50f2bb47707\",\"name\":\"hudo\",\"image\":{\"@type\":\"ImageObject\",\"inLanguage\":\"sl-SI\",\"@id\":\"https:\/\/hudo.com\/si\/#\/schema\/person\/image\/\",\"url\":\"https:\/\/secure.gravatar.com\/avatar\/c4ca25fa72cace7a696b52ff5db9e095?s=96&d=mm&r=g\",\"contentUrl\":\"https:\/\/secure.gravatar.com\/avatar\/c4ca25fa72cace7a696b52ff5db9e095?s=96&d=mm&r=g\",\"caption\":\"hudo\"},\"url\":\"https:\/\/hudo.com\/si\/author\/hudo\/\"}]}<\/script>\n<!-- \/ Yoast SEO plugin. -->","yoast_head_json":{"title":"Protestniki se ne strinjajo s prenovo Roga - Hudo Slovenija","robots":{"index":"index","follow":"follow","max-snippet":"max-snippet:-1","max-image-preview":"max-image-preview:large","max-video-preview":"max-video-preview:-1"},"canonical":"https:\/\/hudo.com\/si\/aktualno\/protestniki-se-ne-strinjajo-s-prenovo-roga\/","og_locale":"sl_SI","og_type":"article","og_title":"Protestniki se ne strinjajo s prenovo Roga - Hudo Slovenija","og_description":"Kategorija: Ljubljana Wed, 25 May 2016 19:46:00 +0200 Ljubljana - Uporabniki tovarne Rog so izrazili nestrinjanje z na\u010drtom Mestne ob\u010dine Ljubljana (MOL) za prenovo obmo\u010dja, kot ga je predvidela v okviru evropsko podprtega projekta Second Chance. Ker \u0161e vedno vztraja pri ru\u0161enju in projektu, za katerega, kot pravijo, nima denarja za realizacijo v doglednem \u010dasu, so opozorili, da \u00bbRoga ne dajo za gradbeno jamo\u00ab. Skupnost uporabnikov tovarne, katere jedro \u0161teje 150 ljudi, \u0161ir\u0161i krog do 300 ljudi pa prav tako uporablja prostore in ustvarja v njih, tu pa je \u0161e ob\u010dinstvo, skupaj par tiso\u010d ljudi, je nestrinjanje z na\u010drtoma izrazila s sprehodom od Trubarjeve prek sredi\u0161\u010da mesta do Mestne hi\u0161e. Na postanku na Pre\u0161ernovem trgu je pisana dru\u0161\u010dina kak\u0161nih 500 ljudi ob glasbi, s transparenti in prepoznavnim znakom nekdanje tovarne koles opomnila, da v Rogu \u017ee ve\u010d let potekajo\u00a0...","og_url":"https:\/\/hudo.com\/si\/aktualno\/protestniki-se-ne-strinjajo-s-prenovo-roga\/","og_site_name":"Hudo Slovenija","article_publisher":"https:\/\/www.facebook.com\/hudo.si","article_published_time":"2016-05-25T15:46:00+00:00","article_modified_time":"2016-05-25T20:17:03+00:00","og_image":[{"width":480,"height":290,"url":"https:\/\/hudo.com\/si\/wp-content\/uploads\/sites\/2\/2016\/05\/480x290_Delo_Foto-20160525194311-17611100.jpeg","type":"image\/jpeg"}],"author":"hudo","twitter_card":"summary_large_image","twitter_creator":"@hudo_si","twitter_site":"@hudo_si","twitter_misc":{"Written by":"hudo","Est. reading time":"1 minuta"},"schema":{"@context":"https:\/\/schema.org","@graph":[{"@type":"Article","@id":"https:\/\/hudo.com\/si\/aktualno\/protestniki-se-ne-strinjajo-s-prenovo-roga\/#article","isPartOf":{"@id":"https:\/\/hudo.com\/si\/aktualno\/protestniki-se-ne-strinjajo-s-prenovo-roga\/"},"author":{"name":"hudo","@id":"https:\/\/hudo.com\/si\/#\/schema\/person\/601cf3379633985b20f7e50f2bb47707"},"headline":"Protestniki se ne strinjajo s prenovo Roga","datePublished":"2016-05-25T15:46:00+00:00","dateModified":"2016-05-25T20:17:03+00:00","mainEntityOfPage":{"@id":"https:\/\/hudo.com\/si\/aktualno\/protestniki-se-ne-strinjajo-s-prenovo-roga\/"},"wordCount":151,"publisher":{"@id":"https:\/\/hudo.com\/si\/#organization"},"articleSection":["Aktualno"],"inLanguage":"sl-SI"},{"@type":"WebPage","@id":"https:\/\/hudo.com\/si\/aktualno\/protestniki-se-ne-strinjajo-s-prenovo-roga\/","url":"https:\/\/hudo.com\/si\/aktualno\/protestniki-se-ne-strinjajo-s-prenovo-roga\/","name":"Protestniki se ne strinjajo s prenovo Roga - Hudo Slovenija","isPartOf":{"@id":"https:\/\/hudo.com\/si\/#website"},"datePublished":"2016-05-25T15:46:00+00:00","dateModified":"2016-05-25T20:17:03+00:00","breadcrumb":{"@id":"https:\/\/hudo.com\/si\/aktualno\/protestniki-se-ne-strinjajo-s-prenovo-roga\/#breadcrumb"},"inLanguage":"sl-SI","potentialAction":[{"@type":"ReadAction","target":["https:\/\/hudo.com\/si\/aktualno\/protestniki-se-ne-strinjajo-s-prenovo-roga\/"]}]},{"@type":"BreadcrumbList","@id":"https:\/\/hudo.com\/si\/aktualno\/protestniki-se-ne-strinjajo-s-prenovo-roga\/#breadcrumb","itemListElement":[{"@type":"ListItem","position":1,"name":"Home","item":"https:\/\/hudo.com\/si\/"},{"@type":"ListItem","position":2,"name":"Protestniki se ne strinjajo s prenovo Roga"}]},{"@type":"WebSite","@id":"https:\/\/hudo.com\/si\/#website","url":"https:\/\/hudo.com\/si\/","name":"Hudo Slovenija","description":"Vse novice iz Slovenije in sveta","publisher":{"@id":"https:\/\/hudo.com\/si\/#organization"},"potentialAction":[{"@type":"SearchAction","target":{"@type":"EntryPoint","urlTemplate":"https:\/\/hudo.com\/si\/?s={search_term_string}"},"query-input":"required name=search_term_string"}],"inLanguage":"sl-SI"},{"@type":"Organization","@id":"https:\/\/hudo.com\/si\/#organization","name":"VSN Media","url":"https:\/\/hudo.com\/si\/","logo":{"@type":"ImageObject","inLanguage":"sl-SI","@id":"https:\/\/hudo.com\/si\/#\/schema\/logo\/image\/","url":"https:\/\/hudo.com\/si\/wp-content\/uploads\/sites\/2\/2021\/03\/hudo-app-2.png","contentUrl":"https:\/\/hudo.com\/si\/wp-content\/uploads\/sites\/2\/2021\/03\/hudo-app-2.png","width":2185,"height":2167,"caption":"VSN Media"},"image":{"@id":"https:\/\/hudo.com\/si\/#\/schema\/logo\/image\/"},"sameAs":["https:\/\/www.facebook.com\/hudo.si","https:\/\/twitter.com\/hudo_si"]},{"@type":"Person","@id":"https:\/\/hudo.com\/si\/#\/schema\/person\/601cf3379633985b20f7e50f2bb47707","name":"hudo","image":{"@type":"ImageObject","inLanguage":"sl-SI","@id":"https:\/\/hudo.com\/si\/#\/schema\/person\/image\/","url":"https:\/\/secure.gravatar.com\/avatar\/c4ca25fa72cace7a696b52ff5db9e095?s=96&d=mm&r=g","contentUrl":"https:\/\/secure.gravatar.com\/avatar\/c4ca25fa72cace7a696b52ff5db9e095?s=96&d=mm&r=g","caption":"hudo"},"url":"https:\/\/hudo.com\/si\/author\/hudo\/"}]}},"amp_enabled":true,"_links":{"self":[{"href":"https:\/\/hudo.com\/si\/wp-json\/wp\/v2\/posts\/61414"}],"collection":[{"href":"https:\/\/hudo.com\/si\/wp-json\/wp\/v2\/posts"}],"about":[{"href":"https:\/\/hudo.com\/si\/wp-json\/wp\/v2\/types\/post"}],"author":[{"embeddable":true,"href":"https:\/\/hudo.com\/si\/wp-json\/wp\/v2\/users\/1"}],"replies":[{"embeddable":true,"href":"https:\/\/hudo.com\/si\/wp-json\/wp\/v2\/comments?post=61414"}],"version-history":[{"count":1,"href":"https:\/\/hudo.com\/si\/wp-json\/wp\/v2\/posts\/61414\/revisions"}],"predecessor-version":[{"id":61457,"href":"https:\/\/hudo.com\/si\/wp-json\/wp\/v2\/posts\/61414\/revisions\/61457"}],"wp:attachment":[{"href":"https:\/\/hudo.com\/si\/wp-json\/wp\/v2\/media?parent=61414"}],"wp:term":[{"taxonomy":"category","embeddable":true,"href":"https:\/\/hudo.com\/si\/wp-json\/wp\/v2\/categories?post=61414"},{"taxonomy":"post_tag","embeddable":true,"href":"https:\/\/hudo.com\/si\/wp-json\/wp\/v2\/tags?post=61414"},{"taxonomy":"source","embeddable":true,"href":"https:\/\/hudo.com\/si\/wp-json\/wp\/v2\/source?post=61414"},{"taxonomy":"supertag","embeddable":true,"href":"https:\/\/hudo.com\/si\/wp-json\/wp\/v2\/supertag?post=61414"}],"curies":[{"name":"wp","href":"https:\/\/api.w.org\/{rel}","templated":true}]}}