{"id":61416,"date":"2016-05-25T17:41:00","date_gmt":"2016-05-25T15:41:00","guid":{"rendered":"http:\/\/hudo.com\/si\/2016\/05\/25\/dan-afrike-nic-vec-spregledana-celina\/"},"modified":"2016-05-25T22:17:04","modified_gmt":"2016-05-25T20:17:04","slug":"dan-afrike-nic-vec-spregledana-celina","status":"publish","type":"post","link":"https:\/\/hudo.com\/si\/aktualno\/dan-afrike-nic-vec-spregledana-celina\/","title":{"rendered":"Dan Afrike: Ni\u010d ve\u010d spregledana celina?"},"content":{"rendered":"<p>Kategorija: Ekonomija Wed, 25 May 2016 19:41:00 +0200  Do leta 2050 bo vsak \u010detrti Zemljan rojen v eni od afri\u0161kih dr\u017eav, \u017ee dvajset let prej bo \u0161tevilo ljudi, ki \u017eivijo v mestih, preseglo \u0161tevilo tistih na pode\u017eelju. Hitra urbanizacija afri\u0161kih dr\u017eav prina\u0161a \u0161tevilne izzive, pa tudi mnoge prilo\u017enosti, so ugotavljali gosti dvodnevne konference Dan Afrike. Osem od desetih najhitreje rasto\u010dih gospodarstev na svetu je v Afriki, zato je Afrika celina prilo\u017enosti. Slovenija ji namerava, kot pravi predsednik Borut Pahor, po 25 letih zanemarjanja nameniti ve\u010d pozornosti. Dosedanje gospodarsko sodelovanje je skromno, a v porastu in razmeroma razpr\u0161eno, je danes dejala Ana Novak z ministrstva za zunanje zadeve in pojasnila, da dvostranskega sodelovanja skoraj ni, politi\u010dni dialog poteka predvsem v multilateralnih okvirjih. Blagovna menjava z afri\u0161kimi dr\u017eavami dosega okoli pol milijarde evrov na leto, slovensko gospodarstvo je najbolj prisotno v\u00a0&#8230;<\/p>\n","protected":false},"excerpt":{"rendered":"<p>Kategorija: Ekonomija Wed, 25 May 2016 19:41:00 +0200  Do leta 2050 bo vsak \u010detrti Zemljan rojen v eni od afri\u0161kih dr\u017eav, \u017ee dvajset let prej bo \u0161tevilo ljudi, ki \u017eivijo v mestih, preseglo \u0161tevilo tistih na pode\u017eelju. Hitra urbanizacija afri\u0161kih dr\u017eav prina\u0161a \u0161tevilne izzive, pa tudi mnoge prilo\u017enosti, so ugotavljali gosti dvodnevne konference Dan Afrike. Osem od desetih najhitreje rasto\u010dih gospodarstev na svetu je v Afriki, zato je Afrika celina prilo\u017enosti. Slovenija ji namerava, kot pravi predsednik Borut Pahor, po 25 letih zanemarjanja nameniti ve\u010d pozornosti. Dosedanje gospodarsko sodelovanje je skromno, a v porastu in razmeroma razpr\u0161eno, je danes dejala Ana Novak z ministrstva za zunanje zadeve in pojasnila, da dvostranskega sodelovanja skoraj ni, politi\u010dni dialog poteka predvsem v multilateralnih okvirjih. Blagovna menjava z afri\u0161kimi dr\u017eavami dosega okoli pol milijarde evrov na leto, slovensko gospodarstvo je najbolj prisotno v\u00a0&#8230;<\/p>\n","protected":false},"author":1,"featured_media":0,"comment_status":"closed","ping_status":"closed","sticky":false,"template":"","format":"standard","meta":{"footnotes":""},"categories":[1179],"tags":[],"source":[4511],"supertag":[],"acf":[],"yoast_head":"<!-- This site is optimized with the Yoast SEO plugin v21.3 - https:\/\/yoast.com\/wordpress\/plugins\/seo\/ -->\n<title>Dan Afrike: Ni\u010d ve\u010d spregledana celina? - Hudo Slovenija<\/title>\n<meta name=\"robots\" content=\"index, follow, max-snippet:-1, max-image-preview:large, max-video-preview:-1\" \/>\n<link rel=\"canonical\" href=\"https:\/\/hudo.com\/si\/aktualno\/dan-afrike-nic-vec-spregledana-celina\/\" \/>\n<meta property=\"og:locale\" content=\"sl_SI\" \/>\n<meta property=\"og:type\" content=\"article\" \/>\n<meta property=\"og:title\" content=\"Dan Afrike: Ni\u010d ve\u010d spregledana celina? - Hudo Slovenija\" \/>\n<meta property=\"og:description\" content=\"Kategorija: Ekonomija Wed, 25 May 2016 19:41:00 +0200 Do leta 2050 bo vsak \u010detrti Zemljan rojen v eni od afri\u0161kih dr\u017eav, \u017ee dvajset let prej bo \u0161tevilo ljudi, ki \u017eivijo v mestih, preseglo \u0161tevilo tistih na pode\u017eelju. Hitra urbanizacija afri\u0161kih dr\u017eav prina\u0161a \u0161tevilne izzive, pa tudi mnoge prilo\u017enosti, so ugotavljali gosti dvodnevne konference Dan Afrike. Osem od desetih najhitreje rasto\u010dih gospodarstev na svetu je v Afriki, zato je Afrika celina prilo\u017enosti. Slovenija ji namerava, kot pravi predsednik Borut Pahor, po 25 letih zanemarjanja nameniti ve\u010d pozornosti. Dosedanje gospodarsko sodelovanje je skromno, a v porastu in razmeroma razpr\u0161eno, je danes dejala Ana Novak z ministrstva za zunanje zadeve in pojasnila, da dvostranskega sodelovanja skoraj ni, politi\u010dni dialog poteka predvsem v multilateralnih okvirjih. Blagovna menjava z afri\u0161kimi dr\u017eavami dosega okoli pol milijarde evrov na leto, slovensko gospodarstvo je najbolj prisotno v\u00a0...\" \/>\n<meta property=\"og:url\" content=\"https:\/\/hudo.com\/si\/aktualno\/dan-afrike-nic-vec-spregledana-celina\/\" \/>\n<meta property=\"og:site_name\" content=\"Hudo Slovenija\" \/>\n<meta property=\"article:publisher\" content=\"https:\/\/www.facebook.com\/hudo.si\" \/>\n<meta property=\"article:published_time\" content=\"2016-05-25T15:41:00+00:00\" \/>\n<meta property=\"article:modified_time\" content=\"2016-05-25T20:17:04+00:00\" \/>\n<meta property=\"og:image\" content=\"https:\/\/hudo.com\/si\/wp-content\/uploads\/sites\/2\/2016\/05\/480x290_senegal.jpeg\" \/>\n\t<meta property=\"og:image:width\" content=\"480\" \/>\n\t<meta property=\"og:image:height\" content=\"290\" \/>\n\t<meta property=\"og:image:type\" content=\"image\/jpeg\" \/>\n<meta name=\"author\" content=\"hudo\" \/>\n<meta name=\"twitter:card\" content=\"summary_large_image\" \/>\n<meta name=\"twitter:creator\" content=\"@hudo_si\" \/>\n<meta name=\"twitter:site\" content=\"@hudo_si\" \/>\n<meta name=\"twitter:label1\" content=\"Written by\" \/>\n\t<meta name=\"twitter:data1\" content=\"hudo\" \/>\n\t<meta name=\"twitter:label2\" content=\"Est. reading time\" \/>\n\t<meta name=\"twitter:data2\" content=\"1 minuta\" \/>\n<script type=\"application\/ld+json\" class=\"yoast-schema-graph\">{\"@context\":\"https:\/\/schema.org\",\"@graph\":[{\"@type\":\"Article\",\"@id\":\"https:\/\/hudo.com\/si\/aktualno\/dan-afrike-nic-vec-spregledana-celina\/#article\",\"isPartOf\":{\"@id\":\"https:\/\/hudo.com\/si\/aktualno\/dan-afrike-nic-vec-spregledana-celina\/\"},\"author\":{\"name\":\"hudo\",\"@id\":\"https:\/\/hudo.com\/si\/#\/schema\/person\/601cf3379633985b20f7e50f2bb47707\"},\"headline\":\"Dan Afrike: Ni\u010d ve\u010d spregledana celina?\",\"datePublished\":\"2016-05-25T15:41:00+00:00\",\"dateModified\":\"2016-05-25T20:17:04+00:00\",\"mainEntityOfPage\":{\"@id\":\"https:\/\/hudo.com\/si\/aktualno\/dan-afrike-nic-vec-spregledana-celina\/\"},\"wordCount\":152,\"publisher\":{\"@id\":\"https:\/\/hudo.com\/si\/#organization\"},\"articleSection\":[\"Aktualno\"],\"inLanguage\":\"sl-SI\"},{\"@type\":\"WebPage\",\"@id\":\"https:\/\/hudo.com\/si\/aktualno\/dan-afrike-nic-vec-spregledana-celina\/\",\"url\":\"https:\/\/hudo.com\/si\/aktualno\/dan-afrike-nic-vec-spregledana-celina\/\",\"name\":\"Dan Afrike: Ni\u010d ve\u010d spregledana celina? - Hudo Slovenija\",\"isPartOf\":{\"@id\":\"https:\/\/hudo.com\/si\/#website\"},\"datePublished\":\"2016-05-25T15:41:00+00:00\",\"dateModified\":\"2016-05-25T20:17:04+00:00\",\"breadcrumb\":{\"@id\":\"https:\/\/hudo.com\/si\/aktualno\/dan-afrike-nic-vec-spregledana-celina\/#breadcrumb\"},\"inLanguage\":\"sl-SI\",\"potentialAction\":[{\"@type\":\"ReadAction\",\"target\":[\"https:\/\/hudo.com\/si\/aktualno\/dan-afrike-nic-vec-spregledana-celina\/\"]}]},{\"@type\":\"BreadcrumbList\",\"@id\":\"https:\/\/hudo.com\/si\/aktualno\/dan-afrike-nic-vec-spregledana-celina\/#breadcrumb\",\"itemListElement\":[{\"@type\":\"ListItem\",\"position\":1,\"name\":\"Home\",\"item\":\"https:\/\/hudo.com\/si\/\"},{\"@type\":\"ListItem\",\"position\":2,\"name\":\"Dan Afrike: Ni\u010d ve\u010d spregledana celina?\"}]},{\"@type\":\"WebSite\",\"@id\":\"https:\/\/hudo.com\/si\/#website\",\"url\":\"https:\/\/hudo.com\/si\/\",\"name\":\"Hudo Slovenija\",\"description\":\"Vse novice iz Slovenije in sveta\",\"publisher\":{\"@id\":\"https:\/\/hudo.com\/si\/#organization\"},\"potentialAction\":[{\"@type\":\"SearchAction\",\"target\":{\"@type\":\"EntryPoint\",\"urlTemplate\":\"https:\/\/hudo.com\/si\/?s={search_term_string}\"},\"query-input\":\"required name=search_term_string\"}],\"inLanguage\":\"sl-SI\"},{\"@type\":\"Organization\",\"@id\":\"https:\/\/hudo.com\/si\/#organization\",\"name\":\"VSN Media\",\"url\":\"https:\/\/hudo.com\/si\/\",\"logo\":{\"@type\":\"ImageObject\",\"inLanguage\":\"sl-SI\",\"@id\":\"https:\/\/hudo.com\/si\/#\/schema\/logo\/image\/\",\"url\":\"https:\/\/hudo.com\/si\/wp-content\/uploads\/sites\/2\/2021\/03\/hudo-app-2.png\",\"contentUrl\":\"https:\/\/hudo.com\/si\/wp-content\/uploads\/sites\/2\/2021\/03\/hudo-app-2.png\",\"width\":2185,\"height\":2167,\"caption\":\"VSN Media\"},\"image\":{\"@id\":\"https:\/\/hudo.com\/si\/#\/schema\/logo\/image\/\"},\"sameAs\":[\"https:\/\/www.facebook.com\/hudo.si\",\"https:\/\/twitter.com\/hudo_si\"]},{\"@type\":\"Person\",\"@id\":\"https:\/\/hudo.com\/si\/#\/schema\/person\/601cf3379633985b20f7e50f2bb47707\",\"name\":\"hudo\",\"image\":{\"@type\":\"ImageObject\",\"inLanguage\":\"sl-SI\",\"@id\":\"https:\/\/hudo.com\/si\/#\/schema\/person\/image\/\",\"url\":\"https:\/\/secure.gravatar.com\/avatar\/c4ca25fa72cace7a696b52ff5db9e095?s=96&d=mm&r=g\",\"contentUrl\":\"https:\/\/secure.gravatar.com\/avatar\/c4ca25fa72cace7a696b52ff5db9e095?s=96&d=mm&r=g\",\"caption\":\"hudo\"},\"url\":\"https:\/\/hudo.com\/si\/author\/hudo\/\"}]}<\/script>\n<!-- \/ Yoast SEO plugin. -->","yoast_head_json":{"title":"Dan Afrike: Ni\u010d ve\u010d spregledana celina? - Hudo Slovenija","robots":{"index":"index","follow":"follow","max-snippet":"max-snippet:-1","max-image-preview":"max-image-preview:large","max-video-preview":"max-video-preview:-1"},"canonical":"https:\/\/hudo.com\/si\/aktualno\/dan-afrike-nic-vec-spregledana-celina\/","og_locale":"sl_SI","og_type":"article","og_title":"Dan Afrike: Ni\u010d ve\u010d spregledana celina? - Hudo Slovenija","og_description":"Kategorija: Ekonomija Wed, 25 May 2016 19:41:00 +0200 Do leta 2050 bo vsak \u010detrti Zemljan rojen v eni od afri\u0161kih dr\u017eav, \u017ee dvajset let prej bo \u0161tevilo ljudi, ki \u017eivijo v mestih, preseglo \u0161tevilo tistih na pode\u017eelju. Hitra urbanizacija afri\u0161kih dr\u017eav prina\u0161a \u0161tevilne izzive, pa tudi mnoge prilo\u017enosti, so ugotavljali gosti dvodnevne konference Dan Afrike. Osem od desetih najhitreje rasto\u010dih gospodarstev na svetu je v Afriki, zato je Afrika celina prilo\u017enosti. Slovenija ji namerava, kot pravi predsednik Borut Pahor, po 25 letih zanemarjanja nameniti ve\u010d pozornosti. Dosedanje gospodarsko sodelovanje je skromno, a v porastu in razmeroma razpr\u0161eno, je danes dejala Ana Novak z ministrstva za zunanje zadeve in pojasnila, da dvostranskega sodelovanja skoraj ni, politi\u010dni dialog poteka predvsem v multilateralnih okvirjih. Blagovna menjava z afri\u0161kimi dr\u017eavami dosega okoli pol milijarde evrov na leto, slovensko gospodarstvo je najbolj prisotno v\u00a0...","og_url":"https:\/\/hudo.com\/si\/aktualno\/dan-afrike-nic-vec-spregledana-celina\/","og_site_name":"Hudo Slovenija","article_publisher":"https:\/\/www.facebook.com\/hudo.si","article_published_time":"2016-05-25T15:41:00+00:00","article_modified_time":"2016-05-25T20:17:04+00:00","og_image":[{"width":480,"height":290,"url":"https:\/\/hudo.com\/si\/wp-content\/uploads\/sites\/2\/2016\/05\/480x290_senegal.jpeg","type":"image\/jpeg"}],"author":"hudo","twitter_card":"summary_large_image","twitter_creator":"@hudo_si","twitter_site":"@hudo_si","twitter_misc":{"Written by":"hudo","Est. reading time":"1 minuta"},"schema":{"@context":"https:\/\/schema.org","@graph":[{"@type":"Article","@id":"https:\/\/hudo.com\/si\/aktualno\/dan-afrike-nic-vec-spregledana-celina\/#article","isPartOf":{"@id":"https:\/\/hudo.com\/si\/aktualno\/dan-afrike-nic-vec-spregledana-celina\/"},"author":{"name":"hudo","@id":"https:\/\/hudo.com\/si\/#\/schema\/person\/601cf3379633985b20f7e50f2bb47707"},"headline":"Dan Afrike: Ni\u010d ve\u010d spregledana celina?","datePublished":"2016-05-25T15:41:00+00:00","dateModified":"2016-05-25T20:17:04+00:00","mainEntityOfPage":{"@id":"https:\/\/hudo.com\/si\/aktualno\/dan-afrike-nic-vec-spregledana-celina\/"},"wordCount":152,"publisher":{"@id":"https:\/\/hudo.com\/si\/#organization"},"articleSection":["Aktualno"],"inLanguage":"sl-SI"},{"@type":"WebPage","@id":"https:\/\/hudo.com\/si\/aktualno\/dan-afrike-nic-vec-spregledana-celina\/","url":"https:\/\/hudo.com\/si\/aktualno\/dan-afrike-nic-vec-spregledana-celina\/","name":"Dan Afrike: Ni\u010d ve\u010d spregledana celina? - Hudo Slovenija","isPartOf":{"@id":"https:\/\/hudo.com\/si\/#website"},"datePublished":"2016-05-25T15:41:00+00:00","dateModified":"2016-05-25T20:17:04+00:00","breadcrumb":{"@id":"https:\/\/hudo.com\/si\/aktualno\/dan-afrike-nic-vec-spregledana-celina\/#breadcrumb"},"inLanguage":"sl-SI","potentialAction":[{"@type":"ReadAction","target":["https:\/\/hudo.com\/si\/aktualno\/dan-afrike-nic-vec-spregledana-celina\/"]}]},{"@type":"BreadcrumbList","@id":"https:\/\/hudo.com\/si\/aktualno\/dan-afrike-nic-vec-spregledana-celina\/#breadcrumb","itemListElement":[{"@type":"ListItem","position":1,"name":"Home","item":"https:\/\/hudo.com\/si\/"},{"@type":"ListItem","position":2,"name":"Dan Afrike: Ni\u010d ve\u010d spregledana celina?"}]},{"@type":"WebSite","@id":"https:\/\/hudo.com\/si\/#website","url":"https:\/\/hudo.com\/si\/","name":"Hudo Slovenija","description":"Vse novice iz Slovenije in sveta","publisher":{"@id":"https:\/\/hudo.com\/si\/#organization"},"potentialAction":[{"@type":"SearchAction","target":{"@type":"EntryPoint","urlTemplate":"https:\/\/hudo.com\/si\/?s={search_term_string}"},"query-input":"required name=search_term_string"}],"inLanguage":"sl-SI"},{"@type":"Organization","@id":"https:\/\/hudo.com\/si\/#organization","name":"VSN Media","url":"https:\/\/hudo.com\/si\/","logo":{"@type":"ImageObject","inLanguage":"sl-SI","@id":"https:\/\/hudo.com\/si\/#\/schema\/logo\/image\/","url":"https:\/\/hudo.com\/si\/wp-content\/uploads\/sites\/2\/2021\/03\/hudo-app-2.png","contentUrl":"https:\/\/hudo.com\/si\/wp-content\/uploads\/sites\/2\/2021\/03\/hudo-app-2.png","width":2185,"height":2167,"caption":"VSN Media"},"image":{"@id":"https:\/\/hudo.com\/si\/#\/schema\/logo\/image\/"},"sameAs":["https:\/\/www.facebook.com\/hudo.si","https:\/\/twitter.com\/hudo_si"]},{"@type":"Person","@id":"https:\/\/hudo.com\/si\/#\/schema\/person\/601cf3379633985b20f7e50f2bb47707","name":"hudo","image":{"@type":"ImageObject","inLanguage":"sl-SI","@id":"https:\/\/hudo.com\/si\/#\/schema\/person\/image\/","url":"https:\/\/secure.gravatar.com\/avatar\/c4ca25fa72cace7a696b52ff5db9e095?s=96&d=mm&r=g","contentUrl":"https:\/\/secure.gravatar.com\/avatar\/c4ca25fa72cace7a696b52ff5db9e095?s=96&d=mm&r=g","caption":"hudo"},"url":"https:\/\/hudo.com\/si\/author\/hudo\/"}]}},"amp_enabled":true,"_links":{"self":[{"href":"https:\/\/hudo.com\/si\/wp-json\/wp\/v2\/posts\/61416"}],"collection":[{"href":"https:\/\/hudo.com\/si\/wp-json\/wp\/v2\/posts"}],"about":[{"href":"https:\/\/hudo.com\/si\/wp-json\/wp\/v2\/types\/post"}],"author":[{"embeddable":true,"href":"https:\/\/hudo.com\/si\/wp-json\/wp\/v2\/users\/1"}],"replies":[{"embeddable":true,"href":"https:\/\/hudo.com\/si\/wp-json\/wp\/v2\/comments?post=61416"}],"version-history":[{"count":1,"href":"https:\/\/hudo.com\/si\/wp-json\/wp\/v2\/posts\/61416\/revisions"}],"predecessor-version":[{"id":61458,"href":"https:\/\/hudo.com\/si\/wp-json\/wp\/v2\/posts\/61416\/revisions\/61458"}],"wp:attachment":[{"href":"https:\/\/hudo.com\/si\/wp-json\/wp\/v2\/media?parent=61416"}],"wp:term":[{"taxonomy":"category","embeddable":true,"href":"https:\/\/hudo.com\/si\/wp-json\/wp\/v2\/categories?post=61416"},{"taxonomy":"post_tag","embeddable":true,"href":"https:\/\/hudo.com\/si\/wp-json\/wp\/v2\/tags?post=61416"},{"taxonomy":"source","embeddable":true,"href":"https:\/\/hudo.com\/si\/wp-json\/wp\/v2\/source?post=61416"},{"taxonomy":"supertag","embeddable":true,"href":"https:\/\/hudo.com\/si\/wp-json\/wp\/v2\/supertag?post=61416"}],"curies":[{"name":"wp","href":"https:\/\/api.w.org\/{rel}","templated":true}]}}