{"id":61464,"date":"2016-05-25T20:00:00","date_gmt":"2016-05-25T18:00:00","guid":{"rendered":"http:\/\/hudo.com\/si\/2016\/05\/25\/umrl-v-dravi\/"},"modified":"2016-05-26T18:28:00","modified_gmt":"2016-05-26T16:28:00","slug":"umrl-v-dravi","status":"publish","type":"post","link":"https:\/\/hudo.com\/si\/aktualno\/umrl-v-dravi\/","title":{"rendered":"Umrl v Dravi"},"content":{"rendered":"<p>Danes popoldne se je v Vesla\u0161kem centru Brestrnica pri Mariboru pripetila nesre\u010da, ki je terjala \u017eivljenje 65-letnega mo\u0161kega. Vzrok smrti za zdaj sicer \u0161e ni znan, lahko bi bila kriva utopitev ali pa bi bilo lahko \u0161lo tudi za zdravstvene te\u017eave. Po neuradnih podatkih naj bi se bila skupina zabavala v vesla\u0161kem centru, nato pa so se odlo\u010dili, da se na Dravo podajo s \u010dolnom. \u010coln naj bi se bil nato prevrnil, to pa naj bi bilo usodno za 65-letnika. Policijska preiskava je zve\u010der \u0161e trajala, zato podrobnosti tragedije \u0161e niso znane.Kronika<\/p>\n","protected":false},"excerpt":{"rendered":"<p>Danes popoldne se je v Vesla\u0161kem centru Brestrnica pri Mariboru pripetila nesre\u010da, ki je terjala \u017eivljenje 65-letnega mo\u0161kega. Vzrok smrti za zdaj sicer \u0161e ni znan, lahko bi bila kriva utopitev ali pa bi bilo lahko \u0161lo tudi za zdravstvene te\u017eave. Po neuradnih podatkih naj bi se bila skupina zabavala v vesla\u0161kem centru, nato pa so se odlo\u010dili, da se na Dravo podajo s \u010dolnom. \u010coln naj bi se bil nato prevrnil, to pa naj bi bilo usodno za 65-letnika. Policijska preiskava je zve\u010der \u0161e trajala, zato podrobnosti tragedije \u0161e niso znane.Kronika<\/p>\n","protected":false},"author":1,"featured_media":0,"comment_status":"closed","ping_status":"closed","sticky":false,"template":"","format":"standard","meta":{"footnotes":""},"categories":[1179],"tags":[],"source":[1711],"supertag":[],"acf":[],"yoast_head":"<!-- This site is optimized with the Yoast SEO plugin v21.3 - https:\/\/yoast.com\/wordpress\/plugins\/seo\/ -->\n<title>Umrl v Dravi - Hudo Slovenija<\/title>\n<meta name=\"robots\" content=\"index, follow, max-snippet:-1, max-image-preview:large, max-video-preview:-1\" \/>\n<link rel=\"canonical\" href=\"https:\/\/hudo.com\/si\/aktualno\/umrl-v-dravi\/\" \/>\n<meta property=\"og:locale\" content=\"sl_SI\" \/>\n<meta property=\"og:type\" content=\"article\" \/>\n<meta property=\"og:title\" content=\"Umrl v Dravi - Hudo Slovenija\" \/>\n<meta property=\"og:description\" content=\"Danes popoldne se je v Vesla\u0161kem centru Brestrnica pri Mariboru pripetila nesre\u010da, ki je terjala \u017eivljenje 65-letnega mo\u0161kega. Vzrok smrti za zdaj sicer \u0161e ni znan, lahko bi bila kriva utopitev ali pa bi bilo lahko \u0161lo tudi za zdravstvene te\u017eave. Po neuradnih podatkih naj bi se bila skupina zabavala v vesla\u0161kem centru, nato pa so se odlo\u010dili, da se na Dravo podajo s \u010dolnom. \u010coln naj bi se bil nato prevrnil, to pa naj bi bilo usodno za 65-letnika. Policijska preiskava je zve\u010der \u0161e trajala, zato podrobnosti tragedije \u0161e niso znane.Kronika\" \/>\n<meta property=\"og:url\" content=\"https:\/\/hudo.com\/si\/aktualno\/umrl-v-dravi\/\" \/>\n<meta property=\"og:site_name\" content=\"Hudo Slovenija\" \/>\n<meta property=\"article:publisher\" content=\"https:\/\/www.facebook.com\/hudo.si\" \/>\n<meta property=\"article:published_time\" content=\"2016-05-25T18:00:00+00:00\" \/>\n<meta property=\"article:modified_time\" content=\"2016-05-26T16:28:00+00:00\" \/>\n<meta property=\"og:image\" content=\"https:\/\/hudo.com\/si\/wp-content\/uploads\/sites\/2\/2016\/05\/FOTO4344-300.jpg\" \/>\n\t<meta property=\"og:image:width\" content=\"450\" \/>\n\t<meta property=\"og:image:height\" content=\"300\" \/>\n\t<meta property=\"og:image:type\" content=\"image\/jpeg\" \/>\n<meta name=\"author\" content=\"hudo\" \/>\n<meta name=\"twitter:card\" content=\"summary_large_image\" \/>\n<meta name=\"twitter:creator\" content=\"@hudo_si\" \/>\n<meta name=\"twitter:site\" content=\"@hudo_si\" \/>\n<meta name=\"twitter:label1\" content=\"Written by\" \/>\n\t<meta name=\"twitter:data1\" content=\"hudo\" \/>\n\t<meta name=\"twitter:label2\" content=\"Est. reading time\" \/>\n\t<meta name=\"twitter:data2\" content=\"1 minuta\" \/>\n<script type=\"application\/ld+json\" class=\"yoast-schema-graph\">{\"@context\":\"https:\/\/schema.org\",\"@graph\":[{\"@type\":\"Article\",\"@id\":\"https:\/\/hudo.com\/si\/aktualno\/umrl-v-dravi\/#article\",\"isPartOf\":{\"@id\":\"https:\/\/hudo.com\/si\/aktualno\/umrl-v-dravi\/\"},\"author\":{\"name\":\"hudo\",\"@id\":\"https:\/\/hudo.com\/si\/#\/schema\/person\/601cf3379633985b20f7e50f2bb47707\"},\"headline\":\"Umrl v Dravi\",\"datePublished\":\"2016-05-25T18:00:00+00:00\",\"dateModified\":\"2016-05-26T16:28:00+00:00\",\"mainEntityOfPage\":{\"@id\":\"https:\/\/hudo.com\/si\/aktualno\/umrl-v-dravi\/\"},\"wordCount\":103,\"publisher\":{\"@id\":\"https:\/\/hudo.com\/si\/#organization\"},\"articleSection\":[\"Aktualno\"],\"inLanguage\":\"sl-SI\"},{\"@type\":\"WebPage\",\"@id\":\"https:\/\/hudo.com\/si\/aktualno\/umrl-v-dravi\/\",\"url\":\"https:\/\/hudo.com\/si\/aktualno\/umrl-v-dravi\/\",\"name\":\"Umrl v Dravi - Hudo Slovenija\",\"isPartOf\":{\"@id\":\"https:\/\/hudo.com\/si\/#website\"},\"datePublished\":\"2016-05-25T18:00:00+00:00\",\"dateModified\":\"2016-05-26T16:28:00+00:00\",\"breadcrumb\":{\"@id\":\"https:\/\/hudo.com\/si\/aktualno\/umrl-v-dravi\/#breadcrumb\"},\"inLanguage\":\"sl-SI\",\"potentialAction\":[{\"@type\":\"ReadAction\",\"target\":[\"https:\/\/hudo.com\/si\/aktualno\/umrl-v-dravi\/\"]}]},{\"@type\":\"BreadcrumbList\",\"@id\":\"https:\/\/hudo.com\/si\/aktualno\/umrl-v-dravi\/#breadcrumb\",\"itemListElement\":[{\"@type\":\"ListItem\",\"position\":1,\"name\":\"Home\",\"item\":\"https:\/\/hudo.com\/si\/\"},{\"@type\":\"ListItem\",\"position\":2,\"name\":\"Umrl v Dravi\"}]},{\"@type\":\"WebSite\",\"@id\":\"https:\/\/hudo.com\/si\/#website\",\"url\":\"https:\/\/hudo.com\/si\/\",\"name\":\"Hudo Slovenija\",\"description\":\"Vse novice iz Slovenije in sveta\",\"publisher\":{\"@id\":\"https:\/\/hudo.com\/si\/#organization\"},\"potentialAction\":[{\"@type\":\"SearchAction\",\"target\":{\"@type\":\"EntryPoint\",\"urlTemplate\":\"https:\/\/hudo.com\/si\/?s={search_term_string}\"},\"query-input\":\"required name=search_term_string\"}],\"inLanguage\":\"sl-SI\"},{\"@type\":\"Organization\",\"@id\":\"https:\/\/hudo.com\/si\/#organization\",\"name\":\"VSN Media\",\"url\":\"https:\/\/hudo.com\/si\/\",\"logo\":{\"@type\":\"ImageObject\",\"inLanguage\":\"sl-SI\",\"@id\":\"https:\/\/hudo.com\/si\/#\/schema\/logo\/image\/\",\"url\":\"https:\/\/hudo.com\/si\/wp-content\/uploads\/sites\/2\/2021\/03\/hudo-app-2.png\",\"contentUrl\":\"https:\/\/hudo.com\/si\/wp-content\/uploads\/sites\/2\/2021\/03\/hudo-app-2.png\",\"width\":2185,\"height\":2167,\"caption\":\"VSN Media\"},\"image\":{\"@id\":\"https:\/\/hudo.com\/si\/#\/schema\/logo\/image\/\"},\"sameAs\":[\"https:\/\/www.facebook.com\/hudo.si\",\"https:\/\/twitter.com\/hudo_si\"]},{\"@type\":\"Person\",\"@id\":\"https:\/\/hudo.com\/si\/#\/schema\/person\/601cf3379633985b20f7e50f2bb47707\",\"name\":\"hudo\",\"image\":{\"@type\":\"ImageObject\",\"inLanguage\":\"sl-SI\",\"@id\":\"https:\/\/hudo.com\/si\/#\/schema\/person\/image\/\",\"url\":\"https:\/\/secure.gravatar.com\/avatar\/c4ca25fa72cace7a696b52ff5db9e095?s=96&d=mm&r=g\",\"contentUrl\":\"https:\/\/secure.gravatar.com\/avatar\/c4ca25fa72cace7a696b52ff5db9e095?s=96&d=mm&r=g\",\"caption\":\"hudo\"},\"url\":\"https:\/\/hudo.com\/si\/author\/hudo\/\"}]}<\/script>\n<!-- \/ Yoast SEO plugin. -->","yoast_head_json":{"title":"Umrl v Dravi - Hudo Slovenija","robots":{"index":"index","follow":"follow","max-snippet":"max-snippet:-1","max-image-preview":"max-image-preview:large","max-video-preview":"max-video-preview:-1"},"canonical":"https:\/\/hudo.com\/si\/aktualno\/umrl-v-dravi\/","og_locale":"sl_SI","og_type":"article","og_title":"Umrl v Dravi - Hudo Slovenija","og_description":"Danes popoldne se je v Vesla\u0161kem centru Brestrnica pri Mariboru pripetila nesre\u010da, ki je terjala \u017eivljenje 65-letnega mo\u0161kega. Vzrok smrti za zdaj sicer \u0161e ni znan, lahko bi bila kriva utopitev ali pa bi bilo lahko \u0161lo tudi za zdravstvene te\u017eave. Po neuradnih podatkih naj bi se bila skupina zabavala v vesla\u0161kem centru, nato pa so se odlo\u010dili, da se na Dravo podajo s \u010dolnom. \u010coln naj bi se bil nato prevrnil, to pa naj bi bilo usodno za 65-letnika. Policijska preiskava je zve\u010der \u0161e trajala, zato podrobnosti tragedije \u0161e niso znane.Kronika","og_url":"https:\/\/hudo.com\/si\/aktualno\/umrl-v-dravi\/","og_site_name":"Hudo Slovenija","article_publisher":"https:\/\/www.facebook.com\/hudo.si","article_published_time":"2016-05-25T18:00:00+00:00","article_modified_time":"2016-05-26T16:28:00+00:00","og_image":[{"width":450,"height":300,"url":"https:\/\/hudo.com\/si\/wp-content\/uploads\/sites\/2\/2016\/05\/FOTO4344-300.jpg","type":"image\/jpeg"}],"author":"hudo","twitter_card":"summary_large_image","twitter_creator":"@hudo_si","twitter_site":"@hudo_si","twitter_misc":{"Written by":"hudo","Est. reading time":"1 minuta"},"schema":{"@context":"https:\/\/schema.org","@graph":[{"@type":"Article","@id":"https:\/\/hudo.com\/si\/aktualno\/umrl-v-dravi\/#article","isPartOf":{"@id":"https:\/\/hudo.com\/si\/aktualno\/umrl-v-dravi\/"},"author":{"name":"hudo","@id":"https:\/\/hudo.com\/si\/#\/schema\/person\/601cf3379633985b20f7e50f2bb47707"},"headline":"Umrl v Dravi","datePublished":"2016-05-25T18:00:00+00:00","dateModified":"2016-05-26T16:28:00+00:00","mainEntityOfPage":{"@id":"https:\/\/hudo.com\/si\/aktualno\/umrl-v-dravi\/"},"wordCount":103,"publisher":{"@id":"https:\/\/hudo.com\/si\/#organization"},"articleSection":["Aktualno"],"inLanguage":"sl-SI"},{"@type":"WebPage","@id":"https:\/\/hudo.com\/si\/aktualno\/umrl-v-dravi\/","url":"https:\/\/hudo.com\/si\/aktualno\/umrl-v-dravi\/","name":"Umrl v Dravi - Hudo Slovenija","isPartOf":{"@id":"https:\/\/hudo.com\/si\/#website"},"datePublished":"2016-05-25T18:00:00+00:00","dateModified":"2016-05-26T16:28:00+00:00","breadcrumb":{"@id":"https:\/\/hudo.com\/si\/aktualno\/umrl-v-dravi\/#breadcrumb"},"inLanguage":"sl-SI","potentialAction":[{"@type":"ReadAction","target":["https:\/\/hudo.com\/si\/aktualno\/umrl-v-dravi\/"]}]},{"@type":"BreadcrumbList","@id":"https:\/\/hudo.com\/si\/aktualno\/umrl-v-dravi\/#breadcrumb","itemListElement":[{"@type":"ListItem","position":1,"name":"Home","item":"https:\/\/hudo.com\/si\/"},{"@type":"ListItem","position":2,"name":"Umrl v Dravi"}]},{"@type":"WebSite","@id":"https:\/\/hudo.com\/si\/#website","url":"https:\/\/hudo.com\/si\/","name":"Hudo Slovenija","description":"Vse novice iz Slovenije in sveta","publisher":{"@id":"https:\/\/hudo.com\/si\/#organization"},"potentialAction":[{"@type":"SearchAction","target":{"@type":"EntryPoint","urlTemplate":"https:\/\/hudo.com\/si\/?s={search_term_string}"},"query-input":"required name=search_term_string"}],"inLanguage":"sl-SI"},{"@type":"Organization","@id":"https:\/\/hudo.com\/si\/#organization","name":"VSN Media","url":"https:\/\/hudo.com\/si\/","logo":{"@type":"ImageObject","inLanguage":"sl-SI","@id":"https:\/\/hudo.com\/si\/#\/schema\/logo\/image\/","url":"https:\/\/hudo.com\/si\/wp-content\/uploads\/sites\/2\/2021\/03\/hudo-app-2.png","contentUrl":"https:\/\/hudo.com\/si\/wp-content\/uploads\/sites\/2\/2021\/03\/hudo-app-2.png","width":2185,"height":2167,"caption":"VSN Media"},"image":{"@id":"https:\/\/hudo.com\/si\/#\/schema\/logo\/image\/"},"sameAs":["https:\/\/www.facebook.com\/hudo.si","https:\/\/twitter.com\/hudo_si"]},{"@type":"Person","@id":"https:\/\/hudo.com\/si\/#\/schema\/person\/601cf3379633985b20f7e50f2bb47707","name":"hudo","image":{"@type":"ImageObject","inLanguage":"sl-SI","@id":"https:\/\/hudo.com\/si\/#\/schema\/person\/image\/","url":"https:\/\/secure.gravatar.com\/avatar\/c4ca25fa72cace7a696b52ff5db9e095?s=96&d=mm&r=g","contentUrl":"https:\/\/secure.gravatar.com\/avatar\/c4ca25fa72cace7a696b52ff5db9e095?s=96&d=mm&r=g","caption":"hudo"},"url":"https:\/\/hudo.com\/si\/author\/hudo\/"}]}},"amp_enabled":true,"_links":{"self":[{"href":"https:\/\/hudo.com\/si\/wp-json\/wp\/v2\/posts\/61464"}],"collection":[{"href":"https:\/\/hudo.com\/si\/wp-json\/wp\/v2\/posts"}],"about":[{"href":"https:\/\/hudo.com\/si\/wp-json\/wp\/v2\/types\/post"}],"author":[{"embeddable":true,"href":"https:\/\/hudo.com\/si\/wp-json\/wp\/v2\/users\/1"}],"replies":[{"embeddable":true,"href":"https:\/\/hudo.com\/si\/wp-json\/wp\/v2\/comments?post=61464"}],"version-history":[{"count":1,"href":"https:\/\/hudo.com\/si\/wp-json\/wp\/v2\/posts\/61464\/revisions"}],"predecessor-version":[{"id":61529,"href":"https:\/\/hudo.com\/si\/wp-json\/wp\/v2\/posts\/61464\/revisions\/61529"}],"wp:attachment":[{"href":"https:\/\/hudo.com\/si\/wp-json\/wp\/v2\/media?parent=61464"}],"wp:term":[{"taxonomy":"category","embeddable":true,"href":"https:\/\/hudo.com\/si\/wp-json\/wp\/v2\/categories?post=61464"},{"taxonomy":"post_tag","embeddable":true,"href":"https:\/\/hudo.com\/si\/wp-json\/wp\/v2\/tags?post=61464"},{"taxonomy":"source","embeddable":true,"href":"https:\/\/hudo.com\/si\/wp-json\/wp\/v2\/source?post=61464"},{"taxonomy":"supertag","embeddable":true,"href":"https:\/\/hudo.com\/si\/wp-json\/wp\/v2\/supertag?post=61464"}],"curies":[{"name":"wp","href":"https:\/\/api.w.org\/{rel}","templated":true}]}}