{"id":61523,"date":"2016-05-25T22:00:00","date_gmt":"2016-05-25T20:00:00","guid":{"rendered":"http:\/\/hudo.com\/si\/2016\/05\/25\/vijolicam-pokal-celje-brez-evrope\/"},"modified":"2016-05-27T00:51:35","modified_gmt":"2016-05-26T22:51:35","slug":"vijolicam-pokal-celje-brez-evrope","status":"publish","type":"post","link":"https:\/\/hudo.com\/si\/aktualno\/vijolicam-pokal-celje-brez-evrope\/","title":{"rendered":"Vijolicam pokal, Celje brez Evrope"},"content":{"rendered":"<p>Mu\u010dili so se, \u0161ahirali po igri\u0161\u010du, iskali luknje in prilo\u017enosti celih 117 minut. Brez uspeha. \u017de se je 2500 gledalcev, enakomerno porazdeljenih na celjski rumeni del in mariborski vijoli\u010dasti, pripravljalo na posladek &#8211; enajstmetrovke. Pa jim je, tik pred njihovim delom, \u0161e lep\u0161o sladico pripravil Dare Vr\u0161i\u010d. Izvajanje s kota, ko bi morala \u017eoga kon\u010dati na glavi enega od soigralcev, se je zaklju\u010dilo z neposrednim zadetkom. Vijoli\u010dasti del Bonifike je eksplodiral, slavil je zmago. A pesmi \u0161e niti ni zapel do konca, ko je, \u017ee drugi\u010d ta ve\u010der, udaril Matej Podlogar. Za 2:2, za podalj\u0161ke. Zdaj so se zasli\u0161ali bobni, zaplesala je tudi rumena maskota. Ja, celjski grofje so bili na tribuni \u0161e bolje pripravljeni. Vijoli\u010dasti pa\u010d na igri\u0161\u010du. \u010ce ni \u0161lo po rednem delu tekme, niti po podalj\u0161kih, je odlo\u010dila psiholo\u0161ka loterija &#8211; enajstmetrovke. Dolgo se je streljalo, skorajda bi \u017ee vsi pri\u0161li na vrsto. Pa je klecnil celjski rezervist Nino Pungar\u0161ek. Izku\u0161eni Ale\u0161 Mertelj si ni dal dvakrat re\u010di. Zgrabil je prilo\u017enost, da re\u0161i mariborsko sezono, da re\u0161i tako opevano \u010dast. &#8220;Verjel sem, da lahko zadenem ta zelo pomembni kazenski strel. Na tej tekmi je bilo vsega. Povedli smo, potem je \u0161lo gor in dol, na koncu smo kon\u010dali kot zmagovalci, kar bo sedaj na\u0161o ekipo zopet dvignilo. Verjamemo v ekipo in vemo, da smo lahko \u0161e bolj\u0161i.&#8221; Da bi njegov klub po osmih letih ostal brez lovorike? To pa\u010d ne gre. Slavje so si ogledali tudi nogometni reprezentanti. Oni so sedeli na VIP-tribuni, njihov danes priklju\u010deni kolega Milivoje Novakovi\u0107 pa od za\u010detka, enako kot kapetan Maribora Marcos Tavares, na klubski klopci. A \u0161e preden sta se oba veterana dobro namestila, \u017ee sta planila v zrak. Komaj pet minut je minilo, ko je Marwan Kabha po podaji Marka Jankovi\u0107a zadel z glavo. Veselil se je kot otrok. Dobesedno. S prstom v ustih, ki je improviziral dudo. Slavje ekipe, ki jo je v \u017eivo spodbujal tudi smu\u010dar Klemen Kosi, ni trajalo dolgo. \u017de takrat je Podlogar vse pokvaril. A kriva je bila neodlo\u010dna maribo<\/p>\n","protected":false},"excerpt":{"rendered":"<p>Mu\u010dili so se, \u0161ahirali po igri\u0161\u010du, iskali luknje in prilo\u017enosti celih 117 minut. Brez uspeha. \u017de se je 2500 gledalcev, enakomerno porazdeljenih na celjski rumeni del in mariborski vijoli\u010dasti, pripravljalo na posladek &#8211; enajstmetrovke. Pa jim je, tik pred njihovim delom, \u0161e lep\u0161o sladico pripravil Dare Vr\u0161i\u010d. Izvajanje s kota, ko bi morala \u017eoga kon\u010dati na glavi enega od soigralcev, se je zaklju\u010dilo z neposrednim zadetkom. Vijoli\u010dasti del Bonifike je eksplodiral, slavil je zmago. A pesmi \u0161e niti ni zapel do konca, ko je, \u017ee drugi\u010d ta ve\u010der, udaril Matej Podlogar. Za 2:2, za podalj\u0161ke. Zdaj so se zasli\u0161ali bobni, zaplesala je tudi rumena maskota. Ja, celjski grofje so bili na tribuni \u0161e bolje pripravljeni. Vijoli\u010dasti pa\u010d na igri\u0161\u010du. \u010ce ni \u0161lo po rednem delu tekme, niti po podalj\u0161kih, je odlo\u010dila psiholo\u0161ka loterija &#8211; enajstmetrovke. Dolgo se je streljalo, skorajda bi \u017ee vsi pri\u0161li na vrsto. Pa je klecnil celjski rezervist Nino Pungar\u0161ek. Izku\u0161eni Ale\u0161 Mertelj si ni dal dvakrat re\u010di. Zgrabil je prilo\u017enost, da re\u0161i mariborsko sezono, da re\u0161i tako opevano \u010dast. &#8220;Verjel sem, da lahko zadenem ta zelo pomembni kazenski strel. Na tej tekmi je bilo vsega. Povedli smo, potem je \u0161lo gor in dol, na koncu smo kon\u010dali kot zmagovalci, kar bo sedaj na\u0161o ekipo zopet dvignilo. Verjamemo v ekipo in vemo, da smo lahko \u0161e bolj\u0161i.&#8221; Da bi njegov klub po osmih letih ostal brez lovorike? To pa\u010d ne gre. Slavje so si ogledali tudi nogometni reprezentanti. Oni so sedeli na VIP-tribuni, njihov danes priklju\u010deni kolega Milivoje Novakovi\u0107 pa od za\u010detka, enako kot kapetan Maribora Marcos Tavares, na klubski klopci. A \u0161e preden sta se oba veterana dobro namestila, \u017ee sta planila v zrak. Komaj pet minut je minilo, ko je Marwan Kabha po podaji Marka Jankovi\u0107a zadel z glavo. Veselil se je kot otrok. Dobesedno. S prstom v ustih, ki je improviziral dudo. Slavje ekipe, ki jo je v \u017eivo spodbujal tudi smu\u010dar Klemen Kosi, ni trajalo dolgo. \u017de takrat je Podlogar vse pokvaril. A kriva je bila neodlo\u010dna maribo<\/p>\n","protected":false},"author":1,"featured_media":0,"comment_status":"closed","ping_status":"closed","sticky":false,"template":"","format":"standard","meta":{"footnotes":""},"categories":[1179],"tags":[],"source":[1711],"supertag":[],"acf":[],"yoast_head":"<!-- This site is optimized with the Yoast SEO plugin v21.3 - https:\/\/yoast.com\/wordpress\/plugins\/seo\/ -->\n<title>Vijolicam pokal, Celje brez Evrope - Hudo Slovenija<\/title>\n<meta name=\"robots\" content=\"index, follow, max-snippet:-1, max-image-preview:large, max-video-preview:-1\" \/>\n<link rel=\"canonical\" href=\"https:\/\/hudo.com\/si\/aktualno\/vijolicam-pokal-celje-brez-evrope\/\" \/>\n<meta property=\"og:locale\" content=\"sl_SI\" \/>\n<meta property=\"og:type\" content=\"article\" \/>\n<meta property=\"og:title\" content=\"Vijolicam pokal, Celje brez Evrope - Hudo Slovenija\" \/>\n<meta property=\"og:description\" content=\"Mu\u010dili so se, \u0161ahirali po igri\u0161\u010du, iskali luknje in prilo\u017enosti celih 117 minut. Brez uspeha. \u017de se je 2500 gledalcev, enakomerno porazdeljenih na celjski rumeni del in mariborski vijoli\u010dasti, pripravljalo na posladek - enajstmetrovke. Pa jim je, tik pred njihovim delom, \u0161e lep\u0161o sladico pripravil Dare Vr\u0161i\u010d. Izvajanje s kota, ko bi morala \u017eoga kon\u010dati na glavi enega od soigralcev, se je zaklju\u010dilo z neposrednim zadetkom. Vijoli\u010dasti del Bonifike je eksplodiral, slavil je zmago. A pesmi \u0161e niti ni zapel do konca, ko je, \u017ee drugi\u010d ta ve\u010der, udaril Matej Podlogar. Za 2:2, za podalj\u0161ke. Zdaj so se zasli\u0161ali bobni, zaplesala je tudi rumena maskota. Ja, celjski grofje so bili na tribuni \u0161e bolje pripravljeni. Vijoli\u010dasti pa\u010d na igri\u0161\u010du. \u010ce ni \u0161lo po rednem delu tekme, niti po podalj\u0161kih, je odlo\u010dila psiholo\u0161ka loterija - enajstmetrovke. Dolgo se je streljalo, skorajda bi \u017ee vsi pri\u0161li na vrsto. Pa je klecnil celjski rezervist Nino Pungar\u0161ek. Izku\u0161eni Ale\u0161 Mertelj si ni dal dvakrat re\u010di. Zgrabil je prilo\u017enost, da re\u0161i mariborsko sezono, da re\u0161i tako opevano \u010dast. &quot;Verjel sem, da lahko zadenem ta zelo pomembni kazenski strel. Na tej tekmi je bilo vsega. Povedli smo, potem je \u0161lo gor in dol, na koncu smo kon\u010dali kot zmagovalci, kar bo sedaj na\u0161o ekipo zopet dvignilo. Verjamemo v ekipo in vemo, da smo lahko \u0161e bolj\u0161i.&quot; Da bi njegov klub po osmih letih ostal brez lovorike? To pa\u010d ne gre. Slavje so si ogledali tudi nogometni reprezentanti. Oni so sedeli na VIP-tribuni, njihov danes priklju\u010deni kolega Milivoje Novakovi\u0107 pa od za\u010detka, enako kot kapetan Maribora Marcos Tavares, na klubski klopci. A \u0161e preden sta se oba veterana dobro namestila, \u017ee sta planila v zrak. Komaj pet minut je minilo, ko je Marwan Kabha po podaji Marka Jankovi\u0107a zadel z glavo. Veselil se je kot otrok. Dobesedno. S prstom v ustih, ki je improviziral dudo. Slavje ekipe, ki jo je v \u017eivo spodbujal tudi smu\u010dar Klemen Kosi, ni trajalo dolgo. \u017de takrat je Podlogar vse pokvaril. A kriva je bila neodlo\u010dna maribo\" \/>\n<meta property=\"og:url\" content=\"https:\/\/hudo.com\/si\/aktualno\/vijolicam-pokal-celje-brez-evrope\/\" \/>\n<meta property=\"og:site_name\" content=\"Hudo Slovenija\" \/>\n<meta property=\"article:publisher\" content=\"https:\/\/www.facebook.com\/hudo.si\" \/>\n<meta property=\"article:published_time\" content=\"2016-05-25T20:00:00+00:00\" \/>\n<meta property=\"article:modified_time\" content=\"2016-05-26T22:51:35+00:00\" \/>\n<meta property=\"og:image\" content=\"https:\/\/hudo.com\/si\/wp-content\/uploads\/sites\/2\/2016\/05\/ANDR0155_jpg-300.jpg\" \/>\n\t<meta property=\"og:image:width\" content=\"450\" \/>\n\t<meta property=\"og:image:height\" content=\"300\" \/>\n\t<meta property=\"og:image:type\" content=\"image\/jpeg\" \/>\n<meta name=\"author\" content=\"hudo\" \/>\n<meta name=\"twitter:card\" content=\"summary_large_image\" \/>\n<meta name=\"twitter:creator\" content=\"@hudo_si\" \/>\n<meta name=\"twitter:site\" content=\"@hudo_si\" \/>\n<meta name=\"twitter:label1\" content=\"Written by\" \/>\n\t<meta name=\"twitter:data1\" content=\"hudo\" \/>\n\t<meta name=\"twitter:label2\" content=\"Est. reading time\" \/>\n\t<meta name=\"twitter:data2\" content=\"2 minuti\" \/>\n<script type=\"application\/ld+json\" class=\"yoast-schema-graph\">{\"@context\":\"https:\/\/schema.org\",\"@graph\":[{\"@type\":\"Article\",\"@id\":\"https:\/\/hudo.com\/si\/aktualno\/vijolicam-pokal-celje-brez-evrope\/#article\",\"isPartOf\":{\"@id\":\"https:\/\/hudo.com\/si\/aktualno\/vijolicam-pokal-celje-brez-evrope\/\"},\"author\":{\"name\":\"hudo\",\"@id\":\"https:\/\/hudo.com\/si\/#\/schema\/person\/601cf3379633985b20f7e50f2bb47707\"},\"headline\":\"Vijolicam pokal, Celje brez Evrope\",\"datePublished\":\"2016-05-25T20:00:00+00:00\",\"dateModified\":\"2016-05-26T22:51:35+00:00\",\"mainEntityOfPage\":{\"@id\":\"https:\/\/hudo.com\/si\/aktualno\/vijolicam-pokal-celje-brez-evrope\/\"},\"wordCount\":369,\"publisher\":{\"@id\":\"https:\/\/hudo.com\/si\/#organization\"},\"articleSection\":[\"Aktualno\"],\"inLanguage\":\"sl-SI\"},{\"@type\":\"WebPage\",\"@id\":\"https:\/\/hudo.com\/si\/aktualno\/vijolicam-pokal-celje-brez-evrope\/\",\"url\":\"https:\/\/hudo.com\/si\/aktualno\/vijolicam-pokal-celje-brez-evrope\/\",\"name\":\"Vijolicam pokal, Celje brez Evrope - Hudo Slovenija\",\"isPartOf\":{\"@id\":\"https:\/\/hudo.com\/si\/#website\"},\"datePublished\":\"2016-05-25T20:00:00+00:00\",\"dateModified\":\"2016-05-26T22:51:35+00:00\",\"breadcrumb\":{\"@id\":\"https:\/\/hudo.com\/si\/aktualno\/vijolicam-pokal-celje-brez-evrope\/#breadcrumb\"},\"inLanguage\":\"sl-SI\",\"potentialAction\":[{\"@type\":\"ReadAction\",\"target\":[\"https:\/\/hudo.com\/si\/aktualno\/vijolicam-pokal-celje-brez-evrope\/\"]}]},{\"@type\":\"BreadcrumbList\",\"@id\":\"https:\/\/hudo.com\/si\/aktualno\/vijolicam-pokal-celje-brez-evrope\/#breadcrumb\",\"itemListElement\":[{\"@type\":\"ListItem\",\"position\":1,\"name\":\"Home\",\"item\":\"https:\/\/hudo.com\/si\/\"},{\"@type\":\"ListItem\",\"position\":2,\"name\":\"Vijolicam pokal, Celje brez Evrope\"}]},{\"@type\":\"WebSite\",\"@id\":\"https:\/\/hudo.com\/si\/#website\",\"url\":\"https:\/\/hudo.com\/si\/\",\"name\":\"Hudo Slovenija\",\"description\":\"Vse novice iz Slovenije in sveta\",\"publisher\":{\"@id\":\"https:\/\/hudo.com\/si\/#organization\"},\"potentialAction\":[{\"@type\":\"SearchAction\",\"target\":{\"@type\":\"EntryPoint\",\"urlTemplate\":\"https:\/\/hudo.com\/si\/?s={search_term_string}\"},\"query-input\":\"required name=search_term_string\"}],\"inLanguage\":\"sl-SI\"},{\"@type\":\"Organization\",\"@id\":\"https:\/\/hudo.com\/si\/#organization\",\"name\":\"VSN Media\",\"url\":\"https:\/\/hudo.com\/si\/\",\"logo\":{\"@type\":\"ImageObject\",\"inLanguage\":\"sl-SI\",\"@id\":\"https:\/\/hudo.com\/si\/#\/schema\/logo\/image\/\",\"url\":\"https:\/\/hudo.com\/si\/wp-content\/uploads\/sites\/2\/2021\/03\/hudo-app-2.png\",\"contentUrl\":\"https:\/\/hudo.com\/si\/wp-content\/uploads\/sites\/2\/2021\/03\/hudo-app-2.png\",\"width\":2185,\"height\":2167,\"caption\":\"VSN Media\"},\"image\":{\"@id\":\"https:\/\/hudo.com\/si\/#\/schema\/logo\/image\/\"},\"sameAs\":[\"https:\/\/www.facebook.com\/hudo.si\",\"https:\/\/twitter.com\/hudo_si\"]},{\"@type\":\"Person\",\"@id\":\"https:\/\/hudo.com\/si\/#\/schema\/person\/601cf3379633985b20f7e50f2bb47707\",\"name\":\"hudo\",\"image\":{\"@type\":\"ImageObject\",\"inLanguage\":\"sl-SI\",\"@id\":\"https:\/\/hudo.com\/si\/#\/schema\/person\/image\/\",\"url\":\"https:\/\/secure.gravatar.com\/avatar\/c4ca25fa72cace7a696b52ff5db9e095?s=96&d=mm&r=g\",\"contentUrl\":\"https:\/\/secure.gravatar.com\/avatar\/c4ca25fa72cace7a696b52ff5db9e095?s=96&d=mm&r=g\",\"caption\":\"hudo\"},\"url\":\"https:\/\/hudo.com\/si\/author\/hudo\/\"}]}<\/script>\n<!-- \/ Yoast SEO plugin. -->","yoast_head_json":{"title":"Vijolicam pokal, Celje brez Evrope - Hudo Slovenija","robots":{"index":"index","follow":"follow","max-snippet":"max-snippet:-1","max-image-preview":"max-image-preview:large","max-video-preview":"max-video-preview:-1"},"canonical":"https:\/\/hudo.com\/si\/aktualno\/vijolicam-pokal-celje-brez-evrope\/","og_locale":"sl_SI","og_type":"article","og_title":"Vijolicam pokal, Celje brez Evrope - Hudo Slovenija","og_description":"Mu\u010dili so se, \u0161ahirali po igri\u0161\u010du, iskali luknje in prilo\u017enosti celih 117 minut. Brez uspeha. \u017de se je 2500 gledalcev, enakomerno porazdeljenih na celjski rumeni del in mariborski vijoli\u010dasti, pripravljalo na posladek - enajstmetrovke. Pa jim je, tik pred njihovim delom, \u0161e lep\u0161o sladico pripravil Dare Vr\u0161i\u010d. Izvajanje s kota, ko bi morala \u017eoga kon\u010dati na glavi enega od soigralcev, se je zaklju\u010dilo z neposrednim zadetkom. Vijoli\u010dasti del Bonifike je eksplodiral, slavil je zmago. A pesmi \u0161e niti ni zapel do konca, ko je, \u017ee drugi\u010d ta ve\u010der, udaril Matej Podlogar. Za 2:2, za podalj\u0161ke. Zdaj so se zasli\u0161ali bobni, zaplesala je tudi rumena maskota. Ja, celjski grofje so bili na tribuni \u0161e bolje pripravljeni. Vijoli\u010dasti pa\u010d na igri\u0161\u010du. \u010ce ni \u0161lo po rednem delu tekme, niti po podalj\u0161kih, je odlo\u010dila psiholo\u0161ka loterija - enajstmetrovke. Dolgo se je streljalo, skorajda bi \u017ee vsi pri\u0161li na vrsto. Pa je klecnil celjski rezervist Nino Pungar\u0161ek. Izku\u0161eni Ale\u0161 Mertelj si ni dal dvakrat re\u010di. Zgrabil je prilo\u017enost, da re\u0161i mariborsko sezono, da re\u0161i tako opevano \u010dast. \"Verjel sem, da lahko zadenem ta zelo pomembni kazenski strel. Na tej tekmi je bilo vsega. Povedli smo, potem je \u0161lo gor in dol, na koncu smo kon\u010dali kot zmagovalci, kar bo sedaj na\u0161o ekipo zopet dvignilo. Verjamemo v ekipo in vemo, da smo lahko \u0161e bolj\u0161i.\" Da bi njegov klub po osmih letih ostal brez lovorike? To pa\u010d ne gre. Slavje so si ogledali tudi nogometni reprezentanti. Oni so sedeli na VIP-tribuni, njihov danes priklju\u010deni kolega Milivoje Novakovi\u0107 pa od za\u010detka, enako kot kapetan Maribora Marcos Tavares, na klubski klopci. A \u0161e preden sta se oba veterana dobro namestila, \u017ee sta planila v zrak. Komaj pet minut je minilo, ko je Marwan Kabha po podaji Marka Jankovi\u0107a zadel z glavo. Veselil se je kot otrok. Dobesedno. S prstom v ustih, ki je improviziral dudo. Slavje ekipe, ki jo je v \u017eivo spodbujal tudi smu\u010dar Klemen Kosi, ni trajalo dolgo. \u017de takrat je Podlogar vse pokvaril. A kriva je bila neodlo\u010dna maribo","og_url":"https:\/\/hudo.com\/si\/aktualno\/vijolicam-pokal-celje-brez-evrope\/","og_site_name":"Hudo Slovenija","article_publisher":"https:\/\/www.facebook.com\/hudo.si","article_published_time":"2016-05-25T20:00:00+00:00","article_modified_time":"2016-05-26T22:51:35+00:00","og_image":[{"width":450,"height":300,"url":"https:\/\/hudo.com\/si\/wp-content\/uploads\/sites\/2\/2016\/05\/ANDR0155_jpg-300.jpg","type":"image\/jpeg"}],"author":"hudo","twitter_card":"summary_large_image","twitter_creator":"@hudo_si","twitter_site":"@hudo_si","twitter_misc":{"Written by":"hudo","Est. reading time":"2 minuti"},"schema":{"@context":"https:\/\/schema.org","@graph":[{"@type":"Article","@id":"https:\/\/hudo.com\/si\/aktualno\/vijolicam-pokal-celje-brez-evrope\/#article","isPartOf":{"@id":"https:\/\/hudo.com\/si\/aktualno\/vijolicam-pokal-celje-brez-evrope\/"},"author":{"name":"hudo","@id":"https:\/\/hudo.com\/si\/#\/schema\/person\/601cf3379633985b20f7e50f2bb47707"},"headline":"Vijolicam pokal, Celje brez Evrope","datePublished":"2016-05-25T20:00:00+00:00","dateModified":"2016-05-26T22:51:35+00:00","mainEntityOfPage":{"@id":"https:\/\/hudo.com\/si\/aktualno\/vijolicam-pokal-celje-brez-evrope\/"},"wordCount":369,"publisher":{"@id":"https:\/\/hudo.com\/si\/#organization"},"articleSection":["Aktualno"],"inLanguage":"sl-SI"},{"@type":"WebPage","@id":"https:\/\/hudo.com\/si\/aktualno\/vijolicam-pokal-celje-brez-evrope\/","url":"https:\/\/hudo.com\/si\/aktualno\/vijolicam-pokal-celje-brez-evrope\/","name":"Vijolicam pokal, Celje brez Evrope - Hudo Slovenija","isPartOf":{"@id":"https:\/\/hudo.com\/si\/#website"},"datePublished":"2016-05-25T20:00:00+00:00","dateModified":"2016-05-26T22:51:35+00:00","breadcrumb":{"@id":"https:\/\/hudo.com\/si\/aktualno\/vijolicam-pokal-celje-brez-evrope\/#breadcrumb"},"inLanguage":"sl-SI","potentialAction":[{"@type":"ReadAction","target":["https:\/\/hudo.com\/si\/aktualno\/vijolicam-pokal-celje-brez-evrope\/"]}]},{"@type":"BreadcrumbList","@id":"https:\/\/hudo.com\/si\/aktualno\/vijolicam-pokal-celje-brez-evrope\/#breadcrumb","itemListElement":[{"@type":"ListItem","position":1,"name":"Home","item":"https:\/\/hudo.com\/si\/"},{"@type":"ListItem","position":2,"name":"Vijolicam pokal, Celje brez Evrope"}]},{"@type":"WebSite","@id":"https:\/\/hudo.com\/si\/#website","url":"https:\/\/hudo.com\/si\/","name":"Hudo Slovenija","description":"Vse novice iz Slovenije in sveta","publisher":{"@id":"https:\/\/hudo.com\/si\/#organization"},"potentialAction":[{"@type":"SearchAction","target":{"@type":"EntryPoint","urlTemplate":"https:\/\/hudo.com\/si\/?s={search_term_string}"},"query-input":"required name=search_term_string"}],"inLanguage":"sl-SI"},{"@type":"Organization","@id":"https:\/\/hudo.com\/si\/#organization","name":"VSN Media","url":"https:\/\/hudo.com\/si\/","logo":{"@type":"ImageObject","inLanguage":"sl-SI","@id":"https:\/\/hudo.com\/si\/#\/schema\/logo\/image\/","url":"https:\/\/hudo.com\/si\/wp-content\/uploads\/sites\/2\/2021\/03\/hudo-app-2.png","contentUrl":"https:\/\/hudo.com\/si\/wp-content\/uploads\/sites\/2\/2021\/03\/hudo-app-2.png","width":2185,"height":2167,"caption":"VSN Media"},"image":{"@id":"https:\/\/hudo.com\/si\/#\/schema\/logo\/image\/"},"sameAs":["https:\/\/www.facebook.com\/hudo.si","https:\/\/twitter.com\/hudo_si"]},{"@type":"Person","@id":"https:\/\/hudo.com\/si\/#\/schema\/person\/601cf3379633985b20f7e50f2bb47707","name":"hudo","image":{"@type":"ImageObject","inLanguage":"sl-SI","@id":"https:\/\/hudo.com\/si\/#\/schema\/person\/image\/","url":"https:\/\/secure.gravatar.com\/avatar\/c4ca25fa72cace7a696b52ff5db9e095?s=96&d=mm&r=g","contentUrl":"https:\/\/secure.gravatar.com\/avatar\/c4ca25fa72cace7a696b52ff5db9e095?s=96&d=mm&r=g","caption":"hudo"},"url":"https:\/\/hudo.com\/si\/author\/hudo\/"}]}},"amp_enabled":true,"_links":{"self":[{"href":"https:\/\/hudo.com\/si\/wp-json\/wp\/v2\/posts\/61523"}],"collection":[{"href":"https:\/\/hudo.com\/si\/wp-json\/wp\/v2\/posts"}],"about":[{"href":"https:\/\/hudo.com\/si\/wp-json\/wp\/v2\/types\/post"}],"author":[{"embeddable":true,"href":"https:\/\/hudo.com\/si\/wp-json\/wp\/v2\/users\/1"}],"replies":[{"embeddable":true,"href":"https:\/\/hudo.com\/si\/wp-json\/wp\/v2\/comments?post=61523"}],"version-history":[{"count":1,"href":"https:\/\/hudo.com\/si\/wp-json\/wp\/v2\/posts\/61523\/revisions"}],"predecessor-version":[{"id":61559,"href":"https:\/\/hudo.com\/si\/wp-json\/wp\/v2\/posts\/61523\/revisions\/61559"}],"wp:attachment":[{"href":"https:\/\/hudo.com\/si\/wp-json\/wp\/v2\/media?parent=61523"}],"wp:term":[{"taxonomy":"category","embeddable":true,"href":"https:\/\/hudo.com\/si\/wp-json\/wp\/v2\/categories?post=61523"},{"taxonomy":"post_tag","embeddable":true,"href":"https:\/\/hudo.com\/si\/wp-json\/wp\/v2\/tags?post=61523"},{"taxonomy":"source","embeddable":true,"href":"https:\/\/hudo.com\/si\/wp-json\/wp\/v2\/source?post=61523"},{"taxonomy":"supertag","embeddable":true,"href":"https:\/\/hudo.com\/si\/wp-json\/wp\/v2\/supertag?post=61523"}],"curies":[{"name":"wp","href":"https:\/\/api.w.org\/{rel}","templated":true}]}}