{"id":62143,"date":"2016-05-26T14:00:00","date_gmt":"2016-05-26T12:00:00","guid":{"rendered":"http:\/\/hudo.com\/si\/2016\/05\/26\/foto-kako-bodo-izgledale-nove-smuci-slovenskih-skakalcev\/"},"modified":"2016-05-27T14:57:41","modified_gmt":"2016-05-27T12:57:41","slug":"foto-kako-bodo-izgledale-nove-smuci-slovenskih-skakalcev","status":"publish","type":"post","link":"https:\/\/hudo.com\/si\/aktualno\/foto-kako-bodo-izgledale-nove-smuci-slovenskih-skakalcev\/","title":{"rendered":"FOTO: Kako bodo izgledale nove smu\u010di slovenskih skakalcev"},"content":{"rendered":"<p>V prostorih Smu\u010darske zveze Slovenije (SZS) v Ljubljani so danes podpisali pogodbo o sodelovanju med SZS in podjetjem Slatnar Carbon, ki je od begunjskega Elana prevzelo opu\u0161\u010deni program proizvodnje skakalnih smu\u010di. Z lastnikom podjetja Petrom Slatnarjem je pogodbo podpisal Jo\u017eko Kri\u017ean, direktor SZS. Novo vodstvo Elana je 19. aprila slovensko skakalno in \u0161portno javnost presenetilo z napovedjo, da bo iz podjetja zaradi nerentabilnosti izlo\u010dilo program proizvodnje skakalnih smu\u010di, kar je spro\u017eilo buren odziv. Smu\u010darska zveza Slovenije se je hitro odzvala, re\u0161itelja pa ni bilo treba iskati dale\u010d. Proizvodnjo skakalnih smu\u010di bo namre\u010d prevzel v skakalnih krogih zelo dobro poznan strojni tehnik iz Cerkelj na Gorenjskem Peter Slatnar, priznani inovator na podro\u010dju skakalnega \u0161porta, ki v majhnem dru\u017einskem podjetju pod Krvavcem skrbi za izdelavo inovativnih skakalnih vezi in okovja ter zelo sodobnih, vrhunskih skakalnih \u010devljev iz najbolj\u0161ih materialov, kar jih je mogo\u010de dobiti na trgu. &#8220;Hvala Petru Slatnarju in njegovemu podjetju, da je ponudil roko malce potapljajo\u010di se barki. Pozivam tudi vse nas v skokih, da moramo to sprejeti z odprtimi rokami in ne preve\u010d pri\u010dakovati. Treba je vedeti, da Slatnar ni Elan, nima toliko kapacitet, nima mo\u017enosti, nima toliko izku\u0161enj s skakalnimi smu\u010dmi. Dajmo \u010dasu \u010das in sprejeti tisto, kar nam je ponudil,&#8221; je bil ob podpisu pogodbe zadovoljen Primo\u017e Peterka, nekdanji dvakratni zmagovalec svetovnega pokala v smu\u010darskih skokih, ki je danes pomo\u010dnik trenerja \u017eenske slovenske reprezentance. &#8220;Kolikor vem, bodo isti ljudje delali v proizvodnji kot doslej, ti vedo, kaj vsak posameznik potrebuje. Treba je kako leto potrpeti, da se vidi, kam bo \u0161el razvoj. Ne vidim pa razloga, zakaj bi naredili kak korak nazaj. Kve\u010djemu kak\u0161nega naprej. Petra poznam kot enega inteligentnej\u0161ih ljudi in enega bolj\u0161ih inovatorjev, kar zadeva skakalno opremo. Ne vidim razloga, zakaj bi \u0161li dol,&#8221; je \u0161e dejal Peterka. Slatnar je danes tudi predstavil smu\u010di, na kate<\/p>\n","protected":false},"excerpt":{"rendered":"<p>V prostorih Smu\u010darske zveze Slovenije (SZS) v Ljubljani so danes podpisali pogodbo o sodelovanju med SZS in podjetjem Slatnar Carbon, ki je od begunjskega Elana prevzelo opu\u0161\u010deni program proizvodnje skakalnih smu\u010di. Z lastnikom podjetja Petrom Slatnarjem je pogodbo podpisal Jo\u017eko Kri\u017ean, direktor SZS. Novo vodstvo Elana je 19. aprila slovensko skakalno in \u0161portno javnost presenetilo z napovedjo, da bo iz podjetja zaradi nerentabilnosti izlo\u010dilo program proizvodnje skakalnih smu\u010di, kar je spro\u017eilo buren odziv. Smu\u010darska zveza Slovenije se je hitro odzvala, re\u0161itelja pa ni bilo treba iskati dale\u010d. Proizvodnjo skakalnih smu\u010di bo namre\u010d prevzel v skakalnih krogih zelo dobro poznan strojni tehnik iz Cerkelj na Gorenjskem Peter Slatnar, priznani inovator na podro\u010dju skakalnega \u0161porta, ki v majhnem dru\u017einskem podjetju pod Krvavcem skrbi za izdelavo inovativnih skakalnih vezi in okovja ter zelo sodobnih, vrhunskih skakalnih \u010devljev iz najbolj\u0161ih materialov, kar jih je mogo\u010de dobiti na trgu. &#8220;Hvala Petru Slatnarju in njegovemu podjetju, da je ponudil roko malce potapljajo\u010di se barki. Pozivam tudi vse nas v skokih, da moramo to sprejeti z odprtimi rokami in ne preve\u010d pri\u010dakovati. Treba je vedeti, da Slatnar ni Elan, nima toliko kapacitet, nima mo\u017enosti, nima toliko izku\u0161enj s skakalnimi smu\u010dmi. Dajmo \u010dasu \u010das in sprejeti tisto, kar nam je ponudil,&#8221; je bil ob podpisu pogodbe zadovoljen Primo\u017e Peterka, nekdanji dvakratni zmagovalec svetovnega pokala v smu\u010darskih skokih, ki je danes pomo\u010dnik trenerja \u017eenske slovenske reprezentance. &#8220;Kolikor vem, bodo isti ljudje delali v proizvodnji kot doslej, ti vedo, kaj vsak posameznik potrebuje. Treba je kako leto potrpeti, da se vidi, kam bo \u0161el razvoj. Ne vidim pa razloga, zakaj bi naredili kak korak nazaj. Kve\u010djemu kak\u0161nega naprej. Petra poznam kot enega inteligentnej\u0161ih ljudi in enega bolj\u0161ih inovatorjev, kar zadeva skakalno opremo. Ne vidim razloga, zakaj bi \u0161li dol,&#8221; je \u0161e dejal Peterka. Slatnar je danes tudi predstavil smu\u010di, na kate<\/p>\n","protected":false},"author":1,"featured_media":0,"comment_status":"closed","ping_status":"closed","sticky":false,"template":"","format":"standard","meta":{"footnotes":""},"categories":[1179],"tags":[],"source":[1711],"supertag":[],"acf":[],"yoast_head":"<!-- This site is optimized with the Yoast SEO plugin v21.3 - https:\/\/yoast.com\/wordpress\/plugins\/seo\/ -->\n<title>FOTO: Kako bodo izgledale nove smu\u010di slovenskih skakalcev - Hudo Slovenija<\/title>\n<meta name=\"robots\" content=\"index, follow, max-snippet:-1, max-image-preview:large, max-video-preview:-1\" \/>\n<link rel=\"canonical\" href=\"https:\/\/hudo.com\/si\/aktualno\/foto-kako-bodo-izgledale-nove-smuci-slovenskih-skakalcev\/\" \/>\n<meta property=\"og:locale\" content=\"sl_SI\" \/>\n<meta property=\"og:type\" content=\"article\" \/>\n<meta property=\"og:title\" content=\"FOTO: Kako bodo izgledale nove smu\u010di slovenskih skakalcev - Hudo Slovenija\" \/>\n<meta property=\"og:description\" content=\"V prostorih Smu\u010darske zveze Slovenije (SZS) v Ljubljani so danes podpisali pogodbo o sodelovanju med SZS in podjetjem Slatnar Carbon, ki je od begunjskega Elana prevzelo opu\u0161\u010deni program proizvodnje skakalnih smu\u010di. Z lastnikom podjetja Petrom Slatnarjem je pogodbo podpisal Jo\u017eko Kri\u017ean, direktor SZS. Novo vodstvo Elana je 19. aprila slovensko skakalno in \u0161portno javnost presenetilo z napovedjo, da bo iz podjetja zaradi nerentabilnosti izlo\u010dilo program proizvodnje skakalnih smu\u010di, kar je spro\u017eilo buren odziv. Smu\u010darska zveza Slovenije se je hitro odzvala, re\u0161itelja pa ni bilo treba iskati dale\u010d. Proizvodnjo skakalnih smu\u010di bo namre\u010d prevzel v skakalnih krogih zelo dobro poznan strojni tehnik iz Cerkelj na Gorenjskem Peter Slatnar, priznani inovator na podro\u010dju skakalnega \u0161porta, ki v majhnem dru\u017einskem podjetju pod Krvavcem skrbi za izdelavo inovativnih skakalnih vezi in okovja ter zelo sodobnih, vrhunskih skakalnih \u010devljev iz najbolj\u0161ih materialov, kar jih je mogo\u010de dobiti na trgu. &quot;Hvala Petru Slatnarju in njegovemu podjetju, da je ponudil roko malce potapljajo\u010di se barki. Pozivam tudi vse nas v skokih, da moramo to sprejeti z odprtimi rokami in ne preve\u010d pri\u010dakovati. Treba je vedeti, da Slatnar ni Elan, nima toliko kapacitet, nima mo\u017enosti, nima toliko izku\u0161enj s skakalnimi smu\u010dmi. Dajmo \u010dasu \u010das in sprejeti tisto, kar nam je ponudil,&quot; je bil ob podpisu pogodbe zadovoljen Primo\u017e Peterka, nekdanji dvakratni zmagovalec svetovnega pokala v smu\u010darskih skokih, ki je danes pomo\u010dnik trenerja \u017eenske slovenske reprezentance. &quot;Kolikor vem, bodo isti ljudje delali v proizvodnji kot doslej, ti vedo, kaj vsak posameznik potrebuje. Treba je kako leto potrpeti, da se vidi, kam bo \u0161el razvoj. Ne vidim pa razloga, zakaj bi naredili kak korak nazaj. Kve\u010djemu kak\u0161nega naprej. Petra poznam kot enega inteligentnej\u0161ih ljudi in enega bolj\u0161ih inovatorjev, kar zadeva skakalno opremo. Ne vidim razloga, zakaj bi \u0161li dol,&quot; je \u0161e dejal Peterka. Slatnar je danes tudi predstavil smu\u010di, na kate\" \/>\n<meta property=\"og:url\" content=\"https:\/\/hudo.com\/si\/aktualno\/foto-kako-bodo-izgledale-nove-smuci-slovenskih-skakalcev\/\" \/>\n<meta property=\"og:site_name\" content=\"Hudo Slovenija\" \/>\n<meta property=\"article:publisher\" content=\"https:\/\/www.facebook.com\/hudo.si\" \/>\n<meta property=\"article:published_time\" content=\"2016-05-26T12:00:00+00:00\" \/>\n<meta property=\"article:modified_time\" content=\"2016-05-27T12:57:41+00:00\" \/>\n<meta property=\"og:image\" content=\"https:\/\/hudo.com\/si\/wp-content\/uploads\/sites\/2\/2016\/05\/slat10-300.jpg\" \/>\n\t<meta property=\"og:image:width\" content=\"450\" \/>\n\t<meta property=\"og:image:height\" content=\"300\" \/>\n\t<meta property=\"og:image:type\" content=\"image\/jpeg\" \/>\n<meta name=\"author\" content=\"hudo\" \/>\n<meta name=\"twitter:card\" content=\"summary_large_image\" \/>\n<meta name=\"twitter:creator\" content=\"@hudo_si\" \/>\n<meta name=\"twitter:site\" content=\"@hudo_si\" \/>\n<meta name=\"twitter:label1\" content=\"Written by\" \/>\n\t<meta name=\"twitter:data1\" content=\"hudo\" \/>\n\t<meta name=\"twitter:label2\" content=\"Est. reading time\" \/>\n\t<meta name=\"twitter:data2\" content=\"2 minuti\" \/>\n<script type=\"application\/ld+json\" class=\"yoast-schema-graph\">{\"@context\":\"https:\/\/schema.org\",\"@graph\":[{\"@type\":\"Article\",\"@id\":\"https:\/\/hudo.com\/si\/aktualno\/foto-kako-bodo-izgledale-nove-smuci-slovenskih-skakalcev\/#article\",\"isPartOf\":{\"@id\":\"https:\/\/hudo.com\/si\/aktualno\/foto-kako-bodo-izgledale-nove-smuci-slovenskih-skakalcev\/\"},\"author\":{\"name\":\"hudo\",\"@id\":\"https:\/\/hudo.com\/si\/#\/schema\/person\/601cf3379633985b20f7e50f2bb47707\"},\"headline\":\"FOTO: Kako bodo izgledale nove smu\u010di slovenskih skakalcev\",\"datePublished\":\"2016-05-26T12:00:00+00:00\",\"dateModified\":\"2016-05-27T12:57:41+00:00\",\"mainEntityOfPage\":{\"@id\":\"https:\/\/hudo.com\/si\/aktualno\/foto-kako-bodo-izgledale-nove-smuci-slovenskih-skakalcev\/\"},\"wordCount\":336,\"publisher\":{\"@id\":\"https:\/\/hudo.com\/si\/#organization\"},\"articleSection\":[\"Aktualno\"],\"inLanguage\":\"sl-SI\"},{\"@type\":\"WebPage\",\"@id\":\"https:\/\/hudo.com\/si\/aktualno\/foto-kako-bodo-izgledale-nove-smuci-slovenskih-skakalcev\/\",\"url\":\"https:\/\/hudo.com\/si\/aktualno\/foto-kako-bodo-izgledale-nove-smuci-slovenskih-skakalcev\/\",\"name\":\"FOTO: Kako bodo izgledale nove smu\u010di slovenskih skakalcev - Hudo Slovenija\",\"isPartOf\":{\"@id\":\"https:\/\/hudo.com\/si\/#website\"},\"datePublished\":\"2016-05-26T12:00:00+00:00\",\"dateModified\":\"2016-05-27T12:57:41+00:00\",\"breadcrumb\":{\"@id\":\"https:\/\/hudo.com\/si\/aktualno\/foto-kako-bodo-izgledale-nove-smuci-slovenskih-skakalcev\/#breadcrumb\"},\"inLanguage\":\"sl-SI\",\"potentialAction\":[{\"@type\":\"ReadAction\",\"target\":[\"https:\/\/hudo.com\/si\/aktualno\/foto-kako-bodo-izgledale-nove-smuci-slovenskih-skakalcev\/\"]}]},{\"@type\":\"BreadcrumbList\",\"@id\":\"https:\/\/hudo.com\/si\/aktualno\/foto-kako-bodo-izgledale-nove-smuci-slovenskih-skakalcev\/#breadcrumb\",\"itemListElement\":[{\"@type\":\"ListItem\",\"position\":1,\"name\":\"Home\",\"item\":\"https:\/\/hudo.com\/si\/\"},{\"@type\":\"ListItem\",\"position\":2,\"name\":\"FOTO: Kako bodo izgledale nove smu\u010di slovenskih skakalcev\"}]},{\"@type\":\"WebSite\",\"@id\":\"https:\/\/hudo.com\/si\/#website\",\"url\":\"https:\/\/hudo.com\/si\/\",\"name\":\"Hudo Slovenija\",\"description\":\"Vse novice iz Slovenije in sveta\",\"publisher\":{\"@id\":\"https:\/\/hudo.com\/si\/#organization\"},\"potentialAction\":[{\"@type\":\"SearchAction\",\"target\":{\"@type\":\"EntryPoint\",\"urlTemplate\":\"https:\/\/hudo.com\/si\/?s={search_term_string}\"},\"query-input\":\"required name=search_term_string\"}],\"inLanguage\":\"sl-SI\"},{\"@type\":\"Organization\",\"@id\":\"https:\/\/hudo.com\/si\/#organization\",\"name\":\"VSN Media\",\"url\":\"https:\/\/hudo.com\/si\/\",\"logo\":{\"@type\":\"ImageObject\",\"inLanguage\":\"sl-SI\",\"@id\":\"https:\/\/hudo.com\/si\/#\/schema\/logo\/image\/\",\"url\":\"https:\/\/hudo.com\/si\/wp-content\/uploads\/sites\/2\/2021\/03\/hudo-app-2.png\",\"contentUrl\":\"https:\/\/hudo.com\/si\/wp-content\/uploads\/sites\/2\/2021\/03\/hudo-app-2.png\",\"width\":2185,\"height\":2167,\"caption\":\"VSN Media\"},\"image\":{\"@id\":\"https:\/\/hudo.com\/si\/#\/schema\/logo\/image\/\"},\"sameAs\":[\"https:\/\/www.facebook.com\/hudo.si\",\"https:\/\/twitter.com\/hudo_si\"]},{\"@type\":\"Person\",\"@id\":\"https:\/\/hudo.com\/si\/#\/schema\/person\/601cf3379633985b20f7e50f2bb47707\",\"name\":\"hudo\",\"image\":{\"@type\":\"ImageObject\",\"inLanguage\":\"sl-SI\",\"@id\":\"https:\/\/hudo.com\/si\/#\/schema\/person\/image\/\",\"url\":\"https:\/\/secure.gravatar.com\/avatar\/c4ca25fa72cace7a696b52ff5db9e095?s=96&d=mm&r=g\",\"contentUrl\":\"https:\/\/secure.gravatar.com\/avatar\/c4ca25fa72cace7a696b52ff5db9e095?s=96&d=mm&r=g\",\"caption\":\"hudo\"},\"url\":\"https:\/\/hudo.com\/si\/author\/hudo\/\"}]}<\/script>\n<!-- \/ Yoast SEO plugin. -->","yoast_head_json":{"title":"FOTO: Kako bodo izgledale nove smu\u010di slovenskih skakalcev - Hudo Slovenija","robots":{"index":"index","follow":"follow","max-snippet":"max-snippet:-1","max-image-preview":"max-image-preview:large","max-video-preview":"max-video-preview:-1"},"canonical":"https:\/\/hudo.com\/si\/aktualno\/foto-kako-bodo-izgledale-nove-smuci-slovenskih-skakalcev\/","og_locale":"sl_SI","og_type":"article","og_title":"FOTO: Kako bodo izgledale nove smu\u010di slovenskih skakalcev - Hudo Slovenija","og_description":"V prostorih Smu\u010darske zveze Slovenije (SZS) v Ljubljani so danes podpisali pogodbo o sodelovanju med SZS in podjetjem Slatnar Carbon, ki je od begunjskega Elana prevzelo opu\u0161\u010deni program proizvodnje skakalnih smu\u010di. Z lastnikom podjetja Petrom Slatnarjem je pogodbo podpisal Jo\u017eko Kri\u017ean, direktor SZS. Novo vodstvo Elana je 19. aprila slovensko skakalno in \u0161portno javnost presenetilo z napovedjo, da bo iz podjetja zaradi nerentabilnosti izlo\u010dilo program proizvodnje skakalnih smu\u010di, kar je spro\u017eilo buren odziv. Smu\u010darska zveza Slovenije se je hitro odzvala, re\u0161itelja pa ni bilo treba iskati dale\u010d. Proizvodnjo skakalnih smu\u010di bo namre\u010d prevzel v skakalnih krogih zelo dobro poznan strojni tehnik iz Cerkelj na Gorenjskem Peter Slatnar, priznani inovator na podro\u010dju skakalnega \u0161porta, ki v majhnem dru\u017einskem podjetju pod Krvavcem skrbi za izdelavo inovativnih skakalnih vezi in okovja ter zelo sodobnih, vrhunskih skakalnih \u010devljev iz najbolj\u0161ih materialov, kar jih je mogo\u010de dobiti na trgu. \"Hvala Petru Slatnarju in njegovemu podjetju, da je ponudil roko malce potapljajo\u010di se barki. Pozivam tudi vse nas v skokih, da moramo to sprejeti z odprtimi rokami in ne preve\u010d pri\u010dakovati. Treba je vedeti, da Slatnar ni Elan, nima toliko kapacitet, nima mo\u017enosti, nima toliko izku\u0161enj s skakalnimi smu\u010dmi. Dajmo \u010dasu \u010das in sprejeti tisto, kar nam je ponudil,\" je bil ob podpisu pogodbe zadovoljen Primo\u017e Peterka, nekdanji dvakratni zmagovalec svetovnega pokala v smu\u010darskih skokih, ki je danes pomo\u010dnik trenerja \u017eenske slovenske reprezentance. \"Kolikor vem, bodo isti ljudje delali v proizvodnji kot doslej, ti vedo, kaj vsak posameznik potrebuje. Treba je kako leto potrpeti, da se vidi, kam bo \u0161el razvoj. Ne vidim pa razloga, zakaj bi naredili kak korak nazaj. Kve\u010djemu kak\u0161nega naprej. Petra poznam kot enega inteligentnej\u0161ih ljudi in enega bolj\u0161ih inovatorjev, kar zadeva skakalno opremo. Ne vidim razloga, zakaj bi \u0161li dol,\" je \u0161e dejal Peterka. Slatnar je danes tudi predstavil smu\u010di, na kate","og_url":"https:\/\/hudo.com\/si\/aktualno\/foto-kako-bodo-izgledale-nove-smuci-slovenskih-skakalcev\/","og_site_name":"Hudo Slovenija","article_publisher":"https:\/\/www.facebook.com\/hudo.si","article_published_time":"2016-05-26T12:00:00+00:00","article_modified_time":"2016-05-27T12:57:41+00:00","og_image":[{"width":450,"height":300,"url":"https:\/\/hudo.com\/si\/wp-content\/uploads\/sites\/2\/2016\/05\/slat10-300.jpg","type":"image\/jpeg"}],"author":"hudo","twitter_card":"summary_large_image","twitter_creator":"@hudo_si","twitter_site":"@hudo_si","twitter_misc":{"Written by":"hudo","Est. reading time":"2 minuti"},"schema":{"@context":"https:\/\/schema.org","@graph":[{"@type":"Article","@id":"https:\/\/hudo.com\/si\/aktualno\/foto-kako-bodo-izgledale-nove-smuci-slovenskih-skakalcev\/#article","isPartOf":{"@id":"https:\/\/hudo.com\/si\/aktualno\/foto-kako-bodo-izgledale-nove-smuci-slovenskih-skakalcev\/"},"author":{"name":"hudo","@id":"https:\/\/hudo.com\/si\/#\/schema\/person\/601cf3379633985b20f7e50f2bb47707"},"headline":"FOTO: Kako bodo izgledale nove smu\u010di slovenskih skakalcev","datePublished":"2016-05-26T12:00:00+00:00","dateModified":"2016-05-27T12:57:41+00:00","mainEntityOfPage":{"@id":"https:\/\/hudo.com\/si\/aktualno\/foto-kako-bodo-izgledale-nove-smuci-slovenskih-skakalcev\/"},"wordCount":336,"publisher":{"@id":"https:\/\/hudo.com\/si\/#organization"},"articleSection":["Aktualno"],"inLanguage":"sl-SI"},{"@type":"WebPage","@id":"https:\/\/hudo.com\/si\/aktualno\/foto-kako-bodo-izgledale-nove-smuci-slovenskih-skakalcev\/","url":"https:\/\/hudo.com\/si\/aktualno\/foto-kako-bodo-izgledale-nove-smuci-slovenskih-skakalcev\/","name":"FOTO: Kako bodo izgledale nove smu\u010di slovenskih skakalcev - Hudo Slovenija","isPartOf":{"@id":"https:\/\/hudo.com\/si\/#website"},"datePublished":"2016-05-26T12:00:00+00:00","dateModified":"2016-05-27T12:57:41+00:00","breadcrumb":{"@id":"https:\/\/hudo.com\/si\/aktualno\/foto-kako-bodo-izgledale-nove-smuci-slovenskih-skakalcev\/#breadcrumb"},"inLanguage":"sl-SI","potentialAction":[{"@type":"ReadAction","target":["https:\/\/hudo.com\/si\/aktualno\/foto-kako-bodo-izgledale-nove-smuci-slovenskih-skakalcev\/"]}]},{"@type":"BreadcrumbList","@id":"https:\/\/hudo.com\/si\/aktualno\/foto-kako-bodo-izgledale-nove-smuci-slovenskih-skakalcev\/#breadcrumb","itemListElement":[{"@type":"ListItem","position":1,"name":"Home","item":"https:\/\/hudo.com\/si\/"},{"@type":"ListItem","position":2,"name":"FOTO: Kako bodo izgledale nove smu\u010di slovenskih skakalcev"}]},{"@type":"WebSite","@id":"https:\/\/hudo.com\/si\/#website","url":"https:\/\/hudo.com\/si\/","name":"Hudo Slovenija","description":"Vse novice iz Slovenije in sveta","publisher":{"@id":"https:\/\/hudo.com\/si\/#organization"},"potentialAction":[{"@type":"SearchAction","target":{"@type":"EntryPoint","urlTemplate":"https:\/\/hudo.com\/si\/?s={search_term_string}"},"query-input":"required name=search_term_string"}],"inLanguage":"sl-SI"},{"@type":"Organization","@id":"https:\/\/hudo.com\/si\/#organization","name":"VSN Media","url":"https:\/\/hudo.com\/si\/","logo":{"@type":"ImageObject","inLanguage":"sl-SI","@id":"https:\/\/hudo.com\/si\/#\/schema\/logo\/image\/","url":"https:\/\/hudo.com\/si\/wp-content\/uploads\/sites\/2\/2021\/03\/hudo-app-2.png","contentUrl":"https:\/\/hudo.com\/si\/wp-content\/uploads\/sites\/2\/2021\/03\/hudo-app-2.png","width":2185,"height":2167,"caption":"VSN Media"},"image":{"@id":"https:\/\/hudo.com\/si\/#\/schema\/logo\/image\/"},"sameAs":["https:\/\/www.facebook.com\/hudo.si","https:\/\/twitter.com\/hudo_si"]},{"@type":"Person","@id":"https:\/\/hudo.com\/si\/#\/schema\/person\/601cf3379633985b20f7e50f2bb47707","name":"hudo","image":{"@type":"ImageObject","inLanguage":"sl-SI","@id":"https:\/\/hudo.com\/si\/#\/schema\/person\/image\/","url":"https:\/\/secure.gravatar.com\/avatar\/c4ca25fa72cace7a696b52ff5db9e095?s=96&d=mm&r=g","contentUrl":"https:\/\/secure.gravatar.com\/avatar\/c4ca25fa72cace7a696b52ff5db9e095?s=96&d=mm&r=g","caption":"hudo"},"url":"https:\/\/hudo.com\/si\/author\/hudo\/"}]}},"amp_enabled":true,"_links":{"self":[{"href":"https:\/\/hudo.com\/si\/wp-json\/wp\/v2\/posts\/62143"}],"collection":[{"href":"https:\/\/hudo.com\/si\/wp-json\/wp\/v2\/posts"}],"about":[{"href":"https:\/\/hudo.com\/si\/wp-json\/wp\/v2\/types\/post"}],"author":[{"embeddable":true,"href":"https:\/\/hudo.com\/si\/wp-json\/wp\/v2\/users\/1"}],"replies":[{"embeddable":true,"href":"https:\/\/hudo.com\/si\/wp-json\/wp\/v2\/comments?post=62143"}],"version-history":[{"count":1,"href":"https:\/\/hudo.com\/si\/wp-json\/wp\/v2\/posts\/62143\/revisions"}],"predecessor-version":[{"id":62196,"href":"https:\/\/hudo.com\/si\/wp-json\/wp\/v2\/posts\/62143\/revisions\/62196"}],"wp:attachment":[{"href":"https:\/\/hudo.com\/si\/wp-json\/wp\/v2\/media?parent=62143"}],"wp:term":[{"taxonomy":"category","embeddable":true,"href":"https:\/\/hudo.com\/si\/wp-json\/wp\/v2\/categories?post=62143"},{"taxonomy":"post_tag","embeddable":true,"href":"https:\/\/hudo.com\/si\/wp-json\/wp\/v2\/tags?post=62143"},{"taxonomy":"source","embeddable":true,"href":"https:\/\/hudo.com\/si\/wp-json\/wp\/v2\/source?post=62143"},{"taxonomy":"supertag","embeddable":true,"href":"https:\/\/hudo.com\/si\/wp-json\/wp\/v2\/supertag?post=62143"}],"curies":[{"name":"wp","href":"https:\/\/api.w.org\/{rel}","templated":true}]}}