{"id":62617,"date":"2016-05-27T12:11:44","date_gmt":"2016-05-27T10:11:44","guid":{"rendered":"http:\/\/hudo.com\/si\/?p=62617"},"modified":"2016-05-27T13:03:41","modified_gmt":"2016-05-27T11:03:41","slug":"obama-na-zgodovinskem-obisku-spomin-na-hirosimo-ne-sme-zbledeti","status":"publish","type":"post","link":"https:\/\/hudo.com\/si\/aktualno\/obama-na-zgodovinskem-obisku-spomin-na-hirosimo-ne-sme-zbledeti\/","title":{"rendered":"Obama na zgodovinskem obisku: Spomin na Hiro\u0161imo ne sme zbledeti!"},"content":{"rendered":"<div class=\"text\">\n<div class=\"text\">\n<p>&#8220;Pred 71 leti je bomba padla z neba,&#8221; je pred spominskim obele\u017ejem dejal Obama, potem ko je predenj polo\u017eil venec. Kot je nadaljeval, morda \u017eelenega sveta brez jedrskega oro\u017eja ne bomo do\u010dakali v \u010dasu njegovega \u017eivljenja, a z vztrajnimi prizadevanji bi lahko prepre\u010dili katastrofe, navaja nem\u0161ka tiskovna agencija dpa.<\/p>\n<p>Ameri\u0161ki predsednik je bil pred spominskim obele\u017ejem videti resen, sklonil je glavo in za kraj\u0161i \u010das zaprl o\u010di, nato pa po\u010dakal, da je venec polo\u017eil tudi japonski premier Shinzo Abe. Tudi slednji je poudaril, da je na\u0161a odgovornost ustvariti svet brez jedrskega oro\u017eja &#8211; ne glede na to, koliko \u010dasa bo za to moralo prete\u010di ali kako te\u017eko bo.<\/p>\n<p>Obama je izjavil \u0161e, da je atomska bomba, ki je v Hiro\u0161imi terjala najmanj 140.000 mrtvih, pokazala, da &#8220;ima \u010dlove\u0161tvo sredstva, da se uni\u010di&#8221;, poro\u010da francoska tiskovna agencija AFP. &#8220;Zakaj smo pri\u0161li sem, v Hiro\u0161imo. Pri\u0161li smo razmisliti o grozni sili, ki je bila v ne tako oddaljeni preteklosti spu\u0161\u010dena z vajeti. Pri\u0161li smo \u017ealovat za mrtvimi.&#8221;<\/p>\n<p>&#8220;Njihove du\u0161e nam govorijo, prosijo nas, naj pogledamo vase. Tehnolo\u0161ki napredek brez ustreznega napredka v \u010dlove\u0161kih ustanovah nas lahko uni\u010di. Znanstvena revolucija, ki nas je privedla do cepitve atoma, od nas terja tudi moralno revolucijo,&#8221; je \u0161e poudaril prvi ameri\u0161ki predsednik, ki je \u0161e v \u010dasu opravljanja polo\u017eaja obiskal mesto, katerega uni\u010denje 6. avgusta 1945 je z atomsko bombo nad Nagasakijem tri dni kasneje privedlo do konca druge svetovne vojne.<\/p>\n<p>Kot je \u0161e povedal Obama, se je treba danes prisiliti k temu, da si zamislimo trenutek, ko je bomba padla na mesto. &#8220;Sli\u0161imo tih jok,&#8221; je dodal. &#8220;Svet se je tu za vedno spremenil, a danes bodo otroci tega mesta dan pre\u017eiveli v miru. Kaj je dragocenej\u0161e od tega,&#8221; se je vpra\u0161al ameri\u0161ki predsednik.<\/p>\n<h2>Obama se je sre\u010dal s pre\u017eivelimi jedrske katastrofe<\/h2>\n<p>Obama, katerega predhodnik Harry Truman je pred ve\u010d kot sedmimi desetletji sprejel odlo\u010ditev o prvem jedrskem napadu, je nato pozdravil ostarele pre\u017eivele jedrske katastrofe, pri \u010demer je starej\u0161ega mo\u0161kega, ki so ga o\u010ditno preplavila \u010dustva, objel, z njegovim 91-letnim sopotnikom pa se je rokoval in z njim poklepetal.<\/p>\n<p>Za obisk v Hiro\u0161imi se je Obama odlo\u010dil v zadnjem letu predsedni\u0161kega mandata in sedem let po odmevnem govoru v Pragi, v katerem je pozval k odpravi jedrskega oro\u017eja, kar je pripomoglo k temu, da je isto leto prejel Nobelovo nagrado za mir. Svet se sicer danes ne zdi ni\u010d kaj bli\u017eje tej viziji iz leta 2009, a je Obama simboli\u010dnost svoje navzo\u010dnosti v Hiro\u0161imi kljub temu izkoristil za nov poziv k miru in svetu brez jedrskega oro\u017eja, navaja AFP.<\/p>\n<p>V Hiro\u0161imi so se danes prav zaradi Obamovega obiska zbrale velike mno\u017eice japonskih in tujih turistov. Nekateri na Japonskem so bili sicer mnenja, da bi moral Obama podati izjavo, v kateri bi izrazil ob\u017ealovanje, a ve\u010dina je njegov obisk pozdravila kot velik korak naprej v odnosih med Japonsko in ZDA.<\/p>\n<p>Tudi dr\u017eave v regiji na Obamov obisk gledajo razli\u010dno. Kitajski mediji so pred njegovim poklonom v Hiro\u0161imi objavili stali\u0161\u010de, da si je Japonska sama kriva za atomsko bombo. Severnokorejska uradna tiskovna agencija KCNA pa je ocenila, da gre pri Obamovem obisku v Hiro\u0161imi za otro\u010dji podvig &#8220;fanatika jedrske vojne in \u010dloveka, ki \u0161iri jedrsko oro\u017eje&#8221;.<\/p>\n<p>Ameri\u0161ki predsednik je Hiro\u0161imo obiskal ob robu vrha najrazvitej\u0161ih dr\u017eav sveta G7, ki se je danes sklenil v japonskem obmorskem kraju Ise-Shima.<\/p>\n<\/div>\n<\/div>\n","protected":false},"excerpt":{"rendered":"<p>Barack Obama se je danes kot prvi ameri\u0161ki predsednik na zgodovinskem obisku v Hiro\u0161imi poklonil \u017ertvam prvega jedrskega napada in pozdravil ostarele pre\u017eivele. Pred tem je pozval k izgradnji sveta brez jedrskega oro\u017eja, v skladu s pri\u010dakovanji pa se za atomsko bombo, ki so jo pred 71 leti na mesto odvrgle ZDA, ni opravi\u010dil.<\/p>\n","protected":false},"author":5,"featured_media":62618,"comment_status":"closed","ping_status":"closed","sticky":false,"template":"","format":"standard","meta":{"footnotes":""},"categories":[1179],"tags":[2081,1587,2291,1682],"source":[4511],"supertag":[7150],"acf":[],"yoast_head":"<!-- This site is optimized with the Yoast SEO plugin v21.3 - https:\/\/yoast.com\/wordpress\/plugins\/seo\/ -->\n<title>Obama na zgodovinskem obisku: Spomin na Hiro\u0161imo ne sme zbledeti! - Hudo Slovenija<\/title>\n<meta name=\"robots\" content=\"index, follow, max-snippet:-1, max-image-preview:large, max-video-preview:-1\" \/>\n<link rel=\"canonical\" href=\"https:\/\/hudo.com\/si\/aktualno\/obama-na-zgodovinskem-obisku-spomin-na-hirosimo-ne-sme-zbledeti\/\" \/>\n<meta property=\"og:locale\" content=\"sl_SI\" \/>\n<meta property=\"og:type\" content=\"article\" \/>\n<meta property=\"og:title\" content=\"Obama na zgodovinskem obisku: Spomin na Hiro\u0161imo ne sme zbledeti! - Hudo Slovenija\" \/>\n<meta property=\"og:description\" content=\"Barack Obama se je danes kot prvi ameri\u0161ki predsednik na zgodovinskem obisku v Hiro\u0161imi poklonil \u017ertvam prvega jedrskega napada in pozdravil ostarele pre\u017eivele. Pred tem je pozval k izgradnji sveta brez jedrskega oro\u017eja, v skladu s pri\u010dakovanji pa se za atomsko bombo, ki so jo pred 71 leti na mesto odvrgle ZDA, ni opravi\u010dil.\" \/>\n<meta property=\"og:url\" content=\"https:\/\/hudo.com\/si\/aktualno\/obama-na-zgodovinskem-obisku-spomin-na-hirosimo-ne-sme-zbledeti\/\" \/>\n<meta property=\"og:site_name\" content=\"Hudo Slovenija\" \/>\n<meta property=\"article:publisher\" content=\"https:\/\/www.facebook.com\/hudo.si\" \/>\n<meta property=\"article:published_time\" content=\"2016-05-27T10:11:44+00:00\" \/>\n<meta property=\"article:modified_time\" content=\"2016-05-27T11:03:41+00:00\" \/>\n<meta property=\"og:image\" content=\"https:\/\/hudo.com\/si\/wp-content\/uploads\/sites\/2\/2016\/05\/profimedia-0286273682.jpg\" \/>\n\t<meta property=\"og:image:width\" content=\"1250\" \/>\n\t<meta property=\"og:image:height\" content=\"937\" \/>\n\t<meta property=\"og:image:type\" content=\"image\/jpeg\" \/>\n<meta name=\"author\" content=\"A. G., STA\" \/>\n<meta name=\"twitter:card\" content=\"summary_large_image\" \/>\n<meta name=\"twitter:creator\" content=\"@hudo_si\" \/>\n<meta name=\"twitter:site\" content=\"@hudo_si\" \/>\n<meta name=\"twitter:label1\" content=\"Written by\" \/>\n\t<meta name=\"twitter:data1\" content=\"A. G., STA\" \/>\n\t<meta name=\"twitter:label2\" content=\"Est. reading time\" \/>\n\t<meta name=\"twitter:data2\" content=\"3 minute\" \/>\n<script type=\"application\/ld+json\" class=\"yoast-schema-graph\">{\"@context\":\"https:\/\/schema.org\",\"@graph\":[{\"@type\":\"Article\",\"@id\":\"https:\/\/hudo.com\/si\/aktualno\/obama-na-zgodovinskem-obisku-spomin-na-hirosimo-ne-sme-zbledeti\/#article\",\"isPartOf\":{\"@id\":\"https:\/\/hudo.com\/si\/aktualno\/obama-na-zgodovinskem-obisku-spomin-na-hirosimo-ne-sme-zbledeti\/\"},\"author\":{\"name\":\"A. G., STA\",\"@id\":\"https:\/\/hudo.com\/si\/#\/schema\/person\/2391667a63ea075ba94f2f2dc6b77537\"},\"headline\":\"Obama na zgodovinskem obisku: Spomin na Hiro\u0161imo ne sme zbledeti!\",\"datePublished\":\"2016-05-27T10:11:44+00:00\",\"dateModified\":\"2016-05-27T11:03:41+00:00\",\"mainEntityOfPage\":{\"@id\":\"https:\/\/hudo.com\/si\/aktualno\/obama-na-zgodovinskem-obisku-spomin-na-hirosimo-ne-sme-zbledeti\/\"},\"wordCount\":626,\"publisher\":{\"@id\":\"https:\/\/hudo.com\/si\/#organization\"},\"keywords\":[\"Barack Obama\",\"japonska\",\"vojna\",\"ZDA\"],\"articleSection\":[\"Aktualno\"],\"inLanguage\":\"sl-SI\"},{\"@type\":\"WebPage\",\"@id\":\"https:\/\/hudo.com\/si\/aktualno\/obama-na-zgodovinskem-obisku-spomin-na-hirosimo-ne-sme-zbledeti\/\",\"url\":\"https:\/\/hudo.com\/si\/aktualno\/obama-na-zgodovinskem-obisku-spomin-na-hirosimo-ne-sme-zbledeti\/\",\"name\":\"Obama na zgodovinskem obisku: Spomin na Hiro\u0161imo ne sme zbledeti! - Hudo Slovenija\",\"isPartOf\":{\"@id\":\"https:\/\/hudo.com\/si\/#website\"},\"datePublished\":\"2016-05-27T10:11:44+00:00\",\"dateModified\":\"2016-05-27T11:03:41+00:00\",\"breadcrumb\":{\"@id\":\"https:\/\/hudo.com\/si\/aktualno\/obama-na-zgodovinskem-obisku-spomin-na-hirosimo-ne-sme-zbledeti\/#breadcrumb\"},\"inLanguage\":\"sl-SI\",\"potentialAction\":[{\"@type\":\"ReadAction\",\"target\":[\"https:\/\/hudo.com\/si\/aktualno\/obama-na-zgodovinskem-obisku-spomin-na-hirosimo-ne-sme-zbledeti\/\"]}]},{\"@type\":\"BreadcrumbList\",\"@id\":\"https:\/\/hudo.com\/si\/aktualno\/obama-na-zgodovinskem-obisku-spomin-na-hirosimo-ne-sme-zbledeti\/#breadcrumb\",\"itemListElement\":[{\"@type\":\"ListItem\",\"position\":1,\"name\":\"Home\",\"item\":\"https:\/\/hudo.com\/si\/\"},{\"@type\":\"ListItem\",\"position\":2,\"name\":\"Obama na zgodovinskem obisku: Spomin na Hiro\u0161imo ne sme zbledeti!\"}]},{\"@type\":\"WebSite\",\"@id\":\"https:\/\/hudo.com\/si\/#website\",\"url\":\"https:\/\/hudo.com\/si\/\",\"name\":\"Hudo Slovenija\",\"description\":\"Vse novice iz Slovenije in sveta\",\"publisher\":{\"@id\":\"https:\/\/hudo.com\/si\/#organization\"},\"potentialAction\":[{\"@type\":\"SearchAction\",\"target\":{\"@type\":\"EntryPoint\",\"urlTemplate\":\"https:\/\/hudo.com\/si\/?s={search_term_string}\"},\"query-input\":\"required name=search_term_string\"}],\"inLanguage\":\"sl-SI\"},{\"@type\":\"Organization\",\"@id\":\"https:\/\/hudo.com\/si\/#organization\",\"name\":\"VSN Media\",\"url\":\"https:\/\/hudo.com\/si\/\",\"logo\":{\"@type\":\"ImageObject\",\"inLanguage\":\"sl-SI\",\"@id\":\"https:\/\/hudo.com\/si\/#\/schema\/logo\/image\/\",\"url\":\"https:\/\/hudo.com\/si\/wp-content\/uploads\/sites\/2\/2021\/03\/hudo-app-2.png\",\"contentUrl\":\"https:\/\/hudo.com\/si\/wp-content\/uploads\/sites\/2\/2021\/03\/hudo-app-2.png\",\"width\":2185,\"height\":2167,\"caption\":\"VSN Media\"},\"image\":{\"@id\":\"https:\/\/hudo.com\/si\/#\/schema\/logo\/image\/\"},\"sameAs\":[\"https:\/\/www.facebook.com\/hudo.si\",\"https:\/\/twitter.com\/hudo_si\"]},{\"@type\":\"Person\",\"@id\":\"https:\/\/hudo.com\/si\/#\/schema\/person\/2391667a63ea075ba94f2f2dc6b77537\",\"name\":\"A. G., STA\",\"image\":{\"@type\":\"ImageObject\",\"inLanguage\":\"sl-SI\",\"@id\":\"https:\/\/hudo.com\/si\/#\/schema\/person\/image\/\",\"url\":\"https:\/\/secure.gravatar.com\/avatar\/e13d22ac3e442658d5025fbbe6238a79?s=96&d=mm&r=g\",\"contentUrl\":\"https:\/\/secure.gravatar.com\/avatar\/e13d22ac3e442658d5025fbbe6238a79?s=96&d=mm&r=g\",\"caption\":\"A. G., STA\"},\"url\":\"https:\/\/hudo.com\/si\/author\/alenka\/\"}]}<\/script>\n<!-- \/ Yoast SEO plugin. -->","yoast_head_json":{"title":"Obama na zgodovinskem obisku: Spomin na Hiro\u0161imo ne sme zbledeti! - Hudo Slovenija","robots":{"index":"index","follow":"follow","max-snippet":"max-snippet:-1","max-image-preview":"max-image-preview:large","max-video-preview":"max-video-preview:-1"},"canonical":"https:\/\/hudo.com\/si\/aktualno\/obama-na-zgodovinskem-obisku-spomin-na-hirosimo-ne-sme-zbledeti\/","og_locale":"sl_SI","og_type":"article","og_title":"Obama na zgodovinskem obisku: Spomin na Hiro\u0161imo ne sme zbledeti! - Hudo Slovenija","og_description":"Barack Obama se je danes kot prvi ameri\u0161ki predsednik na zgodovinskem obisku v Hiro\u0161imi poklonil \u017ertvam prvega jedrskega napada in pozdravil ostarele pre\u017eivele. Pred tem je pozval k izgradnji sveta brez jedrskega oro\u017eja, v skladu s pri\u010dakovanji pa se za atomsko bombo, ki so jo pred 71 leti na mesto odvrgle ZDA, ni opravi\u010dil.","og_url":"https:\/\/hudo.com\/si\/aktualno\/obama-na-zgodovinskem-obisku-spomin-na-hirosimo-ne-sme-zbledeti\/","og_site_name":"Hudo Slovenija","article_publisher":"https:\/\/www.facebook.com\/hudo.si","article_published_time":"2016-05-27T10:11:44+00:00","article_modified_time":"2016-05-27T11:03:41+00:00","og_image":[{"width":1250,"height":937,"url":"https:\/\/hudo.com\/si\/wp-content\/uploads\/sites\/2\/2016\/05\/profimedia-0286273682.jpg","type":"image\/jpeg"}],"author":"A. G., STA","twitter_card":"summary_large_image","twitter_creator":"@hudo_si","twitter_site":"@hudo_si","twitter_misc":{"Written by":"A. G., STA","Est. reading time":"3 minute"},"schema":{"@context":"https:\/\/schema.org","@graph":[{"@type":"Article","@id":"https:\/\/hudo.com\/si\/aktualno\/obama-na-zgodovinskem-obisku-spomin-na-hirosimo-ne-sme-zbledeti\/#article","isPartOf":{"@id":"https:\/\/hudo.com\/si\/aktualno\/obama-na-zgodovinskem-obisku-spomin-na-hirosimo-ne-sme-zbledeti\/"},"author":{"name":"A. G., STA","@id":"https:\/\/hudo.com\/si\/#\/schema\/person\/2391667a63ea075ba94f2f2dc6b77537"},"headline":"Obama na zgodovinskem obisku: Spomin na Hiro\u0161imo ne sme zbledeti!","datePublished":"2016-05-27T10:11:44+00:00","dateModified":"2016-05-27T11:03:41+00:00","mainEntityOfPage":{"@id":"https:\/\/hudo.com\/si\/aktualno\/obama-na-zgodovinskem-obisku-spomin-na-hirosimo-ne-sme-zbledeti\/"},"wordCount":626,"publisher":{"@id":"https:\/\/hudo.com\/si\/#organization"},"keywords":["Barack Obama","japonska","vojna","ZDA"],"articleSection":["Aktualno"],"inLanguage":"sl-SI"},{"@type":"WebPage","@id":"https:\/\/hudo.com\/si\/aktualno\/obama-na-zgodovinskem-obisku-spomin-na-hirosimo-ne-sme-zbledeti\/","url":"https:\/\/hudo.com\/si\/aktualno\/obama-na-zgodovinskem-obisku-spomin-na-hirosimo-ne-sme-zbledeti\/","name":"Obama na zgodovinskem obisku: Spomin na Hiro\u0161imo ne sme zbledeti! - Hudo Slovenija","isPartOf":{"@id":"https:\/\/hudo.com\/si\/#website"},"datePublished":"2016-05-27T10:11:44+00:00","dateModified":"2016-05-27T11:03:41+00:00","breadcrumb":{"@id":"https:\/\/hudo.com\/si\/aktualno\/obama-na-zgodovinskem-obisku-spomin-na-hirosimo-ne-sme-zbledeti\/#breadcrumb"},"inLanguage":"sl-SI","potentialAction":[{"@type":"ReadAction","target":["https:\/\/hudo.com\/si\/aktualno\/obama-na-zgodovinskem-obisku-spomin-na-hirosimo-ne-sme-zbledeti\/"]}]},{"@type":"BreadcrumbList","@id":"https:\/\/hudo.com\/si\/aktualno\/obama-na-zgodovinskem-obisku-spomin-na-hirosimo-ne-sme-zbledeti\/#breadcrumb","itemListElement":[{"@type":"ListItem","position":1,"name":"Home","item":"https:\/\/hudo.com\/si\/"},{"@type":"ListItem","position":2,"name":"Obama na zgodovinskem obisku: Spomin na Hiro\u0161imo ne sme zbledeti!"}]},{"@type":"WebSite","@id":"https:\/\/hudo.com\/si\/#website","url":"https:\/\/hudo.com\/si\/","name":"Hudo Slovenija","description":"Vse novice iz Slovenije in sveta","publisher":{"@id":"https:\/\/hudo.com\/si\/#organization"},"potentialAction":[{"@type":"SearchAction","target":{"@type":"EntryPoint","urlTemplate":"https:\/\/hudo.com\/si\/?s={search_term_string}"},"query-input":"required name=search_term_string"}],"inLanguage":"sl-SI"},{"@type":"Organization","@id":"https:\/\/hudo.com\/si\/#organization","name":"VSN Media","url":"https:\/\/hudo.com\/si\/","logo":{"@type":"ImageObject","inLanguage":"sl-SI","@id":"https:\/\/hudo.com\/si\/#\/schema\/logo\/image\/","url":"https:\/\/hudo.com\/si\/wp-content\/uploads\/sites\/2\/2021\/03\/hudo-app-2.png","contentUrl":"https:\/\/hudo.com\/si\/wp-content\/uploads\/sites\/2\/2021\/03\/hudo-app-2.png","width":2185,"height":2167,"caption":"VSN Media"},"image":{"@id":"https:\/\/hudo.com\/si\/#\/schema\/logo\/image\/"},"sameAs":["https:\/\/www.facebook.com\/hudo.si","https:\/\/twitter.com\/hudo_si"]},{"@type":"Person","@id":"https:\/\/hudo.com\/si\/#\/schema\/person\/2391667a63ea075ba94f2f2dc6b77537","name":"A. G., STA","image":{"@type":"ImageObject","inLanguage":"sl-SI","@id":"https:\/\/hudo.com\/si\/#\/schema\/person\/image\/","url":"https:\/\/secure.gravatar.com\/avatar\/e13d22ac3e442658d5025fbbe6238a79?s=96&d=mm&r=g","contentUrl":"https:\/\/secure.gravatar.com\/avatar\/e13d22ac3e442658d5025fbbe6238a79?s=96&d=mm&r=g","caption":"A. G., STA"},"url":"https:\/\/hudo.com\/si\/author\/alenka\/"}]}},"amp_enabled":true,"_links":{"self":[{"href":"https:\/\/hudo.com\/si\/wp-json\/wp\/v2\/posts\/62617"}],"collection":[{"href":"https:\/\/hudo.com\/si\/wp-json\/wp\/v2\/posts"}],"about":[{"href":"https:\/\/hudo.com\/si\/wp-json\/wp\/v2\/types\/post"}],"author":[{"embeddable":true,"href":"https:\/\/hudo.com\/si\/wp-json\/wp\/v2\/users\/5"}],"replies":[{"embeddable":true,"href":"https:\/\/hudo.com\/si\/wp-json\/wp\/v2\/comments?post=62617"}],"version-history":[{"count":3,"href":"https:\/\/hudo.com\/si\/wp-json\/wp\/v2\/posts\/62617\/revisions"}],"predecessor-version":[{"id":62745,"href":"https:\/\/hudo.com\/si\/wp-json\/wp\/v2\/posts\/62617\/revisions\/62745"}],"wp:featuredmedia":[{"embeddable":true,"href":"https:\/\/hudo.com\/si\/wp-json\/wp\/v2\/media\/62618"}],"wp:attachment":[{"href":"https:\/\/hudo.com\/si\/wp-json\/wp\/v2\/media?parent=62617"}],"wp:term":[{"taxonomy":"category","embeddable":true,"href":"https:\/\/hudo.com\/si\/wp-json\/wp\/v2\/categories?post=62617"},{"taxonomy":"post_tag","embeddable":true,"href":"https:\/\/hudo.com\/si\/wp-json\/wp\/v2\/tags?post=62617"},{"taxonomy":"source","embeddable":true,"href":"https:\/\/hudo.com\/si\/wp-json\/wp\/v2\/source?post=62617"},{"taxonomy":"supertag","embeddable":true,"href":"https:\/\/hudo.com\/si\/wp-json\/wp\/v2\/supertag?post=62617"}],"curies":[{"name":"wp","href":"https:\/\/api.w.org\/{rel}","templated":true}]}}