{"id":63523,"date":"2016-05-28T14:30:00","date_gmt":"2016-05-28T12:30:00","guid":{"rendered":"http:\/\/hudo.com\/si\/2016\/05\/28\/kdaj-prva-lopata-za-drugi-tir\/"},"modified":"2016-05-28T21:07:32","modified_gmt":"2016-05-28T19:07:32","slug":"kdaj-prva-lopata-za-drugi-tir","status":"publish","type":"post","link":"https:\/\/hudo.com\/si\/aktualno\/kdaj-prva-lopata-za-drugi-tir\/","title":{"rendered":"Kdaj prva lopata za drugi tir?"},"content":{"rendered":"<p>Predstavniki zaposlenih Luke Koper so danes na Trgu svobode v Mariboru zbirali podpise za drugi \u017eelezni\u0161ki tir Koper-Diva\u010da in za razvoj oz. obstoj koprskega pristani\u0161\u010da. &#8220;Zbrali smo med 600 in 700 podpisov in s tem izrazili podporo za\u010detku gradnje drugega tira,&#8221; je dejal \u010dlan sveta delavcev Luke Koper Hasan Feli\u0107. Zaposleni v Luki so doslej v ve\u010d mestih, nazadnje v Ljubljani, zbrali skupaj \u017ee ve\u010d kot 30.000 podpisov za drugi tir in razvoj pristani\u0161\u010da. Akcije zbiranja podpisov bodo najverjetneje nadaljevali, naslednja bo v Novi Gorici. O tem, kdaj bo to\u010dno akcija, se bodo \u0161e pogovorili na svetu delavcev, je dejal Feli\u0107. Pred kratkim so namre\u010d izvolili novo vodstvo sveta delavcev, zato morajo preveriti podporo akciji tudi pri drugi sestavi sveta, je dejal Feli\u0107. Ob tem je dodal, da bo ve\u010d znanega po 6. juniju, ko bodo na skup\u0161\u010dini izvolili novega predsednika sveta delavcev. Kot pojasnjuje Feli\u0107, je cilj akcije ozavestiti slovensko javnost o pomenu koprskega pristani\u0161\u010da za celotno gospodarstvo, o nujnosti izgradnje dodatnega \u017eelezni\u0161kega tira med Koprom in Diva\u010do, saj je sedanji tir najbolj ranljiv \u010dlen slovenskega \u017eelezni\u0161kega omre\u017eja, in o nevarnosti eksperimentiranja z modelom upravljanja pristani\u0161\u010da. To mora ostati enotno, nevtralno in pod okriljem enega koncesionarja, \u010de \u017eelimo njegovo rast in razvoj, je dodal. &#8220;Stremimo k temu, da dr\u017eava financira drugi tir. Zahtevamo pa revizijo projekta, da se bo dejansko izkazalo, koliko bo stala investicija,&#8221; je dodal Feli\u0107. Predsednik vlade Miro Cerar je sicer v petek ob obisku Luke Koper poudaril, da vlada ne bo odstopila od projekta drugega tira in bo storila vse za njegovo izgradnjo. Gradbeno dovoljenje za drugi tir je prav v petek postalo pravnomo\u010dno, sam pa si bo kot predsednik vlade prizadeval, da prvo lopato za drugi tir zasadijo \u0161e v tem mandatu.Slovenija<\/p>\n","protected":false},"excerpt":{"rendered":"<p>Predstavniki zaposlenih Luke Koper so danes na Trgu svobode v Mariboru zbirali podpise za drugi \u017eelezni\u0161ki tir Koper-Diva\u010da in za razvoj oz. obstoj koprskega pristani\u0161\u010da. &#8220;Zbrali smo med 600 in 700 podpisov in s tem izrazili podporo za\u010detku gradnje drugega tira,&#8221; je dejal \u010dlan sveta delavcev Luke Koper Hasan Feli\u0107. Zaposleni v Luki so doslej v ve\u010d mestih, nazadnje v Ljubljani, zbrali skupaj \u017ee ve\u010d kot 30.000 podpisov za drugi tir in razvoj pristani\u0161\u010da. Akcije zbiranja podpisov bodo najverjetneje nadaljevali, naslednja bo v Novi Gorici. O tem, kdaj bo to\u010dno akcija, se bodo \u0161e pogovorili na svetu delavcev, je dejal Feli\u0107. Pred kratkim so namre\u010d izvolili novo vodstvo sveta delavcev, zato morajo preveriti podporo akciji tudi pri drugi sestavi sveta, je dejal Feli\u0107. Ob tem je dodal, da bo ve\u010d znanega po 6. juniju, ko bodo na skup\u0161\u010dini izvolili novega predsednika sveta delavcev. Kot pojasnjuje Feli\u0107, je cilj akcije ozavestiti slovensko javnost o pomenu koprskega pristani\u0161\u010da za celotno gospodarstvo, o nujnosti izgradnje dodatnega \u017eelezni\u0161kega tira med Koprom in Diva\u010do, saj je sedanji tir najbolj ranljiv \u010dlen slovenskega \u017eelezni\u0161kega omre\u017eja, in o nevarnosti eksperimentiranja z modelom upravljanja pristani\u0161\u010da. To mora ostati enotno, nevtralno in pod okriljem enega koncesionarja, \u010de \u017eelimo njegovo rast in razvoj, je dodal. &#8220;Stremimo k temu, da dr\u017eava financira drugi tir. Zahtevamo pa revizijo projekta, da se bo dejansko izkazalo, koliko bo stala investicija,&#8221; je dodal Feli\u0107. Predsednik vlade Miro Cerar je sicer v petek ob obisku Luke Koper poudaril, da vlada ne bo odstopila od projekta drugega tira in bo storila vse za njegovo izgradnjo. Gradbeno dovoljenje za drugi tir je prav v petek postalo pravnomo\u010dno, sam pa si bo kot predsednik vlade prizadeval, da prvo lopato za drugi tir zasadijo \u0161e v tem mandatu.Slovenija<\/p>\n","protected":false},"author":1,"featured_media":0,"comment_status":"closed","ping_status":"closed","sticky":false,"template":"","format":"standard","meta":{"footnotes":""},"categories":[1179],"tags":[],"source":[1711],"supertag":[],"acf":[],"yoast_head":"<!-- This site is optimized with the Yoast SEO plugin v21.3 - https:\/\/yoast.com\/wordpress\/plugins\/seo\/ -->\n<title>Kdaj prva lopata za drugi tir? - Hudo Slovenija<\/title>\n<meta name=\"robots\" content=\"index, follow, max-snippet:-1, max-image-preview:large, max-video-preview:-1\" \/>\n<link rel=\"canonical\" href=\"https:\/\/hudo.com\/si\/aktualno\/kdaj-prva-lopata-za-drugi-tir\/\" \/>\n<meta property=\"og:locale\" content=\"sl_SI\" \/>\n<meta property=\"og:type\" content=\"article\" \/>\n<meta property=\"og:title\" content=\"Kdaj prva lopata za drugi tir? - Hudo Slovenija\" \/>\n<meta property=\"og:description\" content=\"Predstavniki zaposlenih Luke Koper so danes na Trgu svobode v Mariboru zbirali podpise za drugi \u017eelezni\u0161ki tir Koper-Diva\u010da in za razvoj oz. obstoj koprskega pristani\u0161\u010da. &quot;Zbrali smo med 600 in 700 podpisov in s tem izrazili podporo za\u010detku gradnje drugega tira,&quot; je dejal \u010dlan sveta delavcev Luke Koper Hasan Feli\u0107. Zaposleni v Luki so doslej v ve\u010d mestih, nazadnje v Ljubljani, zbrali skupaj \u017ee ve\u010d kot 30.000 podpisov za drugi tir in razvoj pristani\u0161\u010da. Akcije zbiranja podpisov bodo najverjetneje nadaljevali, naslednja bo v Novi Gorici. O tem, kdaj bo to\u010dno akcija, se bodo \u0161e pogovorili na svetu delavcev, je dejal Feli\u0107. Pred kratkim so namre\u010d izvolili novo vodstvo sveta delavcev, zato morajo preveriti podporo akciji tudi pri drugi sestavi sveta, je dejal Feli\u0107. Ob tem je dodal, da bo ve\u010d znanega po 6. juniju, ko bodo na skup\u0161\u010dini izvolili novega predsednika sveta delavcev. Kot pojasnjuje Feli\u0107, je cilj akcije ozavestiti slovensko javnost o pomenu koprskega pristani\u0161\u010da za celotno gospodarstvo, o nujnosti izgradnje dodatnega \u017eelezni\u0161kega tira med Koprom in Diva\u010do, saj je sedanji tir najbolj ranljiv \u010dlen slovenskega \u017eelezni\u0161kega omre\u017eja, in o nevarnosti eksperimentiranja z modelom upravljanja pristani\u0161\u010da. To mora ostati enotno, nevtralno in pod okriljem enega koncesionarja, \u010de \u017eelimo njegovo rast in razvoj, je dodal. &quot;Stremimo k temu, da dr\u017eava financira drugi tir. Zahtevamo pa revizijo projekta, da se bo dejansko izkazalo, koliko bo stala investicija,&quot; je dodal Feli\u0107. Predsednik vlade Miro Cerar je sicer v petek ob obisku Luke Koper poudaril, da vlada ne bo odstopila od projekta drugega tira in bo storila vse za njegovo izgradnjo. Gradbeno dovoljenje za drugi tir je prav v petek postalo pravnomo\u010dno, sam pa si bo kot predsednik vlade prizadeval, da prvo lopato za drugi tir zasadijo \u0161e v tem mandatu.Slovenija\" \/>\n<meta property=\"og:url\" content=\"https:\/\/hudo.com\/si\/aktualno\/kdaj-prva-lopata-za-drugi-tir\/\" \/>\n<meta property=\"og:site_name\" content=\"Hudo Slovenija\" \/>\n<meta property=\"article:publisher\" content=\"https:\/\/www.facebook.com\/hudo.si\" \/>\n<meta property=\"article:published_time\" content=\"2016-05-28T12:30:00+00:00\" \/>\n<meta property=\"article:modified_time\" content=\"2016-05-28T19:07:32+00:00\" \/>\n<meta property=\"og:image\" content=\"https:\/\/hudo.com\/si\/wp-content\/uploads\/sites\/2\/2016\/05\/01476772F-300.jpg\" \/>\n\t<meta property=\"og:image:width\" content=\"450\" \/>\n\t<meta property=\"og:image:height\" content=\"300\" \/>\n\t<meta property=\"og:image:type\" content=\"image\/jpeg\" \/>\n<meta name=\"author\" content=\"hudo\" \/>\n<meta name=\"twitter:card\" content=\"summary_large_image\" \/>\n<meta name=\"twitter:creator\" content=\"@hudo_si\" \/>\n<meta name=\"twitter:site\" content=\"@hudo_si\" \/>\n<meta name=\"twitter:label1\" content=\"Written by\" \/>\n\t<meta name=\"twitter:data1\" content=\"hudo\" \/>\n\t<meta name=\"twitter:label2\" content=\"Est. reading time\" \/>\n\t<meta name=\"twitter:data2\" content=\"2 minuti\" \/>\n<script type=\"application\/ld+json\" class=\"yoast-schema-graph\">{\"@context\":\"https:\/\/schema.org\",\"@graph\":[{\"@type\":\"Article\",\"@id\":\"https:\/\/hudo.com\/si\/aktualno\/kdaj-prva-lopata-za-drugi-tir\/#article\",\"isPartOf\":{\"@id\":\"https:\/\/hudo.com\/si\/aktualno\/kdaj-prva-lopata-za-drugi-tir\/\"},\"author\":{\"name\":\"hudo\",\"@id\":\"https:\/\/hudo.com\/si\/#\/schema\/person\/601cf3379633985b20f7e50f2bb47707\"},\"headline\":\"Kdaj prva lopata za drugi tir?\",\"datePublished\":\"2016-05-28T12:30:00+00:00\",\"dateModified\":\"2016-05-28T19:07:32+00:00\",\"mainEntityOfPage\":{\"@id\":\"https:\/\/hudo.com\/si\/aktualno\/kdaj-prva-lopata-za-drugi-tir\/\"},\"wordCount\":306,\"publisher\":{\"@id\":\"https:\/\/hudo.com\/si\/#organization\"},\"articleSection\":[\"Aktualno\"],\"inLanguage\":\"sl-SI\"},{\"@type\":\"WebPage\",\"@id\":\"https:\/\/hudo.com\/si\/aktualno\/kdaj-prva-lopata-za-drugi-tir\/\",\"url\":\"https:\/\/hudo.com\/si\/aktualno\/kdaj-prva-lopata-za-drugi-tir\/\",\"name\":\"Kdaj prva lopata za drugi tir? - Hudo Slovenija\",\"isPartOf\":{\"@id\":\"https:\/\/hudo.com\/si\/#website\"},\"datePublished\":\"2016-05-28T12:30:00+00:00\",\"dateModified\":\"2016-05-28T19:07:32+00:00\",\"breadcrumb\":{\"@id\":\"https:\/\/hudo.com\/si\/aktualno\/kdaj-prva-lopata-za-drugi-tir\/#breadcrumb\"},\"inLanguage\":\"sl-SI\",\"potentialAction\":[{\"@type\":\"ReadAction\",\"target\":[\"https:\/\/hudo.com\/si\/aktualno\/kdaj-prva-lopata-za-drugi-tir\/\"]}]},{\"@type\":\"BreadcrumbList\",\"@id\":\"https:\/\/hudo.com\/si\/aktualno\/kdaj-prva-lopata-za-drugi-tir\/#breadcrumb\",\"itemListElement\":[{\"@type\":\"ListItem\",\"position\":1,\"name\":\"Home\",\"item\":\"https:\/\/hudo.com\/si\/\"},{\"@type\":\"ListItem\",\"position\":2,\"name\":\"Kdaj prva lopata za drugi tir?\"}]},{\"@type\":\"WebSite\",\"@id\":\"https:\/\/hudo.com\/si\/#website\",\"url\":\"https:\/\/hudo.com\/si\/\",\"name\":\"Hudo Slovenija\",\"description\":\"Vse novice iz Slovenije in sveta\",\"publisher\":{\"@id\":\"https:\/\/hudo.com\/si\/#organization\"},\"potentialAction\":[{\"@type\":\"SearchAction\",\"target\":{\"@type\":\"EntryPoint\",\"urlTemplate\":\"https:\/\/hudo.com\/si\/?s={search_term_string}\"},\"query-input\":\"required name=search_term_string\"}],\"inLanguage\":\"sl-SI\"},{\"@type\":\"Organization\",\"@id\":\"https:\/\/hudo.com\/si\/#organization\",\"name\":\"VSN Media\",\"url\":\"https:\/\/hudo.com\/si\/\",\"logo\":{\"@type\":\"ImageObject\",\"inLanguage\":\"sl-SI\",\"@id\":\"https:\/\/hudo.com\/si\/#\/schema\/logo\/image\/\",\"url\":\"https:\/\/hudo.com\/si\/wp-content\/uploads\/sites\/2\/2021\/03\/hudo-app-2.png\",\"contentUrl\":\"https:\/\/hudo.com\/si\/wp-content\/uploads\/sites\/2\/2021\/03\/hudo-app-2.png\",\"width\":2185,\"height\":2167,\"caption\":\"VSN Media\"},\"image\":{\"@id\":\"https:\/\/hudo.com\/si\/#\/schema\/logo\/image\/\"},\"sameAs\":[\"https:\/\/www.facebook.com\/hudo.si\",\"https:\/\/twitter.com\/hudo_si\"]},{\"@type\":\"Person\",\"@id\":\"https:\/\/hudo.com\/si\/#\/schema\/person\/601cf3379633985b20f7e50f2bb47707\",\"name\":\"hudo\",\"image\":{\"@type\":\"ImageObject\",\"inLanguage\":\"sl-SI\",\"@id\":\"https:\/\/hudo.com\/si\/#\/schema\/person\/image\/\",\"url\":\"https:\/\/secure.gravatar.com\/avatar\/c4ca25fa72cace7a696b52ff5db9e095?s=96&d=mm&r=g\",\"contentUrl\":\"https:\/\/secure.gravatar.com\/avatar\/c4ca25fa72cace7a696b52ff5db9e095?s=96&d=mm&r=g\",\"caption\":\"hudo\"},\"url\":\"https:\/\/hudo.com\/si\/author\/hudo\/\"}]}<\/script>\n<!-- \/ Yoast SEO plugin. -->","yoast_head_json":{"title":"Kdaj prva lopata za drugi tir? - Hudo Slovenija","robots":{"index":"index","follow":"follow","max-snippet":"max-snippet:-1","max-image-preview":"max-image-preview:large","max-video-preview":"max-video-preview:-1"},"canonical":"https:\/\/hudo.com\/si\/aktualno\/kdaj-prva-lopata-za-drugi-tir\/","og_locale":"sl_SI","og_type":"article","og_title":"Kdaj prva lopata za drugi tir? - Hudo Slovenija","og_description":"Predstavniki zaposlenih Luke Koper so danes na Trgu svobode v Mariboru zbirali podpise za drugi \u017eelezni\u0161ki tir Koper-Diva\u010da in za razvoj oz. obstoj koprskega pristani\u0161\u010da. \"Zbrali smo med 600 in 700 podpisov in s tem izrazili podporo za\u010detku gradnje drugega tira,\" je dejal \u010dlan sveta delavcev Luke Koper Hasan Feli\u0107. Zaposleni v Luki so doslej v ve\u010d mestih, nazadnje v Ljubljani, zbrali skupaj \u017ee ve\u010d kot 30.000 podpisov za drugi tir in razvoj pristani\u0161\u010da. Akcije zbiranja podpisov bodo najverjetneje nadaljevali, naslednja bo v Novi Gorici. O tem, kdaj bo to\u010dno akcija, se bodo \u0161e pogovorili na svetu delavcev, je dejal Feli\u0107. Pred kratkim so namre\u010d izvolili novo vodstvo sveta delavcev, zato morajo preveriti podporo akciji tudi pri drugi sestavi sveta, je dejal Feli\u0107. Ob tem je dodal, da bo ve\u010d znanega po 6. juniju, ko bodo na skup\u0161\u010dini izvolili novega predsednika sveta delavcev. Kot pojasnjuje Feli\u0107, je cilj akcije ozavestiti slovensko javnost o pomenu koprskega pristani\u0161\u010da za celotno gospodarstvo, o nujnosti izgradnje dodatnega \u017eelezni\u0161kega tira med Koprom in Diva\u010do, saj je sedanji tir najbolj ranljiv \u010dlen slovenskega \u017eelezni\u0161kega omre\u017eja, in o nevarnosti eksperimentiranja z modelom upravljanja pristani\u0161\u010da. To mora ostati enotno, nevtralno in pod okriljem enega koncesionarja, \u010de \u017eelimo njegovo rast in razvoj, je dodal. \"Stremimo k temu, da dr\u017eava financira drugi tir. Zahtevamo pa revizijo projekta, da se bo dejansko izkazalo, koliko bo stala investicija,\" je dodal Feli\u0107. Predsednik vlade Miro Cerar je sicer v petek ob obisku Luke Koper poudaril, da vlada ne bo odstopila od projekta drugega tira in bo storila vse za njegovo izgradnjo. Gradbeno dovoljenje za drugi tir je prav v petek postalo pravnomo\u010dno, sam pa si bo kot predsednik vlade prizadeval, da prvo lopato za drugi tir zasadijo \u0161e v tem mandatu.Slovenija","og_url":"https:\/\/hudo.com\/si\/aktualno\/kdaj-prva-lopata-za-drugi-tir\/","og_site_name":"Hudo Slovenija","article_publisher":"https:\/\/www.facebook.com\/hudo.si","article_published_time":"2016-05-28T12:30:00+00:00","article_modified_time":"2016-05-28T19:07:32+00:00","og_image":[{"width":450,"height":300,"url":"https:\/\/hudo.com\/si\/wp-content\/uploads\/sites\/2\/2016\/05\/01476772F-300.jpg","type":"image\/jpeg"}],"author":"hudo","twitter_card":"summary_large_image","twitter_creator":"@hudo_si","twitter_site":"@hudo_si","twitter_misc":{"Written by":"hudo","Est. reading time":"2 minuti"},"schema":{"@context":"https:\/\/schema.org","@graph":[{"@type":"Article","@id":"https:\/\/hudo.com\/si\/aktualno\/kdaj-prva-lopata-za-drugi-tir\/#article","isPartOf":{"@id":"https:\/\/hudo.com\/si\/aktualno\/kdaj-prva-lopata-za-drugi-tir\/"},"author":{"name":"hudo","@id":"https:\/\/hudo.com\/si\/#\/schema\/person\/601cf3379633985b20f7e50f2bb47707"},"headline":"Kdaj prva lopata za drugi tir?","datePublished":"2016-05-28T12:30:00+00:00","dateModified":"2016-05-28T19:07:32+00:00","mainEntityOfPage":{"@id":"https:\/\/hudo.com\/si\/aktualno\/kdaj-prva-lopata-za-drugi-tir\/"},"wordCount":306,"publisher":{"@id":"https:\/\/hudo.com\/si\/#organization"},"articleSection":["Aktualno"],"inLanguage":"sl-SI"},{"@type":"WebPage","@id":"https:\/\/hudo.com\/si\/aktualno\/kdaj-prva-lopata-za-drugi-tir\/","url":"https:\/\/hudo.com\/si\/aktualno\/kdaj-prva-lopata-za-drugi-tir\/","name":"Kdaj prva lopata za drugi tir? - Hudo Slovenija","isPartOf":{"@id":"https:\/\/hudo.com\/si\/#website"},"datePublished":"2016-05-28T12:30:00+00:00","dateModified":"2016-05-28T19:07:32+00:00","breadcrumb":{"@id":"https:\/\/hudo.com\/si\/aktualno\/kdaj-prva-lopata-za-drugi-tir\/#breadcrumb"},"inLanguage":"sl-SI","potentialAction":[{"@type":"ReadAction","target":["https:\/\/hudo.com\/si\/aktualno\/kdaj-prva-lopata-za-drugi-tir\/"]}]},{"@type":"BreadcrumbList","@id":"https:\/\/hudo.com\/si\/aktualno\/kdaj-prva-lopata-za-drugi-tir\/#breadcrumb","itemListElement":[{"@type":"ListItem","position":1,"name":"Home","item":"https:\/\/hudo.com\/si\/"},{"@type":"ListItem","position":2,"name":"Kdaj prva lopata za drugi tir?"}]},{"@type":"WebSite","@id":"https:\/\/hudo.com\/si\/#website","url":"https:\/\/hudo.com\/si\/","name":"Hudo Slovenija","description":"Vse novice iz Slovenije in sveta","publisher":{"@id":"https:\/\/hudo.com\/si\/#organization"},"potentialAction":[{"@type":"SearchAction","target":{"@type":"EntryPoint","urlTemplate":"https:\/\/hudo.com\/si\/?s={search_term_string}"},"query-input":"required name=search_term_string"}],"inLanguage":"sl-SI"},{"@type":"Organization","@id":"https:\/\/hudo.com\/si\/#organization","name":"VSN Media","url":"https:\/\/hudo.com\/si\/","logo":{"@type":"ImageObject","inLanguage":"sl-SI","@id":"https:\/\/hudo.com\/si\/#\/schema\/logo\/image\/","url":"https:\/\/hudo.com\/si\/wp-content\/uploads\/sites\/2\/2021\/03\/hudo-app-2.png","contentUrl":"https:\/\/hudo.com\/si\/wp-content\/uploads\/sites\/2\/2021\/03\/hudo-app-2.png","width":2185,"height":2167,"caption":"VSN Media"},"image":{"@id":"https:\/\/hudo.com\/si\/#\/schema\/logo\/image\/"},"sameAs":["https:\/\/www.facebook.com\/hudo.si","https:\/\/twitter.com\/hudo_si"]},{"@type":"Person","@id":"https:\/\/hudo.com\/si\/#\/schema\/person\/601cf3379633985b20f7e50f2bb47707","name":"hudo","image":{"@type":"ImageObject","inLanguage":"sl-SI","@id":"https:\/\/hudo.com\/si\/#\/schema\/person\/image\/","url":"https:\/\/secure.gravatar.com\/avatar\/c4ca25fa72cace7a696b52ff5db9e095?s=96&d=mm&r=g","contentUrl":"https:\/\/secure.gravatar.com\/avatar\/c4ca25fa72cace7a696b52ff5db9e095?s=96&d=mm&r=g","caption":"hudo"},"url":"https:\/\/hudo.com\/si\/author\/hudo\/"}]}},"amp_enabled":true,"_links":{"self":[{"href":"https:\/\/hudo.com\/si\/wp-json\/wp\/v2\/posts\/63523"}],"collection":[{"href":"https:\/\/hudo.com\/si\/wp-json\/wp\/v2\/posts"}],"about":[{"href":"https:\/\/hudo.com\/si\/wp-json\/wp\/v2\/types\/post"}],"author":[{"embeddable":true,"href":"https:\/\/hudo.com\/si\/wp-json\/wp\/v2\/users\/1"}],"replies":[{"embeddable":true,"href":"https:\/\/hudo.com\/si\/wp-json\/wp\/v2\/comments?post=63523"}],"version-history":[{"count":1,"href":"https:\/\/hudo.com\/si\/wp-json\/wp\/v2\/posts\/63523\/revisions"}],"predecessor-version":[{"id":63614,"href":"https:\/\/hudo.com\/si\/wp-json\/wp\/v2\/posts\/63523\/revisions\/63614"}],"wp:attachment":[{"href":"https:\/\/hudo.com\/si\/wp-json\/wp\/v2\/media?parent=63523"}],"wp:term":[{"taxonomy":"category","embeddable":true,"href":"https:\/\/hudo.com\/si\/wp-json\/wp\/v2\/categories?post=63523"},{"taxonomy":"post_tag","embeddable":true,"href":"https:\/\/hudo.com\/si\/wp-json\/wp\/v2\/tags?post=63523"},{"taxonomy":"source","embeddable":true,"href":"https:\/\/hudo.com\/si\/wp-json\/wp\/v2\/source?post=63523"},{"taxonomy":"supertag","embeddable":true,"href":"https:\/\/hudo.com\/si\/wp-json\/wp\/v2\/supertag?post=63523"}],"curies":[{"name":"wp","href":"https:\/\/api.w.org\/{rel}","templated":true}]}}