{"id":63897,"date":"2016-05-29T10:54:52","date_gmt":"2016-05-29T08:54:52","guid":{"rendered":"http:\/\/hudo.com\/si\/2016\/05\/29\/zaradi-pozara-pri-gornjem-gradu-aktivirani-gasilci-zgornje-savinjske-doline\/"},"modified":"2016-05-30T13:47:19","modified_gmt":"2016-05-30T11:47:19","slug":"zaradi-pozara-pri-gornjem-gradu-aktivirani-gasilci-zgornje-savinjske-doline","status":"publish","type":"post","link":"https:\/\/hudo.com\/si\/aktualno\/zaradi-pozara-pri-gornjem-gradu-aktivirani-gasilci-zgornje-savinjske-doline\/","title":{"rendered":"Zaradi po\u017eara pri Gornjem Gradu aktivirani gasilci Zgornje Savinjske doline"},"content":{"rendered":"<p>V Lenartu pri Gornjem Gradu je danes nekaj pred 9. uro iz za zdaj neznanega razloga zagorelo ve\u010dje gospodarsko poslopje. Na kraju po\u017eara intervenirajo vsa dru\u0161tva Gasilske zveze Zgornje Savinjske doline, navaja Uprava RS za za\u0161\u010dito in re\u0161evanje. Gasilci po\u017ear na seniku \u0161e gasijo, \u0161koda bo ve\u010dja, so STA pojasnili na Policijski upravi (PU) Celje.<\/p>\n","protected":false},"excerpt":{"rendered":"<p>V Lenartu pri Gornjem Gradu je danes nekaj pred 9. uro iz za zdaj neznanega razloga zagorelo ve\u010dje gospodarsko poslopje. Na kraju po\u017eara intervenirajo vsa dru\u0161tva Gasilske zveze Zgornje Savinjske doline, navaja Uprava RS za za\u0161\u010dito in re\u0161evanje. Gasilci po\u017ear na seniku \u0161e gasijo, \u0161koda bo ve\u010dja, so STA pojasnili na Policijski upravi (PU) Celje.<\/p>\n","protected":false},"author":1,"featured_media":0,"comment_status":"closed","ping_status":"closed","sticky":false,"template":"","format":"standard","meta":{"footnotes":""},"categories":[1179],"tags":[],"source":[5113],"supertag":[],"acf":[],"yoast_head":"<!-- This site is optimized with the Yoast SEO plugin v21.3 - https:\/\/yoast.com\/wordpress\/plugins\/seo\/ -->\n<title>Zaradi po\u017eara pri Gornjem Gradu aktivirani gasilci Zgornje Savinjske doline - Hudo Slovenija<\/title>\n<meta name=\"robots\" content=\"index, follow, max-snippet:-1, max-image-preview:large, max-video-preview:-1\" \/>\n<link rel=\"canonical\" href=\"https:\/\/hudo.com\/si\/aktualno\/zaradi-pozara-pri-gornjem-gradu-aktivirani-gasilci-zgornje-savinjske-doline\/\" \/>\n<meta property=\"og:locale\" content=\"sl_SI\" \/>\n<meta property=\"og:type\" content=\"article\" \/>\n<meta property=\"og:title\" content=\"Zaradi po\u017eara pri Gornjem Gradu aktivirani gasilci Zgornje Savinjske doline - Hudo Slovenija\" \/>\n<meta property=\"og:description\" content=\"V Lenartu pri Gornjem Gradu je danes nekaj pred 9. uro iz za zdaj neznanega razloga zagorelo ve\u010dje gospodarsko poslopje. Na kraju po\u017eara intervenirajo vsa dru\u0161tva Gasilske zveze Zgornje Savinjske doline, navaja Uprava RS za za\u0161\u010dito in re\u0161evanje. Gasilci po\u017ear na seniku \u0161e gasijo, \u0161koda bo ve\u010dja, so STA pojasnili na Policijski upravi (PU) Celje.\" \/>\n<meta property=\"og:url\" content=\"https:\/\/hudo.com\/si\/aktualno\/zaradi-pozara-pri-gornjem-gradu-aktivirani-gasilci-zgornje-savinjske-doline\/\" \/>\n<meta property=\"og:site_name\" content=\"Hudo Slovenija\" \/>\n<meta property=\"article:publisher\" content=\"https:\/\/www.facebook.com\/hudo.si\" \/>\n<meta property=\"article:published_time\" content=\"2016-05-29T08:54:52+00:00\" \/>\n<meta property=\"article:modified_time\" content=\"2016-05-30T11:47:19+00:00\" \/>\n<meta property=\"og:image\" content=\"https:\/\/hudo.com\/si\/wp-content\/uploads\/sites\/2\/2016\/05\/gasilci_bobo_09.08.13.jpg\" \/>\n\t<meta property=\"og:image:width\" content=\"640\" \/>\n\t<meta property=\"og:image:height\" content=\"457\" \/>\n\t<meta property=\"og:image:type\" content=\"image\/jpeg\" \/>\n<meta name=\"author\" content=\"hudo\" \/>\n<meta name=\"twitter:card\" content=\"summary_large_image\" \/>\n<meta name=\"twitter:creator\" content=\"@hudo_si\" \/>\n<meta name=\"twitter:site\" content=\"@hudo_si\" \/>\n<meta name=\"twitter:label1\" content=\"Written by\" \/>\n\t<meta name=\"twitter:data1\" content=\"hudo\" \/>\n<script type=\"application\/ld+json\" class=\"yoast-schema-graph\">{\"@context\":\"https:\/\/schema.org\",\"@graph\":[{\"@type\":\"Article\",\"@id\":\"https:\/\/hudo.com\/si\/aktualno\/zaradi-pozara-pri-gornjem-gradu-aktivirani-gasilci-zgornje-savinjske-doline\/#article\",\"isPartOf\":{\"@id\":\"https:\/\/hudo.com\/si\/aktualno\/zaradi-pozara-pri-gornjem-gradu-aktivirani-gasilci-zgornje-savinjske-doline\/\"},\"author\":{\"name\":\"hudo\",\"@id\":\"https:\/\/hudo.com\/si\/#\/schema\/person\/601cf3379633985b20f7e50f2bb47707\"},\"headline\":\"Zaradi po\u017eara pri Gornjem Gradu aktivirani gasilci Zgornje Savinjske doline\",\"datePublished\":\"2016-05-29T08:54:52+00:00\",\"dateModified\":\"2016-05-30T11:47:19+00:00\",\"mainEntityOfPage\":{\"@id\":\"https:\/\/hudo.com\/si\/aktualno\/zaradi-pozara-pri-gornjem-gradu-aktivirani-gasilci-zgornje-savinjske-doline\/\"},\"wordCount\":72,\"publisher\":{\"@id\":\"https:\/\/hudo.com\/si\/#organization\"},\"articleSection\":[\"Aktualno\"],\"inLanguage\":\"sl-SI\"},{\"@type\":\"WebPage\",\"@id\":\"https:\/\/hudo.com\/si\/aktualno\/zaradi-pozara-pri-gornjem-gradu-aktivirani-gasilci-zgornje-savinjske-doline\/\",\"url\":\"https:\/\/hudo.com\/si\/aktualno\/zaradi-pozara-pri-gornjem-gradu-aktivirani-gasilci-zgornje-savinjske-doline\/\",\"name\":\"Zaradi po\u017eara pri Gornjem Gradu aktivirani gasilci Zgornje Savinjske doline - Hudo Slovenija\",\"isPartOf\":{\"@id\":\"https:\/\/hudo.com\/si\/#website\"},\"datePublished\":\"2016-05-29T08:54:52+00:00\",\"dateModified\":\"2016-05-30T11:47:19+00:00\",\"breadcrumb\":{\"@id\":\"https:\/\/hudo.com\/si\/aktualno\/zaradi-pozara-pri-gornjem-gradu-aktivirani-gasilci-zgornje-savinjske-doline\/#breadcrumb\"},\"inLanguage\":\"sl-SI\",\"potentialAction\":[{\"@type\":\"ReadAction\",\"target\":[\"https:\/\/hudo.com\/si\/aktualno\/zaradi-pozara-pri-gornjem-gradu-aktivirani-gasilci-zgornje-savinjske-doline\/\"]}]},{\"@type\":\"BreadcrumbList\",\"@id\":\"https:\/\/hudo.com\/si\/aktualno\/zaradi-pozara-pri-gornjem-gradu-aktivirani-gasilci-zgornje-savinjske-doline\/#breadcrumb\",\"itemListElement\":[{\"@type\":\"ListItem\",\"position\":1,\"name\":\"Home\",\"item\":\"https:\/\/hudo.com\/si\/\"},{\"@type\":\"ListItem\",\"position\":2,\"name\":\"Zaradi po\u017eara pri Gornjem Gradu aktivirani gasilci Zgornje Savinjske doline\"}]},{\"@type\":\"WebSite\",\"@id\":\"https:\/\/hudo.com\/si\/#website\",\"url\":\"https:\/\/hudo.com\/si\/\",\"name\":\"Hudo Slovenija\",\"description\":\"Vse novice iz Slovenije in sveta\",\"publisher\":{\"@id\":\"https:\/\/hudo.com\/si\/#organization\"},\"potentialAction\":[{\"@type\":\"SearchAction\",\"target\":{\"@type\":\"EntryPoint\",\"urlTemplate\":\"https:\/\/hudo.com\/si\/?s={search_term_string}\"},\"query-input\":\"required name=search_term_string\"}],\"inLanguage\":\"sl-SI\"},{\"@type\":\"Organization\",\"@id\":\"https:\/\/hudo.com\/si\/#organization\",\"name\":\"VSN Media\",\"url\":\"https:\/\/hudo.com\/si\/\",\"logo\":{\"@type\":\"ImageObject\",\"inLanguage\":\"sl-SI\",\"@id\":\"https:\/\/hudo.com\/si\/#\/schema\/logo\/image\/\",\"url\":\"https:\/\/hudo.com\/si\/wp-content\/uploads\/sites\/2\/2021\/03\/hudo-app-2.png\",\"contentUrl\":\"https:\/\/hudo.com\/si\/wp-content\/uploads\/sites\/2\/2021\/03\/hudo-app-2.png\",\"width\":2185,\"height\":2167,\"caption\":\"VSN Media\"},\"image\":{\"@id\":\"https:\/\/hudo.com\/si\/#\/schema\/logo\/image\/\"},\"sameAs\":[\"https:\/\/www.facebook.com\/hudo.si\",\"https:\/\/twitter.com\/hudo_si\"]},{\"@type\":\"Person\",\"@id\":\"https:\/\/hudo.com\/si\/#\/schema\/person\/601cf3379633985b20f7e50f2bb47707\",\"name\":\"hudo\",\"image\":{\"@type\":\"ImageObject\",\"inLanguage\":\"sl-SI\",\"@id\":\"https:\/\/hudo.com\/si\/#\/schema\/person\/image\/\",\"url\":\"https:\/\/secure.gravatar.com\/avatar\/c4ca25fa72cace7a696b52ff5db9e095?s=96&d=mm&r=g\",\"contentUrl\":\"https:\/\/secure.gravatar.com\/avatar\/c4ca25fa72cace7a696b52ff5db9e095?s=96&d=mm&r=g\",\"caption\":\"hudo\"},\"url\":\"https:\/\/hudo.com\/si\/author\/hudo\/\"}]}<\/script>\n<!-- \/ Yoast SEO plugin. -->","yoast_head_json":{"title":"Zaradi po\u017eara pri Gornjem Gradu aktivirani gasilci Zgornje Savinjske doline - Hudo Slovenija","robots":{"index":"index","follow":"follow","max-snippet":"max-snippet:-1","max-image-preview":"max-image-preview:large","max-video-preview":"max-video-preview:-1"},"canonical":"https:\/\/hudo.com\/si\/aktualno\/zaradi-pozara-pri-gornjem-gradu-aktivirani-gasilci-zgornje-savinjske-doline\/","og_locale":"sl_SI","og_type":"article","og_title":"Zaradi po\u017eara pri Gornjem Gradu aktivirani gasilci Zgornje Savinjske doline - Hudo Slovenija","og_description":"V Lenartu pri Gornjem Gradu je danes nekaj pred 9. uro iz za zdaj neznanega razloga zagorelo ve\u010dje gospodarsko poslopje. Na kraju po\u017eara intervenirajo vsa dru\u0161tva Gasilske zveze Zgornje Savinjske doline, navaja Uprava RS za za\u0161\u010dito in re\u0161evanje. Gasilci po\u017ear na seniku \u0161e gasijo, \u0161koda bo ve\u010dja, so STA pojasnili na Policijski upravi (PU) Celje.","og_url":"https:\/\/hudo.com\/si\/aktualno\/zaradi-pozara-pri-gornjem-gradu-aktivirani-gasilci-zgornje-savinjske-doline\/","og_site_name":"Hudo Slovenija","article_publisher":"https:\/\/www.facebook.com\/hudo.si","article_published_time":"2016-05-29T08:54:52+00:00","article_modified_time":"2016-05-30T11:47:19+00:00","og_image":[{"width":640,"height":457,"url":"https:\/\/hudo.com\/si\/wp-content\/uploads\/sites\/2\/2016\/05\/gasilci_bobo_09.08.13.jpg","type":"image\/jpeg"}],"author":"hudo","twitter_card":"summary_large_image","twitter_creator":"@hudo_si","twitter_site":"@hudo_si","twitter_misc":{"Written by":"hudo"},"schema":{"@context":"https:\/\/schema.org","@graph":[{"@type":"Article","@id":"https:\/\/hudo.com\/si\/aktualno\/zaradi-pozara-pri-gornjem-gradu-aktivirani-gasilci-zgornje-savinjske-doline\/#article","isPartOf":{"@id":"https:\/\/hudo.com\/si\/aktualno\/zaradi-pozara-pri-gornjem-gradu-aktivirani-gasilci-zgornje-savinjske-doline\/"},"author":{"name":"hudo","@id":"https:\/\/hudo.com\/si\/#\/schema\/person\/601cf3379633985b20f7e50f2bb47707"},"headline":"Zaradi po\u017eara pri Gornjem Gradu aktivirani gasilci Zgornje Savinjske doline","datePublished":"2016-05-29T08:54:52+00:00","dateModified":"2016-05-30T11:47:19+00:00","mainEntityOfPage":{"@id":"https:\/\/hudo.com\/si\/aktualno\/zaradi-pozara-pri-gornjem-gradu-aktivirani-gasilci-zgornje-savinjske-doline\/"},"wordCount":72,"publisher":{"@id":"https:\/\/hudo.com\/si\/#organization"},"articleSection":["Aktualno"],"inLanguage":"sl-SI"},{"@type":"WebPage","@id":"https:\/\/hudo.com\/si\/aktualno\/zaradi-pozara-pri-gornjem-gradu-aktivirani-gasilci-zgornje-savinjske-doline\/","url":"https:\/\/hudo.com\/si\/aktualno\/zaradi-pozara-pri-gornjem-gradu-aktivirani-gasilci-zgornje-savinjske-doline\/","name":"Zaradi po\u017eara pri Gornjem Gradu aktivirani gasilci Zgornje Savinjske doline - Hudo Slovenija","isPartOf":{"@id":"https:\/\/hudo.com\/si\/#website"},"datePublished":"2016-05-29T08:54:52+00:00","dateModified":"2016-05-30T11:47:19+00:00","breadcrumb":{"@id":"https:\/\/hudo.com\/si\/aktualno\/zaradi-pozara-pri-gornjem-gradu-aktivirani-gasilci-zgornje-savinjske-doline\/#breadcrumb"},"inLanguage":"sl-SI","potentialAction":[{"@type":"ReadAction","target":["https:\/\/hudo.com\/si\/aktualno\/zaradi-pozara-pri-gornjem-gradu-aktivirani-gasilci-zgornje-savinjske-doline\/"]}]},{"@type":"BreadcrumbList","@id":"https:\/\/hudo.com\/si\/aktualno\/zaradi-pozara-pri-gornjem-gradu-aktivirani-gasilci-zgornje-savinjske-doline\/#breadcrumb","itemListElement":[{"@type":"ListItem","position":1,"name":"Home","item":"https:\/\/hudo.com\/si\/"},{"@type":"ListItem","position":2,"name":"Zaradi po\u017eara pri Gornjem Gradu aktivirani gasilci Zgornje Savinjske doline"}]},{"@type":"WebSite","@id":"https:\/\/hudo.com\/si\/#website","url":"https:\/\/hudo.com\/si\/","name":"Hudo Slovenija","description":"Vse novice iz Slovenije in sveta","publisher":{"@id":"https:\/\/hudo.com\/si\/#organization"},"potentialAction":[{"@type":"SearchAction","target":{"@type":"EntryPoint","urlTemplate":"https:\/\/hudo.com\/si\/?s={search_term_string}"},"query-input":"required name=search_term_string"}],"inLanguage":"sl-SI"},{"@type":"Organization","@id":"https:\/\/hudo.com\/si\/#organization","name":"VSN Media","url":"https:\/\/hudo.com\/si\/","logo":{"@type":"ImageObject","inLanguage":"sl-SI","@id":"https:\/\/hudo.com\/si\/#\/schema\/logo\/image\/","url":"https:\/\/hudo.com\/si\/wp-content\/uploads\/sites\/2\/2021\/03\/hudo-app-2.png","contentUrl":"https:\/\/hudo.com\/si\/wp-content\/uploads\/sites\/2\/2021\/03\/hudo-app-2.png","width":2185,"height":2167,"caption":"VSN Media"},"image":{"@id":"https:\/\/hudo.com\/si\/#\/schema\/logo\/image\/"},"sameAs":["https:\/\/www.facebook.com\/hudo.si","https:\/\/twitter.com\/hudo_si"]},{"@type":"Person","@id":"https:\/\/hudo.com\/si\/#\/schema\/person\/601cf3379633985b20f7e50f2bb47707","name":"hudo","image":{"@type":"ImageObject","inLanguage":"sl-SI","@id":"https:\/\/hudo.com\/si\/#\/schema\/person\/image\/","url":"https:\/\/secure.gravatar.com\/avatar\/c4ca25fa72cace7a696b52ff5db9e095?s=96&d=mm&r=g","contentUrl":"https:\/\/secure.gravatar.com\/avatar\/c4ca25fa72cace7a696b52ff5db9e095?s=96&d=mm&r=g","caption":"hudo"},"url":"https:\/\/hudo.com\/si\/author\/hudo\/"}]}},"amp_enabled":true,"_links":{"self":[{"href":"https:\/\/hudo.com\/si\/wp-json\/wp\/v2\/posts\/63897"}],"collection":[{"href":"https:\/\/hudo.com\/si\/wp-json\/wp\/v2\/posts"}],"about":[{"href":"https:\/\/hudo.com\/si\/wp-json\/wp\/v2\/types\/post"}],"author":[{"embeddable":true,"href":"https:\/\/hudo.com\/si\/wp-json\/wp\/v2\/users\/1"}],"replies":[{"embeddable":true,"href":"https:\/\/hudo.com\/si\/wp-json\/wp\/v2\/comments?post=63897"}],"version-history":[{"count":1,"href":"https:\/\/hudo.com\/si\/wp-json\/wp\/v2\/posts\/63897\/revisions"}],"predecessor-version":[{"id":63958,"href":"https:\/\/hudo.com\/si\/wp-json\/wp\/v2\/posts\/63897\/revisions\/63958"}],"wp:attachment":[{"href":"https:\/\/hudo.com\/si\/wp-json\/wp\/v2\/media?parent=63897"}],"wp:term":[{"taxonomy":"category","embeddable":true,"href":"https:\/\/hudo.com\/si\/wp-json\/wp\/v2\/categories?post=63897"},{"taxonomy":"post_tag","embeddable":true,"href":"https:\/\/hudo.com\/si\/wp-json\/wp\/v2\/tags?post=63897"},{"taxonomy":"source","embeddable":true,"href":"https:\/\/hudo.com\/si\/wp-json\/wp\/v2\/source?post=63897"},{"taxonomy":"supertag","embeddable":true,"href":"https:\/\/hudo.com\/si\/wp-json\/wp\/v2\/supertag?post=63897"}],"curies":[{"name":"wp","href":"https:\/\/api.w.org\/{rel}","templated":true}]}}