{"id":63950,"date":"2016-05-29T12:15:00","date_gmt":"2016-05-29T10:15:00","guid":{"rendered":"http:\/\/hudo.com\/si\/2016\/05\/29\/iranci-se-ne-bodo-udelezili-romanja-v-meko\/"},"modified":"2016-05-30T10:42:05","modified_gmt":"2016-05-30T08:42:05","slug":"iranci-se-ne-bodo-udelezili-romanja-v-meko","status":"publish","type":"post","link":"https:\/\/hudo.com\/si\/aktualno\/iranci-se-ne-bodo-udelezili-romanja-v-meko\/","title":{"rendered":"Iranci se ne bodo udele\u017eili romanja v Meko"},"content":{"rendered":"<p>Iranski verniki se letos zaradi &#8220;ovir&#8221;, ki jih je postavila Savdska Arabija, ne bodo udele\u017eili had\u017ea oziroma vsakoletnega romanja v Meko, je danes sporo\u010dil iranski minister za kulturo Ali D\u017eanati. Iranska delegacija se je pretekli teden udele\u017eila pogovorov v Savdski Arabiji, na katerih dr\u017eavi nista uspeli dose\u010di dogovora o romanju Irancev v Meko, ki tradicionalno poteka septembra. &#8220;Savdski minister za had\u017e in njegovi sodelavci nimajo potrebnih pooblastil za sprejemanje odlo\u010ditev,&#8221; je dejal predsednik iranske organizacije za had\u017e Said Ohadi. Savdijci niso sprejeli iranskih pogojev, je dodal po poro\u010danju francoske tiskovne agencije AFP. Savdski minister pa je za neuspeh okrivil iransko stran. Strinjali so se, da bi vizume izdajali na \u0161vicarskem veleposlani\u0161tvu v Teheranu, so \u0161e sporo\u010dili s savdskega ministrstva. Dovolili so tudi, da bi verniki v Savdsko Arabijo leteli z iransko letalsko dru\u017ebo Iranian Airlines, za katero sicer velja prepoved. Problemati\u010dno podro\u010dje je tudi varnost, saj je med lanskim had\u017eem pri\u0161lo do prerivanja mno\u017eice, pri tem pa je umrlo ve\u010d kot 2000 romarjev, tudi 464 Irancev. Pogovori so bili \u017ee drugi poskus za dosego dogovora o romanju iranskih vernikov v Meko. Aprila na prvem sre\u010danju po januarski prekinitvi odnosov med dr\u017eavama ni pri\u0161lo do napredka. Iranci so takrat nasprotni strani o\u010ditali sabota\u017eo. Savdska Arabija je prekinila diplomatske odnose z Iranom, potem ko so iranski protestniki zaradi usmrtitve \u0161iitskega klerika v Rijadu napadli njeno veleposlani\u0161tvo v Teheranu. Dr\u017eavi sta tudi sicer dolgoletni regionalni nasprotnici, med drugim v konfliktih v Siriji in Jemnu, v katerih podpirata razli\u010dni strani.Svet<\/p>\n","protected":false},"excerpt":{"rendered":"<p>Iranski verniki se letos zaradi &#8220;ovir&#8221;, ki jih je postavila Savdska Arabija, ne bodo udele\u017eili had\u017ea oziroma vsakoletnega romanja v Meko, je danes sporo\u010dil iranski minister za kulturo Ali D\u017eanati. Iranska delegacija se je pretekli teden udele\u017eila pogovorov v Savdski Arabiji, na katerih dr\u017eavi nista uspeli dose\u010di dogovora o romanju Irancev v Meko, ki tradicionalno poteka septembra. &#8220;Savdski minister za had\u017e in njegovi sodelavci nimajo potrebnih pooblastil za sprejemanje odlo\u010ditev,&#8221; je dejal predsednik iranske organizacije za had\u017e Said Ohadi. Savdijci niso sprejeli iranskih pogojev, je dodal po poro\u010danju francoske tiskovne agencije AFP. Savdski minister pa je za neuspeh okrivil iransko stran. Strinjali so se, da bi vizume izdajali na \u0161vicarskem veleposlani\u0161tvu v Teheranu, so \u0161e sporo\u010dili s savdskega ministrstva. Dovolili so tudi, da bi verniki v Savdsko Arabijo leteli z iransko letalsko dru\u017ebo Iranian Airlines, za katero sicer velja prepoved. Problemati\u010dno podro\u010dje je tudi varnost, saj je med lanskim had\u017eem pri\u0161lo do prerivanja mno\u017eice, pri tem pa je umrlo ve\u010d kot 2000 romarjev, tudi 464 Irancev. Pogovori so bili \u017ee drugi poskus za dosego dogovora o romanju iranskih vernikov v Meko. Aprila na prvem sre\u010danju po januarski prekinitvi odnosov med dr\u017eavama ni pri\u0161lo do napredka. Iranci so takrat nasprotni strani o\u010ditali sabota\u017eo. Savdska Arabija je prekinila diplomatske odnose z Iranom, potem ko so iranski protestniki zaradi usmrtitve \u0161iitskega klerika v Rijadu napadli njeno veleposlani\u0161tvo v Teheranu. Dr\u017eavi sta tudi sicer dolgoletni regionalni nasprotnici, med drugim v konfliktih v Siriji in Jemnu, v katerih podpirata razli\u010dni strani.Svet<\/p>\n","protected":false},"author":1,"featured_media":0,"comment_status":"closed","ping_status":"closed","sticky":false,"template":"","format":"standard","meta":{"footnotes":""},"categories":[1179],"tags":[],"source":[1711],"supertag":[],"acf":[],"yoast_head":"<!-- This site is optimized with the Yoast SEO plugin v21.3 - https:\/\/yoast.com\/wordpress\/plugins\/seo\/ -->\n<title>Iranci se ne bodo udele\u017eili romanja v Meko - Hudo Slovenija<\/title>\n<meta name=\"robots\" content=\"index, follow, max-snippet:-1, max-image-preview:large, max-video-preview:-1\" \/>\n<link rel=\"canonical\" href=\"https:\/\/hudo.com\/si\/aktualno\/iranci-se-ne-bodo-udelezili-romanja-v-meko\/\" \/>\n<meta property=\"og:locale\" content=\"sl_SI\" \/>\n<meta property=\"og:type\" content=\"article\" \/>\n<meta property=\"og:title\" content=\"Iranci se ne bodo udele\u017eili romanja v Meko - Hudo Slovenija\" \/>\n<meta property=\"og:description\" content=\"Iranski verniki se letos zaradi &quot;ovir&quot;, ki jih je postavila Savdska Arabija, ne bodo udele\u017eili had\u017ea oziroma vsakoletnega romanja v Meko, je danes sporo\u010dil iranski minister za kulturo Ali D\u017eanati. Iranska delegacija se je pretekli teden udele\u017eila pogovorov v Savdski Arabiji, na katerih dr\u017eavi nista uspeli dose\u010di dogovora o romanju Irancev v Meko, ki tradicionalno poteka septembra. &quot;Savdski minister za had\u017e in njegovi sodelavci nimajo potrebnih pooblastil za sprejemanje odlo\u010ditev,&quot; je dejal predsednik iranske organizacije za had\u017e Said Ohadi. Savdijci niso sprejeli iranskih pogojev, je dodal po poro\u010danju francoske tiskovne agencije AFP. Savdski minister pa je za neuspeh okrivil iransko stran. Strinjali so se, da bi vizume izdajali na \u0161vicarskem veleposlani\u0161tvu v Teheranu, so \u0161e sporo\u010dili s savdskega ministrstva. Dovolili so tudi, da bi verniki v Savdsko Arabijo leteli z iransko letalsko dru\u017ebo Iranian Airlines, za katero sicer velja prepoved. Problemati\u010dno podro\u010dje je tudi varnost, saj je med lanskim had\u017eem pri\u0161lo do prerivanja mno\u017eice, pri tem pa je umrlo ve\u010d kot 2000 romarjev, tudi 464 Irancev. Pogovori so bili \u017ee drugi poskus za dosego dogovora o romanju iranskih vernikov v Meko. Aprila na prvem sre\u010danju po januarski prekinitvi odnosov med dr\u017eavama ni pri\u0161lo do napredka. Iranci so takrat nasprotni strani o\u010ditali sabota\u017eo. Savdska Arabija je prekinila diplomatske odnose z Iranom, potem ko so iranski protestniki zaradi usmrtitve \u0161iitskega klerika v Rijadu napadli njeno veleposlani\u0161tvo v Teheranu. Dr\u017eavi sta tudi sicer dolgoletni regionalni nasprotnici, med drugim v konfliktih v Siriji in Jemnu, v katerih podpirata razli\u010dni strani.Svet\" \/>\n<meta property=\"og:url\" content=\"https:\/\/hudo.com\/si\/aktualno\/iranci-se-ne-bodo-udelezili-romanja-v-meko\/\" \/>\n<meta property=\"og:site_name\" content=\"Hudo Slovenija\" \/>\n<meta property=\"article:publisher\" content=\"https:\/\/www.facebook.com\/hudo.si\" \/>\n<meta property=\"article:published_time\" content=\"2016-05-29T10:15:00+00:00\" \/>\n<meta property=\"article:modified_time\" content=\"2016-05-30T08:42:05+00:00\" \/>\n<meta property=\"og:image\" content=\"https:\/\/hudo.com\/si\/wp-content\/uploads\/sites\/2\/2016\/05\/01425739F-300.jpg\" \/>\n\t<meta property=\"og:image:width\" content=\"450\" \/>\n\t<meta property=\"og:image:height\" content=\"315\" \/>\n\t<meta property=\"og:image:type\" content=\"image\/jpeg\" \/>\n<meta name=\"author\" content=\"hudo\" \/>\n<meta name=\"twitter:card\" content=\"summary_large_image\" \/>\n<meta name=\"twitter:creator\" content=\"@hudo_si\" \/>\n<meta name=\"twitter:site\" content=\"@hudo_si\" \/>\n<meta name=\"twitter:label1\" content=\"Written by\" \/>\n\t<meta name=\"twitter:data1\" content=\"hudo\" \/>\n\t<meta name=\"twitter:label2\" content=\"Est. reading time\" \/>\n\t<meta name=\"twitter:data2\" content=\"1 minuta\" \/>\n<script type=\"application\/ld+json\" class=\"yoast-schema-graph\">{\"@context\":\"https:\/\/schema.org\",\"@graph\":[{\"@type\":\"Article\",\"@id\":\"https:\/\/hudo.com\/si\/aktualno\/iranci-se-ne-bodo-udelezili-romanja-v-meko\/#article\",\"isPartOf\":{\"@id\":\"https:\/\/hudo.com\/si\/aktualno\/iranci-se-ne-bodo-udelezili-romanja-v-meko\/\"},\"author\":{\"name\":\"hudo\",\"@id\":\"https:\/\/hudo.com\/si\/#\/schema\/person\/601cf3379633985b20f7e50f2bb47707\"},\"headline\":\"Iranci se ne bodo udele\u017eili romanja v Meko\",\"datePublished\":\"2016-05-29T10:15:00+00:00\",\"dateModified\":\"2016-05-30T08:42:05+00:00\",\"mainEntityOfPage\":{\"@id\":\"https:\/\/hudo.com\/si\/aktualno\/iranci-se-ne-bodo-udelezili-romanja-v-meko\/\"},\"wordCount\":279,\"publisher\":{\"@id\":\"https:\/\/hudo.com\/si\/#organization\"},\"articleSection\":[\"Aktualno\"],\"inLanguage\":\"sl-SI\"},{\"@type\":\"WebPage\",\"@id\":\"https:\/\/hudo.com\/si\/aktualno\/iranci-se-ne-bodo-udelezili-romanja-v-meko\/\",\"url\":\"https:\/\/hudo.com\/si\/aktualno\/iranci-se-ne-bodo-udelezili-romanja-v-meko\/\",\"name\":\"Iranci se ne bodo udele\u017eili romanja v Meko - Hudo Slovenija\",\"isPartOf\":{\"@id\":\"https:\/\/hudo.com\/si\/#website\"},\"datePublished\":\"2016-05-29T10:15:00+00:00\",\"dateModified\":\"2016-05-30T08:42:05+00:00\",\"breadcrumb\":{\"@id\":\"https:\/\/hudo.com\/si\/aktualno\/iranci-se-ne-bodo-udelezili-romanja-v-meko\/#breadcrumb\"},\"inLanguage\":\"sl-SI\",\"potentialAction\":[{\"@type\":\"ReadAction\",\"target\":[\"https:\/\/hudo.com\/si\/aktualno\/iranci-se-ne-bodo-udelezili-romanja-v-meko\/\"]}]},{\"@type\":\"BreadcrumbList\",\"@id\":\"https:\/\/hudo.com\/si\/aktualno\/iranci-se-ne-bodo-udelezili-romanja-v-meko\/#breadcrumb\",\"itemListElement\":[{\"@type\":\"ListItem\",\"position\":1,\"name\":\"Home\",\"item\":\"https:\/\/hudo.com\/si\/\"},{\"@type\":\"ListItem\",\"position\":2,\"name\":\"Iranci se ne bodo udele\u017eili romanja v Meko\"}]},{\"@type\":\"WebSite\",\"@id\":\"https:\/\/hudo.com\/si\/#website\",\"url\":\"https:\/\/hudo.com\/si\/\",\"name\":\"Hudo Slovenija\",\"description\":\"Vse novice iz Slovenije in sveta\",\"publisher\":{\"@id\":\"https:\/\/hudo.com\/si\/#organization\"},\"potentialAction\":[{\"@type\":\"SearchAction\",\"target\":{\"@type\":\"EntryPoint\",\"urlTemplate\":\"https:\/\/hudo.com\/si\/?s={search_term_string}\"},\"query-input\":\"required name=search_term_string\"}],\"inLanguage\":\"sl-SI\"},{\"@type\":\"Organization\",\"@id\":\"https:\/\/hudo.com\/si\/#organization\",\"name\":\"VSN Media\",\"url\":\"https:\/\/hudo.com\/si\/\",\"logo\":{\"@type\":\"ImageObject\",\"inLanguage\":\"sl-SI\",\"@id\":\"https:\/\/hudo.com\/si\/#\/schema\/logo\/image\/\",\"url\":\"https:\/\/hudo.com\/si\/wp-content\/uploads\/sites\/2\/2021\/03\/hudo-app-2.png\",\"contentUrl\":\"https:\/\/hudo.com\/si\/wp-content\/uploads\/sites\/2\/2021\/03\/hudo-app-2.png\",\"width\":2185,\"height\":2167,\"caption\":\"VSN Media\"},\"image\":{\"@id\":\"https:\/\/hudo.com\/si\/#\/schema\/logo\/image\/\"},\"sameAs\":[\"https:\/\/www.facebook.com\/hudo.si\",\"https:\/\/twitter.com\/hudo_si\"]},{\"@type\":\"Person\",\"@id\":\"https:\/\/hudo.com\/si\/#\/schema\/person\/601cf3379633985b20f7e50f2bb47707\",\"name\":\"hudo\",\"image\":{\"@type\":\"ImageObject\",\"inLanguage\":\"sl-SI\",\"@id\":\"https:\/\/hudo.com\/si\/#\/schema\/person\/image\/\",\"url\":\"https:\/\/secure.gravatar.com\/avatar\/c4ca25fa72cace7a696b52ff5db9e095?s=96&d=mm&r=g\",\"contentUrl\":\"https:\/\/secure.gravatar.com\/avatar\/c4ca25fa72cace7a696b52ff5db9e095?s=96&d=mm&r=g\",\"caption\":\"hudo\"},\"url\":\"https:\/\/hudo.com\/si\/author\/hudo\/\"}]}<\/script>\n<!-- \/ Yoast SEO plugin. -->","yoast_head_json":{"title":"Iranci se ne bodo udele\u017eili romanja v Meko - Hudo Slovenija","robots":{"index":"index","follow":"follow","max-snippet":"max-snippet:-1","max-image-preview":"max-image-preview:large","max-video-preview":"max-video-preview:-1"},"canonical":"https:\/\/hudo.com\/si\/aktualno\/iranci-se-ne-bodo-udelezili-romanja-v-meko\/","og_locale":"sl_SI","og_type":"article","og_title":"Iranci se ne bodo udele\u017eili romanja v Meko - Hudo Slovenija","og_description":"Iranski verniki se letos zaradi \"ovir\", ki jih je postavila Savdska Arabija, ne bodo udele\u017eili had\u017ea oziroma vsakoletnega romanja v Meko, je danes sporo\u010dil iranski minister za kulturo Ali D\u017eanati. Iranska delegacija se je pretekli teden udele\u017eila pogovorov v Savdski Arabiji, na katerih dr\u017eavi nista uspeli dose\u010di dogovora o romanju Irancev v Meko, ki tradicionalno poteka septembra. \"Savdski minister za had\u017e in njegovi sodelavci nimajo potrebnih pooblastil za sprejemanje odlo\u010ditev,\" je dejal predsednik iranske organizacije za had\u017e Said Ohadi. Savdijci niso sprejeli iranskih pogojev, je dodal po poro\u010danju francoske tiskovne agencije AFP. Savdski minister pa je za neuspeh okrivil iransko stran. Strinjali so se, da bi vizume izdajali na \u0161vicarskem veleposlani\u0161tvu v Teheranu, so \u0161e sporo\u010dili s savdskega ministrstva. Dovolili so tudi, da bi verniki v Savdsko Arabijo leteli z iransko letalsko dru\u017ebo Iranian Airlines, za katero sicer velja prepoved. Problemati\u010dno podro\u010dje je tudi varnost, saj je med lanskim had\u017eem pri\u0161lo do prerivanja mno\u017eice, pri tem pa je umrlo ve\u010d kot 2000 romarjev, tudi 464 Irancev. Pogovori so bili \u017ee drugi poskus za dosego dogovora o romanju iranskih vernikov v Meko. Aprila na prvem sre\u010danju po januarski prekinitvi odnosov med dr\u017eavama ni pri\u0161lo do napredka. Iranci so takrat nasprotni strani o\u010ditali sabota\u017eo. Savdska Arabija je prekinila diplomatske odnose z Iranom, potem ko so iranski protestniki zaradi usmrtitve \u0161iitskega klerika v Rijadu napadli njeno veleposlani\u0161tvo v Teheranu. Dr\u017eavi sta tudi sicer dolgoletni regionalni nasprotnici, med drugim v konfliktih v Siriji in Jemnu, v katerih podpirata razli\u010dni strani.Svet","og_url":"https:\/\/hudo.com\/si\/aktualno\/iranci-se-ne-bodo-udelezili-romanja-v-meko\/","og_site_name":"Hudo Slovenija","article_publisher":"https:\/\/www.facebook.com\/hudo.si","article_published_time":"2016-05-29T10:15:00+00:00","article_modified_time":"2016-05-30T08:42:05+00:00","og_image":[{"width":450,"height":315,"url":"https:\/\/hudo.com\/si\/wp-content\/uploads\/sites\/2\/2016\/05\/01425739F-300.jpg","type":"image\/jpeg"}],"author":"hudo","twitter_card":"summary_large_image","twitter_creator":"@hudo_si","twitter_site":"@hudo_si","twitter_misc":{"Written by":"hudo","Est. reading time":"1 minuta"},"schema":{"@context":"https:\/\/schema.org","@graph":[{"@type":"Article","@id":"https:\/\/hudo.com\/si\/aktualno\/iranci-se-ne-bodo-udelezili-romanja-v-meko\/#article","isPartOf":{"@id":"https:\/\/hudo.com\/si\/aktualno\/iranci-se-ne-bodo-udelezili-romanja-v-meko\/"},"author":{"name":"hudo","@id":"https:\/\/hudo.com\/si\/#\/schema\/person\/601cf3379633985b20f7e50f2bb47707"},"headline":"Iranci se ne bodo udele\u017eili romanja v Meko","datePublished":"2016-05-29T10:15:00+00:00","dateModified":"2016-05-30T08:42:05+00:00","mainEntityOfPage":{"@id":"https:\/\/hudo.com\/si\/aktualno\/iranci-se-ne-bodo-udelezili-romanja-v-meko\/"},"wordCount":279,"publisher":{"@id":"https:\/\/hudo.com\/si\/#organization"},"articleSection":["Aktualno"],"inLanguage":"sl-SI"},{"@type":"WebPage","@id":"https:\/\/hudo.com\/si\/aktualno\/iranci-se-ne-bodo-udelezili-romanja-v-meko\/","url":"https:\/\/hudo.com\/si\/aktualno\/iranci-se-ne-bodo-udelezili-romanja-v-meko\/","name":"Iranci se ne bodo udele\u017eili romanja v Meko - Hudo Slovenija","isPartOf":{"@id":"https:\/\/hudo.com\/si\/#website"},"datePublished":"2016-05-29T10:15:00+00:00","dateModified":"2016-05-30T08:42:05+00:00","breadcrumb":{"@id":"https:\/\/hudo.com\/si\/aktualno\/iranci-se-ne-bodo-udelezili-romanja-v-meko\/#breadcrumb"},"inLanguage":"sl-SI","potentialAction":[{"@type":"ReadAction","target":["https:\/\/hudo.com\/si\/aktualno\/iranci-se-ne-bodo-udelezili-romanja-v-meko\/"]}]},{"@type":"BreadcrumbList","@id":"https:\/\/hudo.com\/si\/aktualno\/iranci-se-ne-bodo-udelezili-romanja-v-meko\/#breadcrumb","itemListElement":[{"@type":"ListItem","position":1,"name":"Home","item":"https:\/\/hudo.com\/si\/"},{"@type":"ListItem","position":2,"name":"Iranci se ne bodo udele\u017eili romanja v Meko"}]},{"@type":"WebSite","@id":"https:\/\/hudo.com\/si\/#website","url":"https:\/\/hudo.com\/si\/","name":"Hudo Slovenija","description":"Vse novice iz Slovenije in sveta","publisher":{"@id":"https:\/\/hudo.com\/si\/#organization"},"potentialAction":[{"@type":"SearchAction","target":{"@type":"EntryPoint","urlTemplate":"https:\/\/hudo.com\/si\/?s={search_term_string}"},"query-input":"required name=search_term_string"}],"inLanguage":"sl-SI"},{"@type":"Organization","@id":"https:\/\/hudo.com\/si\/#organization","name":"VSN Media","url":"https:\/\/hudo.com\/si\/","logo":{"@type":"ImageObject","inLanguage":"sl-SI","@id":"https:\/\/hudo.com\/si\/#\/schema\/logo\/image\/","url":"https:\/\/hudo.com\/si\/wp-content\/uploads\/sites\/2\/2021\/03\/hudo-app-2.png","contentUrl":"https:\/\/hudo.com\/si\/wp-content\/uploads\/sites\/2\/2021\/03\/hudo-app-2.png","width":2185,"height":2167,"caption":"VSN Media"},"image":{"@id":"https:\/\/hudo.com\/si\/#\/schema\/logo\/image\/"},"sameAs":["https:\/\/www.facebook.com\/hudo.si","https:\/\/twitter.com\/hudo_si"]},{"@type":"Person","@id":"https:\/\/hudo.com\/si\/#\/schema\/person\/601cf3379633985b20f7e50f2bb47707","name":"hudo","image":{"@type":"ImageObject","inLanguage":"sl-SI","@id":"https:\/\/hudo.com\/si\/#\/schema\/person\/image\/","url":"https:\/\/secure.gravatar.com\/avatar\/c4ca25fa72cace7a696b52ff5db9e095?s=96&d=mm&r=g","contentUrl":"https:\/\/secure.gravatar.com\/avatar\/c4ca25fa72cace7a696b52ff5db9e095?s=96&d=mm&r=g","caption":"hudo"},"url":"https:\/\/hudo.com\/si\/author\/hudo\/"}]}},"amp_enabled":true,"_links":{"self":[{"href":"https:\/\/hudo.com\/si\/wp-json\/wp\/v2\/posts\/63950"}],"collection":[{"href":"https:\/\/hudo.com\/si\/wp-json\/wp\/v2\/posts"}],"about":[{"href":"https:\/\/hudo.com\/si\/wp-json\/wp\/v2\/types\/post"}],"author":[{"embeddable":true,"href":"https:\/\/hudo.com\/si\/wp-json\/wp\/v2\/users\/1"}],"replies":[{"embeddable":true,"href":"https:\/\/hudo.com\/si\/wp-json\/wp\/v2\/comments?post=63950"}],"version-history":[{"count":1,"href":"https:\/\/hudo.com\/si\/wp-json\/wp\/v2\/posts\/63950\/revisions"}],"predecessor-version":[{"id":64014,"href":"https:\/\/hudo.com\/si\/wp-json\/wp\/v2\/posts\/63950\/revisions\/64014"}],"wp:attachment":[{"href":"https:\/\/hudo.com\/si\/wp-json\/wp\/v2\/media?parent=63950"}],"wp:term":[{"taxonomy":"category","embeddable":true,"href":"https:\/\/hudo.com\/si\/wp-json\/wp\/v2\/categories?post=63950"},{"taxonomy":"post_tag","embeddable":true,"href":"https:\/\/hudo.com\/si\/wp-json\/wp\/v2\/tags?post=63950"},{"taxonomy":"source","embeddable":true,"href":"https:\/\/hudo.com\/si\/wp-json\/wp\/v2\/source?post=63950"},{"taxonomy":"supertag","embeddable":true,"href":"https:\/\/hudo.com\/si\/wp-json\/wp\/v2\/supertag?post=63950"}],"curies":[{"name":"wp","href":"https:\/\/api.w.org\/{rel}","templated":true}]}}