{"id":63954,"date":"2016-05-29T11:45:00","date_gmt":"2016-05-29T09:45:00","guid":{"rendered":"http:\/\/hudo.com\/si\/2016\/05\/29\/unhcr-nesrece-v-sredozemlju-ta-teden-terjale-najmanj-700-migrantskih-zivljenj\/"},"modified":"2016-05-29T19:17:11","modified_gmt":"2016-05-29T17:17:11","slug":"unhcr-nesrece-v-sredozemlju-ta-teden-terjale-najmanj-700-migrantskih-zivljenj","status":"publish","type":"post","link":"https:\/\/hudo.com\/si\/aktualno\/unhcr-nesrece-v-sredozemlju-ta-teden-terjale-najmanj-700-migrantskih-zivljenj\/","title":{"rendered":"UNHCR: Nesre\u010de v Sredozemlju ta teden terjale najmanj 700 migrantskih \u017eivljenj"},"content":{"rendered":"<p>Brodolomi in nesre\u010de migrantskih ladij in \u010dolnov v osrednjem Sredozemlju med severno Afriko in Italijo so v zadnjih sedmih dneh po ocenah Visokega komisariata zdru\u017eenih narodov za begunce (UNHCR) terjali najmanj 700 \u017eivljenj, poro\u010dajo tuje tiskovne agencije. \u0160tevilo smrtnih \u017ertev se nana\u0161a na tri nesre\u010de, ki so se zgodile v sredo, \u010detrtek in petek, temelji pa na navedbah pre\u017eivelih, je danes v Rimu povedala tiskovna predstavnica UNHCR Carlotta Sami. Po njenih besedah pogre\u0161ajo \u0161e okoli 550 ljudi z ladje, ki se je prevrnila v \u010detrtek. Okoli 100 migrantov pa naj bi bilo v trupu ladje, ki se je potopila v sredo. Po petkovi nesre\u010di migrantske ladje pa \u0161e prav tako pogre\u0161ajo za zdaj \u0161e neznano \u0161tevilo migrantov, poro\u010da nem\u0161ka tiskovna agencija dpa.  {media}34429{media}  Tudi migranti, ki so pre\u017eiveli druge poskuse pre\u010dkanja Sredozemskega morja, poro\u010dajo o pogre\u0161anih, je povedala Samijeva. &#8220;Ob se\u0161tevanju teh \u017ealostnih \u0161tevilk ocenjujemo, da je umrlo najmanj 700 ljudi,&#8221; je povedala Samijeva, a ob tem poudarila, da gre za oceno, prav tako pa \u0161e ni nobenih podatkov o identitetah \u017ertev. Italija je od ponedeljka zabele\u017eila porast \u0161tevila prihodov migrantov. V tem tednu so tako v Sredozemskem morju re\u0161ili in do italijanskih pristani\u0161\u010d prepeljali okoli 13.000 migrantov, ob tem pa \u0161e 50 trupel. \u0160e prej\u0161nji teden je na obale Italije pri\u0161lo samo 1700 migrantov, ka\u017eejo podatki Mednarodne organizacije za migracije.Svet<\/p>\n","protected":false},"excerpt":{"rendered":"<p>Brodolomi in nesre\u010de migrantskih ladij in \u010dolnov v osrednjem Sredozemlju med severno Afriko in Italijo so v zadnjih sedmih dneh po ocenah Visokega komisariata zdru\u017eenih narodov za begunce (UNHCR) terjali najmanj 700 \u017eivljenj, poro\u010dajo tuje tiskovne agencije. \u0160tevilo smrtnih \u017ertev se nana\u0161a na tri nesre\u010de, ki so se zgodile v sredo, \u010detrtek in petek, temelji pa na navedbah pre\u017eivelih, je danes v Rimu povedala tiskovna predstavnica UNHCR Carlotta Sami. Po njenih besedah pogre\u0161ajo \u0161e okoli 550 ljudi z ladje, ki se je prevrnila v \u010detrtek. Okoli 100 migrantov pa naj bi bilo v trupu ladje, ki se je potopila v sredo. Po petkovi nesre\u010di migrantske ladje pa \u0161e prav tako pogre\u0161ajo za zdaj \u0161e neznano \u0161tevilo migrantov, poro\u010da nem\u0161ka tiskovna agencija dpa.  {media}34429{media}  Tudi migranti, ki so pre\u017eiveli druge poskuse pre\u010dkanja Sredozemskega morja, poro\u010dajo o pogre\u0161anih, je povedala Samijeva. &#8220;Ob se\u0161tevanju teh \u017ealostnih \u0161tevilk ocenjujemo, da je umrlo najmanj 700 ljudi,&#8221; je povedala Samijeva, a ob tem poudarila, da gre za oceno, prav tako pa \u0161e ni nobenih podatkov o identitetah \u017ertev. Italija je od ponedeljka zabele\u017eila porast \u0161tevila prihodov migrantov. V tem tednu so tako v Sredozemskem morju re\u0161ili in do italijanskih pristani\u0161\u010d prepeljali okoli 13.000 migrantov, ob tem pa \u0161e 50 trupel. \u0160e prej\u0161nji teden je na obale Italije pri\u0161lo samo 1700 migrantov, ka\u017eejo podatki Mednarodne organizacije za migracije.Svet<\/p>\n","protected":false},"author":1,"featured_media":0,"comment_status":"closed","ping_status":"closed","sticky":false,"template":"","format":"standard","meta":{"footnotes":""},"categories":[1179],"tags":[],"source":[1711],"supertag":[],"acf":[],"yoast_head":"<!-- This site is optimized with the Yoast SEO plugin v21.3 - https:\/\/yoast.com\/wordpress\/plugins\/seo\/ -->\n<title>UNHCR: Nesre\u010de v Sredozemlju ta teden terjale najmanj 700 migrantskih \u017eivljenj - Hudo Slovenija<\/title>\n<meta name=\"robots\" content=\"index, follow, max-snippet:-1, max-image-preview:large, max-video-preview:-1\" \/>\n<link rel=\"canonical\" href=\"https:\/\/hudo.com\/si\/aktualno\/unhcr-nesrece-v-sredozemlju-ta-teden-terjale-najmanj-700-migrantskih-zivljenj\/\" \/>\n<meta property=\"og:locale\" content=\"sl_SI\" \/>\n<meta property=\"og:type\" content=\"article\" \/>\n<meta property=\"og:title\" content=\"UNHCR: Nesre\u010de v Sredozemlju ta teden terjale najmanj 700 migrantskih \u017eivljenj - Hudo Slovenija\" \/>\n<meta property=\"og:description\" content=\"Brodolomi in nesre\u010de migrantskih ladij in \u010dolnov v osrednjem Sredozemlju med severno Afriko in Italijo so v zadnjih sedmih dneh po ocenah Visokega komisariata zdru\u017eenih narodov za begunce (UNHCR) terjali najmanj 700 \u017eivljenj, poro\u010dajo tuje tiskovne agencije. \u0160tevilo smrtnih \u017ertev se nana\u0161a na tri nesre\u010de, ki so se zgodile v sredo, \u010detrtek in petek, temelji pa na navedbah pre\u017eivelih, je danes v Rimu povedala tiskovna predstavnica UNHCR Carlotta Sami. Po njenih besedah pogre\u0161ajo \u0161e okoli 550 ljudi z ladje, ki se je prevrnila v \u010detrtek. Okoli 100 migrantov pa naj bi bilo v trupu ladje, ki se je potopila v sredo. Po petkovi nesre\u010di migrantske ladje pa \u0161e prav tako pogre\u0161ajo za zdaj \u0161e neznano \u0161tevilo migrantov, poro\u010da nem\u0161ka tiskovna agencija dpa. {media}34429{media} Tudi migranti, ki so pre\u017eiveli druge poskuse pre\u010dkanja Sredozemskega morja, poro\u010dajo o pogre\u0161anih, je povedala Samijeva. &quot;Ob se\u0161tevanju teh \u017ealostnih \u0161tevilk ocenjujemo, da je umrlo najmanj 700 ljudi,&quot; je povedala Samijeva, a ob tem poudarila, da gre za oceno, prav tako pa \u0161e ni nobenih podatkov o identitetah \u017ertev. Italija je od ponedeljka zabele\u017eila porast \u0161tevila prihodov migrantov. V tem tednu so tako v Sredozemskem morju re\u0161ili in do italijanskih pristani\u0161\u010d prepeljali okoli 13.000 migrantov, ob tem pa \u0161e 50 trupel. \u0160e prej\u0161nji teden je na obale Italije pri\u0161lo samo 1700 migrantov, ka\u017eejo podatki Mednarodne organizacije za migracije.Svet\" \/>\n<meta property=\"og:url\" content=\"https:\/\/hudo.com\/si\/aktualno\/unhcr-nesrece-v-sredozemlju-ta-teden-terjale-najmanj-700-migrantskih-zivljenj\/\" \/>\n<meta property=\"og:site_name\" content=\"Hudo Slovenija\" \/>\n<meta property=\"article:publisher\" content=\"https:\/\/www.facebook.com\/hudo.si\" \/>\n<meta property=\"article:published_time\" content=\"2016-05-29T09:45:00+00:00\" \/>\n<meta property=\"article:modified_time\" content=\"2016-05-29T17:17:11+00:00\" \/>\n<meta property=\"og:image\" content=\"https:\/\/hudo.com\/si\/wp-content\/uploads\/sites\/2\/2016\/05\/01446217F-300.jpg\" \/>\n\t<meta property=\"og:image:width\" content=\"450\" \/>\n\t<meta property=\"og:image:height\" content=\"304\" \/>\n\t<meta property=\"og:image:type\" content=\"image\/jpeg\" \/>\n<meta name=\"author\" content=\"hudo\" \/>\n<meta name=\"twitter:card\" content=\"summary_large_image\" \/>\n<meta name=\"twitter:creator\" content=\"@hudo_si\" \/>\n<meta name=\"twitter:site\" content=\"@hudo_si\" \/>\n<meta name=\"twitter:label1\" content=\"Written by\" \/>\n\t<meta name=\"twitter:data1\" content=\"hudo\" \/>\n\t<meta name=\"twitter:label2\" content=\"Est. reading time\" \/>\n\t<meta name=\"twitter:data2\" content=\"1 minuta\" \/>\n<script type=\"application\/ld+json\" class=\"yoast-schema-graph\">{\"@context\":\"https:\/\/schema.org\",\"@graph\":[{\"@type\":\"Article\",\"@id\":\"https:\/\/hudo.com\/si\/aktualno\/unhcr-nesrece-v-sredozemlju-ta-teden-terjale-najmanj-700-migrantskih-zivljenj\/#article\",\"isPartOf\":{\"@id\":\"https:\/\/hudo.com\/si\/aktualno\/unhcr-nesrece-v-sredozemlju-ta-teden-terjale-najmanj-700-migrantskih-zivljenj\/\"},\"author\":{\"name\":\"hudo\",\"@id\":\"https:\/\/hudo.com\/si\/#\/schema\/person\/601cf3379633985b20f7e50f2bb47707\"},\"headline\":\"UNHCR: Nesre\u010de v Sredozemlju ta teden terjale najmanj 700 migrantskih \u017eivljenj\",\"datePublished\":\"2016-05-29T09:45:00+00:00\",\"dateModified\":\"2016-05-29T17:17:11+00:00\",\"mainEntityOfPage\":{\"@id\":\"https:\/\/hudo.com\/si\/aktualno\/unhcr-nesrece-v-sredozemlju-ta-teden-terjale-najmanj-700-migrantskih-zivljenj\/\"},\"wordCount\":248,\"publisher\":{\"@id\":\"https:\/\/hudo.com\/si\/#organization\"},\"articleSection\":[\"Aktualno\"],\"inLanguage\":\"sl-SI\"},{\"@type\":\"WebPage\",\"@id\":\"https:\/\/hudo.com\/si\/aktualno\/unhcr-nesrece-v-sredozemlju-ta-teden-terjale-najmanj-700-migrantskih-zivljenj\/\",\"url\":\"https:\/\/hudo.com\/si\/aktualno\/unhcr-nesrece-v-sredozemlju-ta-teden-terjale-najmanj-700-migrantskih-zivljenj\/\",\"name\":\"UNHCR: Nesre\u010de v Sredozemlju ta teden terjale najmanj 700 migrantskih \u017eivljenj - Hudo Slovenija\",\"isPartOf\":{\"@id\":\"https:\/\/hudo.com\/si\/#website\"},\"datePublished\":\"2016-05-29T09:45:00+00:00\",\"dateModified\":\"2016-05-29T17:17:11+00:00\",\"breadcrumb\":{\"@id\":\"https:\/\/hudo.com\/si\/aktualno\/unhcr-nesrece-v-sredozemlju-ta-teden-terjale-najmanj-700-migrantskih-zivljenj\/#breadcrumb\"},\"inLanguage\":\"sl-SI\",\"potentialAction\":[{\"@type\":\"ReadAction\",\"target\":[\"https:\/\/hudo.com\/si\/aktualno\/unhcr-nesrece-v-sredozemlju-ta-teden-terjale-najmanj-700-migrantskih-zivljenj\/\"]}]},{\"@type\":\"BreadcrumbList\",\"@id\":\"https:\/\/hudo.com\/si\/aktualno\/unhcr-nesrece-v-sredozemlju-ta-teden-terjale-najmanj-700-migrantskih-zivljenj\/#breadcrumb\",\"itemListElement\":[{\"@type\":\"ListItem\",\"position\":1,\"name\":\"Home\",\"item\":\"https:\/\/hudo.com\/si\/\"},{\"@type\":\"ListItem\",\"position\":2,\"name\":\"UNHCR: Nesre\u010de v Sredozemlju ta teden terjale najmanj 700 migrantskih \u017eivljenj\"}]},{\"@type\":\"WebSite\",\"@id\":\"https:\/\/hudo.com\/si\/#website\",\"url\":\"https:\/\/hudo.com\/si\/\",\"name\":\"Hudo Slovenija\",\"description\":\"Vse novice iz Slovenije in sveta\",\"publisher\":{\"@id\":\"https:\/\/hudo.com\/si\/#organization\"},\"potentialAction\":[{\"@type\":\"SearchAction\",\"target\":{\"@type\":\"EntryPoint\",\"urlTemplate\":\"https:\/\/hudo.com\/si\/?s={search_term_string}\"},\"query-input\":\"required name=search_term_string\"}],\"inLanguage\":\"sl-SI\"},{\"@type\":\"Organization\",\"@id\":\"https:\/\/hudo.com\/si\/#organization\",\"name\":\"VSN Media\",\"url\":\"https:\/\/hudo.com\/si\/\",\"logo\":{\"@type\":\"ImageObject\",\"inLanguage\":\"sl-SI\",\"@id\":\"https:\/\/hudo.com\/si\/#\/schema\/logo\/image\/\",\"url\":\"https:\/\/hudo.com\/si\/wp-content\/uploads\/sites\/2\/2021\/03\/hudo-app-2.png\",\"contentUrl\":\"https:\/\/hudo.com\/si\/wp-content\/uploads\/sites\/2\/2021\/03\/hudo-app-2.png\",\"width\":2185,\"height\":2167,\"caption\":\"VSN Media\"},\"image\":{\"@id\":\"https:\/\/hudo.com\/si\/#\/schema\/logo\/image\/\"},\"sameAs\":[\"https:\/\/www.facebook.com\/hudo.si\",\"https:\/\/twitter.com\/hudo_si\"]},{\"@type\":\"Person\",\"@id\":\"https:\/\/hudo.com\/si\/#\/schema\/person\/601cf3379633985b20f7e50f2bb47707\",\"name\":\"hudo\",\"image\":{\"@type\":\"ImageObject\",\"inLanguage\":\"sl-SI\",\"@id\":\"https:\/\/hudo.com\/si\/#\/schema\/person\/image\/\",\"url\":\"https:\/\/secure.gravatar.com\/avatar\/c4ca25fa72cace7a696b52ff5db9e095?s=96&d=mm&r=g\",\"contentUrl\":\"https:\/\/secure.gravatar.com\/avatar\/c4ca25fa72cace7a696b52ff5db9e095?s=96&d=mm&r=g\",\"caption\":\"hudo\"},\"url\":\"https:\/\/hudo.com\/si\/author\/hudo\/\"}]}<\/script>\n<!-- \/ Yoast SEO plugin. -->","yoast_head_json":{"title":"UNHCR: Nesre\u010de v Sredozemlju ta teden terjale najmanj 700 migrantskih \u017eivljenj - Hudo Slovenija","robots":{"index":"index","follow":"follow","max-snippet":"max-snippet:-1","max-image-preview":"max-image-preview:large","max-video-preview":"max-video-preview:-1"},"canonical":"https:\/\/hudo.com\/si\/aktualno\/unhcr-nesrece-v-sredozemlju-ta-teden-terjale-najmanj-700-migrantskih-zivljenj\/","og_locale":"sl_SI","og_type":"article","og_title":"UNHCR: Nesre\u010de v Sredozemlju ta teden terjale najmanj 700 migrantskih \u017eivljenj - Hudo Slovenija","og_description":"Brodolomi in nesre\u010de migrantskih ladij in \u010dolnov v osrednjem Sredozemlju med severno Afriko in Italijo so v zadnjih sedmih dneh po ocenah Visokega komisariata zdru\u017eenih narodov za begunce (UNHCR) terjali najmanj 700 \u017eivljenj, poro\u010dajo tuje tiskovne agencije. \u0160tevilo smrtnih \u017ertev se nana\u0161a na tri nesre\u010de, ki so se zgodile v sredo, \u010detrtek in petek, temelji pa na navedbah pre\u017eivelih, je danes v Rimu povedala tiskovna predstavnica UNHCR Carlotta Sami. Po njenih besedah pogre\u0161ajo \u0161e okoli 550 ljudi z ladje, ki se je prevrnila v \u010detrtek. Okoli 100 migrantov pa naj bi bilo v trupu ladje, ki se je potopila v sredo. Po petkovi nesre\u010di migrantske ladje pa \u0161e prav tako pogre\u0161ajo za zdaj \u0161e neznano \u0161tevilo migrantov, poro\u010da nem\u0161ka tiskovna agencija dpa. {media}34429{media} Tudi migranti, ki so pre\u017eiveli druge poskuse pre\u010dkanja Sredozemskega morja, poro\u010dajo o pogre\u0161anih, je povedala Samijeva. \"Ob se\u0161tevanju teh \u017ealostnih \u0161tevilk ocenjujemo, da je umrlo najmanj 700 ljudi,\" je povedala Samijeva, a ob tem poudarila, da gre za oceno, prav tako pa \u0161e ni nobenih podatkov o identitetah \u017ertev. Italija je od ponedeljka zabele\u017eila porast \u0161tevila prihodov migrantov. V tem tednu so tako v Sredozemskem morju re\u0161ili in do italijanskih pristani\u0161\u010d prepeljali okoli 13.000 migrantov, ob tem pa \u0161e 50 trupel. \u0160e prej\u0161nji teden je na obale Italije pri\u0161lo samo 1700 migrantov, ka\u017eejo podatki Mednarodne organizacije za migracije.Svet","og_url":"https:\/\/hudo.com\/si\/aktualno\/unhcr-nesrece-v-sredozemlju-ta-teden-terjale-najmanj-700-migrantskih-zivljenj\/","og_site_name":"Hudo Slovenija","article_publisher":"https:\/\/www.facebook.com\/hudo.si","article_published_time":"2016-05-29T09:45:00+00:00","article_modified_time":"2016-05-29T17:17:11+00:00","og_image":[{"width":450,"height":304,"url":"https:\/\/hudo.com\/si\/wp-content\/uploads\/sites\/2\/2016\/05\/01446217F-300.jpg","type":"image\/jpeg"}],"author":"hudo","twitter_card":"summary_large_image","twitter_creator":"@hudo_si","twitter_site":"@hudo_si","twitter_misc":{"Written by":"hudo","Est. reading time":"1 minuta"},"schema":{"@context":"https:\/\/schema.org","@graph":[{"@type":"Article","@id":"https:\/\/hudo.com\/si\/aktualno\/unhcr-nesrece-v-sredozemlju-ta-teden-terjale-najmanj-700-migrantskih-zivljenj\/#article","isPartOf":{"@id":"https:\/\/hudo.com\/si\/aktualno\/unhcr-nesrece-v-sredozemlju-ta-teden-terjale-najmanj-700-migrantskih-zivljenj\/"},"author":{"name":"hudo","@id":"https:\/\/hudo.com\/si\/#\/schema\/person\/601cf3379633985b20f7e50f2bb47707"},"headline":"UNHCR: Nesre\u010de v Sredozemlju ta teden terjale najmanj 700 migrantskih \u017eivljenj","datePublished":"2016-05-29T09:45:00+00:00","dateModified":"2016-05-29T17:17:11+00:00","mainEntityOfPage":{"@id":"https:\/\/hudo.com\/si\/aktualno\/unhcr-nesrece-v-sredozemlju-ta-teden-terjale-najmanj-700-migrantskih-zivljenj\/"},"wordCount":248,"publisher":{"@id":"https:\/\/hudo.com\/si\/#organization"},"articleSection":["Aktualno"],"inLanguage":"sl-SI"},{"@type":"WebPage","@id":"https:\/\/hudo.com\/si\/aktualno\/unhcr-nesrece-v-sredozemlju-ta-teden-terjale-najmanj-700-migrantskih-zivljenj\/","url":"https:\/\/hudo.com\/si\/aktualno\/unhcr-nesrece-v-sredozemlju-ta-teden-terjale-najmanj-700-migrantskih-zivljenj\/","name":"UNHCR: Nesre\u010de v Sredozemlju ta teden terjale najmanj 700 migrantskih \u017eivljenj - Hudo Slovenija","isPartOf":{"@id":"https:\/\/hudo.com\/si\/#website"},"datePublished":"2016-05-29T09:45:00+00:00","dateModified":"2016-05-29T17:17:11+00:00","breadcrumb":{"@id":"https:\/\/hudo.com\/si\/aktualno\/unhcr-nesrece-v-sredozemlju-ta-teden-terjale-najmanj-700-migrantskih-zivljenj\/#breadcrumb"},"inLanguage":"sl-SI","potentialAction":[{"@type":"ReadAction","target":["https:\/\/hudo.com\/si\/aktualno\/unhcr-nesrece-v-sredozemlju-ta-teden-terjale-najmanj-700-migrantskih-zivljenj\/"]}]},{"@type":"BreadcrumbList","@id":"https:\/\/hudo.com\/si\/aktualno\/unhcr-nesrece-v-sredozemlju-ta-teden-terjale-najmanj-700-migrantskih-zivljenj\/#breadcrumb","itemListElement":[{"@type":"ListItem","position":1,"name":"Home","item":"https:\/\/hudo.com\/si\/"},{"@type":"ListItem","position":2,"name":"UNHCR: Nesre\u010de v Sredozemlju ta teden terjale najmanj 700 migrantskih \u017eivljenj"}]},{"@type":"WebSite","@id":"https:\/\/hudo.com\/si\/#website","url":"https:\/\/hudo.com\/si\/","name":"Hudo Slovenija","description":"Vse novice iz Slovenije in sveta","publisher":{"@id":"https:\/\/hudo.com\/si\/#organization"},"potentialAction":[{"@type":"SearchAction","target":{"@type":"EntryPoint","urlTemplate":"https:\/\/hudo.com\/si\/?s={search_term_string}"},"query-input":"required name=search_term_string"}],"inLanguage":"sl-SI"},{"@type":"Organization","@id":"https:\/\/hudo.com\/si\/#organization","name":"VSN Media","url":"https:\/\/hudo.com\/si\/","logo":{"@type":"ImageObject","inLanguage":"sl-SI","@id":"https:\/\/hudo.com\/si\/#\/schema\/logo\/image\/","url":"https:\/\/hudo.com\/si\/wp-content\/uploads\/sites\/2\/2021\/03\/hudo-app-2.png","contentUrl":"https:\/\/hudo.com\/si\/wp-content\/uploads\/sites\/2\/2021\/03\/hudo-app-2.png","width":2185,"height":2167,"caption":"VSN Media"},"image":{"@id":"https:\/\/hudo.com\/si\/#\/schema\/logo\/image\/"},"sameAs":["https:\/\/www.facebook.com\/hudo.si","https:\/\/twitter.com\/hudo_si"]},{"@type":"Person","@id":"https:\/\/hudo.com\/si\/#\/schema\/person\/601cf3379633985b20f7e50f2bb47707","name":"hudo","image":{"@type":"ImageObject","inLanguage":"sl-SI","@id":"https:\/\/hudo.com\/si\/#\/schema\/person\/image\/","url":"https:\/\/secure.gravatar.com\/avatar\/c4ca25fa72cace7a696b52ff5db9e095?s=96&d=mm&r=g","contentUrl":"https:\/\/secure.gravatar.com\/avatar\/c4ca25fa72cace7a696b52ff5db9e095?s=96&d=mm&r=g","caption":"hudo"},"url":"https:\/\/hudo.com\/si\/author\/hudo\/"}]}},"amp_enabled":true,"_links":{"self":[{"href":"https:\/\/hudo.com\/si\/wp-json\/wp\/v2\/posts\/63954"}],"collection":[{"href":"https:\/\/hudo.com\/si\/wp-json\/wp\/v2\/posts"}],"about":[{"href":"https:\/\/hudo.com\/si\/wp-json\/wp\/v2\/types\/post"}],"author":[{"embeddable":true,"href":"https:\/\/hudo.com\/si\/wp-json\/wp\/v2\/users\/1"}],"replies":[{"embeddable":true,"href":"https:\/\/hudo.com\/si\/wp-json\/wp\/v2\/comments?post=63954"}],"version-history":[{"count":1,"href":"https:\/\/hudo.com\/si\/wp-json\/wp\/v2\/posts\/63954\/revisions"}],"predecessor-version":[{"id":64018,"href":"https:\/\/hudo.com\/si\/wp-json\/wp\/v2\/posts\/63954\/revisions\/64018"}],"wp:attachment":[{"href":"https:\/\/hudo.com\/si\/wp-json\/wp\/v2\/media?parent=63954"}],"wp:term":[{"taxonomy":"category","embeddable":true,"href":"https:\/\/hudo.com\/si\/wp-json\/wp\/v2\/categories?post=63954"},{"taxonomy":"post_tag","embeddable":true,"href":"https:\/\/hudo.com\/si\/wp-json\/wp\/v2\/tags?post=63954"},{"taxonomy":"source","embeddable":true,"href":"https:\/\/hudo.com\/si\/wp-json\/wp\/v2\/source?post=63954"},{"taxonomy":"supertag","embeddable":true,"href":"https:\/\/hudo.com\/si\/wp-json\/wp\/v2\/supertag?post=63954"}],"curies":[{"name":"wp","href":"https:\/\/api.w.org\/{rel}","templated":true}]}}