{"id":64945,"date":"2016-05-30T19:43:00","date_gmt":"2016-05-30T17:43:00","guid":{"rendered":"http:\/\/hudo.com\/si\/2016\/05\/30\/stoltenberg-v-varsavi-koliko-politike-zastrasevanja-je-dovolj\/"},"modified":"2016-05-31T05:17:10","modified_gmt":"2016-05-31T03:17:10","slug":"stoltenberg-v-varsavi-koliko-politike-zastrasevanja-je-dovolj","status":"publish","type":"post","link":"https:\/\/hudo.com\/si\/aktualno\/stoltenberg-v-varsavi-koliko-politike-zastrasevanja-je-dovolj\/","title":{"rendered":"Stoltenberg v Var\u0161avi: koliko politike zastra\u0161evanja je dovolj?"},"content":{"rendered":"<p>Kategorija: Evropa Mon, 30 May 2016 21:43:00 +0200  Generalni sekretar Nata Jens Stoltenberg je nocoj dopotoval na dvodnevni obisk na Poljsko. Sestal se bo s celotnim poljskim politi\u010dnim vrhom od predsednika dr\u017eave do premierke in ministrov za obrambo ter zunanje zadeve, predaval pa bo tudi na var\u0161avski univerzi.Osrednja tema obiska so priprave na bli\u017eajo\u010di se var\u0161avski vrh zavezni\u0161tva, ki bo 8. in 9. julija, klju\u010dno vpra\u0161anje pa, kako naj Nato v vse bolj o\u010ditnem zaostrovanju odnosov z Rusijo odgovori na \u00bbruske izzive\u00ab po zasedbi Krima, da bi po eni strani pomiril \u010dedalje huj\u0161e strahove svojih vzhodnoevropskih \u010dlanic, da pa odnosi z Rusijo kljub temu ne bi postali podobni neustavljivi oboro\u017eevalni spirali iz \u010dasov hladne vojne. \u00bbVar\u0161avski vrh bo prelomnica,\u00ab je pred za\u010detkom obiska v intervjuju za poljski radio povedal generalni sekretar Jens Stoltenberg, kajti zavezni\u0161tvo bo po\u00a0&#8230;<\/p>\n","protected":false},"excerpt":{"rendered":"<p>Kategorija: Evropa Mon, 30 May 2016 21:43:00 +0200  Generalni sekretar Nata Jens Stoltenberg je nocoj dopotoval na dvodnevni obisk na Poljsko. Sestal se bo s celotnim poljskim politi\u010dnim vrhom od predsednika dr\u017eave do premierke in ministrov za obrambo ter zunanje zadeve, predaval pa bo tudi na var\u0161avski univerzi.Osrednja tema obiska so priprave na bli\u017eajo\u010di se var\u0161avski vrh zavezni\u0161tva, ki bo 8. in 9. julija, klju\u010dno vpra\u0161anje pa, kako naj Nato v vse bolj o\u010ditnem zaostrovanju odnosov z Rusijo odgovori na \u00bbruske izzive\u00ab po zasedbi Krima, da bi po eni strani pomiril \u010dedalje huj\u0161e strahove svojih vzhodnoevropskih \u010dlanic, da pa odnosi z Rusijo kljub temu ne bi postali podobni neustavljivi oboro\u017eevalni spirali iz \u010dasov hladne vojne. \u00bbVar\u0161avski vrh bo prelomnica,\u00ab je pred za\u010detkom obiska v intervjuju za poljski radio povedal generalni sekretar Jens Stoltenberg, kajti zavezni\u0161tvo bo po\u00a0&#8230;<\/p>\n","protected":false},"author":1,"featured_media":0,"comment_status":"closed","ping_status":"closed","sticky":false,"template":"","format":"standard","meta":{"footnotes":""},"categories":[1179],"tags":[],"source":[4511],"supertag":[],"acf":[],"yoast_head":"<!-- This site is optimized with the Yoast SEO plugin v21.3 - https:\/\/yoast.com\/wordpress\/plugins\/seo\/ -->\n<title>Stoltenberg v Var\u0161avi: koliko politike zastra\u0161evanja je dovolj? - Hudo Slovenija<\/title>\n<meta name=\"robots\" content=\"index, follow, max-snippet:-1, max-image-preview:large, max-video-preview:-1\" \/>\n<link rel=\"canonical\" href=\"https:\/\/hudo.com\/si\/aktualno\/stoltenberg-v-varsavi-koliko-politike-zastrasevanja-je-dovolj\/\" \/>\n<meta property=\"og:locale\" content=\"sl_SI\" \/>\n<meta property=\"og:type\" content=\"article\" \/>\n<meta property=\"og:title\" content=\"Stoltenberg v Var\u0161avi: koliko politike zastra\u0161evanja je dovolj? - Hudo Slovenija\" \/>\n<meta property=\"og:description\" content=\"Kategorija: Evropa Mon, 30 May 2016 21:43:00 +0200 Generalni sekretar Nata Jens Stoltenberg je nocoj dopotoval na dvodnevni obisk na Poljsko. Sestal se bo s celotnim poljskim politi\u010dnim vrhom od predsednika dr\u017eave do premierke in ministrov za obrambo ter zunanje zadeve, predaval pa bo tudi na var\u0161avski univerzi.Osrednja tema obiska so priprave na bli\u017eajo\u010di se var\u0161avski vrh zavezni\u0161tva, ki bo 8. in 9. julija, klju\u010dno vpra\u0161anje pa, kako naj Nato v vse bolj o\u010ditnem zaostrovanju odnosov z Rusijo odgovori na \u00bbruske izzive\u00ab po zasedbi Krima, da bi po eni strani pomiril \u010dedalje huj\u0161e strahove svojih vzhodnoevropskih \u010dlanic, da pa odnosi z Rusijo kljub temu ne bi postali podobni neustavljivi oboro\u017eevalni spirali iz \u010dasov hladne vojne. \u00bbVar\u0161avski vrh bo prelomnica,\u00ab je pred za\u010detkom obiska v intervjuju za poljski radio povedal generalni sekretar Jens Stoltenberg, kajti zavezni\u0161tvo bo po\u00a0...\" \/>\n<meta property=\"og:url\" content=\"https:\/\/hudo.com\/si\/aktualno\/stoltenberg-v-varsavi-koliko-politike-zastrasevanja-je-dovolj\/\" \/>\n<meta property=\"og:site_name\" content=\"Hudo Slovenija\" \/>\n<meta property=\"article:publisher\" content=\"https:\/\/www.facebook.com\/hudo.si\" \/>\n<meta property=\"article:published_time\" content=\"2016-05-30T17:43:00+00:00\" \/>\n<meta property=\"article:modified_time\" content=\"2016-05-31T03:17:10+00:00\" \/>\n<meta property=\"og:image\" content=\"https:\/\/hudo.com\/si\/wp-content\/uploads\/sites\/2\/2016\/05\/480x290_AFP_Photo-20160530200231-98443500.jpeg\" \/>\n\t<meta property=\"og:image:width\" content=\"480\" \/>\n\t<meta property=\"og:image:height\" content=\"290\" \/>\n\t<meta property=\"og:image:type\" content=\"image\/jpeg\" \/>\n<meta name=\"author\" content=\"hudo\" \/>\n<meta name=\"twitter:card\" content=\"summary_large_image\" \/>\n<meta name=\"twitter:creator\" content=\"@hudo_si\" \/>\n<meta name=\"twitter:site\" content=\"@hudo_si\" \/>\n<meta name=\"twitter:label1\" content=\"Written by\" \/>\n\t<meta name=\"twitter:data1\" content=\"hudo\" \/>\n\t<meta name=\"twitter:label2\" content=\"Est. reading time\" \/>\n\t<meta name=\"twitter:data2\" content=\"1 minuta\" \/>\n<script type=\"application\/ld+json\" class=\"yoast-schema-graph\">{\"@context\":\"https:\/\/schema.org\",\"@graph\":[{\"@type\":\"Article\",\"@id\":\"https:\/\/hudo.com\/si\/aktualno\/stoltenberg-v-varsavi-koliko-politike-zastrasevanja-je-dovolj\/#article\",\"isPartOf\":{\"@id\":\"https:\/\/hudo.com\/si\/aktualno\/stoltenberg-v-varsavi-koliko-politike-zastrasevanja-je-dovolj\/\"},\"author\":{\"name\":\"hudo\",\"@id\":\"https:\/\/hudo.com\/si\/#\/schema\/person\/601cf3379633985b20f7e50f2bb47707\"},\"headline\":\"Stoltenberg v Var\u0161avi: koliko politike zastra\u0161evanja je dovolj?\",\"datePublished\":\"2016-05-30T17:43:00+00:00\",\"dateModified\":\"2016-05-31T03:17:10+00:00\",\"mainEntityOfPage\":{\"@id\":\"https:\/\/hudo.com\/si\/aktualno\/stoltenberg-v-varsavi-koliko-politike-zastrasevanja-je-dovolj\/\"},\"wordCount\":157,\"publisher\":{\"@id\":\"https:\/\/hudo.com\/si\/#organization\"},\"articleSection\":[\"Aktualno\"],\"inLanguage\":\"sl-SI\"},{\"@type\":\"WebPage\",\"@id\":\"https:\/\/hudo.com\/si\/aktualno\/stoltenberg-v-varsavi-koliko-politike-zastrasevanja-je-dovolj\/\",\"url\":\"https:\/\/hudo.com\/si\/aktualno\/stoltenberg-v-varsavi-koliko-politike-zastrasevanja-je-dovolj\/\",\"name\":\"Stoltenberg v Var\u0161avi: koliko politike zastra\u0161evanja je dovolj? - Hudo Slovenija\",\"isPartOf\":{\"@id\":\"https:\/\/hudo.com\/si\/#website\"},\"datePublished\":\"2016-05-30T17:43:00+00:00\",\"dateModified\":\"2016-05-31T03:17:10+00:00\",\"breadcrumb\":{\"@id\":\"https:\/\/hudo.com\/si\/aktualno\/stoltenberg-v-varsavi-koliko-politike-zastrasevanja-je-dovolj\/#breadcrumb\"},\"inLanguage\":\"sl-SI\",\"potentialAction\":[{\"@type\":\"ReadAction\",\"target\":[\"https:\/\/hudo.com\/si\/aktualno\/stoltenberg-v-varsavi-koliko-politike-zastrasevanja-je-dovolj\/\"]}]},{\"@type\":\"BreadcrumbList\",\"@id\":\"https:\/\/hudo.com\/si\/aktualno\/stoltenberg-v-varsavi-koliko-politike-zastrasevanja-je-dovolj\/#breadcrumb\",\"itemListElement\":[{\"@type\":\"ListItem\",\"position\":1,\"name\":\"Home\",\"item\":\"https:\/\/hudo.com\/si\/\"},{\"@type\":\"ListItem\",\"position\":2,\"name\":\"Stoltenberg v Var\u0161avi: koliko politike zastra\u0161evanja je dovolj?\"}]},{\"@type\":\"WebSite\",\"@id\":\"https:\/\/hudo.com\/si\/#website\",\"url\":\"https:\/\/hudo.com\/si\/\",\"name\":\"Hudo Slovenija\",\"description\":\"Vse novice iz Slovenije in sveta\",\"publisher\":{\"@id\":\"https:\/\/hudo.com\/si\/#organization\"},\"potentialAction\":[{\"@type\":\"SearchAction\",\"target\":{\"@type\":\"EntryPoint\",\"urlTemplate\":\"https:\/\/hudo.com\/si\/?s={search_term_string}\"},\"query-input\":\"required name=search_term_string\"}],\"inLanguage\":\"sl-SI\"},{\"@type\":\"Organization\",\"@id\":\"https:\/\/hudo.com\/si\/#organization\",\"name\":\"VSN Media\",\"url\":\"https:\/\/hudo.com\/si\/\",\"logo\":{\"@type\":\"ImageObject\",\"inLanguage\":\"sl-SI\",\"@id\":\"https:\/\/hudo.com\/si\/#\/schema\/logo\/image\/\",\"url\":\"https:\/\/hudo.com\/si\/wp-content\/uploads\/sites\/2\/2021\/03\/hudo-app-2.png\",\"contentUrl\":\"https:\/\/hudo.com\/si\/wp-content\/uploads\/sites\/2\/2021\/03\/hudo-app-2.png\",\"width\":2185,\"height\":2167,\"caption\":\"VSN Media\"},\"image\":{\"@id\":\"https:\/\/hudo.com\/si\/#\/schema\/logo\/image\/\"},\"sameAs\":[\"https:\/\/www.facebook.com\/hudo.si\",\"https:\/\/twitter.com\/hudo_si\"]},{\"@type\":\"Person\",\"@id\":\"https:\/\/hudo.com\/si\/#\/schema\/person\/601cf3379633985b20f7e50f2bb47707\",\"name\":\"hudo\",\"image\":{\"@type\":\"ImageObject\",\"inLanguage\":\"sl-SI\",\"@id\":\"https:\/\/hudo.com\/si\/#\/schema\/person\/image\/\",\"url\":\"https:\/\/secure.gravatar.com\/avatar\/c4ca25fa72cace7a696b52ff5db9e095?s=96&d=mm&r=g\",\"contentUrl\":\"https:\/\/secure.gravatar.com\/avatar\/c4ca25fa72cace7a696b52ff5db9e095?s=96&d=mm&r=g\",\"caption\":\"hudo\"},\"url\":\"https:\/\/hudo.com\/si\/author\/hudo\/\"}]}<\/script>\n<!-- \/ Yoast SEO plugin. -->","yoast_head_json":{"title":"Stoltenberg v Var\u0161avi: koliko politike zastra\u0161evanja je dovolj? - Hudo Slovenija","robots":{"index":"index","follow":"follow","max-snippet":"max-snippet:-1","max-image-preview":"max-image-preview:large","max-video-preview":"max-video-preview:-1"},"canonical":"https:\/\/hudo.com\/si\/aktualno\/stoltenberg-v-varsavi-koliko-politike-zastrasevanja-je-dovolj\/","og_locale":"sl_SI","og_type":"article","og_title":"Stoltenberg v Var\u0161avi: koliko politike zastra\u0161evanja je dovolj? - Hudo Slovenija","og_description":"Kategorija: Evropa Mon, 30 May 2016 21:43:00 +0200 Generalni sekretar Nata Jens Stoltenberg je nocoj dopotoval na dvodnevni obisk na Poljsko. Sestal se bo s celotnim poljskim politi\u010dnim vrhom od predsednika dr\u017eave do premierke in ministrov za obrambo ter zunanje zadeve, predaval pa bo tudi na var\u0161avski univerzi.Osrednja tema obiska so priprave na bli\u017eajo\u010di se var\u0161avski vrh zavezni\u0161tva, ki bo 8. in 9. julija, klju\u010dno vpra\u0161anje pa, kako naj Nato v vse bolj o\u010ditnem zaostrovanju odnosov z Rusijo odgovori na \u00bbruske izzive\u00ab po zasedbi Krima, da bi po eni strani pomiril \u010dedalje huj\u0161e strahove svojih vzhodnoevropskih \u010dlanic, da pa odnosi z Rusijo kljub temu ne bi postali podobni neustavljivi oboro\u017eevalni spirali iz \u010dasov hladne vojne. \u00bbVar\u0161avski vrh bo prelomnica,\u00ab je pred za\u010detkom obiska v intervjuju za poljski radio povedal generalni sekretar Jens Stoltenberg, kajti zavezni\u0161tvo bo po\u00a0...","og_url":"https:\/\/hudo.com\/si\/aktualno\/stoltenberg-v-varsavi-koliko-politike-zastrasevanja-je-dovolj\/","og_site_name":"Hudo Slovenija","article_publisher":"https:\/\/www.facebook.com\/hudo.si","article_published_time":"2016-05-30T17:43:00+00:00","article_modified_time":"2016-05-31T03:17:10+00:00","og_image":[{"width":480,"height":290,"url":"https:\/\/hudo.com\/si\/wp-content\/uploads\/sites\/2\/2016\/05\/480x290_AFP_Photo-20160530200231-98443500.jpeg","type":"image\/jpeg"}],"author":"hudo","twitter_card":"summary_large_image","twitter_creator":"@hudo_si","twitter_site":"@hudo_si","twitter_misc":{"Written by":"hudo","Est. reading time":"1 minuta"},"schema":{"@context":"https:\/\/schema.org","@graph":[{"@type":"Article","@id":"https:\/\/hudo.com\/si\/aktualno\/stoltenberg-v-varsavi-koliko-politike-zastrasevanja-je-dovolj\/#article","isPartOf":{"@id":"https:\/\/hudo.com\/si\/aktualno\/stoltenberg-v-varsavi-koliko-politike-zastrasevanja-je-dovolj\/"},"author":{"name":"hudo","@id":"https:\/\/hudo.com\/si\/#\/schema\/person\/601cf3379633985b20f7e50f2bb47707"},"headline":"Stoltenberg v Var\u0161avi: koliko politike zastra\u0161evanja je dovolj?","datePublished":"2016-05-30T17:43:00+00:00","dateModified":"2016-05-31T03:17:10+00:00","mainEntityOfPage":{"@id":"https:\/\/hudo.com\/si\/aktualno\/stoltenberg-v-varsavi-koliko-politike-zastrasevanja-je-dovolj\/"},"wordCount":157,"publisher":{"@id":"https:\/\/hudo.com\/si\/#organization"},"articleSection":["Aktualno"],"inLanguage":"sl-SI"},{"@type":"WebPage","@id":"https:\/\/hudo.com\/si\/aktualno\/stoltenberg-v-varsavi-koliko-politike-zastrasevanja-je-dovolj\/","url":"https:\/\/hudo.com\/si\/aktualno\/stoltenberg-v-varsavi-koliko-politike-zastrasevanja-je-dovolj\/","name":"Stoltenberg v Var\u0161avi: koliko politike zastra\u0161evanja je dovolj? - Hudo Slovenija","isPartOf":{"@id":"https:\/\/hudo.com\/si\/#website"},"datePublished":"2016-05-30T17:43:00+00:00","dateModified":"2016-05-31T03:17:10+00:00","breadcrumb":{"@id":"https:\/\/hudo.com\/si\/aktualno\/stoltenberg-v-varsavi-koliko-politike-zastrasevanja-je-dovolj\/#breadcrumb"},"inLanguage":"sl-SI","potentialAction":[{"@type":"ReadAction","target":["https:\/\/hudo.com\/si\/aktualno\/stoltenberg-v-varsavi-koliko-politike-zastrasevanja-je-dovolj\/"]}]},{"@type":"BreadcrumbList","@id":"https:\/\/hudo.com\/si\/aktualno\/stoltenberg-v-varsavi-koliko-politike-zastrasevanja-je-dovolj\/#breadcrumb","itemListElement":[{"@type":"ListItem","position":1,"name":"Home","item":"https:\/\/hudo.com\/si\/"},{"@type":"ListItem","position":2,"name":"Stoltenberg v Var\u0161avi: koliko politike zastra\u0161evanja je dovolj?"}]},{"@type":"WebSite","@id":"https:\/\/hudo.com\/si\/#website","url":"https:\/\/hudo.com\/si\/","name":"Hudo Slovenija","description":"Vse novice iz Slovenije in sveta","publisher":{"@id":"https:\/\/hudo.com\/si\/#organization"},"potentialAction":[{"@type":"SearchAction","target":{"@type":"EntryPoint","urlTemplate":"https:\/\/hudo.com\/si\/?s={search_term_string}"},"query-input":"required name=search_term_string"}],"inLanguage":"sl-SI"},{"@type":"Organization","@id":"https:\/\/hudo.com\/si\/#organization","name":"VSN Media","url":"https:\/\/hudo.com\/si\/","logo":{"@type":"ImageObject","inLanguage":"sl-SI","@id":"https:\/\/hudo.com\/si\/#\/schema\/logo\/image\/","url":"https:\/\/hudo.com\/si\/wp-content\/uploads\/sites\/2\/2021\/03\/hudo-app-2.png","contentUrl":"https:\/\/hudo.com\/si\/wp-content\/uploads\/sites\/2\/2021\/03\/hudo-app-2.png","width":2185,"height":2167,"caption":"VSN Media"},"image":{"@id":"https:\/\/hudo.com\/si\/#\/schema\/logo\/image\/"},"sameAs":["https:\/\/www.facebook.com\/hudo.si","https:\/\/twitter.com\/hudo_si"]},{"@type":"Person","@id":"https:\/\/hudo.com\/si\/#\/schema\/person\/601cf3379633985b20f7e50f2bb47707","name":"hudo","image":{"@type":"ImageObject","inLanguage":"sl-SI","@id":"https:\/\/hudo.com\/si\/#\/schema\/person\/image\/","url":"https:\/\/secure.gravatar.com\/avatar\/c4ca25fa72cace7a696b52ff5db9e095?s=96&d=mm&r=g","contentUrl":"https:\/\/secure.gravatar.com\/avatar\/c4ca25fa72cace7a696b52ff5db9e095?s=96&d=mm&r=g","caption":"hudo"},"url":"https:\/\/hudo.com\/si\/author\/hudo\/"}]}},"amp_enabled":true,"_links":{"self":[{"href":"https:\/\/hudo.com\/si\/wp-json\/wp\/v2\/posts\/64945"}],"collection":[{"href":"https:\/\/hudo.com\/si\/wp-json\/wp\/v2\/posts"}],"about":[{"href":"https:\/\/hudo.com\/si\/wp-json\/wp\/v2\/types\/post"}],"author":[{"embeddable":true,"href":"https:\/\/hudo.com\/si\/wp-json\/wp\/v2\/users\/1"}],"replies":[{"embeddable":true,"href":"https:\/\/hudo.com\/si\/wp-json\/wp\/v2\/comments?post=64945"}],"version-history":[{"count":1,"href":"https:\/\/hudo.com\/si\/wp-json\/wp\/v2\/posts\/64945\/revisions"}],"predecessor-version":[{"id":65053,"href":"https:\/\/hudo.com\/si\/wp-json\/wp\/v2\/posts\/64945\/revisions\/65053"}],"wp:attachment":[{"href":"https:\/\/hudo.com\/si\/wp-json\/wp\/v2\/media?parent=64945"}],"wp:term":[{"taxonomy":"category","embeddable":true,"href":"https:\/\/hudo.com\/si\/wp-json\/wp\/v2\/categories?post=64945"},{"taxonomy":"post_tag","embeddable":true,"href":"https:\/\/hudo.com\/si\/wp-json\/wp\/v2\/tags?post=64945"},{"taxonomy":"source","embeddable":true,"href":"https:\/\/hudo.com\/si\/wp-json\/wp\/v2\/source?post=64945"},{"taxonomy":"supertag","embeddable":true,"href":"https:\/\/hudo.com\/si\/wp-json\/wp\/v2\/supertag?post=64945"}],"curies":[{"name":"wp","href":"https:\/\/api.w.org\/{rel}","templated":true}]}}