{"id":64949,"date":"2016-05-30T19:00:00","date_gmt":"2016-05-30T17:00:00","guid":{"rendered":"http:\/\/hudo.com\/si\/2016\/05\/30\/domoljubna-neenotnost\/"},"modified":"2016-05-30T19:00:00","modified_gmt":"2016-05-30T17:00:00","slug":"domoljubna-neenotnost","status":"publish","type":"post","link":"https:\/\/hudo.com\/si\/aktualno\/domoljubna-neenotnost\/","title":{"rendered":"Domoljubna neenotnost"},"content":{"rendered":"<p>Kategorija: Komentarji Mon, 30 May 2016 21:00:00 +0200  Tistega 30. maja je bil konstituiran prvi ve\u010dstrankarski hrva\u0161ki parlament. Bilo je leta 1990. Napetosti ni bilo, vladala sta domoljubje in enotnost. Danes, 26 let pozneje, na Hrva\u0161kem vladata domoljubje in neenotnost. Dr\u017eava je v politi\u010dni krizi, v kakr\u0161ni \u0161e ni bila. V saboru je na oblasti navidezna ve\u010dina, od katere nih\u010de ve\u010d ni\u010desar ne pri\u010dakuje. \u0160e najmanj odlo\u010ditve, ki bi dr\u017eavo, v ne prav dobri finan\u010dni, kaj \u0161ele politi\u010dni kondiciji, popeljale naprej. Podobno je v vladi, ki jo vodi kanadski Hrvat Tihomir Ore\u0161kovi\u0107. Prvi \u010dlovek stranke Most Bo\u017eo Petrov, sicer podpredsednik vlade, trdi, da je edina te\u017eava v vladi Tomislav Karamarko, njegova stranka pa da je pripravljena nadaljevati delo z Ore\u0161kovi\u0107em, \u010de bo Karamarko odstopil. Karamarko, prvi podpredsednik vlade, napoveduje, da bo vlada obstala, a brez Petrova, ki ga\u00a0&#8230;<\/p>\n","protected":false},"excerpt":{"rendered":"<p>Kategorija: Komentarji Mon, 30 May 2016 21:00:00 +0200  Tistega 30. maja je bil konstituiran prvi ve\u010dstrankarski hrva\u0161ki parlament. Bilo je leta 1990. Napetosti ni bilo, vladala sta domoljubje in enotnost. Danes, 26 let pozneje, na Hrva\u0161kem vladata domoljubje in neenotnost. Dr\u017eava je v politi\u010dni krizi, v kakr\u0161ni \u0161e ni bila. V saboru je na oblasti navidezna ve\u010dina, od katere nih\u010de ve\u010d ni\u010desar ne pri\u010dakuje. \u0160e najmanj odlo\u010ditve, ki bi dr\u017eavo, v ne prav dobri finan\u010dni, kaj \u0161ele politi\u010dni kondiciji, popeljale naprej. Podobno je v vladi, ki jo vodi kanadski Hrvat Tihomir Ore\u0161kovi\u0107. Prvi \u010dlovek stranke Most Bo\u017eo Petrov, sicer podpredsednik vlade, trdi, da je edina te\u017eava v vladi Tomislav Karamarko, njegova stranka pa da je pripravljena nadaljevati delo z Ore\u0161kovi\u0107em, \u010de bo Karamarko odstopil. Karamarko, prvi podpredsednik vlade, napoveduje, da bo vlada obstala, a brez Petrova, ki ga\u00a0&#8230;<\/p>\n","protected":false},"author":1,"featured_media":0,"comment_status":"closed","ping_status":"closed","sticky":false,"template":"","format":"standard","meta":{"footnotes":""},"categories":[1179],"tags":[],"source":[4511],"supertag":[],"acf":[],"yoast_head":"<!-- This site is optimized with the Yoast SEO plugin v21.3 - https:\/\/yoast.com\/wordpress\/plugins\/seo\/ -->\n<title>Domoljubna neenotnost - Hudo Slovenija<\/title>\n<meta name=\"robots\" content=\"index, follow, max-snippet:-1, max-image-preview:large, max-video-preview:-1\" \/>\n<link rel=\"canonical\" href=\"https:\/\/hudo.com\/si\/aktualno\/domoljubna-neenotnost\/\" \/>\n<meta property=\"og:locale\" content=\"sl_SI\" \/>\n<meta property=\"og:type\" content=\"article\" \/>\n<meta property=\"og:title\" content=\"Domoljubna neenotnost - Hudo Slovenija\" \/>\n<meta property=\"og:description\" content=\"Kategorija: Komentarji Mon, 30 May 2016 21:00:00 +0200 Tistega 30. maja je bil konstituiran prvi ve\u010dstrankarski hrva\u0161ki parlament. Bilo je leta 1990. Napetosti ni bilo, vladala sta domoljubje in enotnost. Danes, 26 let pozneje, na Hrva\u0161kem vladata domoljubje in neenotnost. Dr\u017eava je v politi\u010dni krizi, v kakr\u0161ni \u0161e ni bila. V saboru je na oblasti navidezna ve\u010dina, od katere nih\u010de ve\u010d ni\u010desar ne pri\u010dakuje. \u0160e najmanj odlo\u010ditve, ki bi dr\u017eavo, v ne prav dobri finan\u010dni, kaj \u0161ele politi\u010dni kondiciji, popeljale naprej. Podobno je v vladi, ki jo vodi kanadski Hrvat Tihomir Ore\u0161kovi\u0107. Prvi \u010dlovek stranke Most Bo\u017eo Petrov, sicer podpredsednik vlade, trdi, da je edina te\u017eava v vladi Tomislav Karamarko, njegova stranka pa da je pripravljena nadaljevati delo z Ore\u0161kovi\u0107em, \u010de bo Karamarko odstopil. Karamarko, prvi podpredsednik vlade, napoveduje, da bo vlada obstala, a brez Petrova, ki ga\u00a0...\" \/>\n<meta property=\"og:url\" content=\"https:\/\/hudo.com\/si\/aktualno\/domoljubna-neenotnost\/\" \/>\n<meta property=\"og:site_name\" content=\"Hudo Slovenija\" \/>\n<meta property=\"article:publisher\" content=\"https:\/\/www.facebook.com\/hudo.si\" \/>\n<meta property=\"article:published_time\" content=\"2016-05-30T17:00:00+00:00\" \/>\n<meta property=\"og:image\" content=\"https:\/\/hudo.com\/si\/wp-content\/uploads\/sites\/2\/2016\/05\/480x290_Zunanja__djvu_2153184_veso__hires0.jpeg\" \/>\n\t<meta property=\"og:image:width\" content=\"480\" \/>\n\t<meta property=\"og:image:height\" content=\"290\" \/>\n\t<meta property=\"og:image:type\" content=\"image\/jpeg\" \/>\n<meta name=\"author\" content=\"hudo\" \/>\n<meta name=\"twitter:card\" content=\"summary_large_image\" \/>\n<meta name=\"twitter:creator\" content=\"@hudo_si\" \/>\n<meta name=\"twitter:site\" content=\"@hudo_si\" \/>\n<meta name=\"twitter:label1\" content=\"Written by\" \/>\n\t<meta name=\"twitter:data1\" content=\"hudo\" \/>\n\t<meta name=\"twitter:label2\" content=\"Est. reading time\" \/>\n\t<meta name=\"twitter:data2\" content=\"1 minuta\" \/>\n<script type=\"application\/ld+json\" class=\"yoast-schema-graph\">{\"@context\":\"https:\/\/schema.org\",\"@graph\":[{\"@type\":\"Article\",\"@id\":\"https:\/\/hudo.com\/si\/aktualno\/domoljubna-neenotnost\/#article\",\"isPartOf\":{\"@id\":\"https:\/\/hudo.com\/si\/aktualno\/domoljubna-neenotnost\/\"},\"author\":{\"name\":\"hudo\",\"@id\":\"https:\/\/hudo.com\/si\/#\/schema\/person\/601cf3379633985b20f7e50f2bb47707\"},\"headline\":\"Domoljubna neenotnost\",\"datePublished\":\"2016-05-30T17:00:00+00:00\",\"dateModified\":\"2016-05-30T17:00:00+00:00\",\"mainEntityOfPage\":{\"@id\":\"https:\/\/hudo.com\/si\/aktualno\/domoljubna-neenotnost\/\"},\"wordCount\":152,\"publisher\":{\"@id\":\"https:\/\/hudo.com\/si\/#organization\"},\"articleSection\":[\"Aktualno\"],\"inLanguage\":\"sl-SI\"},{\"@type\":\"WebPage\",\"@id\":\"https:\/\/hudo.com\/si\/aktualno\/domoljubna-neenotnost\/\",\"url\":\"https:\/\/hudo.com\/si\/aktualno\/domoljubna-neenotnost\/\",\"name\":\"Domoljubna neenotnost - Hudo Slovenija\",\"isPartOf\":{\"@id\":\"https:\/\/hudo.com\/si\/#website\"},\"datePublished\":\"2016-05-30T17:00:00+00:00\",\"dateModified\":\"2016-05-30T17:00:00+00:00\",\"breadcrumb\":{\"@id\":\"https:\/\/hudo.com\/si\/aktualno\/domoljubna-neenotnost\/#breadcrumb\"},\"inLanguage\":\"sl-SI\",\"potentialAction\":[{\"@type\":\"ReadAction\",\"target\":[\"https:\/\/hudo.com\/si\/aktualno\/domoljubna-neenotnost\/\"]}]},{\"@type\":\"BreadcrumbList\",\"@id\":\"https:\/\/hudo.com\/si\/aktualno\/domoljubna-neenotnost\/#breadcrumb\",\"itemListElement\":[{\"@type\":\"ListItem\",\"position\":1,\"name\":\"Home\",\"item\":\"https:\/\/hudo.com\/si\/\"},{\"@type\":\"ListItem\",\"position\":2,\"name\":\"Domoljubna neenotnost\"}]},{\"@type\":\"WebSite\",\"@id\":\"https:\/\/hudo.com\/si\/#website\",\"url\":\"https:\/\/hudo.com\/si\/\",\"name\":\"Hudo Slovenija\",\"description\":\"Vse novice iz Slovenije in sveta\",\"publisher\":{\"@id\":\"https:\/\/hudo.com\/si\/#organization\"},\"potentialAction\":[{\"@type\":\"SearchAction\",\"target\":{\"@type\":\"EntryPoint\",\"urlTemplate\":\"https:\/\/hudo.com\/si\/?s={search_term_string}\"},\"query-input\":\"required name=search_term_string\"}],\"inLanguage\":\"sl-SI\"},{\"@type\":\"Organization\",\"@id\":\"https:\/\/hudo.com\/si\/#organization\",\"name\":\"VSN Media\",\"url\":\"https:\/\/hudo.com\/si\/\",\"logo\":{\"@type\":\"ImageObject\",\"inLanguage\":\"sl-SI\",\"@id\":\"https:\/\/hudo.com\/si\/#\/schema\/logo\/image\/\",\"url\":\"https:\/\/hudo.com\/si\/wp-content\/uploads\/sites\/2\/2021\/03\/hudo-app-2.png\",\"contentUrl\":\"https:\/\/hudo.com\/si\/wp-content\/uploads\/sites\/2\/2021\/03\/hudo-app-2.png\",\"width\":2185,\"height\":2167,\"caption\":\"VSN Media\"},\"image\":{\"@id\":\"https:\/\/hudo.com\/si\/#\/schema\/logo\/image\/\"},\"sameAs\":[\"https:\/\/www.facebook.com\/hudo.si\",\"https:\/\/twitter.com\/hudo_si\"]},{\"@type\":\"Person\",\"@id\":\"https:\/\/hudo.com\/si\/#\/schema\/person\/601cf3379633985b20f7e50f2bb47707\",\"name\":\"hudo\",\"image\":{\"@type\":\"ImageObject\",\"inLanguage\":\"sl-SI\",\"@id\":\"https:\/\/hudo.com\/si\/#\/schema\/person\/image\/\",\"url\":\"https:\/\/secure.gravatar.com\/avatar\/c4ca25fa72cace7a696b52ff5db9e095?s=96&d=mm&r=g\",\"contentUrl\":\"https:\/\/secure.gravatar.com\/avatar\/c4ca25fa72cace7a696b52ff5db9e095?s=96&d=mm&r=g\",\"caption\":\"hudo\"},\"url\":\"https:\/\/hudo.com\/si\/author\/hudo\/\"}]}<\/script>\n<!-- \/ Yoast SEO plugin. -->","yoast_head_json":{"title":"Domoljubna neenotnost - Hudo Slovenija","robots":{"index":"index","follow":"follow","max-snippet":"max-snippet:-1","max-image-preview":"max-image-preview:large","max-video-preview":"max-video-preview:-1"},"canonical":"https:\/\/hudo.com\/si\/aktualno\/domoljubna-neenotnost\/","og_locale":"sl_SI","og_type":"article","og_title":"Domoljubna neenotnost - Hudo Slovenija","og_description":"Kategorija: Komentarji Mon, 30 May 2016 21:00:00 +0200 Tistega 30. maja je bil konstituiran prvi ve\u010dstrankarski hrva\u0161ki parlament. Bilo je leta 1990. Napetosti ni bilo, vladala sta domoljubje in enotnost. Danes, 26 let pozneje, na Hrva\u0161kem vladata domoljubje in neenotnost. Dr\u017eava je v politi\u010dni krizi, v kakr\u0161ni \u0161e ni bila. V saboru je na oblasti navidezna ve\u010dina, od katere nih\u010de ve\u010d ni\u010desar ne pri\u010dakuje. \u0160e najmanj odlo\u010ditve, ki bi dr\u017eavo, v ne prav dobri finan\u010dni, kaj \u0161ele politi\u010dni kondiciji, popeljale naprej. Podobno je v vladi, ki jo vodi kanadski Hrvat Tihomir Ore\u0161kovi\u0107. Prvi \u010dlovek stranke Most Bo\u017eo Petrov, sicer podpredsednik vlade, trdi, da je edina te\u017eava v vladi Tomislav Karamarko, njegova stranka pa da je pripravljena nadaljevati delo z Ore\u0161kovi\u0107em, \u010de bo Karamarko odstopil. Karamarko, prvi podpredsednik vlade, napoveduje, da bo vlada obstala, a brez Petrova, ki ga\u00a0...","og_url":"https:\/\/hudo.com\/si\/aktualno\/domoljubna-neenotnost\/","og_site_name":"Hudo Slovenija","article_publisher":"https:\/\/www.facebook.com\/hudo.si","article_published_time":"2016-05-30T17:00:00+00:00","og_image":[{"width":480,"height":290,"url":"https:\/\/hudo.com\/si\/wp-content\/uploads\/sites\/2\/2016\/05\/480x290_Zunanja__djvu_2153184_veso__hires0.jpeg","type":"image\/jpeg"}],"author":"hudo","twitter_card":"summary_large_image","twitter_creator":"@hudo_si","twitter_site":"@hudo_si","twitter_misc":{"Written by":"hudo","Est. reading time":"1 minuta"},"schema":{"@context":"https:\/\/schema.org","@graph":[{"@type":"Article","@id":"https:\/\/hudo.com\/si\/aktualno\/domoljubna-neenotnost\/#article","isPartOf":{"@id":"https:\/\/hudo.com\/si\/aktualno\/domoljubna-neenotnost\/"},"author":{"name":"hudo","@id":"https:\/\/hudo.com\/si\/#\/schema\/person\/601cf3379633985b20f7e50f2bb47707"},"headline":"Domoljubna neenotnost","datePublished":"2016-05-30T17:00:00+00:00","dateModified":"2016-05-30T17:00:00+00:00","mainEntityOfPage":{"@id":"https:\/\/hudo.com\/si\/aktualno\/domoljubna-neenotnost\/"},"wordCount":152,"publisher":{"@id":"https:\/\/hudo.com\/si\/#organization"},"articleSection":["Aktualno"],"inLanguage":"sl-SI"},{"@type":"WebPage","@id":"https:\/\/hudo.com\/si\/aktualno\/domoljubna-neenotnost\/","url":"https:\/\/hudo.com\/si\/aktualno\/domoljubna-neenotnost\/","name":"Domoljubna neenotnost - Hudo Slovenija","isPartOf":{"@id":"https:\/\/hudo.com\/si\/#website"},"datePublished":"2016-05-30T17:00:00+00:00","dateModified":"2016-05-30T17:00:00+00:00","breadcrumb":{"@id":"https:\/\/hudo.com\/si\/aktualno\/domoljubna-neenotnost\/#breadcrumb"},"inLanguage":"sl-SI","potentialAction":[{"@type":"ReadAction","target":["https:\/\/hudo.com\/si\/aktualno\/domoljubna-neenotnost\/"]}]},{"@type":"BreadcrumbList","@id":"https:\/\/hudo.com\/si\/aktualno\/domoljubna-neenotnost\/#breadcrumb","itemListElement":[{"@type":"ListItem","position":1,"name":"Home","item":"https:\/\/hudo.com\/si\/"},{"@type":"ListItem","position":2,"name":"Domoljubna neenotnost"}]},{"@type":"WebSite","@id":"https:\/\/hudo.com\/si\/#website","url":"https:\/\/hudo.com\/si\/","name":"Hudo Slovenija","description":"Vse novice iz Slovenije in sveta","publisher":{"@id":"https:\/\/hudo.com\/si\/#organization"},"potentialAction":[{"@type":"SearchAction","target":{"@type":"EntryPoint","urlTemplate":"https:\/\/hudo.com\/si\/?s={search_term_string}"},"query-input":"required name=search_term_string"}],"inLanguage":"sl-SI"},{"@type":"Organization","@id":"https:\/\/hudo.com\/si\/#organization","name":"VSN Media","url":"https:\/\/hudo.com\/si\/","logo":{"@type":"ImageObject","inLanguage":"sl-SI","@id":"https:\/\/hudo.com\/si\/#\/schema\/logo\/image\/","url":"https:\/\/hudo.com\/si\/wp-content\/uploads\/sites\/2\/2021\/03\/hudo-app-2.png","contentUrl":"https:\/\/hudo.com\/si\/wp-content\/uploads\/sites\/2\/2021\/03\/hudo-app-2.png","width":2185,"height":2167,"caption":"VSN Media"},"image":{"@id":"https:\/\/hudo.com\/si\/#\/schema\/logo\/image\/"},"sameAs":["https:\/\/www.facebook.com\/hudo.si","https:\/\/twitter.com\/hudo_si"]},{"@type":"Person","@id":"https:\/\/hudo.com\/si\/#\/schema\/person\/601cf3379633985b20f7e50f2bb47707","name":"hudo","image":{"@type":"ImageObject","inLanguage":"sl-SI","@id":"https:\/\/hudo.com\/si\/#\/schema\/person\/image\/","url":"https:\/\/secure.gravatar.com\/avatar\/c4ca25fa72cace7a696b52ff5db9e095?s=96&d=mm&r=g","contentUrl":"https:\/\/secure.gravatar.com\/avatar\/c4ca25fa72cace7a696b52ff5db9e095?s=96&d=mm&r=g","caption":"hudo"},"url":"https:\/\/hudo.com\/si\/author\/hudo\/"}]}},"amp_enabled":true,"_links":{"self":[{"href":"https:\/\/hudo.com\/si\/wp-json\/wp\/v2\/posts\/64949"}],"collection":[{"href":"https:\/\/hudo.com\/si\/wp-json\/wp\/v2\/posts"}],"about":[{"href":"https:\/\/hudo.com\/si\/wp-json\/wp\/v2\/types\/post"}],"author":[{"embeddable":true,"href":"https:\/\/hudo.com\/si\/wp-json\/wp\/v2\/users\/1"}],"replies":[{"embeddable":true,"href":"https:\/\/hudo.com\/si\/wp-json\/wp\/v2\/comments?post=64949"}],"version-history":[{"count":0,"href":"https:\/\/hudo.com\/si\/wp-json\/wp\/v2\/posts\/64949\/revisions"}],"wp:attachment":[{"href":"https:\/\/hudo.com\/si\/wp-json\/wp\/v2\/media?parent=64949"}],"wp:term":[{"taxonomy":"category","embeddable":true,"href":"https:\/\/hudo.com\/si\/wp-json\/wp\/v2\/categories?post=64949"},{"taxonomy":"post_tag","embeddable":true,"href":"https:\/\/hudo.com\/si\/wp-json\/wp\/v2\/tags?post=64949"},{"taxonomy":"source","embeddable":true,"href":"https:\/\/hudo.com\/si\/wp-json\/wp\/v2\/source?post=64949"},{"taxonomy":"supertag","embeddable":true,"href":"https:\/\/hudo.com\/si\/wp-json\/wp\/v2\/supertag?post=64949"}],"curies":[{"name":"wp","href":"https:\/\/api.w.org\/{rel}","templated":true}]}}