{"id":64955,"date":"2016-05-30T19:00:00","date_gmt":"2016-05-30T17:00:00","guid":{"rendered":"http:\/\/hudo.com\/si\/2016\/05\/30\/prvinski-nacisticni-krvosledni-pes-s-slovenskimi-koreninami\/"},"modified":"2016-05-31T15:42:06","modified_gmt":"2016-05-31T13:42:06","slug":"prvinski-nacisticni-krvosledni-pes-s-slovenskimi-koreninami","status":"publish","type":"post","link":"https:\/\/hudo.com\/si\/aktualno\/prvinski-nacisticni-krvosledni-pes-s-slovenskimi-koreninami\/","title":{"rendered":"\u00bbPrvinski nacisti\u010dni krvosledni pes\u00ab s slovenskimi koreninami"},"content":{"rendered":"<p>Kategorija: Knjiga Mon, 30 May 2016 21:00:00 +0200  \u010clovek, ki si je izmislil plinske\u00ad celice, ki je avtor tabori\u0161\u010d Majdanek, Sobib\u00f3r, Treblinka\u00ad in Be\u0142\u017cec, je nosil v nebo vpijo\u010d\u00ad slovenski priimek: Globo\u010dnik.\u00ad Te\u017eko bi rekli, da je bil Slovenec,\u00ad kajti vsaj iz tega, kar lahko razberemo v knjigi Dva milijona smo jih pospravili \u00adJohannesa Sachslehnerja (Cankarjeva zalo\u017eba, prevod Stanka Rendla), s Slovenijo ni imel ni\u010d. Z izjemo tega, da je bil njegov o\u010de iz Ljubljane in da je tako na Koro\u0161kem kot v Trstu vneto preganjal Slovence. Tisti, ki podrobneje poznajo holokavst, poznajo tudi Globo\u010dnika, za mnoge pa je bil ta krvavi zlo\u010dinec v senci bolj znanih imen, kot so Hitler, Himmler, Eichmann in drugi. Namen avtorja knjige Dva milijona smo jih pospravili, avstrijskega zgodovinarja in publicista Johannesa Sachslehnerja, je prav gotovo, da mu da obraz in ga\u00a0&#8230;<\/p>\n","protected":false},"excerpt":{"rendered":"<p>Kategorija: Knjiga Mon, 30 May 2016 21:00:00 +0200  \u010clovek, ki si je izmislil plinske\u00ad celice, ki je avtor tabori\u0161\u010d Majdanek, Sobib\u00f3r, Treblinka\u00ad in Be\u0142\u017cec, je nosil v nebo vpijo\u010d\u00ad slovenski priimek: Globo\u010dnik.\u00ad Te\u017eko bi rekli, da je bil Slovenec,\u00ad kajti vsaj iz tega, kar lahko razberemo v knjigi Dva milijona smo jih pospravili \u00adJohannesa Sachslehnerja (Cankarjeva zalo\u017eba, prevod Stanka Rendla), s Slovenijo ni imel ni\u010d. Z izjemo tega, da je bil njegov o\u010de iz Ljubljane in da je tako na Koro\u0161kem kot v Trstu vneto preganjal Slovence. Tisti, ki podrobneje poznajo holokavst, poznajo tudi Globo\u010dnika, za mnoge pa je bil ta krvavi zlo\u010dinec v senci bolj znanih imen, kot so Hitler, Himmler, Eichmann in drugi. Namen avtorja knjige Dva milijona smo jih pospravili, avstrijskega zgodovinarja in publicista Johannesa Sachslehnerja, je prav gotovo, da mu da obraz in ga\u00a0&#8230;<\/p>\n","protected":false},"author":1,"featured_media":0,"comment_status":"closed","ping_status":"closed","sticky":false,"template":"","format":"standard","meta":{"footnotes":""},"categories":[1179],"tags":[],"source":[4511],"supertag":[],"acf":[],"yoast_head":"<!-- This site is optimized with the Yoast SEO plugin v21.3 - https:\/\/yoast.com\/wordpress\/plugins\/seo\/ -->\n<title>\u00bbPrvinski nacisti\u010dni krvosledni pes\u00ab s slovenskimi koreninami - Hudo Slovenija<\/title>\n<meta name=\"robots\" content=\"index, follow, max-snippet:-1, max-image-preview:large, max-video-preview:-1\" \/>\n<link rel=\"canonical\" href=\"https:\/\/hudo.com\/si\/aktualno\/prvinski-nacisticni-krvosledni-pes-s-slovenskimi-koreninami\/\" \/>\n<meta property=\"og:locale\" content=\"sl_SI\" \/>\n<meta property=\"og:type\" content=\"article\" \/>\n<meta property=\"og:title\" content=\"\u00bbPrvinski nacisti\u010dni krvosledni pes\u00ab s slovenskimi koreninami - Hudo Slovenija\" \/>\n<meta property=\"og:description\" content=\"Kategorija: Knjiga Mon, 30 May 2016 21:00:00 +0200 \u010clovek, ki si je izmislil plinske\u00ad celice, ki je avtor tabori\u0161\u010d Majdanek, Sobib\u00f3r, Treblinka\u00ad in Be\u0142\u017cec, je nosil v nebo vpijo\u010d\u00ad slovenski priimek: Globo\u010dnik.\u00ad Te\u017eko bi rekli, da je bil Slovenec,\u00ad kajti vsaj iz tega, kar lahko razberemo v knjigi Dva milijona smo jih pospravili \u00adJohannesa Sachslehnerja (Cankarjeva zalo\u017eba, prevod Stanka Rendla), s Slovenijo ni imel ni\u010d. Z izjemo tega, da je bil njegov o\u010de iz Ljubljane in da je tako na Koro\u0161kem kot v Trstu vneto preganjal Slovence. Tisti, ki podrobneje poznajo holokavst, poznajo tudi Globo\u010dnika, za mnoge pa je bil ta krvavi zlo\u010dinec v senci bolj znanih imen, kot so Hitler, Himmler, Eichmann in drugi. Namen avtorja knjige Dva milijona smo jih pospravili, avstrijskega zgodovinarja in publicista Johannesa Sachslehnerja, je prav gotovo, da mu da obraz in ga\u00a0...\" \/>\n<meta property=\"og:url\" content=\"https:\/\/hudo.com\/si\/aktualno\/prvinski-nacisticni-krvosledni-pes-s-slovenskimi-koreninami\/\" \/>\n<meta property=\"og:site_name\" content=\"Hudo Slovenija\" \/>\n<meta property=\"article:publisher\" content=\"https:\/\/www.facebook.com\/hudo.si\" \/>\n<meta property=\"article:published_time\" content=\"2016-05-30T17:00:00+00:00\" \/>\n<meta property=\"article:modified_time\" content=\"2016-05-31T13:42:06+00:00\" \/>\n<meta property=\"og:image\" content=\"https:\/\/hudo.com\/si\/wp-content\/uploads\/sites\/2\/2016\/05\/480x290_KnjizevniL__Odilo_Globocnik_hires0.jpeg\" \/>\n\t<meta property=\"og:image:width\" content=\"480\" \/>\n\t<meta property=\"og:image:height\" content=\"290\" \/>\n\t<meta property=\"og:image:type\" content=\"image\/jpeg\" \/>\n<meta name=\"author\" content=\"hudo\" \/>\n<meta name=\"twitter:card\" content=\"summary_large_image\" \/>\n<meta name=\"twitter:creator\" content=\"@hudo_si\" \/>\n<meta name=\"twitter:site\" content=\"@hudo_si\" \/>\n<meta name=\"twitter:label1\" content=\"Written by\" \/>\n\t<meta name=\"twitter:data1\" content=\"hudo\" \/>\n\t<meta name=\"twitter:label2\" content=\"Est. reading time\" \/>\n\t<meta name=\"twitter:data2\" content=\"1 minuta\" \/>\n<script type=\"application\/ld+json\" class=\"yoast-schema-graph\">{\"@context\":\"https:\/\/schema.org\",\"@graph\":[{\"@type\":\"Article\",\"@id\":\"https:\/\/hudo.com\/si\/aktualno\/prvinski-nacisticni-krvosledni-pes-s-slovenskimi-koreninami\/#article\",\"isPartOf\":{\"@id\":\"https:\/\/hudo.com\/si\/aktualno\/prvinski-nacisticni-krvosledni-pes-s-slovenskimi-koreninami\/\"},\"author\":{\"name\":\"hudo\",\"@id\":\"https:\/\/hudo.com\/si\/#\/schema\/person\/601cf3379633985b20f7e50f2bb47707\"},\"headline\":\"\u00bbPrvinski nacisti\u010dni krvosledni pes\u00ab s slovenskimi koreninami\",\"datePublished\":\"2016-05-30T17:00:00+00:00\",\"dateModified\":\"2016-05-31T13:42:06+00:00\",\"mainEntityOfPage\":{\"@id\":\"https:\/\/hudo.com\/si\/aktualno\/prvinski-nacisticni-krvosledni-pes-s-slovenskimi-koreninami\/\"},\"wordCount\":151,\"publisher\":{\"@id\":\"https:\/\/hudo.com\/si\/#organization\"},\"articleSection\":[\"Aktualno\"],\"inLanguage\":\"sl-SI\"},{\"@type\":\"WebPage\",\"@id\":\"https:\/\/hudo.com\/si\/aktualno\/prvinski-nacisticni-krvosledni-pes-s-slovenskimi-koreninami\/\",\"url\":\"https:\/\/hudo.com\/si\/aktualno\/prvinski-nacisticni-krvosledni-pes-s-slovenskimi-koreninami\/\",\"name\":\"\u00bbPrvinski nacisti\u010dni krvosledni pes\u00ab s slovenskimi koreninami - Hudo Slovenija\",\"isPartOf\":{\"@id\":\"https:\/\/hudo.com\/si\/#website\"},\"datePublished\":\"2016-05-30T17:00:00+00:00\",\"dateModified\":\"2016-05-31T13:42:06+00:00\",\"breadcrumb\":{\"@id\":\"https:\/\/hudo.com\/si\/aktualno\/prvinski-nacisticni-krvosledni-pes-s-slovenskimi-koreninami\/#breadcrumb\"},\"inLanguage\":\"sl-SI\",\"potentialAction\":[{\"@type\":\"ReadAction\",\"target\":[\"https:\/\/hudo.com\/si\/aktualno\/prvinski-nacisticni-krvosledni-pes-s-slovenskimi-koreninami\/\"]}]},{\"@type\":\"BreadcrumbList\",\"@id\":\"https:\/\/hudo.com\/si\/aktualno\/prvinski-nacisticni-krvosledni-pes-s-slovenskimi-koreninami\/#breadcrumb\",\"itemListElement\":[{\"@type\":\"ListItem\",\"position\":1,\"name\":\"Home\",\"item\":\"https:\/\/hudo.com\/si\/\"},{\"@type\":\"ListItem\",\"position\":2,\"name\":\"\u00bbPrvinski nacisti\u010dni krvosledni pes\u00ab s slovenskimi koreninami\"}]},{\"@type\":\"WebSite\",\"@id\":\"https:\/\/hudo.com\/si\/#website\",\"url\":\"https:\/\/hudo.com\/si\/\",\"name\":\"Hudo Slovenija\",\"description\":\"Vse novice iz Slovenije in sveta\",\"publisher\":{\"@id\":\"https:\/\/hudo.com\/si\/#organization\"},\"potentialAction\":[{\"@type\":\"SearchAction\",\"target\":{\"@type\":\"EntryPoint\",\"urlTemplate\":\"https:\/\/hudo.com\/si\/?s={search_term_string}\"},\"query-input\":\"required name=search_term_string\"}],\"inLanguage\":\"sl-SI\"},{\"@type\":\"Organization\",\"@id\":\"https:\/\/hudo.com\/si\/#organization\",\"name\":\"VSN Media\",\"url\":\"https:\/\/hudo.com\/si\/\",\"logo\":{\"@type\":\"ImageObject\",\"inLanguage\":\"sl-SI\",\"@id\":\"https:\/\/hudo.com\/si\/#\/schema\/logo\/image\/\",\"url\":\"https:\/\/hudo.com\/si\/wp-content\/uploads\/sites\/2\/2021\/03\/hudo-app-2.png\",\"contentUrl\":\"https:\/\/hudo.com\/si\/wp-content\/uploads\/sites\/2\/2021\/03\/hudo-app-2.png\",\"width\":2185,\"height\":2167,\"caption\":\"VSN Media\"},\"image\":{\"@id\":\"https:\/\/hudo.com\/si\/#\/schema\/logo\/image\/\"},\"sameAs\":[\"https:\/\/www.facebook.com\/hudo.si\",\"https:\/\/twitter.com\/hudo_si\"]},{\"@type\":\"Person\",\"@id\":\"https:\/\/hudo.com\/si\/#\/schema\/person\/601cf3379633985b20f7e50f2bb47707\",\"name\":\"hudo\",\"image\":{\"@type\":\"ImageObject\",\"inLanguage\":\"sl-SI\",\"@id\":\"https:\/\/hudo.com\/si\/#\/schema\/person\/image\/\",\"url\":\"https:\/\/secure.gravatar.com\/avatar\/c4ca25fa72cace7a696b52ff5db9e095?s=96&d=mm&r=g\",\"contentUrl\":\"https:\/\/secure.gravatar.com\/avatar\/c4ca25fa72cace7a696b52ff5db9e095?s=96&d=mm&r=g\",\"caption\":\"hudo\"},\"url\":\"https:\/\/hudo.com\/si\/author\/hudo\/\"}]}<\/script>\n<!-- \/ Yoast SEO plugin. -->","yoast_head_json":{"title":"\u00bbPrvinski nacisti\u010dni krvosledni pes\u00ab s slovenskimi koreninami - Hudo Slovenija","robots":{"index":"index","follow":"follow","max-snippet":"max-snippet:-1","max-image-preview":"max-image-preview:large","max-video-preview":"max-video-preview:-1"},"canonical":"https:\/\/hudo.com\/si\/aktualno\/prvinski-nacisticni-krvosledni-pes-s-slovenskimi-koreninami\/","og_locale":"sl_SI","og_type":"article","og_title":"\u00bbPrvinski nacisti\u010dni krvosledni pes\u00ab s slovenskimi koreninami - Hudo Slovenija","og_description":"Kategorija: Knjiga Mon, 30 May 2016 21:00:00 +0200 \u010clovek, ki si je izmislil plinske\u00ad celice, ki je avtor tabori\u0161\u010d Majdanek, Sobib\u00f3r, Treblinka\u00ad in Be\u0142\u017cec, je nosil v nebo vpijo\u010d\u00ad slovenski priimek: Globo\u010dnik.\u00ad Te\u017eko bi rekli, da je bil Slovenec,\u00ad kajti vsaj iz tega, kar lahko razberemo v knjigi Dva milijona smo jih pospravili \u00adJohannesa Sachslehnerja (Cankarjeva zalo\u017eba, prevod Stanka Rendla), s Slovenijo ni imel ni\u010d. Z izjemo tega, da je bil njegov o\u010de iz Ljubljane in da je tako na Koro\u0161kem kot v Trstu vneto preganjal Slovence. Tisti, ki podrobneje poznajo holokavst, poznajo tudi Globo\u010dnika, za mnoge pa je bil ta krvavi zlo\u010dinec v senci bolj znanih imen, kot so Hitler, Himmler, Eichmann in drugi. Namen avtorja knjige Dva milijona smo jih pospravili, avstrijskega zgodovinarja in publicista Johannesa Sachslehnerja, je prav gotovo, da mu da obraz in ga\u00a0...","og_url":"https:\/\/hudo.com\/si\/aktualno\/prvinski-nacisticni-krvosledni-pes-s-slovenskimi-koreninami\/","og_site_name":"Hudo Slovenija","article_publisher":"https:\/\/www.facebook.com\/hudo.si","article_published_time":"2016-05-30T17:00:00+00:00","article_modified_time":"2016-05-31T13:42:06+00:00","og_image":[{"width":480,"height":290,"url":"https:\/\/hudo.com\/si\/wp-content\/uploads\/sites\/2\/2016\/05\/480x290_KnjizevniL__Odilo_Globocnik_hires0.jpeg","type":"image\/jpeg"}],"author":"hudo","twitter_card":"summary_large_image","twitter_creator":"@hudo_si","twitter_site":"@hudo_si","twitter_misc":{"Written by":"hudo","Est. reading time":"1 minuta"},"schema":{"@context":"https:\/\/schema.org","@graph":[{"@type":"Article","@id":"https:\/\/hudo.com\/si\/aktualno\/prvinski-nacisticni-krvosledni-pes-s-slovenskimi-koreninami\/#article","isPartOf":{"@id":"https:\/\/hudo.com\/si\/aktualno\/prvinski-nacisticni-krvosledni-pes-s-slovenskimi-koreninami\/"},"author":{"name":"hudo","@id":"https:\/\/hudo.com\/si\/#\/schema\/person\/601cf3379633985b20f7e50f2bb47707"},"headline":"\u00bbPrvinski nacisti\u010dni krvosledni pes\u00ab s slovenskimi koreninami","datePublished":"2016-05-30T17:00:00+00:00","dateModified":"2016-05-31T13:42:06+00:00","mainEntityOfPage":{"@id":"https:\/\/hudo.com\/si\/aktualno\/prvinski-nacisticni-krvosledni-pes-s-slovenskimi-koreninami\/"},"wordCount":151,"publisher":{"@id":"https:\/\/hudo.com\/si\/#organization"},"articleSection":["Aktualno"],"inLanguage":"sl-SI"},{"@type":"WebPage","@id":"https:\/\/hudo.com\/si\/aktualno\/prvinski-nacisticni-krvosledni-pes-s-slovenskimi-koreninami\/","url":"https:\/\/hudo.com\/si\/aktualno\/prvinski-nacisticni-krvosledni-pes-s-slovenskimi-koreninami\/","name":"\u00bbPrvinski nacisti\u010dni krvosledni pes\u00ab s slovenskimi koreninami - Hudo Slovenija","isPartOf":{"@id":"https:\/\/hudo.com\/si\/#website"},"datePublished":"2016-05-30T17:00:00+00:00","dateModified":"2016-05-31T13:42:06+00:00","breadcrumb":{"@id":"https:\/\/hudo.com\/si\/aktualno\/prvinski-nacisticni-krvosledni-pes-s-slovenskimi-koreninami\/#breadcrumb"},"inLanguage":"sl-SI","potentialAction":[{"@type":"ReadAction","target":["https:\/\/hudo.com\/si\/aktualno\/prvinski-nacisticni-krvosledni-pes-s-slovenskimi-koreninami\/"]}]},{"@type":"BreadcrumbList","@id":"https:\/\/hudo.com\/si\/aktualno\/prvinski-nacisticni-krvosledni-pes-s-slovenskimi-koreninami\/#breadcrumb","itemListElement":[{"@type":"ListItem","position":1,"name":"Home","item":"https:\/\/hudo.com\/si\/"},{"@type":"ListItem","position":2,"name":"\u00bbPrvinski nacisti\u010dni krvosledni pes\u00ab s slovenskimi koreninami"}]},{"@type":"WebSite","@id":"https:\/\/hudo.com\/si\/#website","url":"https:\/\/hudo.com\/si\/","name":"Hudo Slovenija","description":"Vse novice iz Slovenije in sveta","publisher":{"@id":"https:\/\/hudo.com\/si\/#organization"},"potentialAction":[{"@type":"SearchAction","target":{"@type":"EntryPoint","urlTemplate":"https:\/\/hudo.com\/si\/?s={search_term_string}"},"query-input":"required name=search_term_string"}],"inLanguage":"sl-SI"},{"@type":"Organization","@id":"https:\/\/hudo.com\/si\/#organization","name":"VSN Media","url":"https:\/\/hudo.com\/si\/","logo":{"@type":"ImageObject","inLanguage":"sl-SI","@id":"https:\/\/hudo.com\/si\/#\/schema\/logo\/image\/","url":"https:\/\/hudo.com\/si\/wp-content\/uploads\/sites\/2\/2021\/03\/hudo-app-2.png","contentUrl":"https:\/\/hudo.com\/si\/wp-content\/uploads\/sites\/2\/2021\/03\/hudo-app-2.png","width":2185,"height":2167,"caption":"VSN Media"},"image":{"@id":"https:\/\/hudo.com\/si\/#\/schema\/logo\/image\/"},"sameAs":["https:\/\/www.facebook.com\/hudo.si","https:\/\/twitter.com\/hudo_si"]},{"@type":"Person","@id":"https:\/\/hudo.com\/si\/#\/schema\/person\/601cf3379633985b20f7e50f2bb47707","name":"hudo","image":{"@type":"ImageObject","inLanguage":"sl-SI","@id":"https:\/\/hudo.com\/si\/#\/schema\/person\/image\/","url":"https:\/\/secure.gravatar.com\/avatar\/c4ca25fa72cace7a696b52ff5db9e095?s=96&d=mm&r=g","contentUrl":"https:\/\/secure.gravatar.com\/avatar\/c4ca25fa72cace7a696b52ff5db9e095?s=96&d=mm&r=g","caption":"hudo"},"url":"https:\/\/hudo.com\/si\/author\/hudo\/"}]}},"amp_enabled":true,"_links":{"self":[{"href":"https:\/\/hudo.com\/si\/wp-json\/wp\/v2\/posts\/64955"}],"collection":[{"href":"https:\/\/hudo.com\/si\/wp-json\/wp\/v2\/posts"}],"about":[{"href":"https:\/\/hudo.com\/si\/wp-json\/wp\/v2\/types\/post"}],"author":[{"embeddable":true,"href":"https:\/\/hudo.com\/si\/wp-json\/wp\/v2\/users\/1"}],"replies":[{"embeddable":true,"href":"https:\/\/hudo.com\/si\/wp-json\/wp\/v2\/comments?post=64955"}],"version-history":[{"count":1,"href":"https:\/\/hudo.com\/si\/wp-json\/wp\/v2\/posts\/64955\/revisions"}],"predecessor-version":[{"id":65056,"href":"https:\/\/hudo.com\/si\/wp-json\/wp\/v2\/posts\/64955\/revisions\/65056"}],"wp:attachment":[{"href":"https:\/\/hudo.com\/si\/wp-json\/wp\/v2\/media?parent=64955"}],"wp:term":[{"taxonomy":"category","embeddable":true,"href":"https:\/\/hudo.com\/si\/wp-json\/wp\/v2\/categories?post=64955"},{"taxonomy":"post_tag","embeddable":true,"href":"https:\/\/hudo.com\/si\/wp-json\/wp\/v2\/tags?post=64955"},{"taxonomy":"source","embeddable":true,"href":"https:\/\/hudo.com\/si\/wp-json\/wp\/v2\/source?post=64955"},{"taxonomy":"supertag","embeddable":true,"href":"https:\/\/hudo.com\/si\/wp-json\/wp\/v2\/supertag?post=64955"}],"curies":[{"name":"wp","href":"https:\/\/api.w.org\/{rel}","templated":true}]}}