{"id":65047,"date":"2016-05-30T21:15:00","date_gmt":"2016-05-30T19:15:00","guid":{"rendered":"http:\/\/hudo.com\/si\/2016\/05\/30\/tomo-kriznar-je-nazaj\/"},"modified":"2016-05-31T20:21:31","modified_gmt":"2016-05-31T18:21:31","slug":"tomo-kriznar-je-nazaj","status":"publish","type":"post","link":"https:\/\/hudo.com\/si\/aktualno\/tomo-kriznar-je-nazaj\/","title":{"rendered":"Tomo Kri\u017enar je nazaj"},"content":{"rendered":"<p>Uro pred polno\u010djo je letalo z aktivistom in popotnikom Tomom Kri\u017enarjem, ki je zadnje prsihi\u010dno naporne dneve do sobotne izpustitve \u017eivel v ju\u017enosudanskem zaporu, pristalo na Letali\u0161\u010du Marco Polo v Benetkah. Kri\u017enar se je javil soprogi, zdaj ga \u010dakajo \u0161e drugi. Ve\u010d kmalu od na\u0161ih poro\u010devalcev iz Benetk Anje Hre\u0161\u010dak in Igorja Napasta.   Kri\u017enarja smo v soboto, ki se je nazadnje izkazala za sre\u010den dan, portretirali v Ve\u010derovem Portretu tedna. Tekst Zvezdane Bercko lahko preberete tukaj.  \u200b\u017dgo\u010da nuja, da premaga kolektivno malodu\u0161je Morda se komu zdi, da sam sili v te\u017eave. Saj ni prvi\u010d v kateri od tistih lukenj, ki jim v Afriki pravijo zapori. Tokrat v Ju\u017enem Sudanu. Osamosvojenem od severa leta 2011. Zakaj, pravzaprav ni jasno, zaplenili naj bi mu bili kamere za snemanje, prav tako naj ne bi bil imel ustreznega dovoljenja za potovanje po tem predelu Sudana, ko se je spet namenil v nubske gore. A saj to konec koncev ni pomembno. Spet je vtaknil nos nekam, pa to nekomu ni bilo pov\u0161e\u010di. Tak\u0161en je. Ne razmi\u0161lja v ustaljenih okvirih tukaj\u0161njega sveta, ki ga \u0161e vedno imamo za varnega. Tomo Kri\u017enar, borec za \u010dlovekove pravice, humanitarec, popotnik, pisec, snemalec, dobitnik nagrad Dr\u017eavljan Evrope in Modri planet, \u010dlovek, ki priznava, da z razumom ne vidi dale\u010d, lahko pa vidi s srcem. Za pravice svojih Nub se bori \u017ee 40 let. Rad pripoveduje, kako je prvi\u010d pri\u0161el k njim z oslom, dvema kozama, \u0161tirimi koko\u0161mi, vre\u010do prosa, sladkorja in soli za menjavo, dobil pa je izku\u0161njo, ki mu je zaznamovala \u017eivljenje. Ne samo da je dobil vero v \u010dloveka, takrat je, mlad diplomant, ki sta ga doma \u010dakali slu\u017eba in kariera, za\u010dutil, da kultura in civilizacija, iz katere izhaja, ni tako \u017elahtna in plemenita, kot je verjel. &#8220;Takrat me je bilo strah za tedanjo Jugoslavijo, za sistem, ki sem ga bil nau\u010den spo\u0161tovati, in nagonsko sem \u0161el k tistim, ki so \u017ee bili begunci. V divjini sem iskal ljudi, staroselce, izvorne ljudi, ki \u0161e niso bili dele\u017eni tega, kar je zna\u010dilno za na\u0161o civilizacijo: materia<\/p>\n","protected":false},"excerpt":{"rendered":"<p>Uro pred polno\u010djo je letalo z aktivistom in popotnikom Tomom Kri\u017enarjem, ki je zadnje prsihi\u010dno naporne dneve do sobotne izpustitve \u017eivel v ju\u017enosudanskem zaporu, pristalo na Letali\u0161\u010du Marco Polo v Benetkah. Kri\u017enar se je javil soprogi, zdaj ga \u010dakajo \u0161e drugi. Ve\u010d kmalu od na\u0161ih poro\u010devalcev iz Benetk Anje Hre\u0161\u010dak in Igorja Napasta.   Kri\u017enarja smo v soboto, ki se je nazadnje izkazala za sre\u010den dan, portretirali v Ve\u010derovem Portretu tedna. Tekst Zvezdane Bercko lahko preberete tukaj.  \u200b\u017dgo\u010da nuja, da premaga kolektivno malodu\u0161je Morda se komu zdi, da sam sili v te\u017eave. Saj ni prvi\u010d v kateri od tistih lukenj, ki jim v Afriki pravijo zapori. Tokrat v Ju\u017enem Sudanu. Osamosvojenem od severa leta 2011. Zakaj, pravzaprav ni jasno, zaplenili naj bi mu bili kamere za snemanje, prav tako naj ne bi bil imel ustreznega dovoljenja za potovanje po tem predelu Sudana, ko se je spet namenil v nubske gore. A saj to konec koncev ni pomembno. Spet je vtaknil nos nekam, pa to nekomu ni bilo pov\u0161e\u010di. Tak\u0161en je. Ne razmi\u0161lja v ustaljenih okvirih tukaj\u0161njega sveta, ki ga \u0161e vedno imamo za varnega. Tomo Kri\u017enar, borec za \u010dlovekove pravice, humanitarec, popotnik, pisec, snemalec, dobitnik nagrad Dr\u017eavljan Evrope in Modri planet, \u010dlovek, ki priznava, da z razumom ne vidi dale\u010d, lahko pa vidi s srcem. Za pravice svojih Nub se bori \u017ee 40 let. Rad pripoveduje, kako je prvi\u010d pri\u0161el k njim z oslom, dvema kozama, \u0161tirimi koko\u0161mi, vre\u010do prosa, sladkorja in soli za menjavo, dobil pa je izku\u0161njo, ki mu je zaznamovala \u017eivljenje. Ne samo da je dobil vero v \u010dloveka, takrat je, mlad diplomant, ki sta ga doma \u010dakali slu\u017eba in kariera, za\u010dutil, da kultura in civilizacija, iz katere izhaja, ni tako \u017elahtna in plemenita, kot je verjel. &#8220;Takrat me je bilo strah za tedanjo Jugoslavijo, za sistem, ki sem ga bil nau\u010den spo\u0161tovati, in nagonsko sem \u0161el k tistim, ki so \u017ee bili begunci. V divjini sem iskal ljudi, staroselce, izvorne ljudi, ki \u0161e niso bili dele\u017eni tega, kar je zna\u010dilno za na\u0161o civilizacijo: materia<\/p>\n","protected":false},"author":1,"featured_media":0,"comment_status":"closed","ping_status":"closed","sticky":false,"template":"","format":"standard","meta":{"footnotes":""},"categories":[1179],"tags":[],"source":[1711],"supertag":[],"acf":[],"yoast_head":"<!-- This site is optimized with the Yoast SEO plugin v21.3 - https:\/\/yoast.com\/wordpress\/plugins\/seo\/ -->\n<title>Tomo Kri\u017enar je nazaj - Hudo Slovenija<\/title>\n<meta name=\"robots\" content=\"index, follow, max-snippet:-1, max-image-preview:large, max-video-preview:-1\" \/>\n<link rel=\"canonical\" href=\"https:\/\/hudo.com\/si\/aktualno\/tomo-kriznar-je-nazaj\/\" \/>\n<meta property=\"og:locale\" content=\"sl_SI\" \/>\n<meta property=\"og:type\" content=\"article\" \/>\n<meta property=\"og:title\" content=\"Tomo Kri\u017enar je nazaj - Hudo Slovenija\" \/>\n<meta property=\"og:description\" content=\"Uro pred polno\u010djo je letalo z aktivistom in popotnikom Tomom Kri\u017enarjem, ki je zadnje prsihi\u010dno naporne dneve do sobotne izpustitve \u017eivel v ju\u017enosudanskem zaporu, pristalo na Letali\u0161\u010du Marco Polo v Benetkah. Kri\u017enar se je javil soprogi, zdaj ga \u010dakajo \u0161e drugi. Ve\u010d kmalu od na\u0161ih poro\u010devalcev iz Benetk Anje Hre\u0161\u010dak in Igorja Napasta.  Kri\u017enarja smo v soboto, ki se je nazadnje izkazala za sre\u010den dan, portretirali v Ve\u010derovem Portretu tedna. Tekst Zvezdane Bercko lahko preberete tukaj. \u200b\u017dgo\u010da nuja, da premaga kolektivno malodu\u0161je Morda se komu zdi, da sam sili v te\u017eave. Saj ni prvi\u010d v kateri od tistih lukenj, ki jim v Afriki pravijo zapori. Tokrat v Ju\u017enem Sudanu. Osamosvojenem od severa leta 2011. Zakaj, pravzaprav ni jasno, zaplenili naj bi mu bili kamere za snemanje, prav tako naj ne bi bil imel ustreznega dovoljenja za potovanje po tem predelu Sudana, ko se je spet namenil v nubske gore. A saj to konec koncev ni pomembno. Spet je vtaknil nos nekam, pa to nekomu ni bilo pov\u0161e\u010di. Tak\u0161en je. Ne razmi\u0161lja v ustaljenih okvirih tukaj\u0161njega sveta, ki ga \u0161e vedno imamo za varnega. Tomo Kri\u017enar, borec za \u010dlovekove pravice, humanitarec, popotnik, pisec, snemalec, dobitnik nagrad Dr\u017eavljan Evrope in Modri planet, \u010dlovek, ki priznava, da z razumom ne vidi dale\u010d, lahko pa vidi s srcem. Za pravice svojih Nub se bori \u017ee 40 let. Rad pripoveduje, kako je prvi\u010d pri\u0161el k njim z oslom, dvema kozama, \u0161tirimi koko\u0161mi, vre\u010do prosa, sladkorja in soli za menjavo, dobil pa je izku\u0161njo, ki mu je zaznamovala \u017eivljenje. Ne samo da je dobil vero v \u010dloveka, takrat je, mlad diplomant, ki sta ga doma \u010dakali slu\u017eba in kariera, za\u010dutil, da kultura in civilizacija, iz katere izhaja, ni tako \u017elahtna in plemenita, kot je verjel. &quot;Takrat me je bilo strah za tedanjo Jugoslavijo, za sistem, ki sem ga bil nau\u010den spo\u0161tovati, in nagonsko sem \u0161el k tistim, ki so \u017ee bili begunci. V divjini sem iskal ljudi, staroselce, izvorne ljudi, ki \u0161e niso bili dele\u017eni tega, kar je zna\u010dilno za na\u0161o civilizacijo: materia\" \/>\n<meta property=\"og:url\" content=\"https:\/\/hudo.com\/si\/aktualno\/tomo-kriznar-je-nazaj\/\" \/>\n<meta property=\"og:site_name\" content=\"Hudo Slovenija\" \/>\n<meta property=\"article:publisher\" content=\"https:\/\/www.facebook.com\/hudo.si\" \/>\n<meta property=\"article:published_time\" content=\"2016-05-30T19:15:00+00:00\" \/>\n<meta property=\"article:modified_time\" content=\"2016-05-31T18:21:31+00:00\" \/>\n<meta property=\"og:image\" content=\"https:\/\/hudo.com\/si\/wp-content\/uploads\/sites\/2\/2016\/05\/tomokriznar221-300.jpg\" \/>\n\t<meta property=\"og:image:width\" content=\"450\" \/>\n\t<meta property=\"og:image:height\" content=\"504\" \/>\n\t<meta property=\"og:image:type\" content=\"image\/jpeg\" \/>\n<meta name=\"author\" content=\"hudo\" \/>\n<meta name=\"twitter:card\" content=\"summary_large_image\" \/>\n<meta name=\"twitter:creator\" content=\"@hudo_si\" \/>\n<meta name=\"twitter:site\" content=\"@hudo_si\" \/>\n<meta name=\"twitter:label1\" content=\"Written by\" \/>\n\t<meta name=\"twitter:data1\" content=\"hudo\" \/>\n\t<meta name=\"twitter:label2\" content=\"Est. reading time\" \/>\n\t<meta name=\"twitter:data2\" content=\"2 minuti\" \/>\n<script type=\"application\/ld+json\" class=\"yoast-schema-graph\">{\"@context\":\"https:\/\/schema.org\",\"@graph\":[{\"@type\":\"Article\",\"@id\":\"https:\/\/hudo.com\/si\/aktualno\/tomo-kriznar-je-nazaj\/#article\",\"isPartOf\":{\"@id\":\"https:\/\/hudo.com\/si\/aktualno\/tomo-kriznar-je-nazaj\/\"},\"author\":{\"name\":\"hudo\",\"@id\":\"https:\/\/hudo.com\/si\/#\/schema\/person\/601cf3379633985b20f7e50f2bb47707\"},\"headline\":\"Tomo Kri\u017enar je nazaj\",\"datePublished\":\"2016-05-30T19:15:00+00:00\",\"dateModified\":\"2016-05-31T18:21:31+00:00\",\"mainEntityOfPage\":{\"@id\":\"https:\/\/hudo.com\/si\/aktualno\/tomo-kriznar-je-nazaj\/\"},\"wordCount\":374,\"publisher\":{\"@id\":\"https:\/\/hudo.com\/si\/#organization\"},\"articleSection\":[\"Aktualno\"],\"inLanguage\":\"sl-SI\"},{\"@type\":\"WebPage\",\"@id\":\"https:\/\/hudo.com\/si\/aktualno\/tomo-kriznar-je-nazaj\/\",\"url\":\"https:\/\/hudo.com\/si\/aktualno\/tomo-kriznar-je-nazaj\/\",\"name\":\"Tomo Kri\u017enar je nazaj - Hudo Slovenija\",\"isPartOf\":{\"@id\":\"https:\/\/hudo.com\/si\/#website\"},\"datePublished\":\"2016-05-30T19:15:00+00:00\",\"dateModified\":\"2016-05-31T18:21:31+00:00\",\"breadcrumb\":{\"@id\":\"https:\/\/hudo.com\/si\/aktualno\/tomo-kriznar-je-nazaj\/#breadcrumb\"},\"inLanguage\":\"sl-SI\",\"potentialAction\":[{\"@type\":\"ReadAction\",\"target\":[\"https:\/\/hudo.com\/si\/aktualno\/tomo-kriznar-je-nazaj\/\"]}]},{\"@type\":\"BreadcrumbList\",\"@id\":\"https:\/\/hudo.com\/si\/aktualno\/tomo-kriznar-je-nazaj\/#breadcrumb\",\"itemListElement\":[{\"@type\":\"ListItem\",\"position\":1,\"name\":\"Home\",\"item\":\"https:\/\/hudo.com\/si\/\"},{\"@type\":\"ListItem\",\"position\":2,\"name\":\"Tomo Kri\u017enar je nazaj\"}]},{\"@type\":\"WebSite\",\"@id\":\"https:\/\/hudo.com\/si\/#website\",\"url\":\"https:\/\/hudo.com\/si\/\",\"name\":\"Hudo Slovenija\",\"description\":\"Vse novice iz Slovenije in sveta\",\"publisher\":{\"@id\":\"https:\/\/hudo.com\/si\/#organization\"},\"potentialAction\":[{\"@type\":\"SearchAction\",\"target\":{\"@type\":\"EntryPoint\",\"urlTemplate\":\"https:\/\/hudo.com\/si\/?s={search_term_string}\"},\"query-input\":\"required name=search_term_string\"}],\"inLanguage\":\"sl-SI\"},{\"@type\":\"Organization\",\"@id\":\"https:\/\/hudo.com\/si\/#organization\",\"name\":\"VSN Media\",\"url\":\"https:\/\/hudo.com\/si\/\",\"logo\":{\"@type\":\"ImageObject\",\"inLanguage\":\"sl-SI\",\"@id\":\"https:\/\/hudo.com\/si\/#\/schema\/logo\/image\/\",\"url\":\"https:\/\/hudo.com\/si\/wp-content\/uploads\/sites\/2\/2021\/03\/hudo-app-2.png\",\"contentUrl\":\"https:\/\/hudo.com\/si\/wp-content\/uploads\/sites\/2\/2021\/03\/hudo-app-2.png\",\"width\":2185,\"height\":2167,\"caption\":\"VSN Media\"},\"image\":{\"@id\":\"https:\/\/hudo.com\/si\/#\/schema\/logo\/image\/\"},\"sameAs\":[\"https:\/\/www.facebook.com\/hudo.si\",\"https:\/\/twitter.com\/hudo_si\"]},{\"@type\":\"Person\",\"@id\":\"https:\/\/hudo.com\/si\/#\/schema\/person\/601cf3379633985b20f7e50f2bb47707\",\"name\":\"hudo\",\"image\":{\"@type\":\"ImageObject\",\"inLanguage\":\"sl-SI\",\"@id\":\"https:\/\/hudo.com\/si\/#\/schema\/person\/image\/\",\"url\":\"https:\/\/secure.gravatar.com\/avatar\/c4ca25fa72cace7a696b52ff5db9e095?s=96&d=mm&r=g\",\"contentUrl\":\"https:\/\/secure.gravatar.com\/avatar\/c4ca25fa72cace7a696b52ff5db9e095?s=96&d=mm&r=g\",\"caption\":\"hudo\"},\"url\":\"https:\/\/hudo.com\/si\/author\/hudo\/\"}]}<\/script>\n<!-- \/ Yoast SEO plugin. -->","yoast_head_json":{"title":"Tomo Kri\u017enar je nazaj - Hudo Slovenija","robots":{"index":"index","follow":"follow","max-snippet":"max-snippet:-1","max-image-preview":"max-image-preview:large","max-video-preview":"max-video-preview:-1"},"canonical":"https:\/\/hudo.com\/si\/aktualno\/tomo-kriznar-je-nazaj\/","og_locale":"sl_SI","og_type":"article","og_title":"Tomo Kri\u017enar je nazaj - Hudo Slovenija","og_description":"Uro pred polno\u010djo je letalo z aktivistom in popotnikom Tomom Kri\u017enarjem, ki je zadnje prsihi\u010dno naporne dneve do sobotne izpustitve \u017eivel v ju\u017enosudanskem zaporu, pristalo na Letali\u0161\u010du Marco Polo v Benetkah. Kri\u017enar se je javil soprogi, zdaj ga \u010dakajo \u0161e drugi. Ve\u010d kmalu od na\u0161ih poro\u010devalcev iz Benetk Anje Hre\u0161\u010dak in Igorja Napasta.  Kri\u017enarja smo v soboto, ki se je nazadnje izkazala za sre\u010den dan, portretirali v Ve\u010derovem Portretu tedna. Tekst Zvezdane Bercko lahko preberete tukaj. \u200b\u017dgo\u010da nuja, da premaga kolektivno malodu\u0161je Morda se komu zdi, da sam sili v te\u017eave. Saj ni prvi\u010d v kateri od tistih lukenj, ki jim v Afriki pravijo zapori. Tokrat v Ju\u017enem Sudanu. Osamosvojenem od severa leta 2011. Zakaj, pravzaprav ni jasno, zaplenili naj bi mu bili kamere za snemanje, prav tako naj ne bi bil imel ustreznega dovoljenja za potovanje po tem predelu Sudana, ko se je spet namenil v nubske gore. A saj to konec koncev ni pomembno. Spet je vtaknil nos nekam, pa to nekomu ni bilo pov\u0161e\u010di. Tak\u0161en je. Ne razmi\u0161lja v ustaljenih okvirih tukaj\u0161njega sveta, ki ga \u0161e vedno imamo za varnega. Tomo Kri\u017enar, borec za \u010dlovekove pravice, humanitarec, popotnik, pisec, snemalec, dobitnik nagrad Dr\u017eavljan Evrope in Modri planet, \u010dlovek, ki priznava, da z razumom ne vidi dale\u010d, lahko pa vidi s srcem. Za pravice svojih Nub se bori \u017ee 40 let. Rad pripoveduje, kako je prvi\u010d pri\u0161el k njim z oslom, dvema kozama, \u0161tirimi koko\u0161mi, vre\u010do prosa, sladkorja in soli za menjavo, dobil pa je izku\u0161njo, ki mu je zaznamovala \u017eivljenje. Ne samo da je dobil vero v \u010dloveka, takrat je, mlad diplomant, ki sta ga doma \u010dakali slu\u017eba in kariera, za\u010dutil, da kultura in civilizacija, iz katere izhaja, ni tako \u017elahtna in plemenita, kot je verjel. \"Takrat me je bilo strah za tedanjo Jugoslavijo, za sistem, ki sem ga bil nau\u010den spo\u0161tovati, in nagonsko sem \u0161el k tistim, ki so \u017ee bili begunci. V divjini sem iskal ljudi, staroselce, izvorne ljudi, ki \u0161e niso bili dele\u017eni tega, kar je zna\u010dilno za na\u0161o civilizacijo: materia","og_url":"https:\/\/hudo.com\/si\/aktualno\/tomo-kriznar-je-nazaj\/","og_site_name":"Hudo Slovenija","article_publisher":"https:\/\/www.facebook.com\/hudo.si","article_published_time":"2016-05-30T19:15:00+00:00","article_modified_time":"2016-05-31T18:21:31+00:00","og_image":[{"width":450,"height":504,"url":"https:\/\/hudo.com\/si\/wp-content\/uploads\/sites\/2\/2016\/05\/tomokriznar221-300.jpg","type":"image\/jpeg"}],"author":"hudo","twitter_card":"summary_large_image","twitter_creator":"@hudo_si","twitter_site":"@hudo_si","twitter_misc":{"Written by":"hudo","Est. reading time":"2 minuti"},"schema":{"@context":"https:\/\/schema.org","@graph":[{"@type":"Article","@id":"https:\/\/hudo.com\/si\/aktualno\/tomo-kriznar-je-nazaj\/#article","isPartOf":{"@id":"https:\/\/hudo.com\/si\/aktualno\/tomo-kriznar-je-nazaj\/"},"author":{"name":"hudo","@id":"https:\/\/hudo.com\/si\/#\/schema\/person\/601cf3379633985b20f7e50f2bb47707"},"headline":"Tomo Kri\u017enar je nazaj","datePublished":"2016-05-30T19:15:00+00:00","dateModified":"2016-05-31T18:21:31+00:00","mainEntityOfPage":{"@id":"https:\/\/hudo.com\/si\/aktualno\/tomo-kriznar-je-nazaj\/"},"wordCount":374,"publisher":{"@id":"https:\/\/hudo.com\/si\/#organization"},"articleSection":["Aktualno"],"inLanguage":"sl-SI"},{"@type":"WebPage","@id":"https:\/\/hudo.com\/si\/aktualno\/tomo-kriznar-je-nazaj\/","url":"https:\/\/hudo.com\/si\/aktualno\/tomo-kriznar-je-nazaj\/","name":"Tomo Kri\u017enar je nazaj - Hudo Slovenija","isPartOf":{"@id":"https:\/\/hudo.com\/si\/#website"},"datePublished":"2016-05-30T19:15:00+00:00","dateModified":"2016-05-31T18:21:31+00:00","breadcrumb":{"@id":"https:\/\/hudo.com\/si\/aktualno\/tomo-kriznar-je-nazaj\/#breadcrumb"},"inLanguage":"sl-SI","potentialAction":[{"@type":"ReadAction","target":["https:\/\/hudo.com\/si\/aktualno\/tomo-kriznar-je-nazaj\/"]}]},{"@type":"BreadcrumbList","@id":"https:\/\/hudo.com\/si\/aktualno\/tomo-kriznar-je-nazaj\/#breadcrumb","itemListElement":[{"@type":"ListItem","position":1,"name":"Home","item":"https:\/\/hudo.com\/si\/"},{"@type":"ListItem","position":2,"name":"Tomo Kri\u017enar je nazaj"}]},{"@type":"WebSite","@id":"https:\/\/hudo.com\/si\/#website","url":"https:\/\/hudo.com\/si\/","name":"Hudo Slovenija","description":"Vse novice iz Slovenije in sveta","publisher":{"@id":"https:\/\/hudo.com\/si\/#organization"},"potentialAction":[{"@type":"SearchAction","target":{"@type":"EntryPoint","urlTemplate":"https:\/\/hudo.com\/si\/?s={search_term_string}"},"query-input":"required name=search_term_string"}],"inLanguage":"sl-SI"},{"@type":"Organization","@id":"https:\/\/hudo.com\/si\/#organization","name":"VSN Media","url":"https:\/\/hudo.com\/si\/","logo":{"@type":"ImageObject","inLanguage":"sl-SI","@id":"https:\/\/hudo.com\/si\/#\/schema\/logo\/image\/","url":"https:\/\/hudo.com\/si\/wp-content\/uploads\/sites\/2\/2021\/03\/hudo-app-2.png","contentUrl":"https:\/\/hudo.com\/si\/wp-content\/uploads\/sites\/2\/2021\/03\/hudo-app-2.png","width":2185,"height":2167,"caption":"VSN Media"},"image":{"@id":"https:\/\/hudo.com\/si\/#\/schema\/logo\/image\/"},"sameAs":["https:\/\/www.facebook.com\/hudo.si","https:\/\/twitter.com\/hudo_si"]},{"@type":"Person","@id":"https:\/\/hudo.com\/si\/#\/schema\/person\/601cf3379633985b20f7e50f2bb47707","name":"hudo","image":{"@type":"ImageObject","inLanguage":"sl-SI","@id":"https:\/\/hudo.com\/si\/#\/schema\/person\/image\/","url":"https:\/\/secure.gravatar.com\/avatar\/c4ca25fa72cace7a696b52ff5db9e095?s=96&d=mm&r=g","contentUrl":"https:\/\/secure.gravatar.com\/avatar\/c4ca25fa72cace7a696b52ff5db9e095?s=96&d=mm&r=g","caption":"hudo"},"url":"https:\/\/hudo.com\/si\/author\/hudo\/"}]}},"amp_enabled":true,"_links":{"self":[{"href":"https:\/\/hudo.com\/si\/wp-json\/wp\/v2\/posts\/65047"}],"collection":[{"href":"https:\/\/hudo.com\/si\/wp-json\/wp\/v2\/posts"}],"about":[{"href":"https:\/\/hudo.com\/si\/wp-json\/wp\/v2\/types\/post"}],"author":[{"embeddable":true,"href":"https:\/\/hudo.com\/si\/wp-json\/wp\/v2\/users\/1"}],"replies":[{"embeddable":true,"href":"https:\/\/hudo.com\/si\/wp-json\/wp\/v2\/comments?post=65047"}],"version-history":[{"count":1,"href":"https:\/\/hudo.com\/si\/wp-json\/wp\/v2\/posts\/65047\/revisions"}],"predecessor-version":[{"id":65093,"href":"https:\/\/hudo.com\/si\/wp-json\/wp\/v2\/posts\/65047\/revisions\/65093"}],"wp:attachment":[{"href":"https:\/\/hudo.com\/si\/wp-json\/wp\/v2\/media?parent=65047"}],"wp:term":[{"taxonomy":"category","embeddable":true,"href":"https:\/\/hudo.com\/si\/wp-json\/wp\/v2\/categories?post=65047"},{"taxonomy":"post_tag","embeddable":true,"href":"https:\/\/hudo.com\/si\/wp-json\/wp\/v2\/tags?post=65047"},{"taxonomy":"source","embeddable":true,"href":"https:\/\/hudo.com\/si\/wp-json\/wp\/v2\/source?post=65047"},{"taxonomy":"supertag","embeddable":true,"href":"https:\/\/hudo.com\/si\/wp-json\/wp\/v2\/supertag?post=65047"}],"curies":[{"name":"wp","href":"https:\/\/api.w.org\/{rel}","templated":true}]}}