{"id":65119,"date":"2016-05-31T04:00:00","date_gmt":"2016-05-31T02:00:00","guid":{"rendered":"http:\/\/hudo.com\/si\/2016\/05\/31\/katanec-na-svedskem-opravil-se-z-eno-tradicijo\/"},"modified":"2016-06-01T00:36:07","modified_gmt":"2016-05-31T22:36:07","slug":"katanec-na-svedskem-opravil-se-z-eno-tradicijo","status":"publish","type":"post","link":"https:\/\/hudo.com\/si\/aktualno\/katanec-na-svedskem-opravil-se-z-eno-tradicijo\/","title":{"rendered":"Katanec na \u0160vedskem opravil \u0161e z eno tradicijo"},"content":{"rendered":"<p>Kategorija: Nogomet Tue, 31 May 2016 06:00:00 +0200  Malm\u00f6 \u2013 Slovenska nogometna reprezentanca sino\u010di na jugu \u0160vedske ni razo\u010darala. V prijateljski tekmi z udele\u017eenko evropskega prvenstva v Franciji se je uspe\u0161no borila s favoriziranim tekmecem, kar je dober obet pred generalko za septembrski za\u010detek bojev za Rusijo 2018. V nedeljo bo namre\u010d v Ljubljani gostovala \u0161e mo\u010dna reprezentanca Tur\u010dije. Slovenska nogometna javnost pred gostovanjem na jugu \u0160vedske ni pri\u010dakovala kdo ve kako veliko. Navija\u010di so pospremili mar\u010devsko akcijo z me\u0161animi ob\u010dutki, brez \u0161tevilnih odsotnih nosilcev igre (Oblak, Cesar, Birsa, Verbi\u010d &#8230;) pa so se sino\u010di Slovenci borili tudi proti tradiciji; prav nikomur od dosedanjih \u0161estih selektorjev \u0161e ni uspelo zmagati na skandinavski zemlji. Kljub uvrstitvi \u0160vedske na evropsko prvenstvo pa je goste pri\u010dakalo prijazno vzdu\u0161je, \u0160vedi niso napolnili idili\u010dnega \u0161tadiona za dobrih 20.000 navija\u010dev; zbralo se jih je\u00a0&#8230;<\/p>\n","protected":false},"excerpt":{"rendered":"<p>Kategorija: Nogomet Tue, 31 May 2016 06:00:00 +0200  Malm\u00f6 \u2013 Slovenska nogometna reprezentanca sino\u010di na jugu \u0160vedske ni razo\u010darala. V prijateljski tekmi z udele\u017eenko evropskega prvenstva v Franciji se je uspe\u0161no borila s favoriziranim tekmecem, kar je dober obet pred generalko za septembrski za\u010detek bojev za Rusijo 2018. V nedeljo bo namre\u010d v Ljubljani gostovala \u0161e mo\u010dna reprezentanca Tur\u010dije. Slovenska nogometna javnost pred gostovanjem na jugu \u0160vedske ni pri\u010dakovala kdo ve kako veliko. Navija\u010di so pospremili mar\u010devsko akcijo z me\u0161animi ob\u010dutki, brez \u0161tevilnih odsotnih nosilcev igre (Oblak, Cesar, Birsa, Verbi\u010d &#8230;) pa so se sino\u010di Slovenci borili tudi proti tradiciji; prav nikomur od dosedanjih \u0161estih selektorjev \u0161e ni uspelo zmagati na skandinavski zemlji. Kljub uvrstitvi \u0160vedske na evropsko prvenstvo pa je goste pri\u010dakalo prijazno vzdu\u0161je, \u0160vedi niso napolnili idili\u010dnega \u0161tadiona za dobrih 20.000 navija\u010dev; zbralo se jih je\u00a0&#8230;<\/p>\n","protected":false},"author":1,"featured_media":0,"comment_status":"closed","ping_status":"closed","sticky":false,"template":"","format":"standard","meta":{"footnotes":""},"categories":[1179],"tags":[],"source":[4511],"supertag":[],"acf":[],"yoast_head":"<!-- This site is optimized with the Yoast SEO plugin v21.3 - https:\/\/yoast.com\/wordpress\/plugins\/seo\/ -->\n<title>Katanec na \u0160vedskem opravil \u0161e z eno tradicijo - Hudo Slovenija<\/title>\n<meta name=\"robots\" content=\"index, follow, max-snippet:-1, max-image-preview:large, max-video-preview:-1\" \/>\n<link rel=\"canonical\" href=\"https:\/\/hudo.com\/si\/aktualno\/katanec-na-svedskem-opravil-se-z-eno-tradicijo\/\" \/>\n<meta property=\"og:locale\" content=\"sl_SI\" \/>\n<meta property=\"og:type\" content=\"article\" \/>\n<meta property=\"og:title\" content=\"Katanec na \u0160vedskem opravil \u0161e z eno tradicijo - Hudo Slovenija\" \/>\n<meta property=\"og:description\" content=\"Kategorija: Nogomet Tue, 31 May 2016 06:00:00 +0200 Malm\u00f6 \u2013 Slovenska nogometna reprezentanca sino\u010di na jugu \u0160vedske ni razo\u010darala. V prijateljski tekmi z udele\u017eenko evropskega prvenstva v Franciji se je uspe\u0161no borila s favoriziranim tekmecem, kar je dober obet pred generalko za septembrski za\u010detek bojev za Rusijo 2018. V nedeljo bo namre\u010d v Ljubljani gostovala \u0161e mo\u010dna reprezentanca Tur\u010dije. Slovenska nogometna javnost pred gostovanjem na jugu \u0160vedske ni pri\u010dakovala kdo ve kako veliko. Navija\u010di so pospremili mar\u010devsko akcijo z me\u0161animi ob\u010dutki, brez \u0161tevilnih odsotnih nosilcev igre (Oblak, Cesar, Birsa, Verbi\u010d ...) pa so se sino\u010di Slovenci borili tudi proti tradiciji; prav nikomur od dosedanjih \u0161estih selektorjev \u0161e ni uspelo zmagati na skandinavski zemlji. Kljub uvrstitvi \u0160vedske na evropsko prvenstvo pa je goste pri\u010dakalo prijazno vzdu\u0161je, \u0160vedi niso napolnili idili\u010dnega \u0161tadiona za dobrih 20.000 navija\u010dev; zbralo se jih je\u00a0...\" \/>\n<meta property=\"og:url\" content=\"https:\/\/hudo.com\/si\/aktualno\/katanec-na-svedskem-opravil-se-z-eno-tradicijo\/\" \/>\n<meta property=\"og:site_name\" content=\"Hudo Slovenija\" \/>\n<meta property=\"article:publisher\" content=\"https:\/\/www.facebook.com\/hudo.si\" \/>\n<meta property=\"article:published_time\" content=\"2016-05-31T02:00:00+00:00\" \/>\n<meta property=\"article:modified_time\" content=\"2016-05-31T22:36:07+00:00\" \/>\n<meta property=\"og:image\" content=\"https:\/\/hudo.com\/si\/wp-content\/uploads\/sites\/2\/2016\/05\/480x290_AP_Pictures-20160530200945-01416100.jpeg\" \/>\n\t<meta property=\"og:image:width\" content=\"480\" \/>\n\t<meta property=\"og:image:height\" content=\"290\" \/>\n\t<meta property=\"og:image:type\" content=\"image\/jpeg\" \/>\n<meta name=\"author\" content=\"hudo\" \/>\n<meta name=\"twitter:card\" content=\"summary_large_image\" \/>\n<meta name=\"twitter:creator\" content=\"@hudo_si\" \/>\n<meta name=\"twitter:site\" content=\"@hudo_si\" \/>\n<meta name=\"twitter:label1\" content=\"Written by\" \/>\n\t<meta name=\"twitter:data1\" content=\"hudo\" \/>\n\t<meta name=\"twitter:label2\" content=\"Est. reading time\" \/>\n\t<meta name=\"twitter:data2\" content=\"1 minuta\" \/>\n<script type=\"application\/ld+json\" class=\"yoast-schema-graph\">{\"@context\":\"https:\/\/schema.org\",\"@graph\":[{\"@type\":\"Article\",\"@id\":\"https:\/\/hudo.com\/si\/aktualno\/katanec-na-svedskem-opravil-se-z-eno-tradicijo\/#article\",\"isPartOf\":{\"@id\":\"https:\/\/hudo.com\/si\/aktualno\/katanec-na-svedskem-opravil-se-z-eno-tradicijo\/\"},\"author\":{\"name\":\"hudo\",\"@id\":\"https:\/\/hudo.com\/si\/#\/schema\/person\/601cf3379633985b20f7e50f2bb47707\"},\"headline\":\"Katanec na \u0160vedskem opravil \u0161e z eno tradicijo\",\"datePublished\":\"2016-05-31T02:00:00+00:00\",\"dateModified\":\"2016-05-31T22:36:07+00:00\",\"mainEntityOfPage\":{\"@id\":\"https:\/\/hudo.com\/si\/aktualno\/katanec-na-svedskem-opravil-se-z-eno-tradicijo\/\"},\"wordCount\":155,\"publisher\":{\"@id\":\"https:\/\/hudo.com\/si\/#organization\"},\"articleSection\":[\"Aktualno\"],\"inLanguage\":\"sl-SI\"},{\"@type\":\"WebPage\",\"@id\":\"https:\/\/hudo.com\/si\/aktualno\/katanec-na-svedskem-opravil-se-z-eno-tradicijo\/\",\"url\":\"https:\/\/hudo.com\/si\/aktualno\/katanec-na-svedskem-opravil-se-z-eno-tradicijo\/\",\"name\":\"Katanec na \u0160vedskem opravil \u0161e z eno tradicijo - Hudo Slovenija\",\"isPartOf\":{\"@id\":\"https:\/\/hudo.com\/si\/#website\"},\"datePublished\":\"2016-05-31T02:00:00+00:00\",\"dateModified\":\"2016-05-31T22:36:07+00:00\",\"breadcrumb\":{\"@id\":\"https:\/\/hudo.com\/si\/aktualno\/katanec-na-svedskem-opravil-se-z-eno-tradicijo\/#breadcrumb\"},\"inLanguage\":\"sl-SI\",\"potentialAction\":[{\"@type\":\"ReadAction\",\"target\":[\"https:\/\/hudo.com\/si\/aktualno\/katanec-na-svedskem-opravil-se-z-eno-tradicijo\/\"]}]},{\"@type\":\"BreadcrumbList\",\"@id\":\"https:\/\/hudo.com\/si\/aktualno\/katanec-na-svedskem-opravil-se-z-eno-tradicijo\/#breadcrumb\",\"itemListElement\":[{\"@type\":\"ListItem\",\"position\":1,\"name\":\"Home\",\"item\":\"https:\/\/hudo.com\/si\/\"},{\"@type\":\"ListItem\",\"position\":2,\"name\":\"Katanec na \u0160vedskem opravil \u0161e z eno tradicijo\"}]},{\"@type\":\"WebSite\",\"@id\":\"https:\/\/hudo.com\/si\/#website\",\"url\":\"https:\/\/hudo.com\/si\/\",\"name\":\"Hudo Slovenija\",\"description\":\"Vse novice iz Slovenije in sveta\",\"publisher\":{\"@id\":\"https:\/\/hudo.com\/si\/#organization\"},\"potentialAction\":[{\"@type\":\"SearchAction\",\"target\":{\"@type\":\"EntryPoint\",\"urlTemplate\":\"https:\/\/hudo.com\/si\/?s={search_term_string}\"},\"query-input\":\"required name=search_term_string\"}],\"inLanguage\":\"sl-SI\"},{\"@type\":\"Organization\",\"@id\":\"https:\/\/hudo.com\/si\/#organization\",\"name\":\"VSN Media\",\"url\":\"https:\/\/hudo.com\/si\/\",\"logo\":{\"@type\":\"ImageObject\",\"inLanguage\":\"sl-SI\",\"@id\":\"https:\/\/hudo.com\/si\/#\/schema\/logo\/image\/\",\"url\":\"https:\/\/hudo.com\/si\/wp-content\/uploads\/sites\/2\/2021\/03\/hudo-app-2.png\",\"contentUrl\":\"https:\/\/hudo.com\/si\/wp-content\/uploads\/sites\/2\/2021\/03\/hudo-app-2.png\",\"width\":2185,\"height\":2167,\"caption\":\"VSN Media\"},\"image\":{\"@id\":\"https:\/\/hudo.com\/si\/#\/schema\/logo\/image\/\"},\"sameAs\":[\"https:\/\/www.facebook.com\/hudo.si\",\"https:\/\/twitter.com\/hudo_si\"]},{\"@type\":\"Person\",\"@id\":\"https:\/\/hudo.com\/si\/#\/schema\/person\/601cf3379633985b20f7e50f2bb47707\",\"name\":\"hudo\",\"image\":{\"@type\":\"ImageObject\",\"inLanguage\":\"sl-SI\",\"@id\":\"https:\/\/hudo.com\/si\/#\/schema\/person\/image\/\",\"url\":\"https:\/\/secure.gravatar.com\/avatar\/c4ca25fa72cace7a696b52ff5db9e095?s=96&d=mm&r=g\",\"contentUrl\":\"https:\/\/secure.gravatar.com\/avatar\/c4ca25fa72cace7a696b52ff5db9e095?s=96&d=mm&r=g\",\"caption\":\"hudo\"},\"url\":\"https:\/\/hudo.com\/si\/author\/hudo\/\"}]}<\/script>\n<!-- \/ Yoast SEO plugin. -->","yoast_head_json":{"title":"Katanec na \u0160vedskem opravil \u0161e z eno tradicijo - Hudo Slovenija","robots":{"index":"index","follow":"follow","max-snippet":"max-snippet:-1","max-image-preview":"max-image-preview:large","max-video-preview":"max-video-preview:-1"},"canonical":"https:\/\/hudo.com\/si\/aktualno\/katanec-na-svedskem-opravil-se-z-eno-tradicijo\/","og_locale":"sl_SI","og_type":"article","og_title":"Katanec na \u0160vedskem opravil \u0161e z eno tradicijo - Hudo Slovenija","og_description":"Kategorija: Nogomet Tue, 31 May 2016 06:00:00 +0200 Malm\u00f6 \u2013 Slovenska nogometna reprezentanca sino\u010di na jugu \u0160vedske ni razo\u010darala. V prijateljski tekmi z udele\u017eenko evropskega prvenstva v Franciji se je uspe\u0161no borila s favoriziranim tekmecem, kar je dober obet pred generalko za septembrski za\u010detek bojev za Rusijo 2018. V nedeljo bo namre\u010d v Ljubljani gostovala \u0161e mo\u010dna reprezentanca Tur\u010dije. Slovenska nogometna javnost pred gostovanjem na jugu \u0160vedske ni pri\u010dakovala kdo ve kako veliko. Navija\u010di so pospremili mar\u010devsko akcijo z me\u0161animi ob\u010dutki, brez \u0161tevilnih odsotnih nosilcev igre (Oblak, Cesar, Birsa, Verbi\u010d ...) pa so se sino\u010di Slovenci borili tudi proti tradiciji; prav nikomur od dosedanjih \u0161estih selektorjev \u0161e ni uspelo zmagati na skandinavski zemlji. Kljub uvrstitvi \u0160vedske na evropsko prvenstvo pa je goste pri\u010dakalo prijazno vzdu\u0161je, \u0160vedi niso napolnili idili\u010dnega \u0161tadiona za dobrih 20.000 navija\u010dev; zbralo se jih je\u00a0...","og_url":"https:\/\/hudo.com\/si\/aktualno\/katanec-na-svedskem-opravil-se-z-eno-tradicijo\/","og_site_name":"Hudo Slovenija","article_publisher":"https:\/\/www.facebook.com\/hudo.si","article_published_time":"2016-05-31T02:00:00+00:00","article_modified_time":"2016-05-31T22:36:07+00:00","og_image":[{"width":480,"height":290,"url":"https:\/\/hudo.com\/si\/wp-content\/uploads\/sites\/2\/2016\/05\/480x290_AP_Pictures-20160530200945-01416100.jpeg","type":"image\/jpeg"}],"author":"hudo","twitter_card":"summary_large_image","twitter_creator":"@hudo_si","twitter_site":"@hudo_si","twitter_misc":{"Written by":"hudo","Est. reading time":"1 minuta"},"schema":{"@context":"https:\/\/schema.org","@graph":[{"@type":"Article","@id":"https:\/\/hudo.com\/si\/aktualno\/katanec-na-svedskem-opravil-se-z-eno-tradicijo\/#article","isPartOf":{"@id":"https:\/\/hudo.com\/si\/aktualno\/katanec-na-svedskem-opravil-se-z-eno-tradicijo\/"},"author":{"name":"hudo","@id":"https:\/\/hudo.com\/si\/#\/schema\/person\/601cf3379633985b20f7e50f2bb47707"},"headline":"Katanec na \u0160vedskem opravil \u0161e z eno tradicijo","datePublished":"2016-05-31T02:00:00+00:00","dateModified":"2016-05-31T22:36:07+00:00","mainEntityOfPage":{"@id":"https:\/\/hudo.com\/si\/aktualno\/katanec-na-svedskem-opravil-se-z-eno-tradicijo\/"},"wordCount":155,"publisher":{"@id":"https:\/\/hudo.com\/si\/#organization"},"articleSection":["Aktualno"],"inLanguage":"sl-SI"},{"@type":"WebPage","@id":"https:\/\/hudo.com\/si\/aktualno\/katanec-na-svedskem-opravil-se-z-eno-tradicijo\/","url":"https:\/\/hudo.com\/si\/aktualno\/katanec-na-svedskem-opravil-se-z-eno-tradicijo\/","name":"Katanec na \u0160vedskem opravil \u0161e z eno tradicijo - Hudo Slovenija","isPartOf":{"@id":"https:\/\/hudo.com\/si\/#website"},"datePublished":"2016-05-31T02:00:00+00:00","dateModified":"2016-05-31T22:36:07+00:00","breadcrumb":{"@id":"https:\/\/hudo.com\/si\/aktualno\/katanec-na-svedskem-opravil-se-z-eno-tradicijo\/#breadcrumb"},"inLanguage":"sl-SI","potentialAction":[{"@type":"ReadAction","target":["https:\/\/hudo.com\/si\/aktualno\/katanec-na-svedskem-opravil-se-z-eno-tradicijo\/"]}]},{"@type":"BreadcrumbList","@id":"https:\/\/hudo.com\/si\/aktualno\/katanec-na-svedskem-opravil-se-z-eno-tradicijo\/#breadcrumb","itemListElement":[{"@type":"ListItem","position":1,"name":"Home","item":"https:\/\/hudo.com\/si\/"},{"@type":"ListItem","position":2,"name":"Katanec na \u0160vedskem opravil \u0161e z eno tradicijo"}]},{"@type":"WebSite","@id":"https:\/\/hudo.com\/si\/#website","url":"https:\/\/hudo.com\/si\/","name":"Hudo Slovenija","description":"Vse novice iz Slovenije in sveta","publisher":{"@id":"https:\/\/hudo.com\/si\/#organization"},"potentialAction":[{"@type":"SearchAction","target":{"@type":"EntryPoint","urlTemplate":"https:\/\/hudo.com\/si\/?s={search_term_string}"},"query-input":"required name=search_term_string"}],"inLanguage":"sl-SI"},{"@type":"Organization","@id":"https:\/\/hudo.com\/si\/#organization","name":"VSN Media","url":"https:\/\/hudo.com\/si\/","logo":{"@type":"ImageObject","inLanguage":"sl-SI","@id":"https:\/\/hudo.com\/si\/#\/schema\/logo\/image\/","url":"https:\/\/hudo.com\/si\/wp-content\/uploads\/sites\/2\/2021\/03\/hudo-app-2.png","contentUrl":"https:\/\/hudo.com\/si\/wp-content\/uploads\/sites\/2\/2021\/03\/hudo-app-2.png","width":2185,"height":2167,"caption":"VSN Media"},"image":{"@id":"https:\/\/hudo.com\/si\/#\/schema\/logo\/image\/"},"sameAs":["https:\/\/www.facebook.com\/hudo.si","https:\/\/twitter.com\/hudo_si"]},{"@type":"Person","@id":"https:\/\/hudo.com\/si\/#\/schema\/person\/601cf3379633985b20f7e50f2bb47707","name":"hudo","image":{"@type":"ImageObject","inLanguage":"sl-SI","@id":"https:\/\/hudo.com\/si\/#\/schema\/person\/image\/","url":"https:\/\/secure.gravatar.com\/avatar\/c4ca25fa72cace7a696b52ff5db9e095?s=96&d=mm&r=g","contentUrl":"https:\/\/secure.gravatar.com\/avatar\/c4ca25fa72cace7a696b52ff5db9e095?s=96&d=mm&r=g","caption":"hudo"},"url":"https:\/\/hudo.com\/si\/author\/hudo\/"}]}},"amp_enabled":true,"_links":{"self":[{"href":"https:\/\/hudo.com\/si\/wp-json\/wp\/v2\/posts\/65119"}],"collection":[{"href":"https:\/\/hudo.com\/si\/wp-json\/wp\/v2\/posts"}],"about":[{"href":"https:\/\/hudo.com\/si\/wp-json\/wp\/v2\/types\/post"}],"author":[{"embeddable":true,"href":"https:\/\/hudo.com\/si\/wp-json\/wp\/v2\/users\/1"}],"replies":[{"embeddable":true,"href":"https:\/\/hudo.com\/si\/wp-json\/wp\/v2\/comments?post=65119"}],"version-history":[{"count":1,"href":"https:\/\/hudo.com\/si\/wp-json\/wp\/v2\/posts\/65119\/revisions"}],"predecessor-version":[{"id":65195,"href":"https:\/\/hudo.com\/si\/wp-json\/wp\/v2\/posts\/65119\/revisions\/65195"}],"wp:attachment":[{"href":"https:\/\/hudo.com\/si\/wp-json\/wp\/v2\/media?parent=65119"}],"wp:term":[{"taxonomy":"category","embeddable":true,"href":"https:\/\/hudo.com\/si\/wp-json\/wp\/v2\/categories?post=65119"},{"taxonomy":"post_tag","embeddable":true,"href":"https:\/\/hudo.com\/si\/wp-json\/wp\/v2\/tags?post=65119"},{"taxonomy":"source","embeddable":true,"href":"https:\/\/hudo.com\/si\/wp-json\/wp\/v2\/source?post=65119"},{"taxonomy":"supertag","embeddable":true,"href":"https:\/\/hudo.com\/si\/wp-json\/wp\/v2\/supertag?post=65119"}],"curies":[{"name":"wp","href":"https:\/\/api.w.org\/{rel}","templated":true}]}}