{"id":65169,"date":"2016-05-31T05:05:00","date_gmt":"2016-05-31T03:05:00","guid":{"rendered":"http:\/\/hudo.com\/si\/2016\/05\/31\/kriznar-nikoli-in-nikamor-vec-sam\/"},"modified":"2016-06-01T00:17:42","modified_gmt":"2016-05-31T22:17:42","slug":"kriznar-nikoli-in-nikamor-vec-sam","status":"publish","type":"post","link":"https:\/\/hudo.com\/si\/aktualno\/kriznar-nikoli-in-nikamor-vec-sam\/","title":{"rendered":"Kri\u017enar: \u00bbNikoli in nikamor ve\u010d sam\u00ab"},"content":{"rendered":"<p>Kategorija: Slovenija Tue, 31 May 2016 07:05:00 +0200  Benetke &#8211; Tomo Kri\u017enar je sino\u010di, nekaj minut po 23. uri prispel na bene\u0161ko letali\u0161\u010de Marco Polo, komaj dva dni za tem, ko je bil izpu\u0161\u010den iz ju\u017enosudanskega zapora, kjer je v te\u017ekih razmerah bival od 19. maja. Aktivista in borca za \u010dlovekove pravice je na letali\u0161\u010du pri\u010dakala njegova soproga Bojana Pivk Kri\u017enar, oba pa sta bila ob te\u017eko pri\u010dakovanem snidenju vidno zadovoljna nad sre\u010dnim razpletom. S Kri\u017enarjevim prihodom v Benetke se je tudi uradno zaklju\u010dilo njegovo re\u0161evanje, ki se je za\u010delo kmalu po njegovi aretaciji na severu Ju\u017enega Sudana. Sicer razpolo\u017eeni Kri\u017enar, ki je bil v preteklosti \u017ee nekajkrat zaprt, je med odgovarjanjem na novinarska vpra\u0161anja priznal, da je bila tokratna izku\u0161nja te\u017eja od prej\u0161njih. \u00bbSvet se je v zadnjih desetih letih \u0161e bolj predal strahu\u00ab, je poudaril. \u00bbRavno zaradi\u00a0&#8230;<\/p>\n","protected":false},"excerpt":{"rendered":"<p>Kategorija: Slovenija Tue, 31 May 2016 07:05:00 +0200  Benetke &#8211; Tomo Kri\u017enar je sino\u010di, nekaj minut po 23. uri prispel na bene\u0161ko letali\u0161\u010de Marco Polo, komaj dva dni za tem, ko je bil izpu\u0161\u010den iz ju\u017enosudanskega zapora, kjer je v te\u017ekih razmerah bival od 19. maja. Aktivista in borca za \u010dlovekove pravice je na letali\u0161\u010du pri\u010dakala njegova soproga Bojana Pivk Kri\u017enar, oba pa sta bila ob te\u017eko pri\u010dakovanem snidenju vidno zadovoljna nad sre\u010dnim razpletom. S Kri\u017enarjevim prihodom v Benetke se je tudi uradno zaklju\u010dilo njegovo re\u0161evanje, ki se je za\u010delo kmalu po njegovi aretaciji na severu Ju\u017enega Sudana. Sicer razpolo\u017eeni Kri\u017enar, ki je bil v preteklosti \u017ee nekajkrat zaprt, je med odgovarjanjem na novinarska vpra\u0161anja priznal, da je bila tokratna izku\u0161nja te\u017eja od prej\u0161njih. \u00bbSvet se je v zadnjih desetih letih \u0161e bolj predal strahu\u00ab, je poudaril. \u00bbRavno zaradi\u00a0&#8230;<\/p>\n","protected":false},"author":1,"featured_media":0,"comment_status":"closed","ping_status":"closed","sticky":false,"template":"","format":"standard","meta":{"footnotes":""},"categories":[1179],"tags":[],"source":[4511],"supertag":[],"acf":[],"yoast_head":"<!-- This site is optimized with the Yoast SEO plugin v21.3 - https:\/\/yoast.com\/wordpress\/plugins\/seo\/ -->\n<title>Kri\u017enar: \u00bbNikoli in nikamor ve\u010d sam\u00ab - Hudo Slovenija<\/title>\n<meta name=\"robots\" content=\"index, follow, max-snippet:-1, max-image-preview:large, max-video-preview:-1\" \/>\n<link rel=\"canonical\" href=\"https:\/\/hudo.com\/si\/aktualno\/kriznar-nikoli-in-nikamor-vec-sam\/\" \/>\n<meta property=\"og:locale\" content=\"sl_SI\" \/>\n<meta property=\"og:type\" content=\"article\" \/>\n<meta property=\"og:title\" content=\"Kri\u017enar: \u00bbNikoli in nikamor ve\u010d sam\u00ab - Hudo Slovenija\" \/>\n<meta property=\"og:description\" content=\"Kategorija: Slovenija Tue, 31 May 2016 07:05:00 +0200 Benetke - Tomo Kri\u017enar je sino\u010di, nekaj minut po 23. uri prispel na bene\u0161ko letali\u0161\u010de Marco Polo, komaj dva dni za tem, ko je bil izpu\u0161\u010den iz ju\u017enosudanskega zapora, kjer je v te\u017ekih razmerah bival od 19. maja. Aktivista in borca za \u010dlovekove pravice je na letali\u0161\u010du pri\u010dakala njegova soproga Bojana Pivk Kri\u017enar, oba pa sta bila ob te\u017eko pri\u010dakovanem snidenju vidno zadovoljna nad sre\u010dnim razpletom. S Kri\u017enarjevim prihodom v Benetke se je tudi uradno zaklju\u010dilo njegovo re\u0161evanje, ki se je za\u010delo kmalu po njegovi aretaciji na severu Ju\u017enega Sudana. Sicer razpolo\u017eeni Kri\u017enar, ki je bil v preteklosti \u017ee nekajkrat zaprt, je med odgovarjanjem na novinarska vpra\u0161anja priznal, da je bila tokratna izku\u0161nja te\u017eja od prej\u0161njih. \u00bbSvet se je v zadnjih desetih letih \u0161e bolj predal strahu\u00ab, je poudaril. \u00bbRavno zaradi\u00a0...\" \/>\n<meta property=\"og:url\" content=\"https:\/\/hudo.com\/si\/aktualno\/kriznar-nikoli-in-nikamor-vec-sam\/\" \/>\n<meta property=\"og:site_name\" content=\"Hudo Slovenija\" \/>\n<meta property=\"article:publisher\" content=\"https:\/\/www.facebook.com\/hudo.si\" \/>\n<meta property=\"article:published_time\" content=\"2016-05-31T03:05:00+00:00\" \/>\n<meta property=\"article:modified_time\" content=\"2016-05-31T22:17:42+00:00\" \/>\n<meta property=\"og:image\" content=\"https:\/\/hudo.com\/si\/wp-content\/uploads\/sites\/2\/2016\/05\/480x290_Delo_Foto-20160530235211-70320400.jpeg\" \/>\n\t<meta property=\"og:image:width\" content=\"480\" \/>\n\t<meta property=\"og:image:height\" content=\"290\" \/>\n\t<meta property=\"og:image:type\" content=\"image\/jpeg\" \/>\n<meta name=\"author\" content=\"hudo\" \/>\n<meta name=\"twitter:card\" content=\"summary_large_image\" \/>\n<meta name=\"twitter:creator\" content=\"@hudo_si\" \/>\n<meta name=\"twitter:site\" content=\"@hudo_si\" \/>\n<meta name=\"twitter:label1\" content=\"Written by\" \/>\n\t<meta name=\"twitter:data1\" content=\"hudo\" \/>\n\t<meta name=\"twitter:label2\" content=\"Est. reading time\" \/>\n\t<meta name=\"twitter:data2\" content=\"1 minuta\" \/>\n<script type=\"application\/ld+json\" class=\"yoast-schema-graph\">{\"@context\":\"https:\/\/schema.org\",\"@graph\":[{\"@type\":\"Article\",\"@id\":\"https:\/\/hudo.com\/si\/aktualno\/kriznar-nikoli-in-nikamor-vec-sam\/#article\",\"isPartOf\":{\"@id\":\"https:\/\/hudo.com\/si\/aktualno\/kriznar-nikoli-in-nikamor-vec-sam\/\"},\"author\":{\"name\":\"hudo\",\"@id\":\"https:\/\/hudo.com\/si\/#\/schema\/person\/601cf3379633985b20f7e50f2bb47707\"},\"headline\":\"Kri\u017enar: \u00bbNikoli in nikamor ve\u010d sam\u00ab\",\"datePublished\":\"2016-05-31T03:05:00+00:00\",\"dateModified\":\"2016-05-31T22:17:42+00:00\",\"mainEntityOfPage\":{\"@id\":\"https:\/\/hudo.com\/si\/aktualno\/kriznar-nikoli-in-nikamor-vec-sam\/\"},\"wordCount\":164,\"publisher\":{\"@id\":\"https:\/\/hudo.com\/si\/#organization\"},\"articleSection\":[\"Aktualno\"],\"inLanguage\":\"sl-SI\"},{\"@type\":\"WebPage\",\"@id\":\"https:\/\/hudo.com\/si\/aktualno\/kriznar-nikoli-in-nikamor-vec-sam\/\",\"url\":\"https:\/\/hudo.com\/si\/aktualno\/kriznar-nikoli-in-nikamor-vec-sam\/\",\"name\":\"Kri\u017enar: \u00bbNikoli in nikamor ve\u010d sam\u00ab - Hudo Slovenija\",\"isPartOf\":{\"@id\":\"https:\/\/hudo.com\/si\/#website\"},\"datePublished\":\"2016-05-31T03:05:00+00:00\",\"dateModified\":\"2016-05-31T22:17:42+00:00\",\"breadcrumb\":{\"@id\":\"https:\/\/hudo.com\/si\/aktualno\/kriznar-nikoli-in-nikamor-vec-sam\/#breadcrumb\"},\"inLanguage\":\"sl-SI\",\"potentialAction\":[{\"@type\":\"ReadAction\",\"target\":[\"https:\/\/hudo.com\/si\/aktualno\/kriznar-nikoli-in-nikamor-vec-sam\/\"]}]},{\"@type\":\"BreadcrumbList\",\"@id\":\"https:\/\/hudo.com\/si\/aktualno\/kriznar-nikoli-in-nikamor-vec-sam\/#breadcrumb\",\"itemListElement\":[{\"@type\":\"ListItem\",\"position\":1,\"name\":\"Home\",\"item\":\"https:\/\/hudo.com\/si\/\"},{\"@type\":\"ListItem\",\"position\":2,\"name\":\"Kri\u017enar: \u00bbNikoli in nikamor ve\u010d sam\u00ab\"}]},{\"@type\":\"WebSite\",\"@id\":\"https:\/\/hudo.com\/si\/#website\",\"url\":\"https:\/\/hudo.com\/si\/\",\"name\":\"Hudo Slovenija\",\"description\":\"Vse novice iz Slovenije in sveta\",\"publisher\":{\"@id\":\"https:\/\/hudo.com\/si\/#organization\"},\"potentialAction\":[{\"@type\":\"SearchAction\",\"target\":{\"@type\":\"EntryPoint\",\"urlTemplate\":\"https:\/\/hudo.com\/si\/?s={search_term_string}\"},\"query-input\":\"required name=search_term_string\"}],\"inLanguage\":\"sl-SI\"},{\"@type\":\"Organization\",\"@id\":\"https:\/\/hudo.com\/si\/#organization\",\"name\":\"VSN Media\",\"url\":\"https:\/\/hudo.com\/si\/\",\"logo\":{\"@type\":\"ImageObject\",\"inLanguage\":\"sl-SI\",\"@id\":\"https:\/\/hudo.com\/si\/#\/schema\/logo\/image\/\",\"url\":\"https:\/\/hudo.com\/si\/wp-content\/uploads\/sites\/2\/2021\/03\/hudo-app-2.png\",\"contentUrl\":\"https:\/\/hudo.com\/si\/wp-content\/uploads\/sites\/2\/2021\/03\/hudo-app-2.png\",\"width\":2185,\"height\":2167,\"caption\":\"VSN Media\"},\"image\":{\"@id\":\"https:\/\/hudo.com\/si\/#\/schema\/logo\/image\/\"},\"sameAs\":[\"https:\/\/www.facebook.com\/hudo.si\",\"https:\/\/twitter.com\/hudo_si\"]},{\"@type\":\"Person\",\"@id\":\"https:\/\/hudo.com\/si\/#\/schema\/person\/601cf3379633985b20f7e50f2bb47707\",\"name\":\"hudo\",\"image\":{\"@type\":\"ImageObject\",\"inLanguage\":\"sl-SI\",\"@id\":\"https:\/\/hudo.com\/si\/#\/schema\/person\/image\/\",\"url\":\"https:\/\/secure.gravatar.com\/avatar\/c4ca25fa72cace7a696b52ff5db9e095?s=96&d=mm&r=g\",\"contentUrl\":\"https:\/\/secure.gravatar.com\/avatar\/c4ca25fa72cace7a696b52ff5db9e095?s=96&d=mm&r=g\",\"caption\":\"hudo\"},\"url\":\"https:\/\/hudo.com\/si\/author\/hudo\/\"}]}<\/script>\n<!-- \/ Yoast SEO plugin. -->","yoast_head_json":{"title":"Kri\u017enar: \u00bbNikoli in nikamor ve\u010d sam\u00ab - Hudo Slovenija","robots":{"index":"index","follow":"follow","max-snippet":"max-snippet:-1","max-image-preview":"max-image-preview:large","max-video-preview":"max-video-preview:-1"},"canonical":"https:\/\/hudo.com\/si\/aktualno\/kriznar-nikoli-in-nikamor-vec-sam\/","og_locale":"sl_SI","og_type":"article","og_title":"Kri\u017enar: \u00bbNikoli in nikamor ve\u010d sam\u00ab - Hudo Slovenija","og_description":"Kategorija: Slovenija Tue, 31 May 2016 07:05:00 +0200 Benetke - Tomo Kri\u017enar je sino\u010di, nekaj minut po 23. uri prispel na bene\u0161ko letali\u0161\u010de Marco Polo, komaj dva dni za tem, ko je bil izpu\u0161\u010den iz ju\u017enosudanskega zapora, kjer je v te\u017ekih razmerah bival od 19. maja. Aktivista in borca za \u010dlovekove pravice je na letali\u0161\u010du pri\u010dakala njegova soproga Bojana Pivk Kri\u017enar, oba pa sta bila ob te\u017eko pri\u010dakovanem snidenju vidno zadovoljna nad sre\u010dnim razpletom. S Kri\u017enarjevim prihodom v Benetke se je tudi uradno zaklju\u010dilo njegovo re\u0161evanje, ki se je za\u010delo kmalu po njegovi aretaciji na severu Ju\u017enega Sudana. Sicer razpolo\u017eeni Kri\u017enar, ki je bil v preteklosti \u017ee nekajkrat zaprt, je med odgovarjanjem na novinarska vpra\u0161anja priznal, da je bila tokratna izku\u0161nja te\u017eja od prej\u0161njih. \u00bbSvet se je v zadnjih desetih letih \u0161e bolj predal strahu\u00ab, je poudaril. \u00bbRavno zaradi\u00a0...","og_url":"https:\/\/hudo.com\/si\/aktualno\/kriznar-nikoli-in-nikamor-vec-sam\/","og_site_name":"Hudo Slovenija","article_publisher":"https:\/\/www.facebook.com\/hudo.si","article_published_time":"2016-05-31T03:05:00+00:00","article_modified_time":"2016-05-31T22:17:42+00:00","og_image":[{"width":480,"height":290,"url":"https:\/\/hudo.com\/si\/wp-content\/uploads\/sites\/2\/2016\/05\/480x290_Delo_Foto-20160530235211-70320400.jpeg","type":"image\/jpeg"}],"author":"hudo","twitter_card":"summary_large_image","twitter_creator":"@hudo_si","twitter_site":"@hudo_si","twitter_misc":{"Written by":"hudo","Est. reading time":"1 minuta"},"schema":{"@context":"https:\/\/schema.org","@graph":[{"@type":"Article","@id":"https:\/\/hudo.com\/si\/aktualno\/kriznar-nikoli-in-nikamor-vec-sam\/#article","isPartOf":{"@id":"https:\/\/hudo.com\/si\/aktualno\/kriznar-nikoli-in-nikamor-vec-sam\/"},"author":{"name":"hudo","@id":"https:\/\/hudo.com\/si\/#\/schema\/person\/601cf3379633985b20f7e50f2bb47707"},"headline":"Kri\u017enar: \u00bbNikoli in nikamor ve\u010d sam\u00ab","datePublished":"2016-05-31T03:05:00+00:00","dateModified":"2016-05-31T22:17:42+00:00","mainEntityOfPage":{"@id":"https:\/\/hudo.com\/si\/aktualno\/kriznar-nikoli-in-nikamor-vec-sam\/"},"wordCount":164,"publisher":{"@id":"https:\/\/hudo.com\/si\/#organization"},"articleSection":["Aktualno"],"inLanguage":"sl-SI"},{"@type":"WebPage","@id":"https:\/\/hudo.com\/si\/aktualno\/kriznar-nikoli-in-nikamor-vec-sam\/","url":"https:\/\/hudo.com\/si\/aktualno\/kriznar-nikoli-in-nikamor-vec-sam\/","name":"Kri\u017enar: \u00bbNikoli in nikamor ve\u010d sam\u00ab - Hudo Slovenija","isPartOf":{"@id":"https:\/\/hudo.com\/si\/#website"},"datePublished":"2016-05-31T03:05:00+00:00","dateModified":"2016-05-31T22:17:42+00:00","breadcrumb":{"@id":"https:\/\/hudo.com\/si\/aktualno\/kriznar-nikoli-in-nikamor-vec-sam\/#breadcrumb"},"inLanguage":"sl-SI","potentialAction":[{"@type":"ReadAction","target":["https:\/\/hudo.com\/si\/aktualno\/kriznar-nikoli-in-nikamor-vec-sam\/"]}]},{"@type":"BreadcrumbList","@id":"https:\/\/hudo.com\/si\/aktualno\/kriznar-nikoli-in-nikamor-vec-sam\/#breadcrumb","itemListElement":[{"@type":"ListItem","position":1,"name":"Home","item":"https:\/\/hudo.com\/si\/"},{"@type":"ListItem","position":2,"name":"Kri\u017enar: \u00bbNikoli in nikamor ve\u010d sam\u00ab"}]},{"@type":"WebSite","@id":"https:\/\/hudo.com\/si\/#website","url":"https:\/\/hudo.com\/si\/","name":"Hudo Slovenija","description":"Vse novice iz Slovenije in sveta","publisher":{"@id":"https:\/\/hudo.com\/si\/#organization"},"potentialAction":[{"@type":"SearchAction","target":{"@type":"EntryPoint","urlTemplate":"https:\/\/hudo.com\/si\/?s={search_term_string}"},"query-input":"required name=search_term_string"}],"inLanguage":"sl-SI"},{"@type":"Organization","@id":"https:\/\/hudo.com\/si\/#organization","name":"VSN Media","url":"https:\/\/hudo.com\/si\/","logo":{"@type":"ImageObject","inLanguage":"sl-SI","@id":"https:\/\/hudo.com\/si\/#\/schema\/logo\/image\/","url":"https:\/\/hudo.com\/si\/wp-content\/uploads\/sites\/2\/2021\/03\/hudo-app-2.png","contentUrl":"https:\/\/hudo.com\/si\/wp-content\/uploads\/sites\/2\/2021\/03\/hudo-app-2.png","width":2185,"height":2167,"caption":"VSN Media"},"image":{"@id":"https:\/\/hudo.com\/si\/#\/schema\/logo\/image\/"},"sameAs":["https:\/\/www.facebook.com\/hudo.si","https:\/\/twitter.com\/hudo_si"]},{"@type":"Person","@id":"https:\/\/hudo.com\/si\/#\/schema\/person\/601cf3379633985b20f7e50f2bb47707","name":"hudo","image":{"@type":"ImageObject","inLanguage":"sl-SI","@id":"https:\/\/hudo.com\/si\/#\/schema\/person\/image\/","url":"https:\/\/secure.gravatar.com\/avatar\/c4ca25fa72cace7a696b52ff5db9e095?s=96&d=mm&r=g","contentUrl":"https:\/\/secure.gravatar.com\/avatar\/c4ca25fa72cace7a696b52ff5db9e095?s=96&d=mm&r=g","caption":"hudo"},"url":"https:\/\/hudo.com\/si\/author\/hudo\/"}]}},"amp_enabled":true,"_links":{"self":[{"href":"https:\/\/hudo.com\/si\/wp-json\/wp\/v2\/posts\/65169"}],"collection":[{"href":"https:\/\/hudo.com\/si\/wp-json\/wp\/v2\/posts"}],"about":[{"href":"https:\/\/hudo.com\/si\/wp-json\/wp\/v2\/types\/post"}],"author":[{"embeddable":true,"href":"https:\/\/hudo.com\/si\/wp-json\/wp\/v2\/users\/1"}],"replies":[{"embeddable":true,"href":"https:\/\/hudo.com\/si\/wp-json\/wp\/v2\/comments?post=65169"}],"version-history":[{"count":1,"href":"https:\/\/hudo.com\/si\/wp-json\/wp\/v2\/posts\/65169\/revisions"}],"predecessor-version":[{"id":65389,"href":"https:\/\/hudo.com\/si\/wp-json\/wp\/v2\/posts\/65169\/revisions\/65389"}],"wp:attachment":[{"href":"https:\/\/hudo.com\/si\/wp-json\/wp\/v2\/media?parent=65169"}],"wp:term":[{"taxonomy":"category","embeddable":true,"href":"https:\/\/hudo.com\/si\/wp-json\/wp\/v2\/categories?post=65169"},{"taxonomy":"post_tag","embeddable":true,"href":"https:\/\/hudo.com\/si\/wp-json\/wp\/v2\/tags?post=65169"},{"taxonomy":"source","embeddable":true,"href":"https:\/\/hudo.com\/si\/wp-json\/wp\/v2\/source?post=65169"},{"taxonomy":"supertag","embeddable":true,"href":"https:\/\/hudo.com\/si\/wp-json\/wp\/v2\/supertag?post=65169"}],"curies":[{"name":"wp","href":"https:\/\/api.w.org\/{rel}","templated":true}]}}