{"id":65600,"date":"2016-05-31T19:45:00","date_gmt":"2016-05-31T17:45:00","guid":{"rendered":"http:\/\/hudo.com\/si\/2016\/05\/31\/potrdili-obsodbo-kapitana-ladje-costa-concordia\/"},"modified":"2016-06-01T17:42:31","modified_gmt":"2016-06-01T15:42:31","slug":"potrdili-obsodbo-kapitana-ladje-costa-concordia","status":"publish","type":"post","link":"https:\/\/hudo.com\/si\/aktualno\/potrdili-obsodbo-kapitana-ladje-costa-concordia\/","title":{"rendered":"Potrdili obsodbo kapitana ladje Costa Concordia"},"content":{"rendered":"<p>Na sodi\u0161\u010du v Firencah so danes potrdili obsodbo kapitana ponesre\u010dene potni\u0161ke ladje Costa Concordia Francesca Schettina na 16 let in mesec dni zapora. Na prvi stopnji je bil februarja lani obsojen zaradi odgovornosti za brodolom in smrt 32 potnikov. Na sodbo so se prito\u017eili tako njegovi odvetniki kot to\u017eilstvo. Odvetniki 55-letnega kapitana, ki si je zaradi brodoloma pred obalo otoka Giglio ob toskanski obali leta 2012 prislu\u017eil vzdevek &#8220;kapitan strahopetec&#8221;, so terjali oprostilno sodbo. To\u017eilstvo pa je zanj zahtevalo 27 let zapora. Ker obsodba na prvi stopnji ni pravnomo\u010dna, je Schettino na prostosti, kjer bo tudi ostal zaradi pravice do prito\u017ebe \u0161e na najvi\u0161je, kasacijsko sodi\u0161\u010de. V zapor se bo vrnil le v primeru kon\u010dne obsodbe, do izreka katere bi lahko minilo najmanj leto dni. Kapitana, ki \u017ee ves \u010das vztraja, da je v tragediji edini gre\u0161ni kozel, danes ni bilo v sodni dvorani. Njegovi odvetniki so trdili, da je bilo med sojenjem na prvi stopnji storjenih ve\u010d napak, odgovornost za nesre\u010do pa pripisujejo organizaciji kri\u017earjenja, zaradi \u010desar da bi si morali krivdo deliti lastnica ladje, dru\u017eba Costa Crociere, indonezijski krmar in italijanska obalna stra\u017ea. Sodi\u0161\u010de v Grossetu je Schettina februarja 2015 obsodilo na pet let zapora zaradi povzro\u010ditve brodoloma iz malomarnosti, na deset let pa zaradi ve\u010dkratnih ubojev. Ker je ladjo zapustil, ko so na njej bile \u0161e mladoletne osebe in invalidi, je bil obsojen \u0161e na leto dni zapora. V Grossetu so sodniki odredili tudi, da mora lastnica ladje deliti civilno odgovornost za tragedijo. Ta se je \u017ee leta 2013 izognila kazenskemu pregonu, saj je takrat sprejela delno odgovornost in pristala na pla\u010dilo milijon evrov kazni. Pet uslu\u017ebencev dru\u017ebe pa je bilo \u017ee v za\u010detku sodnih postopkov obsojenih na pogojne kazni, med njimi indonezijski krmar, ki bi lahko prepre\u010dil nesre\u010do, a ni razumel Schettinovih navodil. Zaradi brodoloma sta po 300.000 evrov od\u0161kodnine dobila Toskana in otok Giglio, kar pa so bile le drobtinice od zahtevane<\/p>\n","protected":false},"excerpt":{"rendered":"<p>Na sodi\u0161\u010du v Firencah so danes potrdili obsodbo kapitana ponesre\u010dene potni\u0161ke ladje Costa Concordia Francesca Schettina na 16 let in mesec dni zapora. Na prvi stopnji je bil februarja lani obsojen zaradi odgovornosti za brodolom in smrt 32 potnikov. Na sodbo so se prito\u017eili tako njegovi odvetniki kot to\u017eilstvo. Odvetniki 55-letnega kapitana, ki si je zaradi brodoloma pred obalo otoka Giglio ob toskanski obali leta 2012 prislu\u017eil vzdevek &#8220;kapitan strahopetec&#8221;, so terjali oprostilno sodbo. To\u017eilstvo pa je zanj zahtevalo 27 let zapora. Ker obsodba na prvi stopnji ni pravnomo\u010dna, je Schettino na prostosti, kjer bo tudi ostal zaradi pravice do prito\u017ebe \u0161e na najvi\u0161je, kasacijsko sodi\u0161\u010de. V zapor se bo vrnil le v primeru kon\u010dne obsodbe, do izreka katere bi lahko minilo najmanj leto dni. Kapitana, ki \u017ee ves \u010das vztraja, da je v tragediji edini gre\u0161ni kozel, danes ni bilo v sodni dvorani. Njegovi odvetniki so trdili, da je bilo med sojenjem na prvi stopnji storjenih ve\u010d napak, odgovornost za nesre\u010do pa pripisujejo organizaciji kri\u017earjenja, zaradi \u010desar da bi si morali krivdo deliti lastnica ladje, dru\u017eba Costa Crociere, indonezijski krmar in italijanska obalna stra\u017ea. Sodi\u0161\u010de v Grossetu je Schettina februarja 2015 obsodilo na pet let zapora zaradi povzro\u010ditve brodoloma iz malomarnosti, na deset let pa zaradi ve\u010dkratnih ubojev. Ker je ladjo zapustil, ko so na njej bile \u0161e mladoletne osebe in invalidi, je bil obsojen \u0161e na leto dni zapora. V Grossetu so sodniki odredili tudi, da mora lastnica ladje deliti civilno odgovornost za tragedijo. Ta se je \u017ee leta 2013 izognila kazenskemu pregonu, saj je takrat sprejela delno odgovornost in pristala na pla\u010dilo milijon evrov kazni. Pet uslu\u017ebencev dru\u017ebe pa je bilo \u017ee v za\u010detku sodnih postopkov obsojenih na pogojne kazni, med njimi indonezijski krmar, ki bi lahko prepre\u010dil nesre\u010do, a ni razumel Schettinovih navodil. Zaradi brodoloma sta po 300.000 evrov od\u0161kodnine dobila Toskana in otok Giglio, kar pa so bile le drobtinice od zahtevane<\/p>\n","protected":false},"author":1,"featured_media":0,"comment_status":"closed","ping_status":"closed","sticky":false,"template":"","format":"standard","meta":{"footnotes":""},"categories":[1179],"tags":[],"source":[1711],"supertag":[],"acf":[],"yoast_head":"<!-- This site is optimized with the Yoast SEO plugin v21.3 - https:\/\/yoast.com\/wordpress\/plugins\/seo\/ -->\n<title>Potrdili obsodbo kapitana ladje Costa Concordia - Hudo Slovenija<\/title>\n<meta name=\"robots\" content=\"index, follow, max-snippet:-1, max-image-preview:large, max-video-preview:-1\" \/>\n<link rel=\"canonical\" href=\"https:\/\/hudo.com\/si\/aktualno\/potrdili-obsodbo-kapitana-ladje-costa-concordia\/\" \/>\n<meta property=\"og:locale\" content=\"sl_SI\" \/>\n<meta property=\"og:type\" content=\"article\" \/>\n<meta property=\"og:title\" content=\"Potrdili obsodbo kapitana ladje Costa Concordia - Hudo Slovenija\" \/>\n<meta property=\"og:description\" content=\"Na sodi\u0161\u010du v Firencah so danes potrdili obsodbo kapitana ponesre\u010dene potni\u0161ke ladje Costa Concordia Francesca Schettina na 16 let in mesec dni zapora. Na prvi stopnji je bil februarja lani obsojen zaradi odgovornosti za brodolom in smrt 32 potnikov. Na sodbo so se prito\u017eili tako njegovi odvetniki kot to\u017eilstvo. Odvetniki 55-letnega kapitana, ki si je zaradi brodoloma pred obalo otoka Giglio ob toskanski obali leta 2012 prislu\u017eil vzdevek &quot;kapitan strahopetec&quot;, so terjali oprostilno sodbo. To\u017eilstvo pa je zanj zahtevalo 27 let zapora. Ker obsodba na prvi stopnji ni pravnomo\u010dna, je Schettino na prostosti, kjer bo tudi ostal zaradi pravice do prito\u017ebe \u0161e na najvi\u0161je, kasacijsko sodi\u0161\u010de. V zapor se bo vrnil le v primeru kon\u010dne obsodbe, do izreka katere bi lahko minilo najmanj leto dni. Kapitana, ki \u017ee ves \u010das vztraja, da je v tragediji edini gre\u0161ni kozel, danes ni bilo v sodni dvorani. Njegovi odvetniki so trdili, da je bilo med sojenjem na prvi stopnji storjenih ve\u010d napak, odgovornost za nesre\u010do pa pripisujejo organizaciji kri\u017earjenja, zaradi \u010desar da bi si morali krivdo deliti lastnica ladje, dru\u017eba Costa Crociere, indonezijski krmar in italijanska obalna stra\u017ea. Sodi\u0161\u010de v Grossetu je Schettina februarja 2015 obsodilo na pet let zapora zaradi povzro\u010ditve brodoloma iz malomarnosti, na deset let pa zaradi ve\u010dkratnih ubojev. Ker je ladjo zapustil, ko so na njej bile \u0161e mladoletne osebe in invalidi, je bil obsojen \u0161e na leto dni zapora. V Grossetu so sodniki odredili tudi, da mora lastnica ladje deliti civilno odgovornost za tragedijo. Ta se je \u017ee leta 2013 izognila kazenskemu pregonu, saj je takrat sprejela delno odgovornost in pristala na pla\u010dilo milijon evrov kazni. Pet uslu\u017ebencev dru\u017ebe pa je bilo \u017ee v za\u010detku sodnih postopkov obsojenih na pogojne kazni, med njimi indonezijski krmar, ki bi lahko prepre\u010dil nesre\u010do, a ni razumel Schettinovih navodil. Zaradi brodoloma sta po 300.000 evrov od\u0161kodnine dobila Toskana in otok Giglio, kar pa so bile le drobtinice od zahtevane\" \/>\n<meta property=\"og:url\" content=\"https:\/\/hudo.com\/si\/aktualno\/potrdili-obsodbo-kapitana-ladje-costa-concordia\/\" \/>\n<meta property=\"og:site_name\" content=\"Hudo Slovenija\" \/>\n<meta property=\"article:publisher\" content=\"https:\/\/www.facebook.com\/hudo.si\" \/>\n<meta property=\"article:published_time\" content=\"2016-05-31T17:45:00+00:00\" \/>\n<meta property=\"article:modified_time\" content=\"2016-06-01T15:42:31+00:00\" \/>\n<meta property=\"og:image\" content=\"https:\/\/hudo.com\/si\/wp-content\/uploads\/sites\/2\/2016\/05\/01343306F-300.jpg\" \/>\n\t<meta property=\"og:image:width\" content=\"450\" \/>\n\t<meta property=\"og:image:height\" content=\"291\" \/>\n\t<meta property=\"og:image:type\" content=\"image\/jpeg\" \/>\n<meta name=\"author\" content=\"hudo\" \/>\n<meta name=\"twitter:card\" content=\"summary_large_image\" \/>\n<meta name=\"twitter:creator\" content=\"@hudo_si\" \/>\n<meta name=\"twitter:site\" content=\"@hudo_si\" \/>\n<meta name=\"twitter:label1\" content=\"Written by\" \/>\n\t<meta name=\"twitter:data1\" content=\"hudo\" \/>\n\t<meta name=\"twitter:label2\" content=\"Est. reading time\" \/>\n\t<meta name=\"twitter:data2\" content=\"2 minuti\" \/>\n<script type=\"application\/ld+json\" class=\"yoast-schema-graph\">{\"@context\":\"https:\/\/schema.org\",\"@graph\":[{\"@type\":\"Article\",\"@id\":\"https:\/\/hudo.com\/si\/aktualno\/potrdili-obsodbo-kapitana-ladje-costa-concordia\/#article\",\"isPartOf\":{\"@id\":\"https:\/\/hudo.com\/si\/aktualno\/potrdili-obsodbo-kapitana-ladje-costa-concordia\/\"},\"author\":{\"name\":\"hudo\",\"@id\":\"https:\/\/hudo.com\/si\/#\/schema\/person\/601cf3379633985b20f7e50f2bb47707\"},\"headline\":\"Potrdili obsodbo kapitana ladje Costa Concordia\",\"datePublished\":\"2016-05-31T17:45:00+00:00\",\"dateModified\":\"2016-06-01T15:42:31+00:00\",\"mainEntityOfPage\":{\"@id\":\"https:\/\/hudo.com\/si\/aktualno\/potrdili-obsodbo-kapitana-ladje-costa-concordia\/\"},\"wordCount\":343,\"publisher\":{\"@id\":\"https:\/\/hudo.com\/si\/#organization\"},\"articleSection\":[\"Aktualno\"],\"inLanguage\":\"sl-SI\"},{\"@type\":\"WebPage\",\"@id\":\"https:\/\/hudo.com\/si\/aktualno\/potrdili-obsodbo-kapitana-ladje-costa-concordia\/\",\"url\":\"https:\/\/hudo.com\/si\/aktualno\/potrdili-obsodbo-kapitana-ladje-costa-concordia\/\",\"name\":\"Potrdili obsodbo kapitana ladje Costa Concordia - Hudo Slovenija\",\"isPartOf\":{\"@id\":\"https:\/\/hudo.com\/si\/#website\"},\"datePublished\":\"2016-05-31T17:45:00+00:00\",\"dateModified\":\"2016-06-01T15:42:31+00:00\",\"breadcrumb\":{\"@id\":\"https:\/\/hudo.com\/si\/aktualno\/potrdili-obsodbo-kapitana-ladje-costa-concordia\/#breadcrumb\"},\"inLanguage\":\"sl-SI\",\"potentialAction\":[{\"@type\":\"ReadAction\",\"target\":[\"https:\/\/hudo.com\/si\/aktualno\/potrdili-obsodbo-kapitana-ladje-costa-concordia\/\"]}]},{\"@type\":\"BreadcrumbList\",\"@id\":\"https:\/\/hudo.com\/si\/aktualno\/potrdili-obsodbo-kapitana-ladje-costa-concordia\/#breadcrumb\",\"itemListElement\":[{\"@type\":\"ListItem\",\"position\":1,\"name\":\"Home\",\"item\":\"https:\/\/hudo.com\/si\/\"},{\"@type\":\"ListItem\",\"position\":2,\"name\":\"Potrdili obsodbo kapitana ladje Costa Concordia\"}]},{\"@type\":\"WebSite\",\"@id\":\"https:\/\/hudo.com\/si\/#website\",\"url\":\"https:\/\/hudo.com\/si\/\",\"name\":\"Hudo Slovenija\",\"description\":\"Vse novice iz Slovenije in sveta\",\"publisher\":{\"@id\":\"https:\/\/hudo.com\/si\/#organization\"},\"potentialAction\":[{\"@type\":\"SearchAction\",\"target\":{\"@type\":\"EntryPoint\",\"urlTemplate\":\"https:\/\/hudo.com\/si\/?s={search_term_string}\"},\"query-input\":\"required name=search_term_string\"}],\"inLanguage\":\"sl-SI\"},{\"@type\":\"Organization\",\"@id\":\"https:\/\/hudo.com\/si\/#organization\",\"name\":\"VSN Media\",\"url\":\"https:\/\/hudo.com\/si\/\",\"logo\":{\"@type\":\"ImageObject\",\"inLanguage\":\"sl-SI\",\"@id\":\"https:\/\/hudo.com\/si\/#\/schema\/logo\/image\/\",\"url\":\"https:\/\/hudo.com\/si\/wp-content\/uploads\/sites\/2\/2021\/03\/hudo-app-2.png\",\"contentUrl\":\"https:\/\/hudo.com\/si\/wp-content\/uploads\/sites\/2\/2021\/03\/hudo-app-2.png\",\"width\":2185,\"height\":2167,\"caption\":\"VSN Media\"},\"image\":{\"@id\":\"https:\/\/hudo.com\/si\/#\/schema\/logo\/image\/\"},\"sameAs\":[\"https:\/\/www.facebook.com\/hudo.si\",\"https:\/\/twitter.com\/hudo_si\"]},{\"@type\":\"Person\",\"@id\":\"https:\/\/hudo.com\/si\/#\/schema\/person\/601cf3379633985b20f7e50f2bb47707\",\"name\":\"hudo\",\"image\":{\"@type\":\"ImageObject\",\"inLanguage\":\"sl-SI\",\"@id\":\"https:\/\/hudo.com\/si\/#\/schema\/person\/image\/\",\"url\":\"https:\/\/secure.gravatar.com\/avatar\/c4ca25fa72cace7a696b52ff5db9e095?s=96&d=mm&r=g\",\"contentUrl\":\"https:\/\/secure.gravatar.com\/avatar\/c4ca25fa72cace7a696b52ff5db9e095?s=96&d=mm&r=g\",\"caption\":\"hudo\"},\"url\":\"https:\/\/hudo.com\/si\/author\/hudo\/\"}]}<\/script>\n<!-- \/ Yoast SEO plugin. -->","yoast_head_json":{"title":"Potrdili obsodbo kapitana ladje Costa Concordia - Hudo Slovenija","robots":{"index":"index","follow":"follow","max-snippet":"max-snippet:-1","max-image-preview":"max-image-preview:large","max-video-preview":"max-video-preview:-1"},"canonical":"https:\/\/hudo.com\/si\/aktualno\/potrdili-obsodbo-kapitana-ladje-costa-concordia\/","og_locale":"sl_SI","og_type":"article","og_title":"Potrdili obsodbo kapitana ladje Costa Concordia - Hudo Slovenija","og_description":"Na sodi\u0161\u010du v Firencah so danes potrdili obsodbo kapitana ponesre\u010dene potni\u0161ke ladje Costa Concordia Francesca Schettina na 16 let in mesec dni zapora. Na prvi stopnji je bil februarja lani obsojen zaradi odgovornosti za brodolom in smrt 32 potnikov. Na sodbo so se prito\u017eili tako njegovi odvetniki kot to\u017eilstvo. Odvetniki 55-letnega kapitana, ki si je zaradi brodoloma pred obalo otoka Giglio ob toskanski obali leta 2012 prislu\u017eil vzdevek \"kapitan strahopetec\", so terjali oprostilno sodbo. To\u017eilstvo pa je zanj zahtevalo 27 let zapora. Ker obsodba na prvi stopnji ni pravnomo\u010dna, je Schettino na prostosti, kjer bo tudi ostal zaradi pravice do prito\u017ebe \u0161e na najvi\u0161je, kasacijsko sodi\u0161\u010de. V zapor se bo vrnil le v primeru kon\u010dne obsodbe, do izreka katere bi lahko minilo najmanj leto dni. Kapitana, ki \u017ee ves \u010das vztraja, da je v tragediji edini gre\u0161ni kozel, danes ni bilo v sodni dvorani. Njegovi odvetniki so trdili, da je bilo med sojenjem na prvi stopnji storjenih ve\u010d napak, odgovornost za nesre\u010do pa pripisujejo organizaciji kri\u017earjenja, zaradi \u010desar da bi si morali krivdo deliti lastnica ladje, dru\u017eba Costa Crociere, indonezijski krmar in italijanska obalna stra\u017ea. Sodi\u0161\u010de v Grossetu je Schettina februarja 2015 obsodilo na pet let zapora zaradi povzro\u010ditve brodoloma iz malomarnosti, na deset let pa zaradi ve\u010dkratnih ubojev. Ker je ladjo zapustil, ko so na njej bile \u0161e mladoletne osebe in invalidi, je bil obsojen \u0161e na leto dni zapora. V Grossetu so sodniki odredili tudi, da mora lastnica ladje deliti civilno odgovornost za tragedijo. Ta se je \u017ee leta 2013 izognila kazenskemu pregonu, saj je takrat sprejela delno odgovornost in pristala na pla\u010dilo milijon evrov kazni. Pet uslu\u017ebencev dru\u017ebe pa je bilo \u017ee v za\u010detku sodnih postopkov obsojenih na pogojne kazni, med njimi indonezijski krmar, ki bi lahko prepre\u010dil nesre\u010do, a ni razumel Schettinovih navodil. Zaradi brodoloma sta po 300.000 evrov od\u0161kodnine dobila Toskana in otok Giglio, kar pa so bile le drobtinice od zahtevane","og_url":"https:\/\/hudo.com\/si\/aktualno\/potrdili-obsodbo-kapitana-ladje-costa-concordia\/","og_site_name":"Hudo Slovenija","article_publisher":"https:\/\/www.facebook.com\/hudo.si","article_published_time":"2016-05-31T17:45:00+00:00","article_modified_time":"2016-06-01T15:42:31+00:00","og_image":[{"width":450,"height":291,"url":"https:\/\/hudo.com\/si\/wp-content\/uploads\/sites\/2\/2016\/05\/01343306F-300.jpg","type":"image\/jpeg"}],"author":"hudo","twitter_card":"summary_large_image","twitter_creator":"@hudo_si","twitter_site":"@hudo_si","twitter_misc":{"Written by":"hudo","Est. reading time":"2 minuti"},"schema":{"@context":"https:\/\/schema.org","@graph":[{"@type":"Article","@id":"https:\/\/hudo.com\/si\/aktualno\/potrdili-obsodbo-kapitana-ladje-costa-concordia\/#article","isPartOf":{"@id":"https:\/\/hudo.com\/si\/aktualno\/potrdili-obsodbo-kapitana-ladje-costa-concordia\/"},"author":{"name":"hudo","@id":"https:\/\/hudo.com\/si\/#\/schema\/person\/601cf3379633985b20f7e50f2bb47707"},"headline":"Potrdili obsodbo kapitana ladje Costa Concordia","datePublished":"2016-05-31T17:45:00+00:00","dateModified":"2016-06-01T15:42:31+00:00","mainEntityOfPage":{"@id":"https:\/\/hudo.com\/si\/aktualno\/potrdili-obsodbo-kapitana-ladje-costa-concordia\/"},"wordCount":343,"publisher":{"@id":"https:\/\/hudo.com\/si\/#organization"},"articleSection":["Aktualno"],"inLanguage":"sl-SI"},{"@type":"WebPage","@id":"https:\/\/hudo.com\/si\/aktualno\/potrdili-obsodbo-kapitana-ladje-costa-concordia\/","url":"https:\/\/hudo.com\/si\/aktualno\/potrdili-obsodbo-kapitana-ladje-costa-concordia\/","name":"Potrdili obsodbo kapitana ladje Costa Concordia - Hudo Slovenija","isPartOf":{"@id":"https:\/\/hudo.com\/si\/#website"},"datePublished":"2016-05-31T17:45:00+00:00","dateModified":"2016-06-01T15:42:31+00:00","breadcrumb":{"@id":"https:\/\/hudo.com\/si\/aktualno\/potrdili-obsodbo-kapitana-ladje-costa-concordia\/#breadcrumb"},"inLanguage":"sl-SI","potentialAction":[{"@type":"ReadAction","target":["https:\/\/hudo.com\/si\/aktualno\/potrdili-obsodbo-kapitana-ladje-costa-concordia\/"]}]},{"@type":"BreadcrumbList","@id":"https:\/\/hudo.com\/si\/aktualno\/potrdili-obsodbo-kapitana-ladje-costa-concordia\/#breadcrumb","itemListElement":[{"@type":"ListItem","position":1,"name":"Home","item":"https:\/\/hudo.com\/si\/"},{"@type":"ListItem","position":2,"name":"Potrdili obsodbo kapitana ladje Costa Concordia"}]},{"@type":"WebSite","@id":"https:\/\/hudo.com\/si\/#website","url":"https:\/\/hudo.com\/si\/","name":"Hudo Slovenija","description":"Vse novice iz Slovenije in sveta","publisher":{"@id":"https:\/\/hudo.com\/si\/#organization"},"potentialAction":[{"@type":"SearchAction","target":{"@type":"EntryPoint","urlTemplate":"https:\/\/hudo.com\/si\/?s={search_term_string}"},"query-input":"required name=search_term_string"}],"inLanguage":"sl-SI"},{"@type":"Organization","@id":"https:\/\/hudo.com\/si\/#organization","name":"VSN Media","url":"https:\/\/hudo.com\/si\/","logo":{"@type":"ImageObject","inLanguage":"sl-SI","@id":"https:\/\/hudo.com\/si\/#\/schema\/logo\/image\/","url":"https:\/\/hudo.com\/si\/wp-content\/uploads\/sites\/2\/2021\/03\/hudo-app-2.png","contentUrl":"https:\/\/hudo.com\/si\/wp-content\/uploads\/sites\/2\/2021\/03\/hudo-app-2.png","width":2185,"height":2167,"caption":"VSN Media"},"image":{"@id":"https:\/\/hudo.com\/si\/#\/schema\/logo\/image\/"},"sameAs":["https:\/\/www.facebook.com\/hudo.si","https:\/\/twitter.com\/hudo_si"]},{"@type":"Person","@id":"https:\/\/hudo.com\/si\/#\/schema\/person\/601cf3379633985b20f7e50f2bb47707","name":"hudo","image":{"@type":"ImageObject","inLanguage":"sl-SI","@id":"https:\/\/hudo.com\/si\/#\/schema\/person\/image\/","url":"https:\/\/secure.gravatar.com\/avatar\/c4ca25fa72cace7a696b52ff5db9e095?s=96&d=mm&r=g","contentUrl":"https:\/\/secure.gravatar.com\/avatar\/c4ca25fa72cace7a696b52ff5db9e095?s=96&d=mm&r=g","caption":"hudo"},"url":"https:\/\/hudo.com\/si\/author\/hudo\/"}]}},"amp_enabled":true,"_links":{"self":[{"href":"https:\/\/hudo.com\/si\/wp-json\/wp\/v2\/posts\/65600"}],"collection":[{"href":"https:\/\/hudo.com\/si\/wp-json\/wp\/v2\/posts"}],"about":[{"href":"https:\/\/hudo.com\/si\/wp-json\/wp\/v2\/types\/post"}],"author":[{"embeddable":true,"href":"https:\/\/hudo.com\/si\/wp-json\/wp\/v2\/users\/1"}],"replies":[{"embeddable":true,"href":"https:\/\/hudo.com\/si\/wp-json\/wp\/v2\/comments?post=65600"}],"version-history":[{"count":1,"href":"https:\/\/hudo.com\/si\/wp-json\/wp\/v2\/posts\/65600\/revisions"}],"predecessor-version":[{"id":65762,"href":"https:\/\/hudo.com\/si\/wp-json\/wp\/v2\/posts\/65600\/revisions\/65762"}],"wp:attachment":[{"href":"https:\/\/hudo.com\/si\/wp-json\/wp\/v2\/media?parent=65600"}],"wp:term":[{"taxonomy":"category","embeddable":true,"href":"https:\/\/hudo.com\/si\/wp-json\/wp\/v2\/categories?post=65600"},{"taxonomy":"post_tag","embeddable":true,"href":"https:\/\/hudo.com\/si\/wp-json\/wp\/v2\/tags?post=65600"},{"taxonomy":"source","embeddable":true,"href":"https:\/\/hudo.com\/si\/wp-json\/wp\/v2\/source?post=65600"},{"taxonomy":"supertag","embeddable":true,"href":"https:\/\/hudo.com\/si\/wp-json\/wp\/v2\/supertag?post=65600"}],"curies":[{"name":"wp","href":"https:\/\/api.w.org\/{rel}","templated":true}]}}