{"id":65604,"date":"2016-05-31T18:59:00","date_gmt":"2016-05-31T16:59:00","guid":{"rendered":"http:\/\/hudo.com\/si\/2016\/05\/31\/alenka-smerkolj-na-oecd-o-agendi-trajnostnega-razvoja\/"},"modified":"2016-06-01T06:12:38","modified_gmt":"2016-06-01T04:12:38","slug":"alenka-smerkolj-na-oecd-o-agendi-trajnostnega-razvoja","status":"publish","type":"post","link":"https:\/\/hudo.com\/si\/aktualno\/alenka-smerkolj-na-oecd-o-agendi-trajnostnega-razvoja\/","title":{"rendered":"Alenka Smerkolj na OECD o agendi trajnostnega razvoja"},"content":{"rendered":"<p>Kategorija: Finance Tue, 31 May 2016 20:59:00 +0200  Pariz &#8211; Ministrica za razvoj, strate\u0161ke projekte in kohezijo Alenka Smerkolj se v Parizu udele\u017euje letnega ministrskega zasedanja Sveta Organizacije za ekonomsko sodelovanje in razvoj (OECD) in Foruma, ki potekata pod naslovom \u00bbPove\u010danje nivoja produktivnosti za vklju\u010dujo\u010do rast\u00ab. Ministrica se je najprej sre\u010dala z generalnim sekretarjem Angelom Gurrio, so sporo\u010dili iz vladne slu\u017ebe za razvoj in evropsko kohezijsko politiko (SVRK).\u00a0 Smerkoljeva z Gurrio tudi o strategiji Slovenije Ministrica je z generalnim sekretarjem OECD Gurrio govorila o pripravi dolgoro\u010dne vizije in strategije Slovenije, kjer slovenska vlada sodeluje tudi z OECD. Strinjala sta se, da gre za zelo pomemben in inovativen proces, kjer slovenska vlada uspe\u0161no vklju\u010duje naj\u0161ir\u0161i krog dele\u017enikov, obenem pa strategijo pripravlja na ustreznih analiti\u010dnih podlagah, ki omogo\u010dajo sprejemanje dobrih odlo\u010ditev. Gurria je, kot sporo\u010dajo, bil navdu\u0161en nad vklju\u010dujo\u010dim in\u00a0&#8230;<\/p>\n","protected":false},"excerpt":{"rendered":"<p>Kategorija: Finance Tue, 31 May 2016 20:59:00 +0200  Pariz &#8211; Ministrica za razvoj, strate\u0161ke projekte in kohezijo Alenka Smerkolj se v Parizu udele\u017euje letnega ministrskega zasedanja Sveta Organizacije za ekonomsko sodelovanje in razvoj (OECD) in Foruma, ki potekata pod naslovom \u00bbPove\u010danje nivoja produktivnosti za vklju\u010dujo\u010do rast\u00ab. Ministrica se je najprej sre\u010dala z generalnim sekretarjem Angelom Gurrio, so sporo\u010dili iz vladne slu\u017ebe za razvoj in evropsko kohezijsko politiko (SVRK).\u00a0 Smerkoljeva z Gurrio tudi o strategiji Slovenije Ministrica je z generalnim sekretarjem OECD Gurrio govorila o pripravi dolgoro\u010dne vizije in strategije Slovenije, kjer slovenska vlada sodeluje tudi z OECD. Strinjala sta se, da gre za zelo pomemben in inovativen proces, kjer slovenska vlada uspe\u0161no vklju\u010duje naj\u0161ir\u0161i krog dele\u017enikov, obenem pa strategijo pripravlja na ustreznih analiti\u010dnih podlagah, ki omogo\u010dajo sprejemanje dobrih odlo\u010ditev. Gurria je, kot sporo\u010dajo, bil navdu\u0161en nad vklju\u010dujo\u010dim in\u00a0&#8230;<\/p>\n","protected":false},"author":1,"featured_media":0,"comment_status":"closed","ping_status":"closed","sticky":false,"template":"","format":"standard","meta":{"footnotes":""},"categories":[1179],"tags":[],"source":[4511],"supertag":[],"acf":[],"yoast_head":"<!-- This site is optimized with the Yoast SEO plugin v21.3 - https:\/\/yoast.com\/wordpress\/plugins\/seo\/ -->\n<title>Alenka Smerkolj na OECD o agendi trajnostnega razvoja - Hudo Slovenija<\/title>\n<meta name=\"robots\" content=\"index, follow, max-snippet:-1, max-image-preview:large, max-video-preview:-1\" \/>\n<link rel=\"canonical\" href=\"https:\/\/hudo.com\/si\/aktualno\/alenka-smerkolj-na-oecd-o-agendi-trajnostnega-razvoja\/\" \/>\n<meta property=\"og:locale\" content=\"sl_SI\" \/>\n<meta property=\"og:type\" content=\"article\" \/>\n<meta property=\"og:title\" content=\"Alenka Smerkolj na OECD o agendi trajnostnega razvoja - Hudo Slovenija\" \/>\n<meta property=\"og:description\" content=\"Kategorija: Finance Tue, 31 May 2016 20:59:00 +0200 Pariz - Ministrica za razvoj, strate\u0161ke projekte in kohezijo Alenka Smerkolj se v Parizu udele\u017euje letnega ministrskega zasedanja Sveta Organizacije za ekonomsko sodelovanje in razvoj (OECD) in Foruma, ki potekata pod naslovom \u00bbPove\u010danje nivoja produktivnosti za vklju\u010dujo\u010do rast\u00ab. Ministrica se je najprej sre\u010dala z generalnim sekretarjem Angelom Gurrio, so sporo\u010dili iz vladne slu\u017ebe za razvoj in evropsko kohezijsko politiko (SVRK).\u00a0 Smerkoljeva z Gurrio tudi o strategiji Slovenije Ministrica je z generalnim sekretarjem OECD Gurrio govorila o pripravi dolgoro\u010dne vizije in strategije Slovenije, kjer slovenska vlada sodeluje tudi z OECD. Strinjala sta se, da gre za zelo pomemben in inovativen proces, kjer slovenska vlada uspe\u0161no vklju\u010duje naj\u0161ir\u0161i krog dele\u017enikov, obenem pa strategijo pripravlja na ustreznih analiti\u010dnih podlagah, ki omogo\u010dajo sprejemanje dobrih odlo\u010ditev. Gurria je, kot sporo\u010dajo, bil navdu\u0161en nad vklju\u010dujo\u010dim in\u00a0...\" \/>\n<meta property=\"og:url\" content=\"https:\/\/hudo.com\/si\/aktualno\/alenka-smerkolj-na-oecd-o-agendi-trajnostnega-razvoja\/\" \/>\n<meta property=\"og:site_name\" content=\"Hudo Slovenija\" \/>\n<meta property=\"article:publisher\" content=\"https:\/\/www.facebook.com\/hudo.si\" \/>\n<meta property=\"article:published_time\" content=\"2016-05-31T16:59:00+00:00\" \/>\n<meta property=\"article:modified_time\" content=\"2016-06-01T04:12:38+00:00\" \/>\n<meta property=\"og:image\" content=\"https:\/\/hudo.com\/si\/wp-content\/uploads\/sites\/2\/2016\/05\/480x290_Delo_Foto-20141114145805-47447800.jpeg\" \/>\n\t<meta property=\"og:image:width\" content=\"480\" \/>\n\t<meta property=\"og:image:height\" content=\"290\" \/>\n\t<meta property=\"og:image:type\" content=\"image\/jpeg\" \/>\n<meta name=\"author\" content=\"hudo\" \/>\n<meta name=\"twitter:card\" content=\"summary_large_image\" \/>\n<meta name=\"twitter:creator\" content=\"@hudo_si\" \/>\n<meta name=\"twitter:site\" content=\"@hudo_si\" \/>\n<meta name=\"twitter:label1\" content=\"Written by\" \/>\n\t<meta name=\"twitter:data1\" content=\"hudo\" \/>\n\t<meta name=\"twitter:label2\" content=\"Est. reading time\" \/>\n\t<meta name=\"twitter:data2\" content=\"1 minuta\" \/>\n<script type=\"application\/ld+json\" class=\"yoast-schema-graph\">{\"@context\":\"https:\/\/schema.org\",\"@graph\":[{\"@type\":\"Article\",\"@id\":\"https:\/\/hudo.com\/si\/aktualno\/alenka-smerkolj-na-oecd-o-agendi-trajnostnega-razvoja\/#article\",\"isPartOf\":{\"@id\":\"https:\/\/hudo.com\/si\/aktualno\/alenka-smerkolj-na-oecd-o-agendi-trajnostnega-razvoja\/\"},\"author\":{\"name\":\"hudo\",\"@id\":\"https:\/\/hudo.com\/si\/#\/schema\/person\/601cf3379633985b20f7e50f2bb47707\"},\"headline\":\"Alenka Smerkolj na OECD o agendi trajnostnega razvoja\",\"datePublished\":\"2016-05-31T16:59:00+00:00\",\"dateModified\":\"2016-06-01T04:12:38+00:00\",\"mainEntityOfPage\":{\"@id\":\"https:\/\/hudo.com\/si\/aktualno\/alenka-smerkolj-na-oecd-o-agendi-trajnostnega-razvoja\/\"},\"wordCount\":163,\"publisher\":{\"@id\":\"https:\/\/hudo.com\/si\/#organization\"},\"articleSection\":[\"Aktualno\"],\"inLanguage\":\"sl-SI\"},{\"@type\":\"WebPage\",\"@id\":\"https:\/\/hudo.com\/si\/aktualno\/alenka-smerkolj-na-oecd-o-agendi-trajnostnega-razvoja\/\",\"url\":\"https:\/\/hudo.com\/si\/aktualno\/alenka-smerkolj-na-oecd-o-agendi-trajnostnega-razvoja\/\",\"name\":\"Alenka Smerkolj na OECD o agendi trajnostnega razvoja - Hudo Slovenija\",\"isPartOf\":{\"@id\":\"https:\/\/hudo.com\/si\/#website\"},\"datePublished\":\"2016-05-31T16:59:00+00:00\",\"dateModified\":\"2016-06-01T04:12:38+00:00\",\"breadcrumb\":{\"@id\":\"https:\/\/hudo.com\/si\/aktualno\/alenka-smerkolj-na-oecd-o-agendi-trajnostnega-razvoja\/#breadcrumb\"},\"inLanguage\":\"sl-SI\",\"potentialAction\":[{\"@type\":\"ReadAction\",\"target\":[\"https:\/\/hudo.com\/si\/aktualno\/alenka-smerkolj-na-oecd-o-agendi-trajnostnega-razvoja\/\"]}]},{\"@type\":\"BreadcrumbList\",\"@id\":\"https:\/\/hudo.com\/si\/aktualno\/alenka-smerkolj-na-oecd-o-agendi-trajnostnega-razvoja\/#breadcrumb\",\"itemListElement\":[{\"@type\":\"ListItem\",\"position\":1,\"name\":\"Home\",\"item\":\"https:\/\/hudo.com\/si\/\"},{\"@type\":\"ListItem\",\"position\":2,\"name\":\"Alenka Smerkolj na OECD o agendi trajnostnega razvoja\"}]},{\"@type\":\"WebSite\",\"@id\":\"https:\/\/hudo.com\/si\/#website\",\"url\":\"https:\/\/hudo.com\/si\/\",\"name\":\"Hudo Slovenija\",\"description\":\"Vse novice iz Slovenije in sveta\",\"publisher\":{\"@id\":\"https:\/\/hudo.com\/si\/#organization\"},\"potentialAction\":[{\"@type\":\"SearchAction\",\"target\":{\"@type\":\"EntryPoint\",\"urlTemplate\":\"https:\/\/hudo.com\/si\/?s={search_term_string}\"},\"query-input\":\"required name=search_term_string\"}],\"inLanguage\":\"sl-SI\"},{\"@type\":\"Organization\",\"@id\":\"https:\/\/hudo.com\/si\/#organization\",\"name\":\"VSN Media\",\"url\":\"https:\/\/hudo.com\/si\/\",\"logo\":{\"@type\":\"ImageObject\",\"inLanguage\":\"sl-SI\",\"@id\":\"https:\/\/hudo.com\/si\/#\/schema\/logo\/image\/\",\"url\":\"https:\/\/hudo.com\/si\/wp-content\/uploads\/sites\/2\/2021\/03\/hudo-app-2.png\",\"contentUrl\":\"https:\/\/hudo.com\/si\/wp-content\/uploads\/sites\/2\/2021\/03\/hudo-app-2.png\",\"width\":2185,\"height\":2167,\"caption\":\"VSN Media\"},\"image\":{\"@id\":\"https:\/\/hudo.com\/si\/#\/schema\/logo\/image\/\"},\"sameAs\":[\"https:\/\/www.facebook.com\/hudo.si\",\"https:\/\/twitter.com\/hudo_si\"]},{\"@type\":\"Person\",\"@id\":\"https:\/\/hudo.com\/si\/#\/schema\/person\/601cf3379633985b20f7e50f2bb47707\",\"name\":\"hudo\",\"image\":{\"@type\":\"ImageObject\",\"inLanguage\":\"sl-SI\",\"@id\":\"https:\/\/hudo.com\/si\/#\/schema\/person\/image\/\",\"url\":\"https:\/\/secure.gravatar.com\/avatar\/c4ca25fa72cace7a696b52ff5db9e095?s=96&d=mm&r=g\",\"contentUrl\":\"https:\/\/secure.gravatar.com\/avatar\/c4ca25fa72cace7a696b52ff5db9e095?s=96&d=mm&r=g\",\"caption\":\"hudo\"},\"url\":\"https:\/\/hudo.com\/si\/author\/hudo\/\"}]}<\/script>\n<!-- \/ Yoast SEO plugin. -->","yoast_head_json":{"title":"Alenka Smerkolj na OECD o agendi trajnostnega razvoja - Hudo Slovenija","robots":{"index":"index","follow":"follow","max-snippet":"max-snippet:-1","max-image-preview":"max-image-preview:large","max-video-preview":"max-video-preview:-1"},"canonical":"https:\/\/hudo.com\/si\/aktualno\/alenka-smerkolj-na-oecd-o-agendi-trajnostnega-razvoja\/","og_locale":"sl_SI","og_type":"article","og_title":"Alenka Smerkolj na OECD o agendi trajnostnega razvoja - Hudo Slovenija","og_description":"Kategorija: Finance Tue, 31 May 2016 20:59:00 +0200 Pariz - Ministrica za razvoj, strate\u0161ke projekte in kohezijo Alenka Smerkolj se v Parizu udele\u017euje letnega ministrskega zasedanja Sveta Organizacije za ekonomsko sodelovanje in razvoj (OECD) in Foruma, ki potekata pod naslovom \u00bbPove\u010danje nivoja produktivnosti za vklju\u010dujo\u010do rast\u00ab. Ministrica se je najprej sre\u010dala z generalnim sekretarjem Angelom Gurrio, so sporo\u010dili iz vladne slu\u017ebe za razvoj in evropsko kohezijsko politiko (SVRK).\u00a0 Smerkoljeva z Gurrio tudi o strategiji Slovenije Ministrica je z generalnim sekretarjem OECD Gurrio govorila o pripravi dolgoro\u010dne vizije in strategije Slovenije, kjer slovenska vlada sodeluje tudi z OECD. Strinjala sta se, da gre za zelo pomemben in inovativen proces, kjer slovenska vlada uspe\u0161no vklju\u010duje naj\u0161ir\u0161i krog dele\u017enikov, obenem pa strategijo pripravlja na ustreznih analiti\u010dnih podlagah, ki omogo\u010dajo sprejemanje dobrih odlo\u010ditev. Gurria je, kot sporo\u010dajo, bil navdu\u0161en nad vklju\u010dujo\u010dim in\u00a0...","og_url":"https:\/\/hudo.com\/si\/aktualno\/alenka-smerkolj-na-oecd-o-agendi-trajnostnega-razvoja\/","og_site_name":"Hudo Slovenija","article_publisher":"https:\/\/www.facebook.com\/hudo.si","article_published_time":"2016-05-31T16:59:00+00:00","article_modified_time":"2016-06-01T04:12:38+00:00","og_image":[{"width":480,"height":290,"url":"https:\/\/hudo.com\/si\/wp-content\/uploads\/sites\/2\/2016\/05\/480x290_Delo_Foto-20141114145805-47447800.jpeg","type":"image\/jpeg"}],"author":"hudo","twitter_card":"summary_large_image","twitter_creator":"@hudo_si","twitter_site":"@hudo_si","twitter_misc":{"Written by":"hudo","Est. reading time":"1 minuta"},"schema":{"@context":"https:\/\/schema.org","@graph":[{"@type":"Article","@id":"https:\/\/hudo.com\/si\/aktualno\/alenka-smerkolj-na-oecd-o-agendi-trajnostnega-razvoja\/#article","isPartOf":{"@id":"https:\/\/hudo.com\/si\/aktualno\/alenka-smerkolj-na-oecd-o-agendi-trajnostnega-razvoja\/"},"author":{"name":"hudo","@id":"https:\/\/hudo.com\/si\/#\/schema\/person\/601cf3379633985b20f7e50f2bb47707"},"headline":"Alenka Smerkolj na OECD o agendi trajnostnega razvoja","datePublished":"2016-05-31T16:59:00+00:00","dateModified":"2016-06-01T04:12:38+00:00","mainEntityOfPage":{"@id":"https:\/\/hudo.com\/si\/aktualno\/alenka-smerkolj-na-oecd-o-agendi-trajnostnega-razvoja\/"},"wordCount":163,"publisher":{"@id":"https:\/\/hudo.com\/si\/#organization"},"articleSection":["Aktualno"],"inLanguage":"sl-SI"},{"@type":"WebPage","@id":"https:\/\/hudo.com\/si\/aktualno\/alenka-smerkolj-na-oecd-o-agendi-trajnostnega-razvoja\/","url":"https:\/\/hudo.com\/si\/aktualno\/alenka-smerkolj-na-oecd-o-agendi-trajnostnega-razvoja\/","name":"Alenka Smerkolj na OECD o agendi trajnostnega razvoja - Hudo Slovenija","isPartOf":{"@id":"https:\/\/hudo.com\/si\/#website"},"datePublished":"2016-05-31T16:59:00+00:00","dateModified":"2016-06-01T04:12:38+00:00","breadcrumb":{"@id":"https:\/\/hudo.com\/si\/aktualno\/alenka-smerkolj-na-oecd-o-agendi-trajnostnega-razvoja\/#breadcrumb"},"inLanguage":"sl-SI","potentialAction":[{"@type":"ReadAction","target":["https:\/\/hudo.com\/si\/aktualno\/alenka-smerkolj-na-oecd-o-agendi-trajnostnega-razvoja\/"]}]},{"@type":"BreadcrumbList","@id":"https:\/\/hudo.com\/si\/aktualno\/alenka-smerkolj-na-oecd-o-agendi-trajnostnega-razvoja\/#breadcrumb","itemListElement":[{"@type":"ListItem","position":1,"name":"Home","item":"https:\/\/hudo.com\/si\/"},{"@type":"ListItem","position":2,"name":"Alenka Smerkolj na OECD o agendi trajnostnega razvoja"}]},{"@type":"WebSite","@id":"https:\/\/hudo.com\/si\/#website","url":"https:\/\/hudo.com\/si\/","name":"Hudo Slovenija","description":"Vse novice iz Slovenije in sveta","publisher":{"@id":"https:\/\/hudo.com\/si\/#organization"},"potentialAction":[{"@type":"SearchAction","target":{"@type":"EntryPoint","urlTemplate":"https:\/\/hudo.com\/si\/?s={search_term_string}"},"query-input":"required name=search_term_string"}],"inLanguage":"sl-SI"},{"@type":"Organization","@id":"https:\/\/hudo.com\/si\/#organization","name":"VSN Media","url":"https:\/\/hudo.com\/si\/","logo":{"@type":"ImageObject","inLanguage":"sl-SI","@id":"https:\/\/hudo.com\/si\/#\/schema\/logo\/image\/","url":"https:\/\/hudo.com\/si\/wp-content\/uploads\/sites\/2\/2021\/03\/hudo-app-2.png","contentUrl":"https:\/\/hudo.com\/si\/wp-content\/uploads\/sites\/2\/2021\/03\/hudo-app-2.png","width":2185,"height":2167,"caption":"VSN Media"},"image":{"@id":"https:\/\/hudo.com\/si\/#\/schema\/logo\/image\/"},"sameAs":["https:\/\/www.facebook.com\/hudo.si","https:\/\/twitter.com\/hudo_si"]},{"@type":"Person","@id":"https:\/\/hudo.com\/si\/#\/schema\/person\/601cf3379633985b20f7e50f2bb47707","name":"hudo","image":{"@type":"ImageObject","inLanguage":"sl-SI","@id":"https:\/\/hudo.com\/si\/#\/schema\/person\/image\/","url":"https:\/\/secure.gravatar.com\/avatar\/c4ca25fa72cace7a696b52ff5db9e095?s=96&d=mm&r=g","contentUrl":"https:\/\/secure.gravatar.com\/avatar\/c4ca25fa72cace7a696b52ff5db9e095?s=96&d=mm&r=g","caption":"hudo"},"url":"https:\/\/hudo.com\/si\/author\/hudo\/"}]}},"amp_enabled":true,"_links":{"self":[{"href":"https:\/\/hudo.com\/si\/wp-json\/wp\/v2\/posts\/65604"}],"collection":[{"href":"https:\/\/hudo.com\/si\/wp-json\/wp\/v2\/posts"}],"about":[{"href":"https:\/\/hudo.com\/si\/wp-json\/wp\/v2\/types\/post"}],"author":[{"embeddable":true,"href":"https:\/\/hudo.com\/si\/wp-json\/wp\/v2\/users\/1"}],"replies":[{"embeddable":true,"href":"https:\/\/hudo.com\/si\/wp-json\/wp\/v2\/comments?post=65604"}],"version-history":[{"count":1,"href":"https:\/\/hudo.com\/si\/wp-json\/wp\/v2\/posts\/65604\/revisions"}],"predecessor-version":[{"id":65764,"href":"https:\/\/hudo.com\/si\/wp-json\/wp\/v2\/posts\/65604\/revisions\/65764"}],"wp:attachment":[{"href":"https:\/\/hudo.com\/si\/wp-json\/wp\/v2\/media?parent=65604"}],"wp:term":[{"taxonomy":"category","embeddable":true,"href":"https:\/\/hudo.com\/si\/wp-json\/wp\/v2\/categories?post=65604"},{"taxonomy":"post_tag","embeddable":true,"href":"https:\/\/hudo.com\/si\/wp-json\/wp\/v2\/tags?post=65604"},{"taxonomy":"source","embeddable":true,"href":"https:\/\/hudo.com\/si\/wp-json\/wp\/v2\/source?post=65604"},{"taxonomy":"supertag","embeddable":true,"href":"https:\/\/hudo.com\/si\/wp-json\/wp\/v2\/supertag?post=65604"}],"curies":[{"name":"wp","href":"https:\/\/api.w.org\/{rel}","templated":true}]}}