{"id":65616,"date":"2016-05-31T17:53:29","date_gmt":"2016-05-31T15:53:29","guid":{"rendered":"http:\/\/hudo.com\/si\/2016\/05\/31\/video-na-obletnici-jbtz-le-j-in-t\/"},"modified":"2016-06-02T20:46:27","modified_gmt":"2016-06-02T18:46:27","slug":"video-na-obletnici-jbtz-le-j-in-t","status":"publish","type":"post","link":"https:\/\/hudo.com\/si\/aktualno\/video-na-obletnici-jbtz-le-j-in-t\/","title":{"rendered":"[VIDEO] Na obletnici JBTZ le J in T"},"content":{"rendered":"<p>31. maja 1988 so pripadniki slovenske tajne policije aretirali takratnega komentatorja tednika Mladine Janeza Jan\u0161o in novinarja Davida Tasi\u010da ter ju izro\u010dili Jugoslovanski ljudski armadi. Ta je \u017ee prej aretirala tudi prapor\u0161\u010daka Ivana Bor\u0161tnerja. Urednik Mladine Franci Zavrl se je aretaciji izognil tako, da se je zatekel na psihiatri\u010dno kliniko. Okrogle mize ob 28. obletnici aretacij sta se udele\u017eila le J in T, torej Jan\u0161a in Tasi\u010d, Zavrl pa ni dobil niti vabila na dogodek.<\/p>\n","protected":false},"excerpt":{"rendered":"<p>31. maja 1988 so pripadniki slovenske tajne policije aretirali takratnega komentatorja tednika Mladine Janeza Jan\u0161o in novinarja Davida Tasi\u010da ter ju izro\u010dili Jugoslovanski ljudski armadi. Ta je \u017ee prej aretirala tudi prapor\u0161\u010daka Ivana Bor\u0161tnerja. Urednik Mladine Franci Zavrl se je aretaciji izognil tako, da se je zatekel na psihiatri\u010dno kliniko. Okrogle mize ob 28. obletnici aretacij sta se udele\u017eila le J in T, torej Jan\u0161a in Tasi\u010d, Zavrl pa ni dobil niti vabila na dogodek.<\/p>\n","protected":false},"author":1,"featured_media":0,"comment_status":"closed","ping_status":"closed","sticky":false,"template":"","format":"standard","meta":{"footnotes":""},"categories":[1179],"tags":[],"source":[1706],"supertag":[],"acf":[],"yoast_head":"<!-- This site is optimized with the Yoast SEO plugin v21.3 - https:\/\/yoast.com\/wordpress\/plugins\/seo\/ -->\n<title>[VIDEO] Na obletnici JBTZ le J in T - Hudo Slovenija<\/title>\n<meta name=\"robots\" content=\"index, follow, max-snippet:-1, max-image-preview:large, max-video-preview:-1\" \/>\n<link rel=\"canonical\" href=\"https:\/\/hudo.com\/si\/aktualno\/video-na-obletnici-jbtz-le-j-in-t\/\" \/>\n<meta property=\"og:locale\" content=\"sl_SI\" \/>\n<meta property=\"og:type\" content=\"article\" \/>\n<meta property=\"og:title\" content=\"[VIDEO] Na obletnici JBTZ le J in T - Hudo Slovenija\" \/>\n<meta property=\"og:description\" content=\"31. maja 1988 so pripadniki slovenske tajne policije aretirali takratnega komentatorja tednika Mladine Janeza Jan\u0161o in novinarja Davida Tasi\u010da ter ju izro\u010dili Jugoslovanski ljudski armadi. Ta je \u017ee prej aretirala tudi prapor\u0161\u010daka Ivana Bor\u0161tnerja. Urednik Mladine Franci Zavrl se je aretaciji izognil tako, da se je zatekel na psihiatri\u010dno kliniko. Okrogle mize ob 28. obletnici aretacij sta se udele\u017eila le J in T, torej Jan\u0161a in Tasi\u010d, Zavrl pa ni dobil niti vabila na dogodek.\" \/>\n<meta property=\"og:url\" content=\"https:\/\/hudo.com\/si\/aktualno\/video-na-obletnici-jbtz-le-j-in-t\/\" \/>\n<meta property=\"og:site_name\" content=\"Hudo Slovenija\" \/>\n<meta property=\"article:publisher\" content=\"https:\/\/www.facebook.com\/hudo.si\" \/>\n<meta property=\"article:published_time\" content=\"2016-05-31T15:53:29+00:00\" \/>\n<meta property=\"article:modified_time\" content=\"2016-06-02T18:46:27+00:00\" \/>\n<meta property=\"og:image\" content=\"https:\/\/hudo.com\/si\/wp-content\/uploads\/sites\/2\/2016\/05\/0046660anIk.jpg\" \/>\n\t<meta property=\"og:image:width\" content=\"504\" \/>\n\t<meta property=\"og:image:height\" content=\"284\" \/>\n\t<meta property=\"og:image:type\" content=\"image\/jpeg\" \/>\n<meta name=\"author\" content=\"hudo\" \/>\n<meta name=\"twitter:card\" content=\"summary_large_image\" \/>\n<meta name=\"twitter:creator\" content=\"@hudo_si\" \/>\n<meta name=\"twitter:site\" content=\"@hudo_si\" \/>\n<meta name=\"twitter:label1\" content=\"Written by\" \/>\n\t<meta name=\"twitter:data1\" content=\"hudo\" \/>\n<script type=\"application\/ld+json\" class=\"yoast-schema-graph\">{\"@context\":\"https:\/\/schema.org\",\"@graph\":[{\"@type\":\"Article\",\"@id\":\"https:\/\/hudo.com\/si\/aktualno\/video-na-obletnici-jbtz-le-j-in-t\/#article\",\"isPartOf\":{\"@id\":\"https:\/\/hudo.com\/si\/aktualno\/video-na-obletnici-jbtz-le-j-in-t\/\"},\"author\":{\"name\":\"hudo\",\"@id\":\"https:\/\/hudo.com\/si\/#\/schema\/person\/601cf3379633985b20f7e50f2bb47707\"},\"headline\":\"[VIDEO] Na obletnici JBTZ le J in T\",\"datePublished\":\"2016-05-31T15:53:29+00:00\",\"dateModified\":\"2016-06-02T18:46:27+00:00\",\"mainEntityOfPage\":{\"@id\":\"https:\/\/hudo.com\/si\/aktualno\/video-na-obletnici-jbtz-le-j-in-t\/\"},\"wordCount\":88,\"publisher\":{\"@id\":\"https:\/\/hudo.com\/si\/#organization\"},\"articleSection\":[\"Aktualno\"],\"inLanguage\":\"sl-SI\"},{\"@type\":\"WebPage\",\"@id\":\"https:\/\/hudo.com\/si\/aktualno\/video-na-obletnici-jbtz-le-j-in-t\/\",\"url\":\"https:\/\/hudo.com\/si\/aktualno\/video-na-obletnici-jbtz-le-j-in-t\/\",\"name\":\"[VIDEO] Na obletnici JBTZ le J in T - Hudo Slovenija\",\"isPartOf\":{\"@id\":\"https:\/\/hudo.com\/si\/#website\"},\"datePublished\":\"2016-05-31T15:53:29+00:00\",\"dateModified\":\"2016-06-02T18:46:27+00:00\",\"breadcrumb\":{\"@id\":\"https:\/\/hudo.com\/si\/aktualno\/video-na-obletnici-jbtz-le-j-in-t\/#breadcrumb\"},\"inLanguage\":\"sl-SI\",\"potentialAction\":[{\"@type\":\"ReadAction\",\"target\":[\"https:\/\/hudo.com\/si\/aktualno\/video-na-obletnici-jbtz-le-j-in-t\/\"]}]},{\"@type\":\"BreadcrumbList\",\"@id\":\"https:\/\/hudo.com\/si\/aktualno\/video-na-obletnici-jbtz-le-j-in-t\/#breadcrumb\",\"itemListElement\":[{\"@type\":\"ListItem\",\"position\":1,\"name\":\"Home\",\"item\":\"https:\/\/hudo.com\/si\/\"},{\"@type\":\"ListItem\",\"position\":2,\"name\":\"[VIDEO] Na obletnici JBTZ le J in T\"}]},{\"@type\":\"WebSite\",\"@id\":\"https:\/\/hudo.com\/si\/#website\",\"url\":\"https:\/\/hudo.com\/si\/\",\"name\":\"Hudo Slovenija\",\"description\":\"Vse novice iz Slovenije in sveta\",\"publisher\":{\"@id\":\"https:\/\/hudo.com\/si\/#organization\"},\"potentialAction\":[{\"@type\":\"SearchAction\",\"target\":{\"@type\":\"EntryPoint\",\"urlTemplate\":\"https:\/\/hudo.com\/si\/?s={search_term_string}\"},\"query-input\":\"required name=search_term_string\"}],\"inLanguage\":\"sl-SI\"},{\"@type\":\"Organization\",\"@id\":\"https:\/\/hudo.com\/si\/#organization\",\"name\":\"VSN Media\",\"url\":\"https:\/\/hudo.com\/si\/\",\"logo\":{\"@type\":\"ImageObject\",\"inLanguage\":\"sl-SI\",\"@id\":\"https:\/\/hudo.com\/si\/#\/schema\/logo\/image\/\",\"url\":\"https:\/\/hudo.com\/si\/wp-content\/uploads\/sites\/2\/2021\/03\/hudo-app-2.png\",\"contentUrl\":\"https:\/\/hudo.com\/si\/wp-content\/uploads\/sites\/2\/2021\/03\/hudo-app-2.png\",\"width\":2185,\"height\":2167,\"caption\":\"VSN Media\"},\"image\":{\"@id\":\"https:\/\/hudo.com\/si\/#\/schema\/logo\/image\/\"},\"sameAs\":[\"https:\/\/www.facebook.com\/hudo.si\",\"https:\/\/twitter.com\/hudo_si\"]},{\"@type\":\"Person\",\"@id\":\"https:\/\/hudo.com\/si\/#\/schema\/person\/601cf3379633985b20f7e50f2bb47707\",\"name\":\"hudo\",\"image\":{\"@type\":\"ImageObject\",\"inLanguage\":\"sl-SI\",\"@id\":\"https:\/\/hudo.com\/si\/#\/schema\/person\/image\/\",\"url\":\"https:\/\/secure.gravatar.com\/avatar\/c4ca25fa72cace7a696b52ff5db9e095?s=96&d=mm&r=g\",\"contentUrl\":\"https:\/\/secure.gravatar.com\/avatar\/c4ca25fa72cace7a696b52ff5db9e095?s=96&d=mm&r=g\",\"caption\":\"hudo\"},\"url\":\"https:\/\/hudo.com\/si\/author\/hudo\/\"}]}<\/script>\n<!-- \/ Yoast SEO plugin. -->","yoast_head_json":{"title":"[VIDEO] Na obletnici JBTZ le J in T - Hudo Slovenija","robots":{"index":"index","follow":"follow","max-snippet":"max-snippet:-1","max-image-preview":"max-image-preview:large","max-video-preview":"max-video-preview:-1"},"canonical":"https:\/\/hudo.com\/si\/aktualno\/video-na-obletnici-jbtz-le-j-in-t\/","og_locale":"sl_SI","og_type":"article","og_title":"[VIDEO] Na obletnici JBTZ le J in T - Hudo Slovenija","og_description":"31. maja 1988 so pripadniki slovenske tajne policije aretirali takratnega komentatorja tednika Mladine Janeza Jan\u0161o in novinarja Davida Tasi\u010da ter ju izro\u010dili Jugoslovanski ljudski armadi. Ta je \u017ee prej aretirala tudi prapor\u0161\u010daka Ivana Bor\u0161tnerja. Urednik Mladine Franci Zavrl se je aretaciji izognil tako, da se je zatekel na psihiatri\u010dno kliniko. Okrogle mize ob 28. obletnici aretacij sta se udele\u017eila le J in T, torej Jan\u0161a in Tasi\u010d, Zavrl pa ni dobil niti vabila na dogodek.","og_url":"https:\/\/hudo.com\/si\/aktualno\/video-na-obletnici-jbtz-le-j-in-t\/","og_site_name":"Hudo Slovenija","article_publisher":"https:\/\/www.facebook.com\/hudo.si","article_published_time":"2016-05-31T15:53:29+00:00","article_modified_time":"2016-06-02T18:46:27+00:00","og_image":[{"width":504,"height":284,"url":"https:\/\/hudo.com\/si\/wp-content\/uploads\/sites\/2\/2016\/05\/0046660anIk.jpg","type":"image\/jpeg"}],"author":"hudo","twitter_card":"summary_large_image","twitter_creator":"@hudo_si","twitter_site":"@hudo_si","twitter_misc":{"Written by":"hudo"},"schema":{"@context":"https:\/\/schema.org","@graph":[{"@type":"Article","@id":"https:\/\/hudo.com\/si\/aktualno\/video-na-obletnici-jbtz-le-j-in-t\/#article","isPartOf":{"@id":"https:\/\/hudo.com\/si\/aktualno\/video-na-obletnici-jbtz-le-j-in-t\/"},"author":{"name":"hudo","@id":"https:\/\/hudo.com\/si\/#\/schema\/person\/601cf3379633985b20f7e50f2bb47707"},"headline":"[VIDEO] Na obletnici JBTZ le J in T","datePublished":"2016-05-31T15:53:29+00:00","dateModified":"2016-06-02T18:46:27+00:00","mainEntityOfPage":{"@id":"https:\/\/hudo.com\/si\/aktualno\/video-na-obletnici-jbtz-le-j-in-t\/"},"wordCount":88,"publisher":{"@id":"https:\/\/hudo.com\/si\/#organization"},"articleSection":["Aktualno"],"inLanguage":"sl-SI"},{"@type":"WebPage","@id":"https:\/\/hudo.com\/si\/aktualno\/video-na-obletnici-jbtz-le-j-in-t\/","url":"https:\/\/hudo.com\/si\/aktualno\/video-na-obletnici-jbtz-le-j-in-t\/","name":"[VIDEO] Na obletnici JBTZ le J in T - Hudo Slovenija","isPartOf":{"@id":"https:\/\/hudo.com\/si\/#website"},"datePublished":"2016-05-31T15:53:29+00:00","dateModified":"2016-06-02T18:46:27+00:00","breadcrumb":{"@id":"https:\/\/hudo.com\/si\/aktualno\/video-na-obletnici-jbtz-le-j-in-t\/#breadcrumb"},"inLanguage":"sl-SI","potentialAction":[{"@type":"ReadAction","target":["https:\/\/hudo.com\/si\/aktualno\/video-na-obletnici-jbtz-le-j-in-t\/"]}]},{"@type":"BreadcrumbList","@id":"https:\/\/hudo.com\/si\/aktualno\/video-na-obletnici-jbtz-le-j-in-t\/#breadcrumb","itemListElement":[{"@type":"ListItem","position":1,"name":"Home","item":"https:\/\/hudo.com\/si\/"},{"@type":"ListItem","position":2,"name":"[VIDEO] Na obletnici JBTZ le J in T"}]},{"@type":"WebSite","@id":"https:\/\/hudo.com\/si\/#website","url":"https:\/\/hudo.com\/si\/","name":"Hudo Slovenija","description":"Vse novice iz Slovenije in sveta","publisher":{"@id":"https:\/\/hudo.com\/si\/#organization"},"potentialAction":[{"@type":"SearchAction","target":{"@type":"EntryPoint","urlTemplate":"https:\/\/hudo.com\/si\/?s={search_term_string}"},"query-input":"required name=search_term_string"}],"inLanguage":"sl-SI"},{"@type":"Organization","@id":"https:\/\/hudo.com\/si\/#organization","name":"VSN Media","url":"https:\/\/hudo.com\/si\/","logo":{"@type":"ImageObject","inLanguage":"sl-SI","@id":"https:\/\/hudo.com\/si\/#\/schema\/logo\/image\/","url":"https:\/\/hudo.com\/si\/wp-content\/uploads\/sites\/2\/2021\/03\/hudo-app-2.png","contentUrl":"https:\/\/hudo.com\/si\/wp-content\/uploads\/sites\/2\/2021\/03\/hudo-app-2.png","width":2185,"height":2167,"caption":"VSN Media"},"image":{"@id":"https:\/\/hudo.com\/si\/#\/schema\/logo\/image\/"},"sameAs":["https:\/\/www.facebook.com\/hudo.si","https:\/\/twitter.com\/hudo_si"]},{"@type":"Person","@id":"https:\/\/hudo.com\/si\/#\/schema\/person\/601cf3379633985b20f7e50f2bb47707","name":"hudo","image":{"@type":"ImageObject","inLanguage":"sl-SI","@id":"https:\/\/hudo.com\/si\/#\/schema\/person\/image\/","url":"https:\/\/secure.gravatar.com\/avatar\/c4ca25fa72cace7a696b52ff5db9e095?s=96&d=mm&r=g","contentUrl":"https:\/\/secure.gravatar.com\/avatar\/c4ca25fa72cace7a696b52ff5db9e095?s=96&d=mm&r=g","caption":"hudo"},"url":"https:\/\/hudo.com\/si\/author\/hudo\/"}]}},"amp_enabled":true,"_links":{"self":[{"href":"https:\/\/hudo.com\/si\/wp-json\/wp\/v2\/posts\/65616"}],"collection":[{"href":"https:\/\/hudo.com\/si\/wp-json\/wp\/v2\/posts"}],"about":[{"href":"https:\/\/hudo.com\/si\/wp-json\/wp\/v2\/types\/post"}],"author":[{"embeddable":true,"href":"https:\/\/hudo.com\/si\/wp-json\/wp\/v2\/users\/1"}],"replies":[{"embeddable":true,"href":"https:\/\/hudo.com\/si\/wp-json\/wp\/v2\/comments?post=65616"}],"version-history":[{"count":1,"href":"https:\/\/hudo.com\/si\/wp-json\/wp\/v2\/posts\/65616\/revisions"}],"predecessor-version":[{"id":65768,"href":"https:\/\/hudo.com\/si\/wp-json\/wp\/v2\/posts\/65616\/revisions\/65768"}],"wp:attachment":[{"href":"https:\/\/hudo.com\/si\/wp-json\/wp\/v2\/media?parent=65616"}],"wp:term":[{"taxonomy":"category","embeddable":true,"href":"https:\/\/hudo.com\/si\/wp-json\/wp\/v2\/categories?post=65616"},{"taxonomy":"post_tag","embeddable":true,"href":"https:\/\/hudo.com\/si\/wp-json\/wp\/v2\/tags?post=65616"},{"taxonomy":"source","embeddable":true,"href":"https:\/\/hudo.com\/si\/wp-json\/wp\/v2\/source?post=65616"},{"taxonomy":"supertag","embeddable":true,"href":"https:\/\/hudo.com\/si\/wp-json\/wp\/v2\/supertag?post=65616"}],"curies":[{"name":"wp","href":"https:\/\/api.w.org\/{rel}","templated":true}]}}