{"id":65622,"date":"2016-05-31T16:45:00","date_gmt":"2016-05-31T14:45:00","guid":{"rendered":"http:\/\/hudo.com\/si\/2016\/05\/31\/zda-svarijo-pred-moznimi-teroristicnimi-napadi-med-eurom-2016\/"},"modified":"2016-06-01T14:42:43","modified_gmt":"2016-06-01T12:42:43","slug":"zda-svarijo-pred-moznimi-teroristicnimi-napadi-med-eurom-2016","status":"publish","type":"post","link":"https:\/\/hudo.com\/si\/aktualno\/zda-svarijo-pred-moznimi-teroristicnimi-napadi-med-eurom-2016\/","title":{"rendered":"ZDA svarijo pred mo\u017enimi teroristi\u010dnimi napadi med Eurom 2016"},"content":{"rendered":"<p>ZDA so danes svoje dr\u017eavljane posvarile, da bodo evropsko nogometno prvenstvo in z njim povezani dogodki v Franciji in drugod po Evropi potencialna tar\u010da teroristov. Mesec dni trajajo\u010de prvenstvo se bo za\u010delo 10. junija v Parizu in bo v Francijo privabilo ve\u010d 100.000 nogometnih navdu\u0161encev. Opozorilo State Departmenta je bilo objavljeno v posodobljenem opozorilu, ki ameri\u0161ke popotnike \u017ee dlje \u010dasa svari pred napadi skrajne\u017eev na prevozna sredstva in javne shode v Evropi. &#8220;Veliko \u0161tevilo turistov, ki bodo v poletnih mesecih obiskali Evropo, bo predstavljalo pomembno tar\u010do za teroriste, ki na\u010drtujejo napade na javne kraje, zlasti na velike dogodke,&#8221; pi\u0161e v opozorilu ameri\u0161kega zunanjega ministrstva. Francoska vlada je zavrnila mo\u017enost odpovedi nogometnega prvenstva, na katerem pri\u010dakujejo dva milijona obiskovalcev. Francija je za okrepitev varnosti na Euru 2016 podalj\u0161ala izredne razmere, ki jih je uvedla po teroristi\u010dnih napadih v Parizu novembra lani.Svet<\/p>\n","protected":false},"excerpt":{"rendered":"<p>ZDA so danes svoje dr\u017eavljane posvarile, da bodo evropsko nogometno prvenstvo in z njim povezani dogodki v Franciji in drugod po Evropi potencialna tar\u010da teroristov. Mesec dni trajajo\u010de prvenstvo se bo za\u010delo 10. junija v Parizu in bo v Francijo privabilo ve\u010d 100.000 nogometnih navdu\u0161encev. Opozorilo State Departmenta je bilo objavljeno v posodobljenem opozorilu, ki ameri\u0161ke popotnike \u017ee dlje \u010dasa svari pred napadi skrajne\u017eev na prevozna sredstva in javne shode v Evropi. &#8220;Veliko \u0161tevilo turistov, ki bodo v poletnih mesecih obiskali Evropo, bo predstavljalo pomembno tar\u010do za teroriste, ki na\u010drtujejo napade na javne kraje, zlasti na velike dogodke,&#8221; pi\u0161e v opozorilu ameri\u0161kega zunanjega ministrstva. Francoska vlada je zavrnila mo\u017enost odpovedi nogometnega prvenstva, na katerem pri\u010dakujejo dva milijona obiskovalcev. Francija je za okrepitev varnosti na Euru 2016 podalj\u0161ala izredne razmere, ki jih je uvedla po teroristi\u010dnih napadih v Parizu novembra lani.Svet<\/p>\n","protected":false},"author":1,"featured_media":0,"comment_status":"closed","ping_status":"closed","sticky":false,"template":"","format":"standard","meta":{"footnotes":""},"categories":[1179],"tags":[],"source":[1711],"supertag":[],"acf":[],"yoast_head":"<!-- This site is optimized with the Yoast SEO plugin v21.3 - https:\/\/yoast.com\/wordpress\/plugins\/seo\/ -->\n<title>ZDA svarijo pred mo\u017enimi teroristi\u010dnimi napadi med Eurom 2016 - Hudo Slovenija<\/title>\n<meta name=\"robots\" content=\"index, follow, max-snippet:-1, max-image-preview:large, max-video-preview:-1\" \/>\n<link rel=\"canonical\" href=\"https:\/\/hudo.com\/si\/aktualno\/zda-svarijo-pred-moznimi-teroristicnimi-napadi-med-eurom-2016\/\" \/>\n<meta property=\"og:locale\" content=\"sl_SI\" \/>\n<meta property=\"og:type\" content=\"article\" \/>\n<meta property=\"og:title\" content=\"ZDA svarijo pred mo\u017enimi teroristi\u010dnimi napadi med Eurom 2016 - Hudo Slovenija\" \/>\n<meta property=\"og:description\" content=\"ZDA so danes svoje dr\u017eavljane posvarile, da bodo evropsko nogometno prvenstvo in z njim povezani dogodki v Franciji in drugod po Evropi potencialna tar\u010da teroristov. Mesec dni trajajo\u010de prvenstvo se bo za\u010delo 10. junija v Parizu in bo v Francijo privabilo ve\u010d 100.000 nogometnih navdu\u0161encev. Opozorilo State Departmenta je bilo objavljeno v posodobljenem opozorilu, ki ameri\u0161ke popotnike \u017ee dlje \u010dasa svari pred napadi skrajne\u017eev na prevozna sredstva in javne shode v Evropi. &quot;Veliko \u0161tevilo turistov, ki bodo v poletnih mesecih obiskali Evropo, bo predstavljalo pomembno tar\u010do za teroriste, ki na\u010drtujejo napade na javne kraje, zlasti na velike dogodke,&quot; pi\u0161e v opozorilu ameri\u0161kega zunanjega ministrstva. Francoska vlada je zavrnila mo\u017enost odpovedi nogometnega prvenstva, na katerem pri\u010dakujejo dva milijona obiskovalcev. Francija je za okrepitev varnosti na Euru 2016 podalj\u0161ala izredne razmere, ki jih je uvedla po teroristi\u010dnih napadih v Parizu novembra lani.Svet\" \/>\n<meta property=\"og:url\" content=\"https:\/\/hudo.com\/si\/aktualno\/zda-svarijo-pred-moznimi-teroristicnimi-napadi-med-eurom-2016\/\" \/>\n<meta property=\"og:site_name\" content=\"Hudo Slovenija\" \/>\n<meta property=\"article:publisher\" content=\"https:\/\/www.facebook.com\/hudo.si\" \/>\n<meta property=\"article:published_time\" content=\"2016-05-31T14:45:00+00:00\" \/>\n<meta property=\"article:modified_time\" content=\"2016-06-01T12:42:43+00:00\" \/>\n<meta property=\"og:image\" content=\"https:\/\/hudo.com\/si\/wp-content\/uploads\/sites\/2\/2016\/05\/MDF94774-300.jpg\" \/>\n\t<meta property=\"og:image:width\" content=\"450\" \/>\n\t<meta property=\"og:image:height\" content=\"300\" \/>\n\t<meta property=\"og:image:type\" content=\"image\/jpeg\" \/>\n<meta name=\"author\" content=\"hudo\" \/>\n<meta name=\"twitter:card\" content=\"summary_large_image\" \/>\n<meta name=\"twitter:creator\" content=\"@hudo_si\" \/>\n<meta name=\"twitter:site\" content=\"@hudo_si\" \/>\n<meta name=\"twitter:label1\" content=\"Written by\" \/>\n\t<meta name=\"twitter:data1\" content=\"hudo\" \/>\n\t<meta name=\"twitter:label2\" content=\"Est. reading time\" \/>\n\t<meta name=\"twitter:data2\" content=\"1 minuta\" \/>\n<script type=\"application\/ld+json\" class=\"yoast-schema-graph\">{\"@context\":\"https:\/\/schema.org\",\"@graph\":[{\"@type\":\"Article\",\"@id\":\"https:\/\/hudo.com\/si\/aktualno\/zda-svarijo-pred-moznimi-teroristicnimi-napadi-med-eurom-2016\/#article\",\"isPartOf\":{\"@id\":\"https:\/\/hudo.com\/si\/aktualno\/zda-svarijo-pred-moznimi-teroristicnimi-napadi-med-eurom-2016\/\"},\"author\":{\"name\":\"hudo\",\"@id\":\"https:\/\/hudo.com\/si\/#\/schema\/person\/601cf3379633985b20f7e50f2bb47707\"},\"headline\":\"ZDA svarijo pred mo\u017enimi teroristi\u010dnimi napadi med Eurom 2016\",\"datePublished\":\"2016-05-31T14:45:00+00:00\",\"dateModified\":\"2016-06-01T12:42:43+00:00\",\"mainEntityOfPage\":{\"@id\":\"https:\/\/hudo.com\/si\/aktualno\/zda-svarijo-pred-moznimi-teroristicnimi-napadi-med-eurom-2016\/\"},\"wordCount\":163,\"publisher\":{\"@id\":\"https:\/\/hudo.com\/si\/#organization\"},\"articleSection\":[\"Aktualno\"],\"inLanguage\":\"sl-SI\"},{\"@type\":\"WebPage\",\"@id\":\"https:\/\/hudo.com\/si\/aktualno\/zda-svarijo-pred-moznimi-teroristicnimi-napadi-med-eurom-2016\/\",\"url\":\"https:\/\/hudo.com\/si\/aktualno\/zda-svarijo-pred-moznimi-teroristicnimi-napadi-med-eurom-2016\/\",\"name\":\"ZDA svarijo pred mo\u017enimi teroristi\u010dnimi napadi med Eurom 2016 - Hudo Slovenija\",\"isPartOf\":{\"@id\":\"https:\/\/hudo.com\/si\/#website\"},\"datePublished\":\"2016-05-31T14:45:00+00:00\",\"dateModified\":\"2016-06-01T12:42:43+00:00\",\"breadcrumb\":{\"@id\":\"https:\/\/hudo.com\/si\/aktualno\/zda-svarijo-pred-moznimi-teroristicnimi-napadi-med-eurom-2016\/#breadcrumb\"},\"inLanguage\":\"sl-SI\",\"potentialAction\":[{\"@type\":\"ReadAction\",\"target\":[\"https:\/\/hudo.com\/si\/aktualno\/zda-svarijo-pred-moznimi-teroristicnimi-napadi-med-eurom-2016\/\"]}]},{\"@type\":\"BreadcrumbList\",\"@id\":\"https:\/\/hudo.com\/si\/aktualno\/zda-svarijo-pred-moznimi-teroristicnimi-napadi-med-eurom-2016\/#breadcrumb\",\"itemListElement\":[{\"@type\":\"ListItem\",\"position\":1,\"name\":\"Home\",\"item\":\"https:\/\/hudo.com\/si\/\"},{\"@type\":\"ListItem\",\"position\":2,\"name\":\"ZDA svarijo pred mo\u017enimi teroristi\u010dnimi napadi med Eurom 2016\"}]},{\"@type\":\"WebSite\",\"@id\":\"https:\/\/hudo.com\/si\/#website\",\"url\":\"https:\/\/hudo.com\/si\/\",\"name\":\"Hudo Slovenija\",\"description\":\"Vse novice iz Slovenije in sveta\",\"publisher\":{\"@id\":\"https:\/\/hudo.com\/si\/#organization\"},\"potentialAction\":[{\"@type\":\"SearchAction\",\"target\":{\"@type\":\"EntryPoint\",\"urlTemplate\":\"https:\/\/hudo.com\/si\/?s={search_term_string}\"},\"query-input\":\"required name=search_term_string\"}],\"inLanguage\":\"sl-SI\"},{\"@type\":\"Organization\",\"@id\":\"https:\/\/hudo.com\/si\/#organization\",\"name\":\"VSN Media\",\"url\":\"https:\/\/hudo.com\/si\/\",\"logo\":{\"@type\":\"ImageObject\",\"inLanguage\":\"sl-SI\",\"@id\":\"https:\/\/hudo.com\/si\/#\/schema\/logo\/image\/\",\"url\":\"https:\/\/hudo.com\/si\/wp-content\/uploads\/sites\/2\/2021\/03\/hudo-app-2.png\",\"contentUrl\":\"https:\/\/hudo.com\/si\/wp-content\/uploads\/sites\/2\/2021\/03\/hudo-app-2.png\",\"width\":2185,\"height\":2167,\"caption\":\"VSN Media\"},\"image\":{\"@id\":\"https:\/\/hudo.com\/si\/#\/schema\/logo\/image\/\"},\"sameAs\":[\"https:\/\/www.facebook.com\/hudo.si\",\"https:\/\/twitter.com\/hudo_si\"]},{\"@type\":\"Person\",\"@id\":\"https:\/\/hudo.com\/si\/#\/schema\/person\/601cf3379633985b20f7e50f2bb47707\",\"name\":\"hudo\",\"image\":{\"@type\":\"ImageObject\",\"inLanguage\":\"sl-SI\",\"@id\":\"https:\/\/hudo.com\/si\/#\/schema\/person\/image\/\",\"url\":\"https:\/\/secure.gravatar.com\/avatar\/c4ca25fa72cace7a696b52ff5db9e095?s=96&d=mm&r=g\",\"contentUrl\":\"https:\/\/secure.gravatar.com\/avatar\/c4ca25fa72cace7a696b52ff5db9e095?s=96&d=mm&r=g\",\"caption\":\"hudo\"},\"url\":\"https:\/\/hudo.com\/si\/author\/hudo\/\"}]}<\/script>\n<!-- \/ Yoast SEO plugin. -->","yoast_head_json":{"title":"ZDA svarijo pred mo\u017enimi teroristi\u010dnimi napadi med Eurom 2016 - Hudo Slovenija","robots":{"index":"index","follow":"follow","max-snippet":"max-snippet:-1","max-image-preview":"max-image-preview:large","max-video-preview":"max-video-preview:-1"},"canonical":"https:\/\/hudo.com\/si\/aktualno\/zda-svarijo-pred-moznimi-teroristicnimi-napadi-med-eurom-2016\/","og_locale":"sl_SI","og_type":"article","og_title":"ZDA svarijo pred mo\u017enimi teroristi\u010dnimi napadi med Eurom 2016 - Hudo Slovenija","og_description":"ZDA so danes svoje dr\u017eavljane posvarile, da bodo evropsko nogometno prvenstvo in z njim povezani dogodki v Franciji in drugod po Evropi potencialna tar\u010da teroristov. Mesec dni trajajo\u010de prvenstvo se bo za\u010delo 10. junija v Parizu in bo v Francijo privabilo ve\u010d 100.000 nogometnih navdu\u0161encev. Opozorilo State Departmenta je bilo objavljeno v posodobljenem opozorilu, ki ameri\u0161ke popotnike \u017ee dlje \u010dasa svari pred napadi skrajne\u017eev na prevozna sredstva in javne shode v Evropi. \"Veliko \u0161tevilo turistov, ki bodo v poletnih mesecih obiskali Evropo, bo predstavljalo pomembno tar\u010do za teroriste, ki na\u010drtujejo napade na javne kraje, zlasti na velike dogodke,\" pi\u0161e v opozorilu ameri\u0161kega zunanjega ministrstva. Francoska vlada je zavrnila mo\u017enost odpovedi nogometnega prvenstva, na katerem pri\u010dakujejo dva milijona obiskovalcev. Francija je za okrepitev varnosti na Euru 2016 podalj\u0161ala izredne razmere, ki jih je uvedla po teroristi\u010dnih napadih v Parizu novembra lani.Svet","og_url":"https:\/\/hudo.com\/si\/aktualno\/zda-svarijo-pred-moznimi-teroristicnimi-napadi-med-eurom-2016\/","og_site_name":"Hudo Slovenija","article_publisher":"https:\/\/www.facebook.com\/hudo.si","article_published_time":"2016-05-31T14:45:00+00:00","article_modified_time":"2016-06-01T12:42:43+00:00","og_image":[{"width":450,"height":300,"url":"https:\/\/hudo.com\/si\/wp-content\/uploads\/sites\/2\/2016\/05\/MDF94774-300.jpg","type":"image\/jpeg"}],"author":"hudo","twitter_card":"summary_large_image","twitter_creator":"@hudo_si","twitter_site":"@hudo_si","twitter_misc":{"Written by":"hudo","Est. reading time":"1 minuta"},"schema":{"@context":"https:\/\/schema.org","@graph":[{"@type":"Article","@id":"https:\/\/hudo.com\/si\/aktualno\/zda-svarijo-pred-moznimi-teroristicnimi-napadi-med-eurom-2016\/#article","isPartOf":{"@id":"https:\/\/hudo.com\/si\/aktualno\/zda-svarijo-pred-moznimi-teroristicnimi-napadi-med-eurom-2016\/"},"author":{"name":"hudo","@id":"https:\/\/hudo.com\/si\/#\/schema\/person\/601cf3379633985b20f7e50f2bb47707"},"headline":"ZDA svarijo pred mo\u017enimi teroristi\u010dnimi napadi med Eurom 2016","datePublished":"2016-05-31T14:45:00+00:00","dateModified":"2016-06-01T12:42:43+00:00","mainEntityOfPage":{"@id":"https:\/\/hudo.com\/si\/aktualno\/zda-svarijo-pred-moznimi-teroristicnimi-napadi-med-eurom-2016\/"},"wordCount":163,"publisher":{"@id":"https:\/\/hudo.com\/si\/#organization"},"articleSection":["Aktualno"],"inLanguage":"sl-SI"},{"@type":"WebPage","@id":"https:\/\/hudo.com\/si\/aktualno\/zda-svarijo-pred-moznimi-teroristicnimi-napadi-med-eurom-2016\/","url":"https:\/\/hudo.com\/si\/aktualno\/zda-svarijo-pred-moznimi-teroristicnimi-napadi-med-eurom-2016\/","name":"ZDA svarijo pred mo\u017enimi teroristi\u010dnimi napadi med Eurom 2016 - Hudo Slovenija","isPartOf":{"@id":"https:\/\/hudo.com\/si\/#website"},"datePublished":"2016-05-31T14:45:00+00:00","dateModified":"2016-06-01T12:42:43+00:00","breadcrumb":{"@id":"https:\/\/hudo.com\/si\/aktualno\/zda-svarijo-pred-moznimi-teroristicnimi-napadi-med-eurom-2016\/#breadcrumb"},"inLanguage":"sl-SI","potentialAction":[{"@type":"ReadAction","target":["https:\/\/hudo.com\/si\/aktualno\/zda-svarijo-pred-moznimi-teroristicnimi-napadi-med-eurom-2016\/"]}]},{"@type":"BreadcrumbList","@id":"https:\/\/hudo.com\/si\/aktualno\/zda-svarijo-pred-moznimi-teroristicnimi-napadi-med-eurom-2016\/#breadcrumb","itemListElement":[{"@type":"ListItem","position":1,"name":"Home","item":"https:\/\/hudo.com\/si\/"},{"@type":"ListItem","position":2,"name":"ZDA svarijo pred mo\u017enimi teroristi\u010dnimi napadi med Eurom 2016"}]},{"@type":"WebSite","@id":"https:\/\/hudo.com\/si\/#website","url":"https:\/\/hudo.com\/si\/","name":"Hudo Slovenija","description":"Vse novice iz Slovenije in sveta","publisher":{"@id":"https:\/\/hudo.com\/si\/#organization"},"potentialAction":[{"@type":"SearchAction","target":{"@type":"EntryPoint","urlTemplate":"https:\/\/hudo.com\/si\/?s={search_term_string}"},"query-input":"required name=search_term_string"}],"inLanguage":"sl-SI"},{"@type":"Organization","@id":"https:\/\/hudo.com\/si\/#organization","name":"VSN Media","url":"https:\/\/hudo.com\/si\/","logo":{"@type":"ImageObject","inLanguage":"sl-SI","@id":"https:\/\/hudo.com\/si\/#\/schema\/logo\/image\/","url":"https:\/\/hudo.com\/si\/wp-content\/uploads\/sites\/2\/2021\/03\/hudo-app-2.png","contentUrl":"https:\/\/hudo.com\/si\/wp-content\/uploads\/sites\/2\/2021\/03\/hudo-app-2.png","width":2185,"height":2167,"caption":"VSN Media"},"image":{"@id":"https:\/\/hudo.com\/si\/#\/schema\/logo\/image\/"},"sameAs":["https:\/\/www.facebook.com\/hudo.si","https:\/\/twitter.com\/hudo_si"]},{"@type":"Person","@id":"https:\/\/hudo.com\/si\/#\/schema\/person\/601cf3379633985b20f7e50f2bb47707","name":"hudo","image":{"@type":"ImageObject","inLanguage":"sl-SI","@id":"https:\/\/hudo.com\/si\/#\/schema\/person\/image\/","url":"https:\/\/secure.gravatar.com\/avatar\/c4ca25fa72cace7a696b52ff5db9e095?s=96&d=mm&r=g","contentUrl":"https:\/\/secure.gravatar.com\/avatar\/c4ca25fa72cace7a696b52ff5db9e095?s=96&d=mm&r=g","caption":"hudo"},"url":"https:\/\/hudo.com\/si\/author\/hudo\/"}]}},"amp_enabled":true,"_links":{"self":[{"href":"https:\/\/hudo.com\/si\/wp-json\/wp\/v2\/posts\/65622"}],"collection":[{"href":"https:\/\/hudo.com\/si\/wp-json\/wp\/v2\/posts"}],"about":[{"href":"https:\/\/hudo.com\/si\/wp-json\/wp\/v2\/types\/post"}],"author":[{"embeddable":true,"href":"https:\/\/hudo.com\/si\/wp-json\/wp\/v2\/users\/1"}],"replies":[{"embeddable":true,"href":"https:\/\/hudo.com\/si\/wp-json\/wp\/v2\/comments?post=65622"}],"version-history":[{"count":1,"href":"https:\/\/hudo.com\/si\/wp-json\/wp\/v2\/posts\/65622\/revisions"}],"predecessor-version":[{"id":65771,"href":"https:\/\/hudo.com\/si\/wp-json\/wp\/v2\/posts\/65622\/revisions\/65771"}],"wp:attachment":[{"href":"https:\/\/hudo.com\/si\/wp-json\/wp\/v2\/media?parent=65622"}],"wp:term":[{"taxonomy":"category","embeddable":true,"href":"https:\/\/hudo.com\/si\/wp-json\/wp\/v2\/categories?post=65622"},{"taxonomy":"post_tag","embeddable":true,"href":"https:\/\/hudo.com\/si\/wp-json\/wp\/v2\/tags?post=65622"},{"taxonomy":"source","embeddable":true,"href":"https:\/\/hudo.com\/si\/wp-json\/wp\/v2\/source?post=65622"},{"taxonomy":"supertag","embeddable":true,"href":"https:\/\/hudo.com\/si\/wp-json\/wp\/v2\/supertag?post=65622"}],"curies":[{"name":"wp","href":"https:\/\/api.w.org\/{rel}","templated":true}]}}