{"id":65640,"date":"2016-05-31T15:35:00","date_gmt":"2016-05-31T13:35:00","guid":{"rendered":"http:\/\/hudo.com\/si\/2016\/05\/31\/ikea-bo-razsirila-svoj-trgovski-kompleks-na-hrvaskem\/"},"modified":"2016-06-01T13:01:24","modified_gmt":"2016-06-01T11:01:24","slug":"ikea-bo-razsirila-svoj-trgovski-kompleks-na-hrvaskem","status":"publish","type":"post","link":"https:\/\/hudo.com\/si\/aktualno\/ikea-bo-razsirila-svoj-trgovski-kompleks-na-hrvaskem\/","title":{"rendered":"Ikea bo raz\u0161irila svoj trgovski kompleks na Hrva\u0161kem"},"content":{"rendered":"<p>\u0160vedski trgovski velikan Ikea bo prihodnje leto ob obstoje\u010di Ikeini veleblagovnici v Rugvici pri Zagrebu za\u010del graditi kompleks Designer Outlet Croatia. Kot so povedali v dru\u017ebi Ikea Centres, bodo zgradili najve\u010dji outlet center na Hrva\u0161kem. Na\u010drtovana vrednost investicije je 88 milijonov evrov.  Za prvo fazo gradnje novega centra, ki bo stekla prihodnje leto, so namenili 33 milijonov evrov. Napovedali so, da bodo navdih za oblikovanje poslopij iskali tudi v hi\u0161ni arhitekturi, ki je zna\u010dilna za posamezna obmo\u010dja Hrva\u0161ke, kot so Istra, Kvarner, Dalmacija, Slavonija in Zagreb.  Zgraditi nameravajo 15.000 kvadratnih metrov povr\u0161in, na katerih bo predvidoma 90 poslovnih prostorov povpre\u010dne velikosti 170 kvadratnih metrov. Najemnikom bodo omogo\u010dili zdru\u017eevanje ve\u010d prostorov, odvisno od potreb njihovih trgovin. Pri\u010dakujejo, da bodo po kon\u010dani prvi fazi, predvidoma leta 2018, zaposlili 400 novih delavcev. Med drugo fazo predvidevajo izgradnjo 25.000 kvadratnih metrov trgovskih prostorov, v katerih bo 60 prodajaln s premijskimi blagovnimi znamkami. Vrednost druge faze je ocenjena na 54 milijonov evrov. Na\u010drtujejo tudi izgradnjo hipermarketa in bencinske \u010drpalke ter dveh restavracij s hitro hrano, ki bodo celotno investicijo zvi\u0161ali na pribli\u017eno 88 milijonov evrov.  Gre za skupno investicijo Ikea Centres in dru\u017ebe Mutschker Outlet Holding, ki ima sede\u017e v \u0160vici. Dru\u017eba iz \u0160vice je z Ikeo \u017ee sodelovala pri podobnih projektih na Portugalskem, v lasti ima tudi nekaj outletov v Nem\u010diji, s katerimi upravlja avstrijski ROS, Retail Outlet Shopping, ki bo skrbel tudi na novi center na Hrva\u0161kem, je sporo\u010dila Ikea. Vodja projekta in direktor podjetja Designer Outlet Croatia Branko Mihajlov je izrazil zadovoljstvo zaradi sodelovanja z avstrijsko dru\u017ebo.  &#8220;Lokalnem prebivalstvu ter tudi turistom in potnikom v tranzitu \u017eelimo ponuditi mesto za po\u010ditek ter enkratno izku\u0161njo outlet nakupovanja blizu Zagreba po cenah, ki bodo ni\u017eje tudi do 70 odstotkov,&#8221; je dejal Mihajlov. Pri\u010dakuje, da bodo<\/p>\n","protected":false},"excerpt":{"rendered":"<p>\u0160vedski trgovski velikan Ikea bo prihodnje leto ob obstoje\u010di Ikeini veleblagovnici v Rugvici pri Zagrebu za\u010del graditi kompleks Designer Outlet Croatia. Kot so povedali v dru\u017ebi Ikea Centres, bodo zgradili najve\u010dji outlet center na Hrva\u0161kem. Na\u010drtovana vrednost investicije je 88 milijonov evrov.  Za prvo fazo gradnje novega centra, ki bo stekla prihodnje leto, so namenili 33 milijonov evrov. Napovedali so, da bodo navdih za oblikovanje poslopij iskali tudi v hi\u0161ni arhitekturi, ki je zna\u010dilna za posamezna obmo\u010dja Hrva\u0161ke, kot so Istra, Kvarner, Dalmacija, Slavonija in Zagreb.  Zgraditi nameravajo 15.000 kvadratnih metrov povr\u0161in, na katerih bo predvidoma 90 poslovnih prostorov povpre\u010dne velikosti 170 kvadratnih metrov. Najemnikom bodo omogo\u010dili zdru\u017eevanje ve\u010d prostorov, odvisno od potreb njihovih trgovin. Pri\u010dakujejo, da bodo po kon\u010dani prvi fazi, predvidoma leta 2018, zaposlili 400 novih delavcev. Med drugo fazo predvidevajo izgradnjo 25.000 kvadratnih metrov trgovskih prostorov, v katerih bo 60 prodajaln s premijskimi blagovnimi znamkami. Vrednost druge faze je ocenjena na 54 milijonov evrov. Na\u010drtujejo tudi izgradnjo hipermarketa in bencinske \u010drpalke ter dveh restavracij s hitro hrano, ki bodo celotno investicijo zvi\u0161ali na pribli\u017eno 88 milijonov evrov.  Gre za skupno investicijo Ikea Centres in dru\u017ebe Mutschker Outlet Holding, ki ima sede\u017e v \u0160vici. Dru\u017eba iz \u0160vice je z Ikeo \u017ee sodelovala pri podobnih projektih na Portugalskem, v lasti ima tudi nekaj outletov v Nem\u010diji, s katerimi upravlja avstrijski ROS, Retail Outlet Shopping, ki bo skrbel tudi na novi center na Hrva\u0161kem, je sporo\u010dila Ikea. Vodja projekta in direktor podjetja Designer Outlet Croatia Branko Mihajlov je izrazil zadovoljstvo zaradi sodelovanja z avstrijsko dru\u017ebo.  &#8220;Lokalnem prebivalstvu ter tudi turistom in potnikom v tranzitu \u017eelimo ponuditi mesto za po\u010ditek ter enkratno izku\u0161njo outlet nakupovanja blizu Zagreba po cenah, ki bodo ni\u017eje tudi do 70 odstotkov,&#8221; je dejal Mihajlov. Pri\u010dakuje, da bodo<\/p>\n","protected":false},"author":1,"featured_media":0,"comment_status":"closed","ping_status":"closed","sticky":false,"template":"","format":"standard","meta":{"footnotes":""},"categories":[1179],"tags":[],"source":[1711],"supertag":[],"acf":[],"yoast_head":"<!-- This site is optimized with the Yoast SEO plugin v21.3 - https:\/\/yoast.com\/wordpress\/plugins\/seo\/ -->\n<title>Ikea bo raz\u0161irila svoj trgovski kompleks na Hrva\u0161kem - Hudo Slovenija<\/title>\n<meta name=\"robots\" content=\"index, follow, max-snippet:-1, max-image-preview:large, max-video-preview:-1\" \/>\n<link rel=\"canonical\" href=\"https:\/\/hudo.com\/si\/aktualno\/ikea-bo-razsirila-svoj-trgovski-kompleks-na-hrvaskem\/\" \/>\n<meta property=\"og:locale\" content=\"sl_SI\" \/>\n<meta property=\"og:type\" content=\"article\" \/>\n<meta property=\"og:title\" content=\"Ikea bo raz\u0161irila svoj trgovski kompleks na Hrva\u0161kem - Hudo Slovenija\" \/>\n<meta property=\"og:description\" content=\"\u0160vedski trgovski velikan Ikea bo prihodnje leto ob obstoje\u010di Ikeini veleblagovnici v Rugvici pri Zagrebu za\u010del graditi kompleks Designer Outlet Croatia. Kot so povedali v dru\u017ebi Ikea Centres, bodo zgradili najve\u010dji outlet center na Hrva\u0161kem. Na\u010drtovana vrednost investicije je 88 milijonov evrov. Za prvo fazo gradnje novega centra, ki bo stekla prihodnje leto, so namenili 33 milijonov evrov. Napovedali so, da bodo navdih za oblikovanje poslopij iskali tudi v hi\u0161ni arhitekturi, ki je zna\u010dilna za posamezna obmo\u010dja Hrva\u0161ke, kot so Istra, Kvarner, Dalmacija, Slavonija in Zagreb. Zgraditi nameravajo 15.000 kvadratnih metrov povr\u0161in, na katerih bo predvidoma 90 poslovnih prostorov povpre\u010dne velikosti 170 kvadratnih metrov. Najemnikom bodo omogo\u010dili zdru\u017eevanje ve\u010d prostorov, odvisno od potreb njihovih trgovin. Pri\u010dakujejo, da bodo po kon\u010dani prvi fazi, predvidoma leta 2018, zaposlili 400 novih delavcev. Med drugo fazo predvidevajo izgradnjo 25.000 kvadratnih metrov trgovskih prostorov, v katerih bo 60 prodajaln s premijskimi blagovnimi znamkami. Vrednost druge faze je ocenjena na 54 milijonov evrov. Na\u010drtujejo tudi izgradnjo hipermarketa in bencinske \u010drpalke ter dveh restavracij s hitro hrano, ki bodo celotno investicijo zvi\u0161ali na pribli\u017eno 88 milijonov evrov. Gre za skupno investicijo Ikea Centres in dru\u017ebe Mutschker Outlet Holding, ki ima sede\u017e v \u0160vici. Dru\u017eba iz \u0160vice je z Ikeo \u017ee sodelovala pri podobnih projektih na Portugalskem, v lasti ima tudi nekaj outletov v Nem\u010diji, s katerimi upravlja avstrijski ROS, Retail Outlet Shopping, ki bo skrbel tudi na novi center na Hrva\u0161kem, je sporo\u010dila Ikea. Vodja projekta in direktor podjetja Designer Outlet Croatia Branko Mihajlov je izrazil zadovoljstvo zaradi sodelovanja z avstrijsko dru\u017ebo. &quot;Lokalnem prebivalstvu ter tudi turistom in potnikom v tranzitu \u017eelimo ponuditi mesto za po\u010ditek ter enkratno izku\u0161njo outlet nakupovanja blizu Zagreba po cenah, ki bodo ni\u017eje tudi do 70 odstotkov,&quot; je dejal Mihajlov. Pri\u010dakuje, da bodo\" \/>\n<meta property=\"og:url\" content=\"https:\/\/hudo.com\/si\/aktualno\/ikea-bo-razsirila-svoj-trgovski-kompleks-na-hrvaskem\/\" \/>\n<meta property=\"og:site_name\" content=\"Hudo Slovenija\" \/>\n<meta property=\"article:publisher\" content=\"https:\/\/www.facebook.com\/hudo.si\" \/>\n<meta property=\"article:published_time\" content=\"2016-05-31T13:35:00+00:00\" \/>\n<meta property=\"article:modified_time\" content=\"2016-06-01T11:01:24+00:00\" \/>\n<meta property=\"og:image\" content=\"https:\/\/hudo.com\/si\/wp-content\/uploads\/sites\/2\/2016\/05\/01272507F-300.jpg\" \/>\n\t<meta property=\"og:image:width\" content=\"450\" \/>\n\t<meta property=\"og:image:height\" content=\"319\" \/>\n\t<meta property=\"og:image:type\" content=\"image\/jpeg\" \/>\n<meta name=\"author\" content=\"hudo\" \/>\n<meta name=\"twitter:card\" content=\"summary_large_image\" \/>\n<meta name=\"twitter:creator\" content=\"@hudo_si\" \/>\n<meta name=\"twitter:site\" content=\"@hudo_si\" \/>\n<meta name=\"twitter:label1\" content=\"Written by\" \/>\n\t<meta name=\"twitter:data1\" content=\"hudo\" \/>\n\t<meta name=\"twitter:label2\" content=\"Est. reading time\" \/>\n\t<meta name=\"twitter:data2\" content=\"2 minuti\" \/>\n<script type=\"application\/ld+json\" class=\"yoast-schema-graph\">{\"@context\":\"https:\/\/schema.org\",\"@graph\":[{\"@type\":\"Article\",\"@id\":\"https:\/\/hudo.com\/si\/aktualno\/ikea-bo-razsirila-svoj-trgovski-kompleks-na-hrvaskem\/#article\",\"isPartOf\":{\"@id\":\"https:\/\/hudo.com\/si\/aktualno\/ikea-bo-razsirila-svoj-trgovski-kompleks-na-hrvaskem\/\"},\"author\":{\"name\":\"hudo\",\"@id\":\"https:\/\/hudo.com\/si\/#\/schema\/person\/601cf3379633985b20f7e50f2bb47707\"},\"headline\":\"Ikea bo raz\u0161irila svoj trgovski kompleks na Hrva\u0161kem\",\"datePublished\":\"2016-05-31T13:35:00+00:00\",\"dateModified\":\"2016-06-01T11:01:24+00:00\",\"mainEntityOfPage\":{\"@id\":\"https:\/\/hudo.com\/si\/aktualno\/ikea-bo-razsirila-svoj-trgovski-kompleks-na-hrvaskem\/\"},\"wordCount\":318,\"publisher\":{\"@id\":\"https:\/\/hudo.com\/si\/#organization\"},\"articleSection\":[\"Aktualno\"],\"inLanguage\":\"sl-SI\"},{\"@type\":\"WebPage\",\"@id\":\"https:\/\/hudo.com\/si\/aktualno\/ikea-bo-razsirila-svoj-trgovski-kompleks-na-hrvaskem\/\",\"url\":\"https:\/\/hudo.com\/si\/aktualno\/ikea-bo-razsirila-svoj-trgovski-kompleks-na-hrvaskem\/\",\"name\":\"Ikea bo raz\u0161irila svoj trgovski kompleks na Hrva\u0161kem - Hudo Slovenija\",\"isPartOf\":{\"@id\":\"https:\/\/hudo.com\/si\/#website\"},\"datePublished\":\"2016-05-31T13:35:00+00:00\",\"dateModified\":\"2016-06-01T11:01:24+00:00\",\"breadcrumb\":{\"@id\":\"https:\/\/hudo.com\/si\/aktualno\/ikea-bo-razsirila-svoj-trgovski-kompleks-na-hrvaskem\/#breadcrumb\"},\"inLanguage\":\"sl-SI\",\"potentialAction\":[{\"@type\":\"ReadAction\",\"target\":[\"https:\/\/hudo.com\/si\/aktualno\/ikea-bo-razsirila-svoj-trgovski-kompleks-na-hrvaskem\/\"]}]},{\"@type\":\"BreadcrumbList\",\"@id\":\"https:\/\/hudo.com\/si\/aktualno\/ikea-bo-razsirila-svoj-trgovski-kompleks-na-hrvaskem\/#breadcrumb\",\"itemListElement\":[{\"@type\":\"ListItem\",\"position\":1,\"name\":\"Home\",\"item\":\"https:\/\/hudo.com\/si\/\"},{\"@type\":\"ListItem\",\"position\":2,\"name\":\"Ikea bo raz\u0161irila svoj trgovski kompleks na Hrva\u0161kem\"}]},{\"@type\":\"WebSite\",\"@id\":\"https:\/\/hudo.com\/si\/#website\",\"url\":\"https:\/\/hudo.com\/si\/\",\"name\":\"Hudo Slovenija\",\"description\":\"Vse novice iz Slovenije in sveta\",\"publisher\":{\"@id\":\"https:\/\/hudo.com\/si\/#organization\"},\"potentialAction\":[{\"@type\":\"SearchAction\",\"target\":{\"@type\":\"EntryPoint\",\"urlTemplate\":\"https:\/\/hudo.com\/si\/?s={search_term_string}\"},\"query-input\":\"required name=search_term_string\"}],\"inLanguage\":\"sl-SI\"},{\"@type\":\"Organization\",\"@id\":\"https:\/\/hudo.com\/si\/#organization\",\"name\":\"VSN Media\",\"url\":\"https:\/\/hudo.com\/si\/\",\"logo\":{\"@type\":\"ImageObject\",\"inLanguage\":\"sl-SI\",\"@id\":\"https:\/\/hudo.com\/si\/#\/schema\/logo\/image\/\",\"url\":\"https:\/\/hudo.com\/si\/wp-content\/uploads\/sites\/2\/2021\/03\/hudo-app-2.png\",\"contentUrl\":\"https:\/\/hudo.com\/si\/wp-content\/uploads\/sites\/2\/2021\/03\/hudo-app-2.png\",\"width\":2185,\"height\":2167,\"caption\":\"VSN Media\"},\"image\":{\"@id\":\"https:\/\/hudo.com\/si\/#\/schema\/logo\/image\/\"},\"sameAs\":[\"https:\/\/www.facebook.com\/hudo.si\",\"https:\/\/twitter.com\/hudo_si\"]},{\"@type\":\"Person\",\"@id\":\"https:\/\/hudo.com\/si\/#\/schema\/person\/601cf3379633985b20f7e50f2bb47707\",\"name\":\"hudo\",\"image\":{\"@type\":\"ImageObject\",\"inLanguage\":\"sl-SI\",\"@id\":\"https:\/\/hudo.com\/si\/#\/schema\/person\/image\/\",\"url\":\"https:\/\/secure.gravatar.com\/avatar\/c4ca25fa72cace7a696b52ff5db9e095?s=96&d=mm&r=g\",\"contentUrl\":\"https:\/\/secure.gravatar.com\/avatar\/c4ca25fa72cace7a696b52ff5db9e095?s=96&d=mm&r=g\",\"caption\":\"hudo\"},\"url\":\"https:\/\/hudo.com\/si\/author\/hudo\/\"}]}<\/script>\n<!-- \/ Yoast SEO plugin. -->","yoast_head_json":{"title":"Ikea bo raz\u0161irila svoj trgovski kompleks na Hrva\u0161kem - Hudo Slovenija","robots":{"index":"index","follow":"follow","max-snippet":"max-snippet:-1","max-image-preview":"max-image-preview:large","max-video-preview":"max-video-preview:-1"},"canonical":"https:\/\/hudo.com\/si\/aktualno\/ikea-bo-razsirila-svoj-trgovski-kompleks-na-hrvaskem\/","og_locale":"sl_SI","og_type":"article","og_title":"Ikea bo raz\u0161irila svoj trgovski kompleks na Hrva\u0161kem - Hudo Slovenija","og_description":"\u0160vedski trgovski velikan Ikea bo prihodnje leto ob obstoje\u010di Ikeini veleblagovnici v Rugvici pri Zagrebu za\u010del graditi kompleks Designer Outlet Croatia. Kot so povedali v dru\u017ebi Ikea Centres, bodo zgradili najve\u010dji outlet center na Hrva\u0161kem. Na\u010drtovana vrednost investicije je 88 milijonov evrov. Za prvo fazo gradnje novega centra, ki bo stekla prihodnje leto, so namenili 33 milijonov evrov. Napovedali so, da bodo navdih za oblikovanje poslopij iskali tudi v hi\u0161ni arhitekturi, ki je zna\u010dilna za posamezna obmo\u010dja Hrva\u0161ke, kot so Istra, Kvarner, Dalmacija, Slavonija in Zagreb. Zgraditi nameravajo 15.000 kvadratnih metrov povr\u0161in, na katerih bo predvidoma 90 poslovnih prostorov povpre\u010dne velikosti 170 kvadratnih metrov. Najemnikom bodo omogo\u010dili zdru\u017eevanje ve\u010d prostorov, odvisno od potreb njihovih trgovin. Pri\u010dakujejo, da bodo po kon\u010dani prvi fazi, predvidoma leta 2018, zaposlili 400 novih delavcev. Med drugo fazo predvidevajo izgradnjo 25.000 kvadratnih metrov trgovskih prostorov, v katerih bo 60 prodajaln s premijskimi blagovnimi znamkami. Vrednost druge faze je ocenjena na 54 milijonov evrov. Na\u010drtujejo tudi izgradnjo hipermarketa in bencinske \u010drpalke ter dveh restavracij s hitro hrano, ki bodo celotno investicijo zvi\u0161ali na pribli\u017eno 88 milijonov evrov. Gre za skupno investicijo Ikea Centres in dru\u017ebe Mutschker Outlet Holding, ki ima sede\u017e v \u0160vici. Dru\u017eba iz \u0160vice je z Ikeo \u017ee sodelovala pri podobnih projektih na Portugalskem, v lasti ima tudi nekaj outletov v Nem\u010diji, s katerimi upravlja avstrijski ROS, Retail Outlet Shopping, ki bo skrbel tudi na novi center na Hrva\u0161kem, je sporo\u010dila Ikea. Vodja projekta in direktor podjetja Designer Outlet Croatia Branko Mihajlov je izrazil zadovoljstvo zaradi sodelovanja z avstrijsko dru\u017ebo. \"Lokalnem prebivalstvu ter tudi turistom in potnikom v tranzitu \u017eelimo ponuditi mesto za po\u010ditek ter enkratno izku\u0161njo outlet nakupovanja blizu Zagreba po cenah, ki bodo ni\u017eje tudi do 70 odstotkov,\" je dejal Mihajlov. Pri\u010dakuje, da bodo","og_url":"https:\/\/hudo.com\/si\/aktualno\/ikea-bo-razsirila-svoj-trgovski-kompleks-na-hrvaskem\/","og_site_name":"Hudo Slovenija","article_publisher":"https:\/\/www.facebook.com\/hudo.si","article_published_time":"2016-05-31T13:35:00+00:00","article_modified_time":"2016-06-01T11:01:24+00:00","og_image":[{"width":450,"height":319,"url":"https:\/\/hudo.com\/si\/wp-content\/uploads\/sites\/2\/2016\/05\/01272507F-300.jpg","type":"image\/jpeg"}],"author":"hudo","twitter_card":"summary_large_image","twitter_creator":"@hudo_si","twitter_site":"@hudo_si","twitter_misc":{"Written by":"hudo","Est. reading time":"2 minuti"},"schema":{"@context":"https:\/\/schema.org","@graph":[{"@type":"Article","@id":"https:\/\/hudo.com\/si\/aktualno\/ikea-bo-razsirila-svoj-trgovski-kompleks-na-hrvaskem\/#article","isPartOf":{"@id":"https:\/\/hudo.com\/si\/aktualno\/ikea-bo-razsirila-svoj-trgovski-kompleks-na-hrvaskem\/"},"author":{"name":"hudo","@id":"https:\/\/hudo.com\/si\/#\/schema\/person\/601cf3379633985b20f7e50f2bb47707"},"headline":"Ikea bo raz\u0161irila svoj trgovski kompleks na Hrva\u0161kem","datePublished":"2016-05-31T13:35:00+00:00","dateModified":"2016-06-01T11:01:24+00:00","mainEntityOfPage":{"@id":"https:\/\/hudo.com\/si\/aktualno\/ikea-bo-razsirila-svoj-trgovski-kompleks-na-hrvaskem\/"},"wordCount":318,"publisher":{"@id":"https:\/\/hudo.com\/si\/#organization"},"articleSection":["Aktualno"],"inLanguage":"sl-SI"},{"@type":"WebPage","@id":"https:\/\/hudo.com\/si\/aktualno\/ikea-bo-razsirila-svoj-trgovski-kompleks-na-hrvaskem\/","url":"https:\/\/hudo.com\/si\/aktualno\/ikea-bo-razsirila-svoj-trgovski-kompleks-na-hrvaskem\/","name":"Ikea bo raz\u0161irila svoj trgovski kompleks na Hrva\u0161kem - Hudo Slovenija","isPartOf":{"@id":"https:\/\/hudo.com\/si\/#website"},"datePublished":"2016-05-31T13:35:00+00:00","dateModified":"2016-06-01T11:01:24+00:00","breadcrumb":{"@id":"https:\/\/hudo.com\/si\/aktualno\/ikea-bo-razsirila-svoj-trgovski-kompleks-na-hrvaskem\/#breadcrumb"},"inLanguage":"sl-SI","potentialAction":[{"@type":"ReadAction","target":["https:\/\/hudo.com\/si\/aktualno\/ikea-bo-razsirila-svoj-trgovski-kompleks-na-hrvaskem\/"]}]},{"@type":"BreadcrumbList","@id":"https:\/\/hudo.com\/si\/aktualno\/ikea-bo-razsirila-svoj-trgovski-kompleks-na-hrvaskem\/#breadcrumb","itemListElement":[{"@type":"ListItem","position":1,"name":"Home","item":"https:\/\/hudo.com\/si\/"},{"@type":"ListItem","position":2,"name":"Ikea bo raz\u0161irila svoj trgovski kompleks na Hrva\u0161kem"}]},{"@type":"WebSite","@id":"https:\/\/hudo.com\/si\/#website","url":"https:\/\/hudo.com\/si\/","name":"Hudo Slovenija","description":"Vse novice iz Slovenije in sveta","publisher":{"@id":"https:\/\/hudo.com\/si\/#organization"},"potentialAction":[{"@type":"SearchAction","target":{"@type":"EntryPoint","urlTemplate":"https:\/\/hudo.com\/si\/?s={search_term_string}"},"query-input":"required name=search_term_string"}],"inLanguage":"sl-SI"},{"@type":"Organization","@id":"https:\/\/hudo.com\/si\/#organization","name":"VSN Media","url":"https:\/\/hudo.com\/si\/","logo":{"@type":"ImageObject","inLanguage":"sl-SI","@id":"https:\/\/hudo.com\/si\/#\/schema\/logo\/image\/","url":"https:\/\/hudo.com\/si\/wp-content\/uploads\/sites\/2\/2021\/03\/hudo-app-2.png","contentUrl":"https:\/\/hudo.com\/si\/wp-content\/uploads\/sites\/2\/2021\/03\/hudo-app-2.png","width":2185,"height":2167,"caption":"VSN Media"},"image":{"@id":"https:\/\/hudo.com\/si\/#\/schema\/logo\/image\/"},"sameAs":["https:\/\/www.facebook.com\/hudo.si","https:\/\/twitter.com\/hudo_si"]},{"@type":"Person","@id":"https:\/\/hudo.com\/si\/#\/schema\/person\/601cf3379633985b20f7e50f2bb47707","name":"hudo","image":{"@type":"ImageObject","inLanguage":"sl-SI","@id":"https:\/\/hudo.com\/si\/#\/schema\/person\/image\/","url":"https:\/\/secure.gravatar.com\/avatar\/c4ca25fa72cace7a696b52ff5db9e095?s=96&d=mm&r=g","contentUrl":"https:\/\/secure.gravatar.com\/avatar\/c4ca25fa72cace7a696b52ff5db9e095?s=96&d=mm&r=g","caption":"hudo"},"url":"https:\/\/hudo.com\/si\/author\/hudo\/"}]}},"amp_enabled":true,"_links":{"self":[{"href":"https:\/\/hudo.com\/si\/wp-json\/wp\/v2\/posts\/65640"}],"collection":[{"href":"https:\/\/hudo.com\/si\/wp-json\/wp\/v2\/posts"}],"about":[{"href":"https:\/\/hudo.com\/si\/wp-json\/wp\/v2\/types\/post"}],"author":[{"embeddable":true,"href":"https:\/\/hudo.com\/si\/wp-json\/wp\/v2\/users\/1"}],"replies":[{"embeddable":true,"href":"https:\/\/hudo.com\/si\/wp-json\/wp\/v2\/comments?post=65640"}],"version-history":[{"count":1,"href":"https:\/\/hudo.com\/si\/wp-json\/wp\/v2\/posts\/65640\/revisions"}],"predecessor-version":[{"id":65780,"href":"https:\/\/hudo.com\/si\/wp-json\/wp\/v2\/posts\/65640\/revisions\/65780"}],"wp:attachment":[{"href":"https:\/\/hudo.com\/si\/wp-json\/wp\/v2\/media?parent=65640"}],"wp:term":[{"taxonomy":"category","embeddable":true,"href":"https:\/\/hudo.com\/si\/wp-json\/wp\/v2\/categories?post=65640"},{"taxonomy":"post_tag","embeddable":true,"href":"https:\/\/hudo.com\/si\/wp-json\/wp\/v2\/tags?post=65640"},{"taxonomy":"source","embeddable":true,"href":"https:\/\/hudo.com\/si\/wp-json\/wp\/v2\/source?post=65640"},{"taxonomy":"supertag","embeddable":true,"href":"https:\/\/hudo.com\/si\/wp-json\/wp\/v2\/supertag?post=65640"}],"curies":[{"name":"wp","href":"https:\/\/api.w.org\/{rel}","templated":true}]}}