{"id":65642,"date":"2016-05-31T15:30:00","date_gmt":"2016-05-31T13:30:00","guid":{"rendered":"http:\/\/hudo.com\/si\/2016\/05\/31\/po-aferi-znova-na-vodilnem-mestu\/"},"modified":"2016-06-01T13:01:25","modified_gmt":"2016-06-01T11:01:25","slug":"po-aferi-znova-na-vodilnem-mestu","status":"publish","type":"post","link":"https:\/\/hudo.com\/si\/aktualno\/po-aferi-znova-na-vodilnem-mestu\/","title":{"rendered":"Po aferi znova na vodilnem mestu"},"content":{"rendered":"<p>Minister za infrastrukturo Peter Ga\u0161per\u0161i\u010d je 3. maja letos na mesto vodje Slu\u017ebe za trajnostno mobilnost in prometno politiko na ministrstvu imenoval Bojana \u017dlendra. Slednji je bil leta 2013 na udaru zaradi afere povezane z nepravilnostmi v nekaterih avto\u0161olah in izpitnih centrih, ko je policija odkrila vrsto nepravilnosti glede kupovanja vozni\u0161kih izpitov in potrdil za opravljene treninge varne vo\u017enje. Spomnimo: kriminalisti so v obdobju med letoma 2010 in 2012 sume kaznivih dejanj odkrili v kar 36 avto\u0161olah, pri \u010demer si je najmanj 150 voznikom nezakonito kupilo vozni\u0161ko dovoljenje po ceni od 1200 do 1700 evrov. Ve\u010dinoma je \u0161lo za voznike, ki so pred tem dovoljenje izgubili zaradi prehitre vo\u017enje ali vo\u017enje pod vplivom alkohola. Afera je \u017dlendra tedaj odnesla z mesta v. d. generalnega direktorja direktorata za promet na ministrstvu za infrastrukturo in prostor in z mesta predsednika sveta Agencije za varnost prometa, ki je odgovorna za delo avto\u0161ol ter izpitnih centrov. \u017dlender je po pritiskih javnosti ter po pogovoru s tedanjim ministrom za infrastrukturo Igorjem Omerzelom sam odstopil. A za ministra Ga\u0161per\u0161i\u010da afera avto\u0161ole ni bila ovira, da \u017dlendra ne bi znova imenoval na vodilno mesto. \u017dlender namre\u010d v zvezi z omenjeno afero ni bil nikoli kazensko ovaden, prav tako je po izbruhu afere sam odstopil, pojasnjujejo na ministrstvu za infrastrukturo. Ministra prepri\u010dale \u017dlendrove izku\u0161nje Slu\u017eba za trajnostno mobilnost in prometno politiko na ministrstvu za infrastrukturo je bila ustanovljena glede na strategijo razvoja prometa v Sloveniji, ki jo je vlada sprejela julija lani. V strategiji je dala prednost razvoju \u017eelezni\u0161ke infrastrukture, javnemu potni\u0161kemu prometu in celovitim ukrepom trajnostne mobilnosti. Na ministrstvu so \u017eeleli za mesto vodje poiskati najprimernej\u0161o osebo med zaposlenimi na ministrstvu. Prejeli so devet vlog. &#8220;Glede na poznavanja tematike, znanja, izku\u0161enj in dodatnega pogovora je minister ocenil, da je Bojan \u017dlender najprimernej\u0161i za zased<\/p>\n","protected":false},"excerpt":{"rendered":"<p>Minister za infrastrukturo Peter Ga\u0161per\u0161i\u010d je 3. maja letos na mesto vodje Slu\u017ebe za trajnostno mobilnost in prometno politiko na ministrstvu imenoval Bojana \u017dlendra. Slednji je bil leta 2013 na udaru zaradi afere povezane z nepravilnostmi v nekaterih avto\u0161olah in izpitnih centrih, ko je policija odkrila vrsto nepravilnosti glede kupovanja vozni\u0161kih izpitov in potrdil za opravljene treninge varne vo\u017enje. Spomnimo: kriminalisti so v obdobju med letoma 2010 in 2012 sume kaznivih dejanj odkrili v kar 36 avto\u0161olah, pri \u010demer si je najmanj 150 voznikom nezakonito kupilo vozni\u0161ko dovoljenje po ceni od 1200 do 1700 evrov. Ve\u010dinoma je \u0161lo za voznike, ki so pred tem dovoljenje izgubili zaradi prehitre vo\u017enje ali vo\u017enje pod vplivom alkohola. Afera je \u017dlendra tedaj odnesla z mesta v. d. generalnega direktorja direktorata za promet na ministrstvu za infrastrukturo in prostor in z mesta predsednika sveta Agencije za varnost prometa, ki je odgovorna za delo avto\u0161ol ter izpitnih centrov. \u017dlender je po pritiskih javnosti ter po pogovoru s tedanjim ministrom za infrastrukturo Igorjem Omerzelom sam odstopil. A za ministra Ga\u0161per\u0161i\u010da afera avto\u0161ole ni bila ovira, da \u017dlendra ne bi znova imenoval na vodilno mesto. \u017dlender namre\u010d v zvezi z omenjeno afero ni bil nikoli kazensko ovaden, prav tako je po izbruhu afere sam odstopil, pojasnjujejo na ministrstvu za infrastrukturo. Ministra prepri\u010dale \u017dlendrove izku\u0161nje Slu\u017eba za trajnostno mobilnost in prometno politiko na ministrstvu za infrastrukturo je bila ustanovljena glede na strategijo razvoja prometa v Sloveniji, ki jo je vlada sprejela julija lani. V strategiji je dala prednost razvoju \u017eelezni\u0161ke infrastrukture, javnemu potni\u0161kemu prometu in celovitim ukrepom trajnostne mobilnosti. Na ministrstvu so \u017eeleli za mesto vodje poiskati najprimernej\u0161o osebo med zaposlenimi na ministrstvu. Prejeli so devet vlog. &#8220;Glede na poznavanja tematike, znanja, izku\u0161enj in dodatnega pogovora je minister ocenil, da je Bojan \u017dlender najprimernej\u0161i za zased<\/p>\n","protected":false},"author":1,"featured_media":0,"comment_status":"closed","ping_status":"closed","sticky":false,"template":"","format":"standard","meta":{"footnotes":""},"categories":[1179],"tags":[],"source":[1711],"supertag":[],"acf":[],"yoast_head":"<!-- This site is optimized with the Yoast SEO plugin v21.3 - https:\/\/yoast.com\/wordpress\/plugins\/seo\/ -->\n<title>Po aferi znova na vodilnem mestu - Hudo Slovenija<\/title>\n<meta name=\"robots\" content=\"index, follow, max-snippet:-1, max-image-preview:large, max-video-preview:-1\" \/>\n<link rel=\"canonical\" href=\"https:\/\/hudo.com\/si\/aktualno\/po-aferi-znova-na-vodilnem-mestu\/\" \/>\n<meta property=\"og:locale\" content=\"sl_SI\" \/>\n<meta property=\"og:type\" content=\"article\" \/>\n<meta property=\"og:title\" content=\"Po aferi znova na vodilnem mestu - Hudo Slovenija\" \/>\n<meta property=\"og:description\" content=\"Minister za infrastrukturo Peter Ga\u0161per\u0161i\u010d je 3. maja letos na mesto vodje Slu\u017ebe za trajnostno mobilnost in prometno politiko na ministrstvu imenoval Bojana \u017dlendra. Slednji je bil leta 2013 na udaru zaradi afere povezane z nepravilnostmi v nekaterih avto\u0161olah in izpitnih centrih, ko je policija odkrila vrsto nepravilnosti glede kupovanja vozni\u0161kih izpitov in potrdil za opravljene treninge varne vo\u017enje. Spomnimo: kriminalisti so v obdobju med letoma 2010 in 2012 sume kaznivih dejanj odkrili v kar 36 avto\u0161olah, pri \u010demer si je najmanj 150 voznikom nezakonito kupilo vozni\u0161ko dovoljenje po ceni od 1200 do 1700 evrov. Ve\u010dinoma je \u0161lo za voznike, ki so pred tem dovoljenje izgubili zaradi prehitre vo\u017enje ali vo\u017enje pod vplivom alkohola. Afera je \u017dlendra tedaj odnesla z mesta v. d. generalnega direktorja direktorata za promet na ministrstvu za infrastrukturo in prostor in z mesta predsednika sveta Agencije za varnost prometa, ki je odgovorna za delo avto\u0161ol ter izpitnih centrov. \u017dlender je po pritiskih javnosti ter po pogovoru s tedanjim ministrom za infrastrukturo Igorjem Omerzelom sam odstopil. A za ministra Ga\u0161per\u0161i\u010da afera avto\u0161ole ni bila ovira, da \u017dlendra ne bi znova imenoval na vodilno mesto. \u017dlender namre\u010d v zvezi z omenjeno afero ni bil nikoli kazensko ovaden, prav tako je po izbruhu afere sam odstopil, pojasnjujejo na ministrstvu za infrastrukturo. Ministra prepri\u010dale \u017dlendrove izku\u0161nje Slu\u017eba za trajnostno mobilnost in prometno politiko na ministrstvu za infrastrukturo je bila ustanovljena glede na strategijo razvoja prometa v Sloveniji, ki jo je vlada sprejela julija lani. V strategiji je dala prednost razvoju \u017eelezni\u0161ke infrastrukture, javnemu potni\u0161kemu prometu in celovitim ukrepom trajnostne mobilnosti. Na ministrstvu so \u017eeleli za mesto vodje poiskati najprimernej\u0161o osebo med zaposlenimi na ministrstvu. Prejeli so devet vlog. &quot;Glede na poznavanja tematike, znanja, izku\u0161enj in dodatnega pogovora je minister ocenil, da je Bojan \u017dlender najprimernej\u0161i za zased\" \/>\n<meta property=\"og:url\" content=\"https:\/\/hudo.com\/si\/aktualno\/po-aferi-znova-na-vodilnem-mestu\/\" \/>\n<meta property=\"og:site_name\" content=\"Hudo Slovenija\" \/>\n<meta property=\"article:publisher\" content=\"https:\/\/www.facebook.com\/hudo.si\" \/>\n<meta property=\"article:published_time\" content=\"2016-05-31T13:30:00+00:00\" \/>\n<meta property=\"article:modified_time\" content=\"2016-06-01T11:01:25+00:00\" \/>\n<meta property=\"og:image\" content=\"https:\/\/hudo.com\/si\/wp-content\/uploads\/sites\/2\/2016\/05\/0531bojanzl1-300.jpg\" \/>\n\t<meta property=\"og:image:width\" content=\"450\" \/>\n\t<meta property=\"og:image:height\" content=\"351\" \/>\n\t<meta property=\"og:image:type\" content=\"image\/jpeg\" \/>\n<meta name=\"author\" content=\"hudo\" \/>\n<meta name=\"twitter:card\" content=\"summary_large_image\" \/>\n<meta name=\"twitter:creator\" content=\"@hudo_si\" \/>\n<meta name=\"twitter:site\" content=\"@hudo_si\" \/>\n<meta name=\"twitter:label1\" content=\"Written by\" \/>\n\t<meta name=\"twitter:data1\" content=\"hudo\" \/>\n\t<meta name=\"twitter:label2\" content=\"Est. reading time\" \/>\n\t<meta name=\"twitter:data2\" content=\"2 minuti\" \/>\n<script type=\"application\/ld+json\" class=\"yoast-schema-graph\">{\"@context\":\"https:\/\/schema.org\",\"@graph\":[{\"@type\":\"Article\",\"@id\":\"https:\/\/hudo.com\/si\/aktualno\/po-aferi-znova-na-vodilnem-mestu\/#article\",\"isPartOf\":{\"@id\":\"https:\/\/hudo.com\/si\/aktualno\/po-aferi-znova-na-vodilnem-mestu\/\"},\"author\":{\"name\":\"hudo\",\"@id\":\"https:\/\/hudo.com\/si\/#\/schema\/person\/601cf3379633985b20f7e50f2bb47707\"},\"headline\":\"Po aferi znova na vodilnem mestu\",\"datePublished\":\"2016-05-31T13:30:00+00:00\",\"dateModified\":\"2016-06-01T11:01:25+00:00\",\"mainEntityOfPage\":{\"@id\":\"https:\/\/hudo.com\/si\/aktualno\/po-aferi-znova-na-vodilnem-mestu\/\"},\"wordCount\":319,\"publisher\":{\"@id\":\"https:\/\/hudo.com\/si\/#organization\"},\"articleSection\":[\"Aktualno\"],\"inLanguage\":\"sl-SI\"},{\"@type\":\"WebPage\",\"@id\":\"https:\/\/hudo.com\/si\/aktualno\/po-aferi-znova-na-vodilnem-mestu\/\",\"url\":\"https:\/\/hudo.com\/si\/aktualno\/po-aferi-znova-na-vodilnem-mestu\/\",\"name\":\"Po aferi znova na vodilnem mestu - Hudo Slovenija\",\"isPartOf\":{\"@id\":\"https:\/\/hudo.com\/si\/#website\"},\"datePublished\":\"2016-05-31T13:30:00+00:00\",\"dateModified\":\"2016-06-01T11:01:25+00:00\",\"breadcrumb\":{\"@id\":\"https:\/\/hudo.com\/si\/aktualno\/po-aferi-znova-na-vodilnem-mestu\/#breadcrumb\"},\"inLanguage\":\"sl-SI\",\"potentialAction\":[{\"@type\":\"ReadAction\",\"target\":[\"https:\/\/hudo.com\/si\/aktualno\/po-aferi-znova-na-vodilnem-mestu\/\"]}]},{\"@type\":\"BreadcrumbList\",\"@id\":\"https:\/\/hudo.com\/si\/aktualno\/po-aferi-znova-na-vodilnem-mestu\/#breadcrumb\",\"itemListElement\":[{\"@type\":\"ListItem\",\"position\":1,\"name\":\"Home\",\"item\":\"https:\/\/hudo.com\/si\/\"},{\"@type\":\"ListItem\",\"position\":2,\"name\":\"Po aferi znova na vodilnem mestu\"}]},{\"@type\":\"WebSite\",\"@id\":\"https:\/\/hudo.com\/si\/#website\",\"url\":\"https:\/\/hudo.com\/si\/\",\"name\":\"Hudo Slovenija\",\"description\":\"Vse novice iz Slovenije in sveta\",\"publisher\":{\"@id\":\"https:\/\/hudo.com\/si\/#organization\"},\"potentialAction\":[{\"@type\":\"SearchAction\",\"target\":{\"@type\":\"EntryPoint\",\"urlTemplate\":\"https:\/\/hudo.com\/si\/?s={search_term_string}\"},\"query-input\":\"required name=search_term_string\"}],\"inLanguage\":\"sl-SI\"},{\"@type\":\"Organization\",\"@id\":\"https:\/\/hudo.com\/si\/#organization\",\"name\":\"VSN Media\",\"url\":\"https:\/\/hudo.com\/si\/\",\"logo\":{\"@type\":\"ImageObject\",\"inLanguage\":\"sl-SI\",\"@id\":\"https:\/\/hudo.com\/si\/#\/schema\/logo\/image\/\",\"url\":\"https:\/\/hudo.com\/si\/wp-content\/uploads\/sites\/2\/2021\/03\/hudo-app-2.png\",\"contentUrl\":\"https:\/\/hudo.com\/si\/wp-content\/uploads\/sites\/2\/2021\/03\/hudo-app-2.png\",\"width\":2185,\"height\":2167,\"caption\":\"VSN Media\"},\"image\":{\"@id\":\"https:\/\/hudo.com\/si\/#\/schema\/logo\/image\/\"},\"sameAs\":[\"https:\/\/www.facebook.com\/hudo.si\",\"https:\/\/twitter.com\/hudo_si\"]},{\"@type\":\"Person\",\"@id\":\"https:\/\/hudo.com\/si\/#\/schema\/person\/601cf3379633985b20f7e50f2bb47707\",\"name\":\"hudo\",\"image\":{\"@type\":\"ImageObject\",\"inLanguage\":\"sl-SI\",\"@id\":\"https:\/\/hudo.com\/si\/#\/schema\/person\/image\/\",\"url\":\"https:\/\/secure.gravatar.com\/avatar\/c4ca25fa72cace7a696b52ff5db9e095?s=96&d=mm&r=g\",\"contentUrl\":\"https:\/\/secure.gravatar.com\/avatar\/c4ca25fa72cace7a696b52ff5db9e095?s=96&d=mm&r=g\",\"caption\":\"hudo\"},\"url\":\"https:\/\/hudo.com\/si\/author\/hudo\/\"}]}<\/script>\n<!-- \/ Yoast SEO plugin. -->","yoast_head_json":{"title":"Po aferi znova na vodilnem mestu - Hudo Slovenija","robots":{"index":"index","follow":"follow","max-snippet":"max-snippet:-1","max-image-preview":"max-image-preview:large","max-video-preview":"max-video-preview:-1"},"canonical":"https:\/\/hudo.com\/si\/aktualno\/po-aferi-znova-na-vodilnem-mestu\/","og_locale":"sl_SI","og_type":"article","og_title":"Po aferi znova na vodilnem mestu - Hudo Slovenija","og_description":"Minister za infrastrukturo Peter Ga\u0161per\u0161i\u010d je 3. maja letos na mesto vodje Slu\u017ebe za trajnostno mobilnost in prometno politiko na ministrstvu imenoval Bojana \u017dlendra. Slednji je bil leta 2013 na udaru zaradi afere povezane z nepravilnostmi v nekaterih avto\u0161olah in izpitnih centrih, ko je policija odkrila vrsto nepravilnosti glede kupovanja vozni\u0161kih izpitov in potrdil za opravljene treninge varne vo\u017enje. Spomnimo: kriminalisti so v obdobju med letoma 2010 in 2012 sume kaznivih dejanj odkrili v kar 36 avto\u0161olah, pri \u010demer si je najmanj 150 voznikom nezakonito kupilo vozni\u0161ko dovoljenje po ceni od 1200 do 1700 evrov. Ve\u010dinoma je \u0161lo za voznike, ki so pred tem dovoljenje izgubili zaradi prehitre vo\u017enje ali vo\u017enje pod vplivom alkohola. Afera je \u017dlendra tedaj odnesla z mesta v. d. generalnega direktorja direktorata za promet na ministrstvu za infrastrukturo in prostor in z mesta predsednika sveta Agencije za varnost prometa, ki je odgovorna za delo avto\u0161ol ter izpitnih centrov. \u017dlender je po pritiskih javnosti ter po pogovoru s tedanjim ministrom za infrastrukturo Igorjem Omerzelom sam odstopil. A za ministra Ga\u0161per\u0161i\u010da afera avto\u0161ole ni bila ovira, da \u017dlendra ne bi znova imenoval na vodilno mesto. \u017dlender namre\u010d v zvezi z omenjeno afero ni bil nikoli kazensko ovaden, prav tako je po izbruhu afere sam odstopil, pojasnjujejo na ministrstvu za infrastrukturo. Ministra prepri\u010dale \u017dlendrove izku\u0161nje Slu\u017eba za trajnostno mobilnost in prometno politiko na ministrstvu za infrastrukturo je bila ustanovljena glede na strategijo razvoja prometa v Sloveniji, ki jo je vlada sprejela julija lani. V strategiji je dala prednost razvoju \u017eelezni\u0161ke infrastrukture, javnemu potni\u0161kemu prometu in celovitim ukrepom trajnostne mobilnosti. Na ministrstvu so \u017eeleli za mesto vodje poiskati najprimernej\u0161o osebo med zaposlenimi na ministrstvu. Prejeli so devet vlog. \"Glede na poznavanja tematike, znanja, izku\u0161enj in dodatnega pogovora je minister ocenil, da je Bojan \u017dlender najprimernej\u0161i za zased","og_url":"https:\/\/hudo.com\/si\/aktualno\/po-aferi-znova-na-vodilnem-mestu\/","og_site_name":"Hudo Slovenija","article_publisher":"https:\/\/www.facebook.com\/hudo.si","article_published_time":"2016-05-31T13:30:00+00:00","article_modified_time":"2016-06-01T11:01:25+00:00","og_image":[{"width":450,"height":351,"url":"https:\/\/hudo.com\/si\/wp-content\/uploads\/sites\/2\/2016\/05\/0531bojanzl1-300.jpg","type":"image\/jpeg"}],"author":"hudo","twitter_card":"summary_large_image","twitter_creator":"@hudo_si","twitter_site":"@hudo_si","twitter_misc":{"Written by":"hudo","Est. reading time":"2 minuti"},"schema":{"@context":"https:\/\/schema.org","@graph":[{"@type":"Article","@id":"https:\/\/hudo.com\/si\/aktualno\/po-aferi-znova-na-vodilnem-mestu\/#article","isPartOf":{"@id":"https:\/\/hudo.com\/si\/aktualno\/po-aferi-znova-na-vodilnem-mestu\/"},"author":{"name":"hudo","@id":"https:\/\/hudo.com\/si\/#\/schema\/person\/601cf3379633985b20f7e50f2bb47707"},"headline":"Po aferi znova na vodilnem mestu","datePublished":"2016-05-31T13:30:00+00:00","dateModified":"2016-06-01T11:01:25+00:00","mainEntityOfPage":{"@id":"https:\/\/hudo.com\/si\/aktualno\/po-aferi-znova-na-vodilnem-mestu\/"},"wordCount":319,"publisher":{"@id":"https:\/\/hudo.com\/si\/#organization"},"articleSection":["Aktualno"],"inLanguage":"sl-SI"},{"@type":"WebPage","@id":"https:\/\/hudo.com\/si\/aktualno\/po-aferi-znova-na-vodilnem-mestu\/","url":"https:\/\/hudo.com\/si\/aktualno\/po-aferi-znova-na-vodilnem-mestu\/","name":"Po aferi znova na vodilnem mestu - Hudo Slovenija","isPartOf":{"@id":"https:\/\/hudo.com\/si\/#website"},"datePublished":"2016-05-31T13:30:00+00:00","dateModified":"2016-06-01T11:01:25+00:00","breadcrumb":{"@id":"https:\/\/hudo.com\/si\/aktualno\/po-aferi-znova-na-vodilnem-mestu\/#breadcrumb"},"inLanguage":"sl-SI","potentialAction":[{"@type":"ReadAction","target":["https:\/\/hudo.com\/si\/aktualno\/po-aferi-znova-na-vodilnem-mestu\/"]}]},{"@type":"BreadcrumbList","@id":"https:\/\/hudo.com\/si\/aktualno\/po-aferi-znova-na-vodilnem-mestu\/#breadcrumb","itemListElement":[{"@type":"ListItem","position":1,"name":"Home","item":"https:\/\/hudo.com\/si\/"},{"@type":"ListItem","position":2,"name":"Po aferi znova na vodilnem mestu"}]},{"@type":"WebSite","@id":"https:\/\/hudo.com\/si\/#website","url":"https:\/\/hudo.com\/si\/","name":"Hudo Slovenija","description":"Vse novice iz Slovenije in sveta","publisher":{"@id":"https:\/\/hudo.com\/si\/#organization"},"potentialAction":[{"@type":"SearchAction","target":{"@type":"EntryPoint","urlTemplate":"https:\/\/hudo.com\/si\/?s={search_term_string}"},"query-input":"required name=search_term_string"}],"inLanguage":"sl-SI"},{"@type":"Organization","@id":"https:\/\/hudo.com\/si\/#organization","name":"VSN Media","url":"https:\/\/hudo.com\/si\/","logo":{"@type":"ImageObject","inLanguage":"sl-SI","@id":"https:\/\/hudo.com\/si\/#\/schema\/logo\/image\/","url":"https:\/\/hudo.com\/si\/wp-content\/uploads\/sites\/2\/2021\/03\/hudo-app-2.png","contentUrl":"https:\/\/hudo.com\/si\/wp-content\/uploads\/sites\/2\/2021\/03\/hudo-app-2.png","width":2185,"height":2167,"caption":"VSN Media"},"image":{"@id":"https:\/\/hudo.com\/si\/#\/schema\/logo\/image\/"},"sameAs":["https:\/\/www.facebook.com\/hudo.si","https:\/\/twitter.com\/hudo_si"]},{"@type":"Person","@id":"https:\/\/hudo.com\/si\/#\/schema\/person\/601cf3379633985b20f7e50f2bb47707","name":"hudo","image":{"@type":"ImageObject","inLanguage":"sl-SI","@id":"https:\/\/hudo.com\/si\/#\/schema\/person\/image\/","url":"https:\/\/secure.gravatar.com\/avatar\/c4ca25fa72cace7a696b52ff5db9e095?s=96&d=mm&r=g","contentUrl":"https:\/\/secure.gravatar.com\/avatar\/c4ca25fa72cace7a696b52ff5db9e095?s=96&d=mm&r=g","caption":"hudo"},"url":"https:\/\/hudo.com\/si\/author\/hudo\/"}]}},"amp_enabled":true,"_links":{"self":[{"href":"https:\/\/hudo.com\/si\/wp-json\/wp\/v2\/posts\/65642"}],"collection":[{"href":"https:\/\/hudo.com\/si\/wp-json\/wp\/v2\/posts"}],"about":[{"href":"https:\/\/hudo.com\/si\/wp-json\/wp\/v2\/types\/post"}],"author":[{"embeddable":true,"href":"https:\/\/hudo.com\/si\/wp-json\/wp\/v2\/users\/1"}],"replies":[{"embeddable":true,"href":"https:\/\/hudo.com\/si\/wp-json\/wp\/v2\/comments?post=65642"}],"version-history":[{"count":1,"href":"https:\/\/hudo.com\/si\/wp-json\/wp\/v2\/posts\/65642\/revisions"}],"predecessor-version":[{"id":65781,"href":"https:\/\/hudo.com\/si\/wp-json\/wp\/v2\/posts\/65642\/revisions\/65781"}],"wp:attachment":[{"href":"https:\/\/hudo.com\/si\/wp-json\/wp\/v2\/media?parent=65642"}],"wp:term":[{"taxonomy":"category","embeddable":true,"href":"https:\/\/hudo.com\/si\/wp-json\/wp\/v2\/categories?post=65642"},{"taxonomy":"post_tag","embeddable":true,"href":"https:\/\/hudo.com\/si\/wp-json\/wp\/v2\/tags?post=65642"},{"taxonomy":"source","embeddable":true,"href":"https:\/\/hudo.com\/si\/wp-json\/wp\/v2\/source?post=65642"},{"taxonomy":"supertag","embeddable":true,"href":"https:\/\/hudo.com\/si\/wp-json\/wp\/v2\/supertag?post=65642"}],"curies":[{"name":"wp","href":"https:\/\/api.w.org\/{rel}","templated":true}]}}