{"id":65699,"date":"2016-05-31T22:00:00","date_gmt":"2016-05-31T20:00:00","guid":{"rendered":"http:\/\/hudo.com\/si\/2016\/05\/31\/vsak-na-svojem-bregu\/"},"modified":"2016-06-01T17:42:06","modified_gmt":"2016-06-01T15:42:06","slug":"vsak-na-svojem-bregu","status":"publish","type":"post","link":"https:\/\/hudo.com\/si\/aktualno\/vsak-na-svojem-bregu\/","title":{"rendered":"Vsak na svojem bregu"},"content":{"rendered":"<p>Kmalu bo znana usoda novega elektro daljnovoda Ravne-Me\u017eica (napetosti dvakrat 110 kilovoltov), ki ga Elektro Celje namerava zgraditi preko vasi Le\u0161e nad Prevaljami, z njim pa zadostiti nara\u0161\u010dajo\u010dim potrebam po elektri\u010dni energiji v zgornji Me\u017ei\u0161ki dolini, kjer je dale\u010d najve\u010dji porabnik podjetje TAB, d.d. Zeleno ali rde\u010do lu\u010d bodo predvidoma 16. junija dali svetniki Ob\u010dine Prevalje, ko bodo sprejemali ob\u010dinski podrobni prostorski na\u010drt, ki je osnova za postavitev daljnovoda. Vojna argumentov Odkar so za na\u010drtovani daljnovod izvedeli krajani, ostro protestirajo proti temu, da bi ta preko Le\u0161 potekal po zraku. Njihova zahteva je, da ga investitor vkoplje v zemljo in s tem po njihovem bistveno zmanj\u0161a \u0161kodljive vplive neionizirajo\u010dega elektromagnetnega sevanja. S tem namenom so ustanovili tudi civilno iniciativo in zbrali okoli 270 podpisov (90 odstotkov volivcev) proti zra\u010dnemu daljnovodu, ki bi pomenil \u017ee tretji zra\u010dni daljnovod preko njihove vasi. V dneh pred glasovanjem potekata intenzivno prepri\u010devanje in lobiranje za in proti. Pred \u010dasom je investitor Elektro Celje organiziral neformalni sestanek s prevaljskimi svetniki, prej\u0161nji teden je sestanek s svetniki organizirala \u0161e Krajevna skupnost Le\u0161e. Po lanski javni razgrnitvi in razpravi o projektu sta obe strani ostali vsaka na svojem bregu. Le\u0161ani poudarjajo, da niso proti gospodarskemu razvoju in proti sodobnemu vodu, zahtevajo pa, da ga investitor vkoplje v zemljo. &#8220;Od\u0161kodnine nas ne zanimajo&#8221; &#8220;Pri gradnji daljnovoda gre za interes kapitala. Ta je legitimen, a ne za ceno na\u0161ega zdravja. Mi ne kalkuliramo z nobenimi od\u0161kodninami, te nas sploh ne zanimajo. Mi zahtevamo le, da daljnovod ne gre po zraku, ker bo to zaznamovalo nas in prihodnje generacije s sevanjem, ki je \u0161kodljivo. Mi preprosto zahtevamo, da se kabli vkopljejo v zemljo. To je mogo\u010de, to je izvedljivo, pridobili smo si podatke, a pri Elektru o tem no\u010dejo sli\u0161ati,&#8221; je povedal predsednik KS Le\u0161e Uro\u0161 Kresnik . Iz Elektra Celje so pojasnili, da je vko<\/p>\n","protected":false},"excerpt":{"rendered":"<p>Kmalu bo znana usoda novega elektro daljnovoda Ravne-Me\u017eica (napetosti dvakrat 110 kilovoltov), ki ga Elektro Celje namerava zgraditi preko vasi Le\u0161e nad Prevaljami, z njim pa zadostiti nara\u0161\u010dajo\u010dim potrebam po elektri\u010dni energiji v zgornji Me\u017ei\u0161ki dolini, kjer je dale\u010d najve\u010dji porabnik podjetje TAB, d.d. Zeleno ali rde\u010do lu\u010d bodo predvidoma 16. junija dali svetniki Ob\u010dine Prevalje, ko bodo sprejemali ob\u010dinski podrobni prostorski na\u010drt, ki je osnova za postavitev daljnovoda. Vojna argumentov Odkar so za na\u010drtovani daljnovod izvedeli krajani, ostro protestirajo proti temu, da bi ta preko Le\u0161 potekal po zraku. Njihova zahteva je, da ga investitor vkoplje v zemljo in s tem po njihovem bistveno zmanj\u0161a \u0161kodljive vplive neionizirajo\u010dega elektromagnetnega sevanja. S tem namenom so ustanovili tudi civilno iniciativo in zbrali okoli 270 podpisov (90 odstotkov volivcev) proti zra\u010dnemu daljnovodu, ki bi pomenil \u017ee tretji zra\u010dni daljnovod preko njihove vasi. V dneh pred glasovanjem potekata intenzivno prepri\u010devanje in lobiranje za in proti. Pred \u010dasom je investitor Elektro Celje organiziral neformalni sestanek s prevaljskimi svetniki, prej\u0161nji teden je sestanek s svetniki organizirala \u0161e Krajevna skupnost Le\u0161e. Po lanski javni razgrnitvi in razpravi o projektu sta obe strani ostali vsaka na svojem bregu. Le\u0161ani poudarjajo, da niso proti gospodarskemu razvoju in proti sodobnemu vodu, zahtevajo pa, da ga investitor vkoplje v zemljo. &#8220;Od\u0161kodnine nas ne zanimajo&#8221; &#8220;Pri gradnji daljnovoda gre za interes kapitala. Ta je legitimen, a ne za ceno na\u0161ega zdravja. Mi ne kalkuliramo z nobenimi od\u0161kodninami, te nas sploh ne zanimajo. Mi zahtevamo le, da daljnovod ne gre po zraku, ker bo to zaznamovalo nas in prihodnje generacije s sevanjem, ki je \u0161kodljivo. Mi preprosto zahtevamo, da se kabli vkopljejo v zemljo. To je mogo\u010de, to je izvedljivo, pridobili smo si podatke, a pri Elektru o tem no\u010dejo sli\u0161ati,&#8221; je povedal predsednik KS Le\u0161e Uro\u0161 Kresnik . Iz Elektra Celje so pojasnili, da je vko<\/p>\n","protected":false},"author":1,"featured_media":0,"comment_status":"closed","ping_status":"closed","sticky":false,"template":"","format":"standard","meta":{"footnotes":""},"categories":[1179],"tags":[],"source":[1711],"supertag":[],"acf":[],"yoast_head":"<!-- This site is optimized with the Yoast SEO plugin v21.3 - https:\/\/yoast.com\/wordpress\/plugins\/seo\/ -->\n<title>Vsak na svojem bregu - Hudo Slovenija<\/title>\n<meta name=\"robots\" content=\"index, follow, max-snippet:-1, max-image-preview:large, max-video-preview:-1\" \/>\n<link rel=\"canonical\" href=\"https:\/\/hudo.com\/si\/aktualno\/vsak-na-svojem-bregu\/\" \/>\n<meta property=\"og:locale\" content=\"sl_SI\" \/>\n<meta property=\"og:type\" content=\"article\" \/>\n<meta property=\"og:title\" content=\"Vsak na svojem bregu - Hudo Slovenija\" \/>\n<meta property=\"og:description\" content=\"Kmalu bo znana usoda novega elektro daljnovoda Ravne-Me\u017eica (napetosti dvakrat 110 kilovoltov), ki ga Elektro Celje namerava zgraditi preko vasi Le\u0161e nad Prevaljami, z njim pa zadostiti nara\u0161\u010dajo\u010dim potrebam po elektri\u010dni energiji v zgornji Me\u017ei\u0161ki dolini, kjer je dale\u010d najve\u010dji porabnik podjetje TAB, d.d. Zeleno ali rde\u010do lu\u010d bodo predvidoma 16. junija dali svetniki Ob\u010dine Prevalje, ko bodo sprejemali ob\u010dinski podrobni prostorski na\u010drt, ki je osnova za postavitev daljnovoda. Vojna argumentov Odkar so za na\u010drtovani daljnovod izvedeli krajani, ostro protestirajo proti temu, da bi ta preko Le\u0161 potekal po zraku. Njihova zahteva je, da ga investitor vkoplje v zemljo in s tem po njihovem bistveno zmanj\u0161a \u0161kodljive vplive neionizirajo\u010dega elektromagnetnega sevanja. S tem namenom so ustanovili tudi civilno iniciativo in zbrali okoli 270 podpisov (90 odstotkov volivcev) proti zra\u010dnemu daljnovodu, ki bi pomenil \u017ee tretji zra\u010dni daljnovod preko njihove vasi. V dneh pred glasovanjem potekata intenzivno prepri\u010devanje in lobiranje za in proti. Pred \u010dasom je investitor Elektro Celje organiziral neformalni sestanek s prevaljskimi svetniki, prej\u0161nji teden je sestanek s svetniki organizirala \u0161e Krajevna skupnost Le\u0161e. Po lanski javni razgrnitvi in razpravi o projektu sta obe strani ostali vsaka na svojem bregu. Le\u0161ani poudarjajo, da niso proti gospodarskemu razvoju in proti sodobnemu vodu, zahtevajo pa, da ga investitor vkoplje v zemljo. &quot;Od\u0161kodnine nas ne zanimajo&quot; &quot;Pri gradnji daljnovoda gre za interes kapitala. Ta je legitimen, a ne za ceno na\u0161ega zdravja. Mi ne kalkuliramo z nobenimi od\u0161kodninami, te nas sploh ne zanimajo. Mi zahtevamo le, da daljnovod ne gre po zraku, ker bo to zaznamovalo nas in prihodnje generacije s sevanjem, ki je \u0161kodljivo. Mi preprosto zahtevamo, da se kabli vkopljejo v zemljo. To je mogo\u010de, to je izvedljivo, pridobili smo si podatke, a pri Elektru o tem no\u010dejo sli\u0161ati,&quot; je povedal predsednik KS Le\u0161e Uro\u0161 Kresnik . Iz Elektra Celje so pojasnili, da je vko\" \/>\n<meta property=\"og:url\" content=\"https:\/\/hudo.com\/si\/aktualno\/vsak-na-svojem-bregu\/\" \/>\n<meta property=\"og:site_name\" content=\"Hudo Slovenija\" \/>\n<meta property=\"article:publisher\" content=\"https:\/\/www.facebook.com\/hudo.si\" \/>\n<meta property=\"article:published_time\" content=\"2016-05-31T20:00:00+00:00\" \/>\n<meta property=\"article:modified_time\" content=\"2016-06-01T15:42:06+00:00\" \/>\n<meta property=\"og:image\" content=\"https:\/\/hudo.com\/si\/wp-content\/uploads\/sites\/2\/2016\/06\/KOROS02-300.jpg\" \/>\n\t<meta property=\"og:image:width\" content=\"450\" \/>\n\t<meta property=\"og:image:height\" content=\"253\" \/>\n\t<meta property=\"og:image:type\" content=\"image\/jpeg\" \/>\n<meta name=\"author\" content=\"hudo\" \/>\n<meta name=\"twitter:card\" content=\"summary_large_image\" \/>\n<meta name=\"twitter:creator\" content=\"@hudo_si\" \/>\n<meta name=\"twitter:site\" content=\"@hudo_si\" \/>\n<meta name=\"twitter:label1\" content=\"Written by\" \/>\n\t<meta name=\"twitter:data1\" content=\"hudo\" \/>\n\t<meta name=\"twitter:label2\" content=\"Est. reading time\" \/>\n\t<meta name=\"twitter:data2\" content=\"2 minuti\" \/>\n<script type=\"application\/ld+json\" class=\"yoast-schema-graph\">{\"@context\":\"https:\/\/schema.org\",\"@graph\":[{\"@type\":\"Article\",\"@id\":\"https:\/\/hudo.com\/si\/aktualno\/vsak-na-svojem-bregu\/#article\",\"isPartOf\":{\"@id\":\"https:\/\/hudo.com\/si\/aktualno\/vsak-na-svojem-bregu\/\"},\"author\":{\"name\":\"hudo\",\"@id\":\"https:\/\/hudo.com\/si\/#\/schema\/person\/601cf3379633985b20f7e50f2bb47707\"},\"headline\":\"Vsak na svojem bregu\",\"datePublished\":\"2016-05-31T20:00:00+00:00\",\"dateModified\":\"2016-06-01T15:42:06+00:00\",\"mainEntityOfPage\":{\"@id\":\"https:\/\/hudo.com\/si\/aktualno\/vsak-na-svojem-bregu\/\"},\"wordCount\":333,\"publisher\":{\"@id\":\"https:\/\/hudo.com\/si\/#organization\"},\"articleSection\":[\"Aktualno\"],\"inLanguage\":\"sl-SI\"},{\"@type\":\"WebPage\",\"@id\":\"https:\/\/hudo.com\/si\/aktualno\/vsak-na-svojem-bregu\/\",\"url\":\"https:\/\/hudo.com\/si\/aktualno\/vsak-na-svojem-bregu\/\",\"name\":\"Vsak na svojem bregu - Hudo Slovenija\",\"isPartOf\":{\"@id\":\"https:\/\/hudo.com\/si\/#website\"},\"datePublished\":\"2016-05-31T20:00:00+00:00\",\"dateModified\":\"2016-06-01T15:42:06+00:00\",\"breadcrumb\":{\"@id\":\"https:\/\/hudo.com\/si\/aktualno\/vsak-na-svojem-bregu\/#breadcrumb\"},\"inLanguage\":\"sl-SI\",\"potentialAction\":[{\"@type\":\"ReadAction\",\"target\":[\"https:\/\/hudo.com\/si\/aktualno\/vsak-na-svojem-bregu\/\"]}]},{\"@type\":\"BreadcrumbList\",\"@id\":\"https:\/\/hudo.com\/si\/aktualno\/vsak-na-svojem-bregu\/#breadcrumb\",\"itemListElement\":[{\"@type\":\"ListItem\",\"position\":1,\"name\":\"Home\",\"item\":\"https:\/\/hudo.com\/si\/\"},{\"@type\":\"ListItem\",\"position\":2,\"name\":\"Vsak na svojem bregu\"}]},{\"@type\":\"WebSite\",\"@id\":\"https:\/\/hudo.com\/si\/#website\",\"url\":\"https:\/\/hudo.com\/si\/\",\"name\":\"Hudo Slovenija\",\"description\":\"Vse novice iz Slovenije in sveta\",\"publisher\":{\"@id\":\"https:\/\/hudo.com\/si\/#organization\"},\"potentialAction\":[{\"@type\":\"SearchAction\",\"target\":{\"@type\":\"EntryPoint\",\"urlTemplate\":\"https:\/\/hudo.com\/si\/?s={search_term_string}\"},\"query-input\":\"required name=search_term_string\"}],\"inLanguage\":\"sl-SI\"},{\"@type\":\"Organization\",\"@id\":\"https:\/\/hudo.com\/si\/#organization\",\"name\":\"VSN Media\",\"url\":\"https:\/\/hudo.com\/si\/\",\"logo\":{\"@type\":\"ImageObject\",\"inLanguage\":\"sl-SI\",\"@id\":\"https:\/\/hudo.com\/si\/#\/schema\/logo\/image\/\",\"url\":\"https:\/\/hudo.com\/si\/wp-content\/uploads\/sites\/2\/2021\/03\/hudo-app-2.png\",\"contentUrl\":\"https:\/\/hudo.com\/si\/wp-content\/uploads\/sites\/2\/2021\/03\/hudo-app-2.png\",\"width\":2185,\"height\":2167,\"caption\":\"VSN Media\"},\"image\":{\"@id\":\"https:\/\/hudo.com\/si\/#\/schema\/logo\/image\/\"},\"sameAs\":[\"https:\/\/www.facebook.com\/hudo.si\",\"https:\/\/twitter.com\/hudo_si\"]},{\"@type\":\"Person\",\"@id\":\"https:\/\/hudo.com\/si\/#\/schema\/person\/601cf3379633985b20f7e50f2bb47707\",\"name\":\"hudo\",\"image\":{\"@type\":\"ImageObject\",\"inLanguage\":\"sl-SI\",\"@id\":\"https:\/\/hudo.com\/si\/#\/schema\/person\/image\/\",\"url\":\"https:\/\/secure.gravatar.com\/avatar\/c4ca25fa72cace7a696b52ff5db9e095?s=96&d=mm&r=g\",\"contentUrl\":\"https:\/\/secure.gravatar.com\/avatar\/c4ca25fa72cace7a696b52ff5db9e095?s=96&d=mm&r=g\",\"caption\":\"hudo\"},\"url\":\"https:\/\/hudo.com\/si\/author\/hudo\/\"}]}<\/script>\n<!-- \/ Yoast SEO plugin. -->","yoast_head_json":{"title":"Vsak na svojem bregu - Hudo Slovenija","robots":{"index":"index","follow":"follow","max-snippet":"max-snippet:-1","max-image-preview":"max-image-preview:large","max-video-preview":"max-video-preview:-1"},"canonical":"https:\/\/hudo.com\/si\/aktualno\/vsak-na-svojem-bregu\/","og_locale":"sl_SI","og_type":"article","og_title":"Vsak na svojem bregu - Hudo Slovenija","og_description":"Kmalu bo znana usoda novega elektro daljnovoda Ravne-Me\u017eica (napetosti dvakrat 110 kilovoltov), ki ga Elektro Celje namerava zgraditi preko vasi Le\u0161e nad Prevaljami, z njim pa zadostiti nara\u0161\u010dajo\u010dim potrebam po elektri\u010dni energiji v zgornji Me\u017ei\u0161ki dolini, kjer je dale\u010d najve\u010dji porabnik podjetje TAB, d.d. Zeleno ali rde\u010do lu\u010d bodo predvidoma 16. junija dali svetniki Ob\u010dine Prevalje, ko bodo sprejemali ob\u010dinski podrobni prostorski na\u010drt, ki je osnova za postavitev daljnovoda. Vojna argumentov Odkar so za na\u010drtovani daljnovod izvedeli krajani, ostro protestirajo proti temu, da bi ta preko Le\u0161 potekal po zraku. Njihova zahteva je, da ga investitor vkoplje v zemljo in s tem po njihovem bistveno zmanj\u0161a \u0161kodljive vplive neionizirajo\u010dega elektromagnetnega sevanja. S tem namenom so ustanovili tudi civilno iniciativo in zbrali okoli 270 podpisov (90 odstotkov volivcev) proti zra\u010dnemu daljnovodu, ki bi pomenil \u017ee tretji zra\u010dni daljnovod preko njihove vasi. V dneh pred glasovanjem potekata intenzivno prepri\u010devanje in lobiranje za in proti. Pred \u010dasom je investitor Elektro Celje organiziral neformalni sestanek s prevaljskimi svetniki, prej\u0161nji teden je sestanek s svetniki organizirala \u0161e Krajevna skupnost Le\u0161e. Po lanski javni razgrnitvi in razpravi o projektu sta obe strani ostali vsaka na svojem bregu. Le\u0161ani poudarjajo, da niso proti gospodarskemu razvoju in proti sodobnemu vodu, zahtevajo pa, da ga investitor vkoplje v zemljo. \"Od\u0161kodnine nas ne zanimajo\" \"Pri gradnji daljnovoda gre za interes kapitala. Ta je legitimen, a ne za ceno na\u0161ega zdravja. Mi ne kalkuliramo z nobenimi od\u0161kodninami, te nas sploh ne zanimajo. Mi zahtevamo le, da daljnovod ne gre po zraku, ker bo to zaznamovalo nas in prihodnje generacije s sevanjem, ki je \u0161kodljivo. Mi preprosto zahtevamo, da se kabli vkopljejo v zemljo. To je mogo\u010de, to je izvedljivo, pridobili smo si podatke, a pri Elektru o tem no\u010dejo sli\u0161ati,\" je povedal predsednik KS Le\u0161e Uro\u0161 Kresnik . Iz Elektra Celje so pojasnili, da je vko","og_url":"https:\/\/hudo.com\/si\/aktualno\/vsak-na-svojem-bregu\/","og_site_name":"Hudo Slovenija","article_publisher":"https:\/\/www.facebook.com\/hudo.si","article_published_time":"2016-05-31T20:00:00+00:00","article_modified_time":"2016-06-01T15:42:06+00:00","og_image":[{"width":450,"height":253,"url":"https:\/\/hudo.com\/si\/wp-content\/uploads\/sites\/2\/2016\/06\/KOROS02-300.jpg","type":"image\/jpeg"}],"author":"hudo","twitter_card":"summary_large_image","twitter_creator":"@hudo_si","twitter_site":"@hudo_si","twitter_misc":{"Written by":"hudo","Est. reading time":"2 minuti"},"schema":{"@context":"https:\/\/schema.org","@graph":[{"@type":"Article","@id":"https:\/\/hudo.com\/si\/aktualno\/vsak-na-svojem-bregu\/#article","isPartOf":{"@id":"https:\/\/hudo.com\/si\/aktualno\/vsak-na-svojem-bregu\/"},"author":{"name":"hudo","@id":"https:\/\/hudo.com\/si\/#\/schema\/person\/601cf3379633985b20f7e50f2bb47707"},"headline":"Vsak na svojem bregu","datePublished":"2016-05-31T20:00:00+00:00","dateModified":"2016-06-01T15:42:06+00:00","mainEntityOfPage":{"@id":"https:\/\/hudo.com\/si\/aktualno\/vsak-na-svojem-bregu\/"},"wordCount":333,"publisher":{"@id":"https:\/\/hudo.com\/si\/#organization"},"articleSection":["Aktualno"],"inLanguage":"sl-SI"},{"@type":"WebPage","@id":"https:\/\/hudo.com\/si\/aktualno\/vsak-na-svojem-bregu\/","url":"https:\/\/hudo.com\/si\/aktualno\/vsak-na-svojem-bregu\/","name":"Vsak na svojem bregu - Hudo Slovenija","isPartOf":{"@id":"https:\/\/hudo.com\/si\/#website"},"datePublished":"2016-05-31T20:00:00+00:00","dateModified":"2016-06-01T15:42:06+00:00","breadcrumb":{"@id":"https:\/\/hudo.com\/si\/aktualno\/vsak-na-svojem-bregu\/#breadcrumb"},"inLanguage":"sl-SI","potentialAction":[{"@type":"ReadAction","target":["https:\/\/hudo.com\/si\/aktualno\/vsak-na-svojem-bregu\/"]}]},{"@type":"BreadcrumbList","@id":"https:\/\/hudo.com\/si\/aktualno\/vsak-na-svojem-bregu\/#breadcrumb","itemListElement":[{"@type":"ListItem","position":1,"name":"Home","item":"https:\/\/hudo.com\/si\/"},{"@type":"ListItem","position":2,"name":"Vsak na svojem bregu"}]},{"@type":"WebSite","@id":"https:\/\/hudo.com\/si\/#website","url":"https:\/\/hudo.com\/si\/","name":"Hudo Slovenija","description":"Vse novice iz Slovenije in sveta","publisher":{"@id":"https:\/\/hudo.com\/si\/#organization"},"potentialAction":[{"@type":"SearchAction","target":{"@type":"EntryPoint","urlTemplate":"https:\/\/hudo.com\/si\/?s={search_term_string}"},"query-input":"required name=search_term_string"}],"inLanguage":"sl-SI"},{"@type":"Organization","@id":"https:\/\/hudo.com\/si\/#organization","name":"VSN Media","url":"https:\/\/hudo.com\/si\/","logo":{"@type":"ImageObject","inLanguage":"sl-SI","@id":"https:\/\/hudo.com\/si\/#\/schema\/logo\/image\/","url":"https:\/\/hudo.com\/si\/wp-content\/uploads\/sites\/2\/2021\/03\/hudo-app-2.png","contentUrl":"https:\/\/hudo.com\/si\/wp-content\/uploads\/sites\/2\/2021\/03\/hudo-app-2.png","width":2185,"height":2167,"caption":"VSN Media"},"image":{"@id":"https:\/\/hudo.com\/si\/#\/schema\/logo\/image\/"},"sameAs":["https:\/\/www.facebook.com\/hudo.si","https:\/\/twitter.com\/hudo_si"]},{"@type":"Person","@id":"https:\/\/hudo.com\/si\/#\/schema\/person\/601cf3379633985b20f7e50f2bb47707","name":"hudo","image":{"@type":"ImageObject","inLanguage":"sl-SI","@id":"https:\/\/hudo.com\/si\/#\/schema\/person\/image\/","url":"https:\/\/secure.gravatar.com\/avatar\/c4ca25fa72cace7a696b52ff5db9e095?s=96&d=mm&r=g","contentUrl":"https:\/\/secure.gravatar.com\/avatar\/c4ca25fa72cace7a696b52ff5db9e095?s=96&d=mm&r=g","caption":"hudo"},"url":"https:\/\/hudo.com\/si\/author\/hudo\/"}]}},"amp_enabled":true,"_links":{"self":[{"href":"https:\/\/hudo.com\/si\/wp-json\/wp\/v2\/posts\/65699"}],"collection":[{"href":"https:\/\/hudo.com\/si\/wp-json\/wp\/v2\/posts"}],"about":[{"href":"https:\/\/hudo.com\/si\/wp-json\/wp\/v2\/types\/post"}],"author":[{"embeddable":true,"href":"https:\/\/hudo.com\/si\/wp-json\/wp\/v2\/users\/1"}],"replies":[{"embeddable":true,"href":"https:\/\/hudo.com\/si\/wp-json\/wp\/v2\/comments?post=65699"}],"version-history":[{"count":1,"href":"https:\/\/hudo.com\/si\/wp-json\/wp\/v2\/posts\/65699\/revisions"}],"predecessor-version":[{"id":65792,"href":"https:\/\/hudo.com\/si\/wp-json\/wp\/v2\/posts\/65699\/revisions\/65792"}],"wp:attachment":[{"href":"https:\/\/hudo.com\/si\/wp-json\/wp\/v2\/media?parent=65699"}],"wp:term":[{"taxonomy":"category","embeddable":true,"href":"https:\/\/hudo.com\/si\/wp-json\/wp\/v2\/categories?post=65699"},{"taxonomy":"post_tag","embeddable":true,"href":"https:\/\/hudo.com\/si\/wp-json\/wp\/v2\/tags?post=65699"},{"taxonomy":"source","embeddable":true,"href":"https:\/\/hudo.com\/si\/wp-json\/wp\/v2\/source?post=65699"},{"taxonomy":"supertag","embeddable":true,"href":"https:\/\/hudo.com\/si\/wp-json\/wp\/v2\/supertag?post=65699"}],"curies":[{"name":"wp","href":"https:\/\/api.w.org\/{rel}","templated":true}]}}